{"id":23259,"date":"2019-08-14T15:47:47","date_gmt":"2019-08-14T20:47:47","guid":{"rendered":"https:\/\/www.edugestores.pe\/?p=23259"},"modified":"2019-08-19T16:31:02","modified_gmt":"2019-08-19T21:31:02","slug":"polemica-por-designacion-de-arimborgo-y-bartra-en-presidencia-de-comisiones","status":"publish","type":"post","link":"https:\/\/www.edugestores.pe\/?p=23259","title":{"rendered":"Pol\u00e9mica por designaci\u00f3n de Arimborgo y Bartra en presidencia de comisiones"},"content":{"rendered":"<p id=\"p665164-m514-513-515\" class=\"parrafo first-parrafo \" style=\"text-align: justify;\">Congresistas de las bancadas de Nuevo Per\u00fa, Frente Amplio, Contigo y Acci\u00f3n Popular opinaron sobre la designaci\u00f3n de las legisladoras de\u00a0Fuerza Popular\u00a0Rosa Batra\u00a0y\u00a0Tamar Arimborgo\u00a0en la presidencias de las comisiones de Constituci\u00f3n y Educaci\u00f3n, respectivamente.<\/p>\n<p id=\"p665164-m524-1-525\" class=\"parrafo first-parrafo \" style=\"text-align: justify;\">Para el congresista Richard Arce (Nuevo Per\u00fa) la designaci\u00f3n de\u00a0Bartra\u00a0por segunda vez consecutiva en la Comisi\u00f3n de Constituci\u00f3n es \u201cun mensaje\u201d al Ejecutivo de que el \u201cadelanto de elecciones no va\u201d.<\/p>\n<div id=\"ads_d_inline\" style=\"text-align: justify;\">\n<div id=\"div_utif_ads_d_inline\">\u201c[La elecci\u00f3n de\u00a0Rosa Bartra] Es un mensaje para decirle [al Ejecutivo] que la reforma constitucional de adelanto de elecciones no va desde la posici\u00f3n del fujimorismo. Es simple, seamos objetivos, adem\u00e1s, hay que denunciarlo p\u00fablicamente\u201d, precis\u00f3.<\/div>\n<\/div>\n<p id=\"p665164-m534-3-535\" class=\"parrafo first-parrafo \" style=\"text-align: justify;\">Adem\u00e1s, calific\u00f3 de \u201clamentable\u201d la designaci\u00f3n de\u00a0Tamar Arimborgo\u00a0en la Comisi\u00f3n de Educaci\u00f3n y se\u00f1al\u00f3 que el fujimorismo est\u00e1 reconfigurando su fuerza en el Legislativo.<\/p>\n<p id=\"p665164-m539-4-540\" class=\"parrafo first-parrafo \" style=\"text-align: justify;\">\u201cEs lamentable porque lo que est\u00e1 haciendo el fujimorismo es reconstruirse, ya reconfigur\u00f3 sus fuerzas en el Congreso\u201d, dijo.<\/p>\n<p id=\"p665164-m544-5-545\" class=\"parrafo first-parrafo \" style=\"text-align: justify;\">Hernando Ceballos, del Frente Amplio, consider\u00f3 como una &#8220;equivocaci\u00f3n&#8221; la elecci\u00f3n en el cargo de\u00a0Tamar Arimborgo\u00a0por parte de Fuerza Popular.<\/p>\n<p id=\"p665164-m549-6-550\" class=\"parrafo first-parrafo \" style=\"text-align: justify;\">&#8220;Esperemos que haya una gesti\u00f3n abierta, participativa y no oscurantista [&#8230;] Las propias expresiones de la congresista\u00a0Arimborgo\u00a0han sido lamentables. Con esas expresiones, seguramente ella piensa que se va a controlar la natalidad&#8221;, se\u00f1al\u00f3 Ceballos en declaraciones a Canal N.<\/p>\n<p id=\"p665164-m554-7-555\" class=\"parrafo first-parrafo \" style=\"text-align: justify;\">Por su parte, el segundo vicepresidente del Congreso, Salvador Heresi (Contigo), dijo que tiene \u201cun gran concepto\u201d de ambas parlamentarias y destac\u00f3 el trabajo realizado por\u00a0Rosa Bartra\u00a0en la Comisi\u00f3n de Constituci\u00f3n.<\/p>\n<p id=\"p665164-m559-8-560\" class=\"parrafo first-parrafo \" style=\"text-align: justify;\">\u201cEn el caso de Rosa Mar\u00eda Bartra, el esfuerzo que hizo en la Comisi\u00f3n de Constituci\u00f3n para atender la reforma pol\u00edtica del presidente [\u2026] y [que] fue sacado adelante por un trabajo esforzado de la congresista. Ahora, que ella tiene un discurso radical de oposici\u00f3n a este gobierno, bueno tambi\u00e9n lo tengo yo, eso no la puede descalificar para ser presidenta de la Comisi\u00f3n de Constituci\u00f3n&#8221;, expres\u00f3.<\/p>\n<p id=\"p665164-m564-9-565\" class=\"parrafo first-parrafo \" style=\"text-align: justify;\">Respecto a\u00a0Tamar Arimborgo, consider\u00f3 que pudo haber sido &#8220;err\u00f3nea&#8221; la argumentaci\u00f3n que us\u00f3 para defender su punto de vista y oponerse a la llamada ideolog\u00eda de g\u00e9nero.<\/p>\n<p id=\"p665164-m569-10-570\" class=\"parrafo first-parrafo \" style=\"text-align: justify;\">\u201cS\u00e9 que ella tiene valores, ella es conservadora, creo que al pa\u00eds le hace bien que haya conservadores, liberales, socialistas, es democr\u00e1tico y creo que, como congresista joven, seguramente ir\u00e1 mejorando la fundamentaci\u00f3n de sus posiciones\u201d, acot\u00f3.<\/p>\n<p id=\"p665164-m574-11-575\" class=\"parrafo first-parrafo \" style=\"text-align: justify;\">V\u00edctor Andr\u00e9s Garc\u00eda Belaunde (Acci\u00f3n Popular) indic\u00f3 que en su agrupaci\u00f3n respetan las designaciones de Fuerza Popular en cada uno de los grupos de trabajo.<\/p>\n<p id=\"p665164-m579-12-580\" class=\"parrafo first-parrafo \" style=\"text-align: justify;\">\u201cEs una decisi\u00f3n de ellos [Fuerza Popular], tengo entendido -de acuerdo a lo que han explicado- que han hecho una votaci\u00f3n secreta y ella ha ganado. No hay nada que hacer, hay que respetar. Esta persona conoce el tema, es muy esforzada, muy trabajadora\u201d, refiri\u00f3.<\/p>\n<p id=\"p665164-m584-13-585\" class=\"parrafo first-parrafo \" style=\"text-align: justify;\">Carlos Tubino, exvocero de Fuerza Popular, defendi\u00f3 la designaci\u00f3n de\u00a0Tamar Arimborgo\u00a0como titular de la Comisi\u00f3n de Educaci\u00f3n y neg\u00f3 que los nombramientos respondan a una suerte de &#8220;mensaje&#8221; para el Ejecutivo.<\/p>\n<p id=\"p665164-m589-14-590\" class=\"parrafo first-parrafo \" style=\"text-align: justify;\">&#8220;Sacan solo temas donde (Tamar Arimborgo) ha tomado una posici\u00f3n un poco extrema en diferentes temas, pero eso no quiere decir que ella vaya a ser una persona que no va a desempe\u00f1ar bien su funci\u00f3n. Ella tiene experiencia en temas de educaci\u00f3n y as\u00ed esperamos todos que lo haga&#8221;, asegur\u00f3 ante la prensa.<\/p>\n<p class=\"parrafo first-parrafo \" style=\"text-align: justify;\">Tomado de El Comercio<\/p>\n","protected":false},"excerpt":{"rendered":"<p>Congresistas de las bancadas de Nuevo Per\u00fa, Frente Amplio, Contigo y Acci\u00f3n Popular opinaron sobre la designaci\u00f3n de las legisladoras [&hellip;]<\/p>\n","protected":false},"author":63,"featured_media":23260,"comment_status":"open","ping_status":"open","sticky":false,"template":"","format":"standard","meta":{"spay_email":""},"categories":[125],"tags":[],"yoast_head":"<!-- This site is optimized with the Yoast SEO plugin v18.0 - https:\/\/yoast.com\/wordpress\/plugins\/seo\/ -->\n<title>Pol\u00e9mica por designaci\u00f3n de Arimborgo y Bartra en presidencia de comisiones - Red Peruana de Gestores de la Educaci\u00f3n<\/title>\n<meta name=\"robots\" content=\"index, follow, max-snippet:-1, max-image-preview:large, max-video-preview:-1\" \/>\n<link rel=\"canonical\" href=\"https:\/\/www.edugestores.pe\/?p=23259\" \/>\n<meta property=\"og:locale\" content=\"es_ES\" \/>\n<meta property=\"og:type\" content=\"article\" \/>\n<meta property=\"og:title\" content=\"Pol\u00e9mica por designaci\u00f3n de Arimborgo y Bartra en presidencia de comisiones - Red Peruana de Gestores de la Educaci\u00f3n\" \/>\n<meta property=\"og:description\" content=\"Congresistas de las bancadas de Nuevo Per\u00fa, Frente Amplio, Contigo y Acci\u00f3n Popular opinaron sobre la designaci\u00f3n de las legisladoras [&hellip;]\" \/>\n<meta property=\"og:url\" content=\"https:\/\/www.edugestores.pe\/?p=23259\" \/>\n<meta property=\"og:site_name\" content=\"Red Peruana de Gestores de la Educaci\u00f3n\" \/>\n<meta property=\"article:published_time\" content=\"2019-08-14T20:47:47+00:00\" \/>\n<meta property=\"article:modified_time\" content=\"2019-08-19T21:31:02+00:00\" \/>\n<meta property=\"og:image\" content=\"https:\/\/www.edugestores.pe\/wp-content\/uploads\/2019\/08\/5d5425ad5058d.jpeg\" \/>\n\t<meta property=\"og:image:width\" content=\"620\" \/>\n\t<meta property=\"og:image:height\" content=\"356\" \/>\n\t<meta property=\"og:image:type\" content=\"image\/jpeg\" \/>\n<meta name=\"twitter:card\" content=\"summary_large_image\" \/>\n<meta name=\"twitter:label1\" content=\"Escrito por\" \/>\n\t<meta name=\"twitter:data1\" content=\"Administrador\" \/>\n\t<meta name=\"twitter:label2\" content=\"Tiempo de lectura\" \/>\n\t<meta name=\"twitter:data2\" content=\"3 minutos\" \/>\n<script type=\"application\/ld+json\" class=\"yoast-schema-graph\">{\"@context\":\"https:\/\/schema.org\",\"@graph\":[{\"@type\":\"WebSite\",\"@id\":\"https:\/\/www.edugestores.pe\/#website\",\"url\":\"https:\/\/www.edugestores.pe\/\",\"name\":\"Red Peruana de Gestores de la Educaci\u00f3n\",\"description\":\"Red Peruana de Gestores de la Educaci\u00f3n\",\"potentialAction\":[{\"@type\":\"SearchAction\",\"target\":{\"@type\":\"EntryPoint\",\"urlTemplate\":\"https:\/\/www.edugestores.pe\/?s={search_term_string}\"},\"query-input\":\"required name=search_term_string\"}],\"inLanguage\":\"es\"},{\"@type\":\"ImageObject\",\"@id\":\"https:\/\/www.edugestores.pe\/?p=23259#primaryimage\",\"inLanguage\":\"es\",\"url\":\"https:\/\/www.edugestores.pe\/wp-content\/uploads\/2019\/08\/5d5425ad5058d.jpeg\",\"contentUrl\":\"https:\/\/www.edugestores.pe\/wp-content\/uploads\/2019\/08\/5d5425ad5058d.jpeg\",\"width\":620,\"height\":356},{\"@type\":\"WebPage\",\"@id\":\"https:\/\/www.edugestores.pe\/?p=23259#webpage\",\"url\":\"https:\/\/www.edugestores.pe\/?p=23259\",\"name\":\"Pol\u00e9mica por designaci\u00f3n de Arimborgo y Bartra en presidencia de comisiones - Red Peruana de Gestores de la Educaci\u00f3n\",\"isPartOf\":{\"@id\":\"https:\/\/www.edugestores.pe\/#website\"},\"primaryImageOfPage\":{\"@id\":\"https:\/\/www.edugestores.pe\/?p=23259#primaryimage\"},\"datePublished\":\"2019-08-14T20:47:47+00:00\",\"dateModified\":\"2019-08-19T21:31:02+00:00\",\"author\":{\"@id\":\"https:\/\/www.edugestores.pe\/#\/schema\/person\/30dc82f35f5853289037a64b35c7c7d3\"},\"breadcrumb\":{\"@id\":\"https:\/\/www.edugestores.pe\/?p=23259#breadcrumb\"},\"inLanguage\":\"es\",\"potentialAction\":[{\"@type\":\"ReadAction\",\"target\":[\"https:\/\/www.edugestores.pe\/?p=23259\"]}]},{\"@type\":\"BreadcrumbList\",\"@id\":\"https:\/\/www.edugestores.pe\/?p=23259#breadcrumb\",\"itemListElement\":[{\"@type\":\"ListItem\",\"position\":1,\"name\":\"Portada\",\"item\":\"https:\/\/www.edugestores.pe\/\"},{\"@type\":\"ListItem\",\"position\":2,\"name\":\"Pol\u00e9mica por designaci\u00f3n de Arimborgo y Bartra en presidencia de comisiones\"}]},{\"@type\":\"Person\",\"@id\":\"https:\/\/www.edugestores.pe\/#\/schema\/person\/30dc82f35f5853289037a64b35c7c7d3\",\"name\":\"Administrador\",\"image\":{\"@type\":\"ImageObject\",\"@id\":\"https:\/\/www.edugestores.pe\/#personlogo\",\"inLanguage\":\"es\",\"url\":\"https:\/\/secure.gravatar.com\/avatar\/70960d1239c4d2c778bb3d2786a3c1ae?s=96&d=mm&r=g\",\"contentUrl\":\"https:\/\/secure.gravatar.com\/avatar\/70960d1239c4d2c778bb3d2786a3c1ae?s=96&d=mm&r=g\",\"caption\":\"Administrador\"},\"url\":\"https:\/\/www.edugestores.pe\/?author=63\"}]}<\/script>\n<!-- \/ Yoast SEO plugin. -->","yoast_head_json":{"title":"Pol\u00e9mica por designaci\u00f3n de Arimborgo y Bartra en presidencia de comisiones - Red Peruana de Gestores de la Educaci\u00f3n","robots":{"index":"index","follow":"follow","max-snippet":"max-snippet:-1","max-image-preview":"max-image-preview:large","max-video-preview":"max-video-preview:-1"},"canonical":"https:\/\/www.edugestores.pe\/?p=23259","og_locale":"es_ES","og_type":"article","og_title":"Pol\u00e9mica por designaci\u00f3n de Arimborgo y Bartra en presidencia de comisiones - Red Peruana de Gestores de la Educaci\u00f3n","og_description":"Congresistas de las bancadas de Nuevo Per\u00fa, Frente Amplio, Contigo y Acci\u00f3n Popular opinaron sobre la designaci\u00f3n de las legisladoras [&hellip;]","og_url":"https:\/\/www.edugestores.pe\/?p=23259","og_site_name":"Red Peruana de Gestores de la Educaci\u00f3n","article_published_time":"2019-08-14T20:47:47+00:00","article_modified_time":"2019-08-19T21:31:02+00:00","og_image":[{"width":620,"height":356,"url":"https:\/\/www.edugestores.pe\/wp-content\/uploads\/2019\/08\/5d5425ad5058d.jpeg","type":"image\/jpeg"}],"twitter_card":"summary_large_image","twitter_misc":{"Escrito por":"Administrador","Tiempo de lectura":"3 minutos"},"schema":{"@context":"https:\/\/schema.org","@graph":[{"@type":"WebSite","@id":"https:\/\/www.edugestores.pe\/#website","url":"https:\/\/www.edugestores.pe\/","name":"Red Peruana de Gestores de la Educaci\u00f3n","description":"Red Peruana de Gestores de la Educaci\u00f3n","potentialAction":[{"@type":"SearchAction","target":{"@type":"EntryPoint","urlTemplate":"https:\/\/www.edugestores.pe\/?s={search_term_string}"},"query-input":"required name=search_term_string"}],"inLanguage":"es"},{"@type":"ImageObject","@id":"https:\/\/www.edugestores.pe\/?p=23259#primaryimage","inLanguage":"es","url":"https:\/\/www.edugestores.pe\/wp-content\/uploads\/2019\/08\/5d5425ad5058d.jpeg","contentUrl":"https:\/\/www.edugestores.pe\/wp-content\/uploads\/2019\/08\/5d5425ad5058d.jpeg","width":620,"height":356},{"@type":"WebPage","@id":"https:\/\/www.edugestores.pe\/?p=23259#webpage","url":"https:\/\/www.edugestores.pe\/?p=23259","name":"Pol\u00e9mica por designaci\u00f3n de Arimborgo y Bartra en presidencia de comisiones - Red Peruana de Gestores de la Educaci\u00f3n","isPartOf":{"@id":"https:\/\/www.edugestores.pe\/#website"},"primaryImageOfPage":{"@id":"https:\/\/www.edugestores.pe\/?p=23259#primaryimage"},"datePublished":"2019-08-14T20:47:47+00:00","dateModified":"2019-08-19T21:31:02+00:00","author":{"@id":"https:\/\/www.edugestores.pe\/#\/schema\/person\/30dc82f35f5853289037a64b35c7c7d3"},"breadcrumb":{"@id":"https:\/\/www.edugestores.pe\/?p=23259#breadcrumb"},"inLanguage":"es","potentialAction":[{"@type":"ReadAction","target":["https:\/\/www.edugestores.pe\/?p=23259"]}]},{"@type":"BreadcrumbList","@id":"https:\/\/www.edugestores.pe\/?p=23259#breadcrumb","itemListElement":[{"@type":"ListItem","position":1,"name":"Portada","item":"https:\/\/www.edugestores.pe\/"},{"@type":"ListItem","position":2,"name":"Pol\u00e9mica por designaci\u00f3n de Arimborgo y Bartra en presidencia de comisiones"}]},{"@type":"Person","@id":"https:\/\/www.edugestores.pe\/#\/schema\/person\/30dc82f35f5853289037a64b35c7c7d3","name":"Administrador","image":{"@type":"ImageObject","@id":"https:\/\/www.edugestores.pe\/#personlogo","inLanguage":"es","url":"https:\/\/secure.gravatar.com\/avatar\/70960d1239c4d2c778bb3d2786a3c1ae?s=96&d=mm&r=g","contentUrl":"https:\/\/secure.gravatar.com\/avatar\/70960d1239c4d2c778bb3d2786a3c1ae?s=96&d=mm&r=g","caption":"Administrador"},"url":"https:\/\/www.edugestores.pe\/?author=63"}]}},"jetpack_featured_media_url":"https:\/\/www.edugestores.pe\/wp-content\/uploads\/2019\/08\/5d5425ad5058d.jpeg","_links":{"self":[{"href":"https:\/\/www.edugestores.pe\/index.php?rest_route=\/wp\/v2\/posts\/23259"}],"collection":[{"href":"https:\/\/www.edugestores.pe\/index.php?rest_route=\/wp\/v2\/posts"}],"about":[{"href":"https:\/\/www.edugestores.pe\/index.php?rest_route=\/wp\/v2\/types\/post"}],"author":[{"embeddable":true,"href":"https:\/\/www.edugestores.pe\/index.php?rest_route=\/wp\/v2\/users\/63"}],"replies":[{"embeddable":true,"href":"https:\/\/www.edugestores.pe\/index.php?rest_route=%2Fwp%2Fv2%2Fcomments&post=23259"}],"version-history":[{"count":1,"href":"https:\/\/www.edugestores.pe\/index.php?rest_route=\/wp\/v2\/posts\/23259\/revisions"}],"predecessor-version":[{"id":23261,"href":"https:\/\/www.edugestores.pe\/index.php?rest_route=\/wp\/v2\/posts\/23259\/revisions\/23261"}],"wp:featuredmedia":[{"embeddable":true,"href":"https:\/\/www.edugestores.pe\/index.php?rest_route=\/wp\/v2\/media\/23260"}],"wp:attachment":[{"href":"https:\/\/www.edugestores.pe\/index.php?rest_route=%2Fwp%2Fv2%2Fmedia&parent=23259"}],"wp:term":[{"taxonomy":"category","embeddable":true,"href":"https:\/\/www.edugestores.pe\/index.php?rest_route=%2Fwp%2Fv2%2Fcategories&post=23259"},{"taxonomy":"post_tag","embeddable":true,"href":"https:\/\/www.edugestores.pe\/index.php?rest_route=%2Fwp%2Fv2%2Ftags&post=23259"}],"curies":[{"name":"wp","href":"https:\/\/api.w.org\/{rel}","templated":true}]}}