{"id":23273,"date":"2019-08-18T10:18:26","date_gmt":"2019-08-18T15:18:26","guid":{"rendered":"https:\/\/www.edugestores.pe\/?p=23273"},"modified":"2019-08-26T00:16:43","modified_gmt":"2019-08-26T05:16:43","slug":"flor-pablo-los-directores-de-istp-deben-ser-los-lideres-de-la-reforma-en-la-educacion","status":"publish","type":"post","link":"https:\/\/www.edugestores.pe\/?p=23273","title":{"rendered":"Flor Pablo: Los directores de ISTP deben ser los l\u00edderes de la reforma en la educaci\u00f3n"},"content":{"rendered":"<p style=\"text-align: justify;\">Los directores deben ser los l\u00edderes de la Reforma de la Educaci\u00f3n Inicial Docente para que los institutos pedag\u00f3gicos se conviertan en centros especializados que formen maestros de excelencia que ofrezcan a los ni\u00f1os y j\u00f3venes una\u00a0educaci\u00f3n\u00a0integral. As\u00ed lo se\u00f1al\u00f3 la ministra Flor Pablo en el primer Encuentro de Directores de Institutos de Educaci\u00f3n Superior Pedag\u00f3gicos P\u00fablicos que se desarroll\u00f3 en Lima con la participaci\u00f3n de 103 directivos de todo el pa\u00eds.<\/p>\n<p style=\"text-align: justify;\">El objetivo de este encuentro\u00a0fue consolidar propuestas con miras a la Reforma de la Educaci\u00f3n Inicial Docente.<\/p>\n<p><strong>Unir esfuerzos.<\/strong> Al inaugurar el evento, la ministra Pablo llam\u00f3 a unir esfuerzos para mejorar el sistema educativo e impulsar la implementaci\u00f3n de la\u00a0Ley N\u00b0 30512\u00a0de Institutos y Escuelas de Educaci\u00f3n Superior y de la Carrera P\u00fablica de sus docentes, que plantea el tr\u00e1nsito de los institutos a Escuelas de Educaci\u00f3n Superior Pedag\u00f3gica.<\/p>\n<p>Asimismo, afirm\u00f3 que &#8220;la educaci\u00f3n debe convertirse en esa herramienta que permita florecer el talento y las aptitudes con que nace cada persona&#8221; y, en ese proceso, solicit\u00f3 el compromiso de los maestros que tienen la misi\u00f3n de ense\u00f1ar a las nuevas generaciones.<\/p>\n<p><strong>Licenciamiento.<\/strong> Uno de los desaf\u00edos de la reforma es el licenciamiento de las carreras docentes de al menos 100 institutos superiores y buscar que prevalezcan la meritocracia, la capacitaci\u00f3n y las evaluaciones, porque ese proceso tiene el objetivo de favorecer al estudiante, precis\u00f3 la ministra.<\/p>\n<p>El encuentro es organizado por la Direcci\u00f3n de Formaci\u00f3n Inicial Docente del Minedu con el fin de atender las inquietudes y expectativas de los directivos de las diversas regiones y orientar el proceso de implementaci\u00f3n de la Reforma de la Formaci\u00f3n Inicial Docente en el pa\u00eds.<\/p>\n<p style=\"text-align: justify;\">Con el lema &#8220;Por una formaci\u00f3n docente de calidad, directores gestionan el cambio&#8221;, el evento busca generar el compromiso de los m\u00e1ximos representantes de los IESP p\u00fablicos para hacer posible la reforma.<\/p>\n<p style=\"text-align: justify;\">Tomado del Minedu.<\/p>\n","protected":false},"excerpt":{"rendered":"<p>Los directores deben ser los l\u00edderes de la Reforma de la Educaci\u00f3n Inicial Docente para que los institutos pedag\u00f3gicos se [&hellip;]<\/p>\n","protected":false},"author":63,"featured_media":23274,"comment_status":"open","ping_status":"open","sticky":false,"template":"","format":"standard","meta":{"spay_email":""},"categories":[125],"tags":[],"yoast_head":"<!-- This site is optimized with the Yoast SEO plugin v18.0 - https:\/\/yoast.com\/wordpress\/plugins\/seo\/ -->\n<title>Flor Pablo: Los directores de ISTP deben ser los l\u00edderes de la reforma en la educaci\u00f3n - Red Peruana de Gestores de la Educaci\u00f3n<\/title>\n<meta name=\"robots\" content=\"index, follow, max-snippet:-1, max-image-preview:large, max-video-preview:-1\" \/>\n<link rel=\"canonical\" href=\"https:\/\/www.edugestores.pe\/?p=23273\" \/>\n<meta property=\"og:locale\" content=\"es_ES\" \/>\n<meta property=\"og:type\" content=\"article\" \/>\n<meta property=\"og:title\" content=\"Flor Pablo: Los directores de ISTP deben ser los l\u00edderes de la reforma en la educaci\u00f3n - Red Peruana de Gestores de la Educaci\u00f3n\" \/>\n<meta property=\"og:description\" content=\"Los directores deben ser los l\u00edderes de la Reforma de la Educaci\u00f3n Inicial Docente para que los institutos pedag\u00f3gicos se [&hellip;]\" \/>\n<meta property=\"og:url\" content=\"https:\/\/www.edugestores.pe\/?p=23273\" \/>\n<meta property=\"og:site_name\" content=\"Red Peruana de Gestores de la Educaci\u00f3n\" \/>\n<meta property=\"article:published_time\" content=\"2019-08-18T15:18:26+00:00\" \/>\n<meta property=\"article:modified_time\" content=\"2019-08-26T05:16:43+00:00\" \/>\n<meta property=\"og:image\" content=\"https:\/\/www.edugestores.pe\/wp-content\/uploads\/2019\/08\/180903-minedu-directores-deben-ser-lideres-reforma-educacion-afirma-ministra-educacion.jpg\" \/>\n\t<meta property=\"og:image:width\" content=\"851\" \/>\n\t<meta property=\"og:image:height\" content=\"444\" \/>\n\t<meta property=\"og:image:type\" content=\"image\/jpeg\" \/>\n<meta name=\"twitter:card\" content=\"summary_large_image\" \/>\n<meta name=\"twitter:label1\" content=\"Escrito por\" \/>\n\t<meta name=\"twitter:data1\" content=\"Administrador\" \/>\n\t<meta name=\"twitter:label2\" content=\"Tiempo de lectura\" \/>\n\t<meta name=\"twitter:data2\" content=\"2 minutos\" \/>\n<script type=\"application\/ld+json\" class=\"yoast-schema-graph\">{\"@context\":\"https:\/\/schema.org\",\"@graph\":[{\"@type\":\"WebSite\",\"@id\":\"https:\/\/www.edugestores.pe\/#website\",\"url\":\"https:\/\/www.edugestores.pe\/\",\"name\":\"Red Peruana de Gestores de la Educaci\u00f3n\",\"description\":\"Red Peruana de Gestores de la Educaci\u00f3n\",\"potentialAction\":[{\"@type\":\"SearchAction\",\"target\":{\"@type\":\"EntryPoint\",\"urlTemplate\":\"https:\/\/www.edugestores.pe\/?s={search_term_string}\"},\"query-input\":\"required name=search_term_string\"}],\"inLanguage\":\"es\"},{\"@type\":\"ImageObject\",\"@id\":\"https:\/\/www.edugestores.pe\/?p=23273#primaryimage\",\"inLanguage\":\"es\",\"url\":\"https:\/\/www.edugestores.pe\/wp-content\/uploads\/2019\/08\/180903-minedu-directores-deben-ser-lideres-reforma-educacion-afirma-ministra-educacion.jpg\",\"contentUrl\":\"https:\/\/www.edugestores.pe\/wp-content\/uploads\/2019\/08\/180903-minedu-directores-deben-ser-lideres-reforma-educacion-afirma-ministra-educacion.jpg\",\"width\":851,\"height\":444},{\"@type\":\"WebPage\",\"@id\":\"https:\/\/www.edugestores.pe\/?p=23273#webpage\",\"url\":\"https:\/\/www.edugestores.pe\/?p=23273\",\"name\":\"Flor Pablo: Los directores de ISTP deben ser los l\u00edderes de la reforma en la educaci\u00f3n - Red Peruana de Gestores de la Educaci\u00f3n\",\"isPartOf\":{\"@id\":\"https:\/\/www.edugestores.pe\/#website\"},\"primaryImageOfPage\":{\"@id\":\"https:\/\/www.edugestores.pe\/?p=23273#primaryimage\"},\"datePublished\":\"2019-08-18T15:18:26+00:00\",\"dateModified\":\"2019-08-26T05:16:43+00:00\",\"author\":{\"@id\":\"https:\/\/www.edugestores.pe\/#\/schema\/person\/30dc82f35f5853289037a64b35c7c7d3\"},\"breadcrumb\":{\"@id\":\"https:\/\/www.edugestores.pe\/?p=23273#breadcrumb\"},\"inLanguage\":\"es\",\"potentialAction\":[{\"@type\":\"ReadAction\",\"target\":[\"https:\/\/www.edugestores.pe\/?p=23273\"]}]},{\"@type\":\"BreadcrumbList\",\"@id\":\"https:\/\/www.edugestores.pe\/?p=23273#breadcrumb\",\"itemListElement\":[{\"@type\":\"ListItem\",\"position\":1,\"name\":\"Portada\",\"item\":\"https:\/\/www.edugestores.pe\/\"},{\"@type\":\"ListItem\",\"position\":2,\"name\":\"Flor Pablo: Los directores de ISTP deben ser los l\u00edderes de la reforma en la educaci\u00f3n\"}]},{\"@type\":\"Person\",\"@id\":\"https:\/\/www.edugestores.pe\/#\/schema\/person\/30dc82f35f5853289037a64b35c7c7d3\",\"name\":\"Administrador\",\"image\":{\"@type\":\"ImageObject\",\"@id\":\"https:\/\/www.edugestores.pe\/#personlogo\",\"inLanguage\":\"es\",\"url\":\"https:\/\/secure.gravatar.com\/avatar\/70960d1239c4d2c778bb3d2786a3c1ae?s=96&d=mm&r=g\",\"contentUrl\":\"https:\/\/secure.gravatar.com\/avatar\/70960d1239c4d2c778bb3d2786a3c1ae?s=96&d=mm&r=g\",\"caption\":\"Administrador\"},\"url\":\"https:\/\/www.edugestores.pe\/?author=63\"}]}<\/script>\n<!-- \/ Yoast SEO plugin. -->","yoast_head_json":{"title":"Flor Pablo: Los directores de ISTP deben ser los l\u00edderes de la reforma en la educaci\u00f3n - Red Peruana de Gestores de la Educaci\u00f3n","robots":{"index":"index","follow":"follow","max-snippet":"max-snippet:-1","max-image-preview":"max-image-preview:large","max-video-preview":"max-video-preview:-1"},"canonical":"https:\/\/www.edugestores.pe\/?p=23273","og_locale":"es_ES","og_type":"article","og_title":"Flor Pablo: Los directores de ISTP deben ser los l\u00edderes de la reforma en la educaci\u00f3n - Red Peruana de Gestores de la Educaci\u00f3n","og_description":"Los directores deben ser los l\u00edderes de la Reforma de la Educaci\u00f3n Inicial Docente para que los institutos pedag\u00f3gicos se [&hellip;]","og_url":"https:\/\/www.edugestores.pe\/?p=23273","og_site_name":"Red Peruana de Gestores de la Educaci\u00f3n","article_published_time":"2019-08-18T15:18:26+00:00","article_modified_time":"2019-08-26T05:16:43+00:00","og_image":[{"width":851,"height":444,"url":"https:\/\/www.edugestores.pe\/wp-content\/uploads\/2019\/08\/180903-minedu-directores-deben-ser-lideres-reforma-educacion-afirma-ministra-educacion.jpg","type":"image\/jpeg"}],"twitter_card":"summary_large_image","twitter_misc":{"Escrito por":"Administrador","Tiempo de lectura":"2 minutos"},"schema":{"@context":"https:\/\/schema.org","@graph":[{"@type":"WebSite","@id":"https:\/\/www.edugestores.pe\/#website","url":"https:\/\/www.edugestores.pe\/","name":"Red Peruana de Gestores de la Educaci\u00f3n","description":"Red Peruana de Gestores de la Educaci\u00f3n","potentialAction":[{"@type":"SearchAction","target":{"@type":"EntryPoint","urlTemplate":"https:\/\/www.edugestores.pe\/?s={search_term_string}"},"query-input":"required name=search_term_string"}],"inLanguage":"es"},{"@type":"ImageObject","@id":"https:\/\/www.edugestores.pe\/?p=23273#primaryimage","inLanguage":"es","url":"https:\/\/www.edugestores.pe\/wp-content\/uploads\/2019\/08\/180903-minedu-directores-deben-ser-lideres-reforma-educacion-afirma-ministra-educacion.jpg","contentUrl":"https:\/\/www.edugestores.pe\/wp-content\/uploads\/2019\/08\/180903-minedu-directores-deben-ser-lideres-reforma-educacion-afirma-ministra-educacion.jpg","width":851,"height":444},{"@type":"WebPage","@id":"https:\/\/www.edugestores.pe\/?p=23273#webpage","url":"https:\/\/www.edugestores.pe\/?p=23273","name":"Flor Pablo: Los directores de ISTP deben ser los l\u00edderes de la reforma en la educaci\u00f3n - Red Peruana de Gestores de la Educaci\u00f3n","isPartOf":{"@id":"https:\/\/www.edugestores.pe\/#website"},"primaryImageOfPage":{"@id":"https:\/\/www.edugestores.pe\/?p=23273#primaryimage"},"datePublished":"2019-08-18T15:18:26+00:00","dateModified":"2019-08-26T05:16:43+00:00","author":{"@id":"https:\/\/www.edugestores.pe\/#\/schema\/person\/30dc82f35f5853289037a64b35c7c7d3"},"breadcrumb":{"@id":"https:\/\/www.edugestores.pe\/?p=23273#breadcrumb"},"inLanguage":"es","potentialAction":[{"@type":"ReadAction","target":["https:\/\/www.edugestores.pe\/?p=23273"]}]},{"@type":"BreadcrumbList","@id":"https:\/\/www.edugestores.pe\/?p=23273#breadcrumb","itemListElement":[{"@type":"ListItem","position":1,"name":"Portada","item":"https:\/\/www.edugestores.pe\/"},{"@type":"ListItem","position":2,"name":"Flor Pablo: Los directores de ISTP deben ser los l\u00edderes de la reforma en la educaci\u00f3n"}]},{"@type":"Person","@id":"https:\/\/www.edugestores.pe\/#\/schema\/person\/30dc82f35f5853289037a64b35c7c7d3","name":"Administrador","image":{"@type":"ImageObject","@id":"https:\/\/www.edugestores.pe\/#personlogo","inLanguage":"es","url":"https:\/\/secure.gravatar.com\/avatar\/70960d1239c4d2c778bb3d2786a3c1ae?s=96&d=mm&r=g","contentUrl":"https:\/\/secure.gravatar.com\/avatar\/70960d1239c4d2c778bb3d2786a3c1ae?s=96&d=mm&r=g","caption":"Administrador"},"url":"https:\/\/www.edugestores.pe\/?author=63"}]}},"jetpack_featured_media_url":"https:\/\/www.edugestores.pe\/wp-content\/uploads\/2019\/08\/180903-minedu-directores-deben-ser-lideres-reforma-educacion-afirma-ministra-educacion.jpg","_links":{"self":[{"href":"https:\/\/www.edugestores.pe\/index.php?rest_route=\/wp\/v2\/posts\/23273"}],"collection":[{"href":"https:\/\/www.edugestores.pe\/index.php?rest_route=\/wp\/v2\/posts"}],"about":[{"href":"https:\/\/www.edugestores.pe\/index.php?rest_route=\/wp\/v2\/types\/post"}],"author":[{"embeddable":true,"href":"https:\/\/www.edugestores.pe\/index.php?rest_route=\/wp\/v2\/users\/63"}],"replies":[{"embeddable":true,"href":"https:\/\/www.edugestores.pe\/index.php?rest_route=%2Fwp%2Fv2%2Fcomments&post=23273"}],"version-history":[{"count":1,"href":"https:\/\/www.edugestores.pe\/index.php?rest_route=\/wp\/v2\/posts\/23273\/revisions"}],"predecessor-version":[{"id":23275,"href":"https:\/\/www.edugestores.pe\/index.php?rest_route=\/wp\/v2\/posts\/23273\/revisions\/23275"}],"wp:featuredmedia":[{"embeddable":true,"href":"https:\/\/www.edugestores.pe\/index.php?rest_route=\/wp\/v2\/media\/23274"}],"wp:attachment":[{"href":"https:\/\/www.edugestores.pe\/index.php?rest_route=%2Fwp%2Fv2%2Fmedia&parent=23273"}],"wp:term":[{"taxonomy":"category","embeddable":true,"href":"https:\/\/www.edugestores.pe\/index.php?rest_route=%2Fwp%2Fv2%2Fcategories&post=23273"},{"taxonomy":"post_tag","embeddable":true,"href":"https:\/\/www.edugestores.pe\/index.php?rest_route=%2Fwp%2Fv2%2Ftags&post=23273"}],"curies":[{"name":"wp","href":"https:\/\/api.w.org\/{rel}","templated":true}]}}