{"id":23457,"date":"2019-09-13T07:51:34","date_gmt":"2019-09-13T12:51:34","guid":{"rendered":"https:\/\/www.edugestores.pe\/?p=23457"},"modified":"2019-12-01T23:37:06","modified_gmt":"2019-12-02T04:37:06","slug":"explorando-oportunidades-de-articulacion-entre-edugestores-y-el-iipe-unesco","status":"publish","type":"post","link":"https:\/\/www.edugestores.pe\/?p=23457","title":{"rendered":"Explorando oportunidades de articulaci\u00f3n entre Edugestores y el IIPE-UNESCO"},"content":{"rendered":"<p style=\"text-align: justify;\">El pasado 5 de setiembre de 2019, Jaime M\u00e1rquez y Mar\u00eda A. Palacios, coordinadores de la Red Peruana de Gestores de la Educaci\u00f3n, se reunieron con el director regional Pablo Cevallos y el coordinador de Cooperaci\u00f3n T\u00e9cnica Henry Armas, ambos del Instituto Internacional de Planeamiento de la Educaci\u00f3n, <a href=\"https:\/\/www.buenosaires.iiep.unesco.org\/\">IIPE-UNESCO<\/a>, \u00a0con sede en la ciudad de Buenos Aires. La reuni\u00f3n tuvo como objetivo de explorar posibles l\u00edneas de articulaci\u00f3n y colaboraci\u00f3n entre las actividades de Edugestores y las de la Red de Especialistas en Pol\u00edticas Educativas de Am\u00e9rica Latina, administrada por el IIPE-Unesco.<\/p>\n<p style=\"text-align: justify;\">La Red de Especialistas en Pol\u00edticas Educativas de Am\u00e9rica Latina del IIPE UNESCO Buenos Aires, lanzada en junio de este a\u00f1o, es un espacio virtual de contacto, intercambio y debate entre especialistas de Am\u00e9rica Latina \u00a0sobre temas vigentes en la agenda educativa de la regi\u00f3n.\u00a0 Re\u00fane a personas que han participado de programas de formaci\u00f3n del IIPE Buenos Aires,\u00a0y que colaboran en proyectos de difusi\u00f3n, investigaci\u00f3n y cooperaci\u00f3n t\u00e9cnica, pero est\u00e1 tambi\u00e9n abierta a todos los especialistas en pol\u00edtica educativa que trabajan en Am\u00e9rica Latina. Pueden acceder a la Red de Especialistas <a href=\"https:\/\/www.buenosaires.iiep.unesco.org\/es\/red-de-especialistas-en-politicas-educativas\">aqu\u00ed<\/a>.<\/p>\n<p style=\"text-align: justify;\">El IIPE-UNESCO Buenos Aires cuenta con una importante oferta de formaci\u00f3n en planificaci\u00f3n estrat\u00e9gica, gesti\u00f3n y evaluaci\u00f3n de pol\u00edticas educativas. \u00a0Tambi\u00e9n con l\u00edneas de investigaci\u00f3n, cooperaci\u00f3n t\u00e9cnica con los Estados miembros de la Unesco y de difusi\u00f3n de experiencias internacionales sobre diversos temas de la agenda educativa regional.<\/p>\n<p style=\"text-align: justify;\">Con Pablo Zevallos y Henry Armas, exploramos posibles oportunidades de formaci\u00f3n para los miembros de <a href=\"https:\/\/edugestores.pe\">Edugestores<\/a>, as\u00ed como de intercambio con los especialistas que integran la Red de Pol\u00edticas Educativas de Am\u00e9rica Latina. EL IIPE-UNESCO Buenos Aires desarrolla cada a\u00f1o el <strong>Programa Regional de Planeamiento y Gesti\u00f3n de Pol\u00edticas Educativas,<\/strong> de 20 semanas de duraci\u00f3n. Varios miembros de nuestra Red han cursado y culminado exitosamente este Programa Regional.\u00a0 No obstante, se ofrece una sola vez al a\u00f1o y cuenta s\u00f3lo con 40 vacantes para funcionarios y servidores p\u00fablicos de los Estados Miembros de la Unesco.<\/p>\n<p style=\"text-align: justify;\">Las otras dos modalidades de formaci\u00f3n que ofrece el IIPE-Unesco son los <strong>Programa Virtuales (formaci\u00f3n en l\u00ednea) <\/strong>en: Pol\u00edticas Digitales, Evaluaci\u00f3n Educativa, Pol\u00edticas Docentes y Educaci\u00f3n y Formaci\u00f3n T\u00e9cnica y Profesional.<\/p>\n<p style=\"text-align: justify;\">Finalmente, una tercera modalidad formativa es\u00a0 la de <strong>Formaci\u00f3n a Medida<\/strong>, que permite atender necesidades formativas espec\u00edficas de las instancias de gesti\u00f3n descentralizada del\u00a0 Sector Educaci\u00f3n para los que el IIPE-UNESCO puede dise\u00f1ar una oferta adhoc.<\/p>\n<p style=\"text-align: justify;\">Edugestores explorar\u00e1 el inter\u00e9s de sus miembros respecto a estas modalidades formativas, as\u00ed como respecto a los procesos y capacidades espec\u00edficas que las IGED requieren desarrollar en su personal (Programas a Medida) para mejorar la calidad, equidad y eficacia de la gesti\u00f3n territorial de pol\u00edticas educativas.<\/p>\n","protected":false},"excerpt":{"rendered":"<p>El pasado 5 de setiembre de 2019, Jaime M\u00e1rquez y Mar\u00eda A. Palacios, coordinadores de la Red Peruana de Gestores [&hellip;]<\/p>\n","protected":false},"author":63,"featured_media":23458,"comment_status":"open","ping_status":"open","sticky":false,"template":"","format":"standard","meta":{"spay_email":""},"categories":[125,1413],"tags":[],"yoast_head":"<!-- This site is optimized with the Yoast SEO plugin v18.0 - https:\/\/yoast.com\/wordpress\/plugins\/seo\/ -->\n<title>Explorando oportunidades de articulaci\u00f3n entre Edugestores y el IIPE-UNESCO - Red Peruana de Gestores de la Educaci\u00f3n<\/title>\n<meta name=\"robots\" content=\"index, follow, max-snippet:-1, max-image-preview:large, max-video-preview:-1\" \/>\n<link rel=\"canonical\" href=\"https:\/\/www.edugestores.pe\/?p=23457\" \/>\n<meta property=\"og:locale\" content=\"es_ES\" \/>\n<meta property=\"og:type\" content=\"article\" \/>\n<meta property=\"og:title\" content=\"Explorando oportunidades de articulaci\u00f3n entre Edugestores y el IIPE-UNESCO - Red Peruana de Gestores de la Educaci\u00f3n\" \/>\n<meta property=\"og:description\" content=\"El pasado 5 de setiembre de 2019, Jaime M\u00e1rquez y Mar\u00eda A. Palacios, coordinadores de la Red Peruana de Gestores [&hellip;]\" \/>\n<meta property=\"og:url\" content=\"https:\/\/www.edugestores.pe\/?p=23457\" \/>\n<meta property=\"og:site_name\" content=\"Red Peruana de Gestores de la Educaci\u00f3n\" \/>\n<meta property=\"article:published_time\" content=\"2019-09-13T12:51:34+00:00\" \/>\n<meta property=\"article:modified_time\" content=\"2019-12-02T04:37:06+00:00\" \/>\n<meta property=\"og:image\" content=\"https:\/\/www.edugestores.pe\/wp-content\/uploads\/2019\/09\/programa-regional-2019-iipe-unesco_Foto-con-tramado.png\" \/>\n\t<meta property=\"og:image:width\" content=\"769\" \/>\n\t<meta property=\"og:image:height\" content=\"428\" \/>\n\t<meta property=\"og:image:type\" content=\"image\/png\" \/>\n<meta name=\"twitter:card\" content=\"summary_large_image\" \/>\n<meta name=\"twitter:label1\" content=\"Escrito por\" \/>\n\t<meta name=\"twitter:data1\" content=\"Administrador\" \/>\n\t<meta name=\"twitter:label2\" content=\"Tiempo de lectura\" \/>\n\t<meta name=\"twitter:data2\" content=\"3 minutos\" \/>\n<script type=\"application\/ld+json\" class=\"yoast-schema-graph\">{\"@context\":\"https:\/\/schema.org\",\"@graph\":[{\"@type\":\"WebSite\",\"@id\":\"https:\/\/www.edugestores.pe\/#website\",\"url\":\"https:\/\/www.edugestores.pe\/\",\"name\":\"Red Peruana de Gestores de la Educaci\u00f3n\",\"description\":\"Red Peruana de Gestores de la Educaci\u00f3n\",\"potentialAction\":[{\"@type\":\"SearchAction\",\"target\":{\"@type\":\"EntryPoint\",\"urlTemplate\":\"https:\/\/www.edugestores.pe\/?s={search_term_string}\"},\"query-input\":\"required name=search_term_string\"}],\"inLanguage\":\"es\"},{\"@type\":\"ImageObject\",\"@id\":\"https:\/\/www.edugestores.pe\/?p=23457#primaryimage\",\"inLanguage\":\"es\",\"url\":\"https:\/\/www.edugestores.pe\/wp-content\/uploads\/2019\/09\/programa-regional-2019-iipe-unesco_Foto-con-tramado.png\",\"contentUrl\":\"https:\/\/www.edugestores.pe\/wp-content\/uploads\/2019\/09\/programa-regional-2019-iipe-unesco_Foto-con-tramado.png\",\"width\":769,\"height\":428},{\"@type\":\"WebPage\",\"@id\":\"https:\/\/www.edugestores.pe\/?p=23457#webpage\",\"url\":\"https:\/\/www.edugestores.pe\/?p=23457\",\"name\":\"Explorando oportunidades de articulaci\u00f3n entre Edugestores y el IIPE-UNESCO - Red Peruana de Gestores de la Educaci\u00f3n\",\"isPartOf\":{\"@id\":\"https:\/\/www.edugestores.pe\/#website\"},\"primaryImageOfPage\":{\"@id\":\"https:\/\/www.edugestores.pe\/?p=23457#primaryimage\"},\"datePublished\":\"2019-09-13T12:51:34+00:00\",\"dateModified\":\"2019-12-02T04:37:06+00:00\",\"author\":{\"@id\":\"https:\/\/www.edugestores.pe\/#\/schema\/person\/30dc82f35f5853289037a64b35c7c7d3\"},\"breadcrumb\":{\"@id\":\"https:\/\/www.edugestores.pe\/?p=23457#breadcrumb\"},\"inLanguage\":\"es\",\"potentialAction\":[{\"@type\":\"ReadAction\",\"target\":[\"https:\/\/www.edugestores.pe\/?p=23457\"]}]},{\"@type\":\"BreadcrumbList\",\"@id\":\"https:\/\/www.edugestores.pe\/?p=23457#breadcrumb\",\"itemListElement\":[{\"@type\":\"ListItem\",\"position\":1,\"name\":\"Portada\",\"item\":\"https:\/\/www.edugestores.pe\/\"},{\"@type\":\"ListItem\",\"position\":2,\"name\":\"Explorando oportunidades de articulaci\u00f3n entre Edugestores y el IIPE-UNESCO\"}]},{\"@type\":\"Person\",\"@id\":\"https:\/\/www.edugestores.pe\/#\/schema\/person\/30dc82f35f5853289037a64b35c7c7d3\",\"name\":\"Administrador\",\"image\":{\"@type\":\"ImageObject\",\"@id\":\"https:\/\/www.edugestores.pe\/#personlogo\",\"inLanguage\":\"es\",\"url\":\"https:\/\/secure.gravatar.com\/avatar\/70960d1239c4d2c778bb3d2786a3c1ae?s=96&d=mm&r=g\",\"contentUrl\":\"https:\/\/secure.gravatar.com\/avatar\/70960d1239c4d2c778bb3d2786a3c1ae?s=96&d=mm&r=g\",\"caption\":\"Administrador\"},\"url\":\"https:\/\/www.edugestores.pe\/?author=63\"}]}<\/script>\n<!-- \/ Yoast SEO plugin. -->","yoast_head_json":{"title":"Explorando oportunidades de articulaci\u00f3n entre Edugestores y el IIPE-UNESCO - Red Peruana de Gestores de la Educaci\u00f3n","robots":{"index":"index","follow":"follow","max-snippet":"max-snippet:-1","max-image-preview":"max-image-preview:large","max-video-preview":"max-video-preview:-1"},"canonical":"https:\/\/www.edugestores.pe\/?p=23457","og_locale":"es_ES","og_type":"article","og_title":"Explorando oportunidades de articulaci\u00f3n entre Edugestores y el IIPE-UNESCO - Red Peruana de Gestores de la Educaci\u00f3n","og_description":"El pasado 5 de setiembre de 2019, Jaime M\u00e1rquez y Mar\u00eda A. Palacios, coordinadores de la Red Peruana de Gestores [&hellip;]","og_url":"https:\/\/www.edugestores.pe\/?p=23457","og_site_name":"Red Peruana de Gestores de la Educaci\u00f3n","article_published_time":"2019-09-13T12:51:34+00:00","article_modified_time":"2019-12-02T04:37:06+00:00","og_image":[{"width":769,"height":428,"url":"https:\/\/www.edugestores.pe\/wp-content\/uploads\/2019\/09\/programa-regional-2019-iipe-unesco_Foto-con-tramado.png","type":"image\/png"}],"twitter_card":"summary_large_image","twitter_misc":{"Escrito por":"Administrador","Tiempo de lectura":"3 minutos"},"schema":{"@context":"https:\/\/schema.org","@graph":[{"@type":"WebSite","@id":"https:\/\/www.edugestores.pe\/#website","url":"https:\/\/www.edugestores.pe\/","name":"Red Peruana de Gestores de la Educaci\u00f3n","description":"Red Peruana de Gestores de la Educaci\u00f3n","potentialAction":[{"@type":"SearchAction","target":{"@type":"EntryPoint","urlTemplate":"https:\/\/www.edugestores.pe\/?s={search_term_string}"},"query-input":"required name=search_term_string"}],"inLanguage":"es"},{"@type":"ImageObject","@id":"https:\/\/www.edugestores.pe\/?p=23457#primaryimage","inLanguage":"es","url":"https:\/\/www.edugestores.pe\/wp-content\/uploads\/2019\/09\/programa-regional-2019-iipe-unesco_Foto-con-tramado.png","contentUrl":"https:\/\/www.edugestores.pe\/wp-content\/uploads\/2019\/09\/programa-regional-2019-iipe-unesco_Foto-con-tramado.png","width":769,"height":428},{"@type":"WebPage","@id":"https:\/\/www.edugestores.pe\/?p=23457#webpage","url":"https:\/\/www.edugestores.pe\/?p=23457","name":"Explorando oportunidades de articulaci\u00f3n entre Edugestores y el IIPE-UNESCO - Red Peruana de Gestores de la Educaci\u00f3n","isPartOf":{"@id":"https:\/\/www.edugestores.pe\/#website"},"primaryImageOfPage":{"@id":"https:\/\/www.edugestores.pe\/?p=23457#primaryimage"},"datePublished":"2019-09-13T12:51:34+00:00","dateModified":"2019-12-02T04:37:06+00:00","author":{"@id":"https:\/\/www.edugestores.pe\/#\/schema\/person\/30dc82f35f5853289037a64b35c7c7d3"},"breadcrumb":{"@id":"https:\/\/www.edugestores.pe\/?p=23457#breadcrumb"},"inLanguage":"es","potentialAction":[{"@type":"ReadAction","target":["https:\/\/www.edugestores.pe\/?p=23457"]}]},{"@type":"BreadcrumbList","@id":"https:\/\/www.edugestores.pe\/?p=23457#breadcrumb","itemListElement":[{"@type":"ListItem","position":1,"name":"Portada","item":"https:\/\/www.edugestores.pe\/"},{"@type":"ListItem","position":2,"name":"Explorando oportunidades de articulaci\u00f3n entre Edugestores y el IIPE-UNESCO"}]},{"@type":"Person","@id":"https:\/\/www.edugestores.pe\/#\/schema\/person\/30dc82f35f5853289037a64b35c7c7d3","name":"Administrador","image":{"@type":"ImageObject","@id":"https:\/\/www.edugestores.pe\/#personlogo","inLanguage":"es","url":"https:\/\/secure.gravatar.com\/avatar\/70960d1239c4d2c778bb3d2786a3c1ae?s=96&d=mm&r=g","contentUrl":"https:\/\/secure.gravatar.com\/avatar\/70960d1239c4d2c778bb3d2786a3c1ae?s=96&d=mm&r=g","caption":"Administrador"},"url":"https:\/\/www.edugestores.pe\/?author=63"}]}},"jetpack_featured_media_url":"https:\/\/www.edugestores.pe\/wp-content\/uploads\/2019\/09\/programa-regional-2019-iipe-unesco_Foto-con-tramado.png","_links":{"self":[{"href":"https:\/\/www.edugestores.pe\/index.php?rest_route=\/wp\/v2\/posts\/23457"}],"collection":[{"href":"https:\/\/www.edugestores.pe\/index.php?rest_route=\/wp\/v2\/posts"}],"about":[{"href":"https:\/\/www.edugestores.pe\/index.php?rest_route=\/wp\/v2\/types\/post"}],"author":[{"embeddable":true,"href":"https:\/\/www.edugestores.pe\/index.php?rest_route=\/wp\/v2\/users\/63"}],"replies":[{"embeddable":true,"href":"https:\/\/www.edugestores.pe\/index.php?rest_route=%2Fwp%2Fv2%2Fcomments&post=23457"}],"version-history":[{"count":3,"href":"https:\/\/www.edugestores.pe\/index.php?rest_route=\/wp\/v2\/posts\/23457\/revisions"}],"predecessor-version":[{"id":23489,"href":"https:\/\/www.edugestores.pe\/index.php?rest_route=\/wp\/v2\/posts\/23457\/revisions\/23489"}],"wp:featuredmedia":[{"embeddable":true,"href":"https:\/\/www.edugestores.pe\/index.php?rest_route=\/wp\/v2\/media\/23458"}],"wp:attachment":[{"href":"https:\/\/www.edugestores.pe\/index.php?rest_route=%2Fwp%2Fv2%2Fmedia&parent=23457"}],"wp:term":[{"taxonomy":"category","embeddable":true,"href":"https:\/\/www.edugestores.pe\/index.php?rest_route=%2Fwp%2Fv2%2Fcategories&post=23457"},{"taxonomy":"post_tag","embeddable":true,"href":"https:\/\/www.edugestores.pe\/index.php?rest_route=%2Fwp%2Fv2%2Ftags&post=23457"}],"curies":[{"name":"wp","href":"https:\/\/api.w.org\/{rel}","templated":true}]}}