{"id":23461,"date":"2019-09-15T17:56:44","date_gmt":"2019-09-15T22:56:44","guid":{"rendered":"https:\/\/www.edugestores.pe\/?p=23461"},"modified":"2019-09-30T00:54:26","modified_gmt":"2019-09-30T05:54:26","slug":"fe-y-alegria-y-su-acogida-a-estudiantes-venezolanos-un-articulo-de-jose-vadillo","status":"publish","type":"post","link":"https:\/\/www.edugestores.pe\/?p=23461","title":{"rendered":"Fe y Alegr\u00eda y su acogida a estudiantes venezolanos, un art\u00edculo de Jos\u00e9 Vadillo"},"content":{"rendered":"<div>\n<div>\n<p style=\"text-align: justify;\">Por Jos\u00e9 Vadillo Vila<\/p>\n<\/div>\n<\/div>\n<p style=\"text-align: justify;\">El ni\u00f1o sub\u00eda a los \u00f3mnibus con su mam\u00e1 vendiendo caramelos. Era julio, tiempo de escuela, y a\u00fan no estaba matriculado. Ella se hab\u00eda gastado los nudillos tocando sin suerte las puertas de todos los colegios de Villa El Salvador. \u201cNo hay vacantes\u201d, respond\u00edan. La instituci\u00f3n educativa de la Av. Revoluci\u00f3n Sector 3 era su \u00faltima opci\u00f3n.<\/p>\n<p>Y Fe y Alegr\u00eda 17 acogi\u00f3 a su hijo. Ahora Mauricio cursa el segundo grado de primaria. Avanza mientras la madre regulariza la documentaci\u00f3n en el Ministerio de Educaci\u00f3n, un tr\u00e1mite que puede demorar dos o tres meses, calcula la hermana Matilde Rituay.<\/p>\n<p>VES es una de las zonas de Lima con mayor n\u00famero de familias venezolanas. \u201cA m\u00ed me interesa acoger a los que nos necesitan\u201d, explica la religiosa, una de las coordinadoras de este colegio. Estudian aqu\u00ed 25 ni\u00f1os de nacionalidad venezolana, dos de ellos con habilidades diferentes. Se ha priorizado a los de primer y segundo grado. Pero no son los \u00fanicos.<\/p>\n<p><strong>***<\/strong><br \/>\nPierangela no olvidar\u00e1 el viaje de seis d\u00edas, junto con sus padres y sus dos hermanos, entre Caracas y Lima.<\/p>\n<p>A sus 16 a\u00f1os, cursa el cuarto de secundaria y est\u00e1 \u201creestructurando\u201d su futuro, a qu\u00e9 universidad peruana postular\u00e1 y a qu\u00e9 carrera. Si antes anhelaba regresar en un par de a\u00f1os a Venezuela, sabe que la situaci\u00f3n de su pa\u00eds \u201ces cada vez m\u00e1s dif\u00edcil\u201d, y que la estad\u00eda en el Per\u00fa ser\u00e1 muy larga.<\/p>\n<p>La profesora Judith Pe\u00f1a dice que es de las buenas alumnas del aula. Aprovecha su presencia para hablar y comparar, por ejemplo, la democracia, los tipos de gobierno y los derechos humanos en ambos pa\u00edses.<\/p>\n<p><img decoding=\"async\" src=\"https:\/\/elperuano.pe\/fotografia\/thumbnail\/2019\/09\/15\/000063975M.jpg\" alt=\"\" \/><\/p>\n<p>Pierangela se sabe privilegiada. La mayor\u00eda de los chicos venezolanos de su edad est\u00e1 en las calles de Lima, vendiendo. Sus padres trabajan los siete d\u00edas de la semana y le han dicho que se dedique a estudiar. Ayuda en los deberes escolares a sus hermanos menores y cocina los fines de semana. En las vacaciones, vende marcianos, anima fiestas infantiles, cuida ni\u00f1os.<\/p>\n<p>Pierangela particip\u00f3 en el video \u2018Los derechos de la ni\u00f1ez no tienen fronteras\u2019, de Save The Children, con testimonios de tres ni\u00f1os venezolanos que viven en el Per\u00fa y tres peruanos que crecieron en Venezuela. La migraci\u00f3n no es unidireccional.<\/p>\n<p><strong>***<\/strong><\/p>\n<p><img decoding=\"async\" src=\"https:\/\/elperuano.pe\/fotografia\/thumbnail\/2019\/09\/15\/000063974M.jpg\" alt=\"\" \/><\/p>\n<p>\u201cLa mayor\u00eda de los ni\u00f1os venezolanos, en la actualidad, estudia. El que no lo hace es porque lleg\u00f3 en una fecha bastante complicada o reci\u00e9n ha llegado\u201d, dice Morelis Medina. Lleg\u00f3 hace dos a\u00f1os de Venezuela, junto con su esposo y sus dos hijos. El mayor, Gabriel, de 7 a\u00f1os, cursa el primer grado.<\/p>\n<p>El ni\u00f1o estudia por las tardes, pero viene al colegio algunas ma\u00f1anas, al taller de nivelaci\u00f3n \u2018Aprendamos juntos\u2019. Le permite abordar mejor las clases.<\/p>\n<p><strong>***<\/strong><\/p>\n<p>La hermana Mar\u00eda Luz Mantilla tiene 48 a\u00f1os en el Fe y Alegr\u00eda de VES y sabe que la solidaridad existe. Est\u00e1 a cargo del comedor del colegio, que brinda cada d\u00eda 500 raciones. Se benefician tanto los alumnos de pocos recursos como muchas familias venezolanas. \u201cSe mantiene de la caridad de las personas\u201d, explica. Aportan empresas como Luz del Sur, Plaza Vea, el Mercado Mayorista de Santa Anita, Hiraoka y mucha gente an\u00f3nima que deja sacos de comida.<\/p>\n<p><strong>***<\/strong><\/p>\n<p>Fe y Alegr\u00eda Per\u00fa cumple 53 a\u00f1os y acoge a 169 alumnos venezolanos; de ellos, 159 estudian en colegios de la red en Lima y el Callao. La directora general de la instituci\u00f3n, Mar\u00eda Leonor Romero, explica que trabajan cuatro estrategias de intervenci\u00f3n.<\/p>\n<p>Una, de sensibilizaci\u00f3n a maestros y estudiantes sobre la importancia de acoger y brindar atenci\u00f3n y cari\u00f1o al migrante, a fin de integrarlo al aula y a la escuela. Una segunda herramienta es la inserci\u00f3n educativa, para la nivelaci\u00f3n escolar a los chicos.<\/p>\n<p><img decoding=\"async\" src=\"https:\/\/elperuano.pe\/fotografia\/thumbnail\/2019\/09\/15\/000059836M.jpg\" alt=\"\" \/><\/p>\n<p>Hay una asesor\u00eda psicol\u00f3gica cuyo prop\u00f3sito es garantizar la inserci\u00f3n social de los menores de edad. Adem\u00e1s, se les ha brindado mochilas con \u00fatiles, buzos y apoyo alimentario. Otro punto de ayuda es la asesor\u00eda a los padres de familia sobre su estatus legal para que regularicen su situaci\u00f3n migratoria.<\/p>\n<p>\u201cQueremos lograr un buen proceso de aprendizaje y socializaci\u00f3n. Que el ni\u00f1o se integre al aula y al colegio. Y que los alumnos tengan la capacidad de ser solidarios con los que llegan\u201d, explica la directora. Resalta que esta labor es posible gracias a la solidaridad de empresas y personas.<\/p>\n<p><strong>Cifra<\/strong><\/p>\n<p><strong>85,000\u00a0<\/strong>ni\u00f1os, ni\u00f1as y j\u00f3venes estudian en las aulas de Fe y Alegr\u00eda.<\/p>\n","protected":false},"excerpt":{"rendered":"<p>Por Jos\u00e9 Vadillo Vila El ni\u00f1o sub\u00eda a los \u00f3mnibus con su mam\u00e1 vendiendo caramelos. Era julio, tiempo de escuela, [&hellip;]<\/p>\n","protected":false},"author":63,"featured_media":23462,"comment_status":"open","ping_status":"open","sticky":false,"template":"","format":"standard","meta":{"spay_email":""},"categories":[125],"tags":[],"yoast_head":"<!-- This site is optimized with the Yoast SEO plugin v18.0 - https:\/\/yoast.com\/wordpress\/plugins\/seo\/ -->\n<title>Fe y Alegr\u00eda y su acogida a estudiantes venezolanos, un art\u00edculo de Jos\u00e9 Vadillo - Red Peruana de Gestores de la Educaci\u00f3n<\/title>\n<meta name=\"robots\" content=\"index, follow, max-snippet:-1, max-image-preview:large, max-video-preview:-1\" \/>\n<link rel=\"canonical\" href=\"https:\/\/www.edugestores.pe\/?p=23461\" \/>\n<meta property=\"og:locale\" content=\"es_ES\" \/>\n<meta property=\"og:type\" content=\"article\" \/>\n<meta property=\"og:title\" content=\"Fe y Alegr\u00eda y su acogida a estudiantes venezolanos, un art\u00edculo de Jos\u00e9 Vadillo - Red Peruana de Gestores de la Educaci\u00f3n\" \/>\n<meta property=\"og:description\" content=\"Por Jos\u00e9 Vadillo Vila El ni\u00f1o sub\u00eda a los \u00f3mnibus con su mam\u00e1 vendiendo caramelos. Era julio, tiempo de escuela, [&hellip;]\" \/>\n<meta property=\"og:url\" content=\"https:\/\/www.edugestores.pe\/?p=23461\" \/>\n<meta property=\"og:site_name\" content=\"Red Peruana de Gestores de la Educaci\u00f3n\" \/>\n<meta property=\"article:published_time\" content=\"2019-09-15T22:56:44+00:00\" \/>\n<meta property=\"article:modified_time\" content=\"2019-09-30T05:54:26+00:00\" \/>\n<meta property=\"og:image\" content=\"https:\/\/www.edugestores.pe\/wp-content\/uploads\/2019\/09\/000063976M.jpg\" \/>\n\t<meta property=\"og:image:width\" content=\"600\" \/>\n\t<meta property=\"og:image:height\" content=\"400\" \/>\n\t<meta property=\"og:image:type\" content=\"image\/jpeg\" \/>\n<meta name=\"twitter:card\" content=\"summary_large_image\" \/>\n<meta name=\"twitter:label1\" content=\"Escrito por\" \/>\n\t<meta name=\"twitter:data1\" content=\"Administrador\" \/>\n\t<meta name=\"twitter:label2\" content=\"Tiempo de lectura\" \/>\n\t<meta name=\"twitter:data2\" content=\"4 minutos\" \/>\n<script type=\"application\/ld+json\" class=\"yoast-schema-graph\">{\"@context\":\"https:\/\/schema.org\",\"@graph\":[{\"@type\":\"WebSite\",\"@id\":\"https:\/\/www.edugestores.pe\/#website\",\"url\":\"https:\/\/www.edugestores.pe\/\",\"name\":\"Red Peruana de Gestores de la Educaci\u00f3n\",\"description\":\"Red Peruana de Gestores de la Educaci\u00f3n\",\"potentialAction\":[{\"@type\":\"SearchAction\",\"target\":{\"@type\":\"EntryPoint\",\"urlTemplate\":\"https:\/\/www.edugestores.pe\/?s={search_term_string}\"},\"query-input\":\"required name=search_term_string\"}],\"inLanguage\":\"es\"},{\"@type\":\"ImageObject\",\"@id\":\"https:\/\/www.edugestores.pe\/?p=23461#primaryimage\",\"inLanguage\":\"es\",\"url\":\"https:\/\/www.edugestores.pe\/wp-content\/uploads\/2019\/09\/000063976M.jpg\",\"contentUrl\":\"https:\/\/www.edugestores.pe\/wp-content\/uploads\/2019\/09\/000063976M.jpg\",\"width\":600,\"height\":400},{\"@type\":\"WebPage\",\"@id\":\"https:\/\/www.edugestores.pe\/?p=23461#webpage\",\"url\":\"https:\/\/www.edugestores.pe\/?p=23461\",\"name\":\"Fe y Alegr\u00eda y su acogida a estudiantes venezolanos, un art\u00edculo de Jos\u00e9 Vadillo - Red Peruana de Gestores de la Educaci\u00f3n\",\"isPartOf\":{\"@id\":\"https:\/\/www.edugestores.pe\/#website\"},\"primaryImageOfPage\":{\"@id\":\"https:\/\/www.edugestores.pe\/?p=23461#primaryimage\"},\"datePublished\":\"2019-09-15T22:56:44+00:00\",\"dateModified\":\"2019-09-30T05:54:26+00:00\",\"author\":{\"@id\":\"https:\/\/www.edugestores.pe\/#\/schema\/person\/30dc82f35f5853289037a64b35c7c7d3\"},\"breadcrumb\":{\"@id\":\"https:\/\/www.edugestores.pe\/?p=23461#breadcrumb\"},\"inLanguage\":\"es\",\"potentialAction\":[{\"@type\":\"ReadAction\",\"target\":[\"https:\/\/www.edugestores.pe\/?p=23461\"]}]},{\"@type\":\"BreadcrumbList\",\"@id\":\"https:\/\/www.edugestores.pe\/?p=23461#breadcrumb\",\"itemListElement\":[{\"@type\":\"ListItem\",\"position\":1,\"name\":\"Portada\",\"item\":\"https:\/\/www.edugestores.pe\/\"},{\"@type\":\"ListItem\",\"position\":2,\"name\":\"Fe y Alegr\u00eda y su acogida a estudiantes venezolanos, un art\u00edculo de Jos\u00e9 Vadillo\"}]},{\"@type\":\"Person\",\"@id\":\"https:\/\/www.edugestores.pe\/#\/schema\/person\/30dc82f35f5853289037a64b35c7c7d3\",\"name\":\"Administrador\",\"image\":{\"@type\":\"ImageObject\",\"@id\":\"https:\/\/www.edugestores.pe\/#personlogo\",\"inLanguage\":\"es\",\"url\":\"https:\/\/secure.gravatar.com\/avatar\/70960d1239c4d2c778bb3d2786a3c1ae?s=96&d=mm&r=g\",\"contentUrl\":\"https:\/\/secure.gravatar.com\/avatar\/70960d1239c4d2c778bb3d2786a3c1ae?s=96&d=mm&r=g\",\"caption\":\"Administrador\"},\"url\":\"https:\/\/www.edugestores.pe\/?author=63\"}]}<\/script>\n<!-- \/ Yoast SEO plugin. -->","yoast_head_json":{"title":"Fe y Alegr\u00eda y su acogida a estudiantes venezolanos, un art\u00edculo de Jos\u00e9 Vadillo - Red Peruana de Gestores de la Educaci\u00f3n","robots":{"index":"index","follow":"follow","max-snippet":"max-snippet:-1","max-image-preview":"max-image-preview:large","max-video-preview":"max-video-preview:-1"},"canonical":"https:\/\/www.edugestores.pe\/?p=23461","og_locale":"es_ES","og_type":"article","og_title":"Fe y Alegr\u00eda y su acogida a estudiantes venezolanos, un art\u00edculo de Jos\u00e9 Vadillo - Red Peruana de Gestores de la Educaci\u00f3n","og_description":"Por Jos\u00e9 Vadillo Vila El ni\u00f1o sub\u00eda a los \u00f3mnibus con su mam\u00e1 vendiendo caramelos. Era julio, tiempo de escuela, [&hellip;]","og_url":"https:\/\/www.edugestores.pe\/?p=23461","og_site_name":"Red Peruana de Gestores de la Educaci\u00f3n","article_published_time":"2019-09-15T22:56:44+00:00","article_modified_time":"2019-09-30T05:54:26+00:00","og_image":[{"width":600,"height":400,"url":"https:\/\/www.edugestores.pe\/wp-content\/uploads\/2019\/09\/000063976M.jpg","type":"image\/jpeg"}],"twitter_card":"summary_large_image","twitter_misc":{"Escrito por":"Administrador","Tiempo de lectura":"4 minutos"},"schema":{"@context":"https:\/\/schema.org","@graph":[{"@type":"WebSite","@id":"https:\/\/www.edugestores.pe\/#website","url":"https:\/\/www.edugestores.pe\/","name":"Red Peruana de Gestores de la Educaci\u00f3n","description":"Red Peruana de Gestores de la Educaci\u00f3n","potentialAction":[{"@type":"SearchAction","target":{"@type":"EntryPoint","urlTemplate":"https:\/\/www.edugestores.pe\/?s={search_term_string}"},"query-input":"required name=search_term_string"}],"inLanguage":"es"},{"@type":"ImageObject","@id":"https:\/\/www.edugestores.pe\/?p=23461#primaryimage","inLanguage":"es","url":"https:\/\/www.edugestores.pe\/wp-content\/uploads\/2019\/09\/000063976M.jpg","contentUrl":"https:\/\/www.edugestores.pe\/wp-content\/uploads\/2019\/09\/000063976M.jpg","width":600,"height":400},{"@type":"WebPage","@id":"https:\/\/www.edugestores.pe\/?p=23461#webpage","url":"https:\/\/www.edugestores.pe\/?p=23461","name":"Fe y Alegr\u00eda y su acogida a estudiantes venezolanos, un art\u00edculo de Jos\u00e9 Vadillo - Red Peruana de Gestores de la Educaci\u00f3n","isPartOf":{"@id":"https:\/\/www.edugestores.pe\/#website"},"primaryImageOfPage":{"@id":"https:\/\/www.edugestores.pe\/?p=23461#primaryimage"},"datePublished":"2019-09-15T22:56:44+00:00","dateModified":"2019-09-30T05:54:26+00:00","author":{"@id":"https:\/\/www.edugestores.pe\/#\/schema\/person\/30dc82f35f5853289037a64b35c7c7d3"},"breadcrumb":{"@id":"https:\/\/www.edugestores.pe\/?p=23461#breadcrumb"},"inLanguage":"es","potentialAction":[{"@type":"ReadAction","target":["https:\/\/www.edugestores.pe\/?p=23461"]}]},{"@type":"BreadcrumbList","@id":"https:\/\/www.edugestores.pe\/?p=23461#breadcrumb","itemListElement":[{"@type":"ListItem","position":1,"name":"Portada","item":"https:\/\/www.edugestores.pe\/"},{"@type":"ListItem","position":2,"name":"Fe y Alegr\u00eda y su acogida a estudiantes venezolanos, un art\u00edculo de Jos\u00e9 Vadillo"}]},{"@type":"Person","@id":"https:\/\/www.edugestores.pe\/#\/schema\/person\/30dc82f35f5853289037a64b35c7c7d3","name":"Administrador","image":{"@type":"ImageObject","@id":"https:\/\/www.edugestores.pe\/#personlogo","inLanguage":"es","url":"https:\/\/secure.gravatar.com\/avatar\/70960d1239c4d2c778bb3d2786a3c1ae?s=96&d=mm&r=g","contentUrl":"https:\/\/secure.gravatar.com\/avatar\/70960d1239c4d2c778bb3d2786a3c1ae?s=96&d=mm&r=g","caption":"Administrador"},"url":"https:\/\/www.edugestores.pe\/?author=63"}]}},"jetpack_featured_media_url":"https:\/\/www.edugestores.pe\/wp-content\/uploads\/2019\/09\/000063976M.jpg","_links":{"self":[{"href":"https:\/\/www.edugestores.pe\/index.php?rest_route=\/wp\/v2\/posts\/23461"}],"collection":[{"href":"https:\/\/www.edugestores.pe\/index.php?rest_route=\/wp\/v2\/posts"}],"about":[{"href":"https:\/\/www.edugestores.pe\/index.php?rest_route=\/wp\/v2\/types\/post"}],"author":[{"embeddable":true,"href":"https:\/\/www.edugestores.pe\/index.php?rest_route=\/wp\/v2\/users\/63"}],"replies":[{"embeddable":true,"href":"https:\/\/www.edugestores.pe\/index.php?rest_route=%2Fwp%2Fv2%2Fcomments&post=23461"}],"version-history":[{"count":1,"href":"https:\/\/www.edugestores.pe\/index.php?rest_route=\/wp\/v2\/posts\/23461\/revisions"}],"predecessor-version":[{"id":23463,"href":"https:\/\/www.edugestores.pe\/index.php?rest_route=\/wp\/v2\/posts\/23461\/revisions\/23463"}],"wp:featuredmedia":[{"embeddable":true,"href":"https:\/\/www.edugestores.pe\/index.php?rest_route=\/wp\/v2\/media\/23462"}],"wp:attachment":[{"href":"https:\/\/www.edugestores.pe\/index.php?rest_route=%2Fwp%2Fv2%2Fmedia&parent=23461"}],"wp:term":[{"taxonomy":"category","embeddable":true,"href":"https:\/\/www.edugestores.pe\/index.php?rest_route=%2Fwp%2Fv2%2Fcategories&post=23461"},{"taxonomy":"post_tag","embeddable":true,"href":"https:\/\/www.edugestores.pe\/index.php?rest_route=%2Fwp%2Fv2%2Ftags&post=23461"}],"curies":[{"name":"wp","href":"https:\/\/api.w.org\/{rel}","templated":true}]}}