{"id":23464,"date":"2019-09-15T17:59:43","date_gmt":"2019-09-15T22:59:43","guid":{"rendered":"https:\/\/www.edugestores.pe\/?p=23464"},"modified":"2019-09-18T15:00:35","modified_gmt":"2019-09-18T20:00:35","slug":"genero-otra-vez-editorial-de-la-republica","status":"publish","type":"post","link":"https:\/\/www.edugestores.pe\/?p=23464","title":{"rendered":"G\u00e9nero, otra vez, editorial de La Rep\u00fablica"},"content":{"rendered":"<p class=\"\" style=\"text-align: justify;\">La Comisi\u00f3n de Educaci\u00f3n del\u00a0Congreso, presidida por la legisladora fujimorista\u00a0Tamar Arimborgo, analizar\u00e1 esta semana el proyecto de ley de su colega H\u00e9ctor Becerril que plantea excluir toda menci\u00f3n al enfoque de g\u00e9nero del curr\u00edculo escolar.<\/p>\n<div style=\"text-align: justify;\">Esta pretensi\u00f3n, una insistencia de la mayor\u00eda parlamentaria que en los a\u00f1os 2017 y 2018 llev\u00f3 al Congreso a derogar varias normas que inclu\u00edan la palabra \u201cg\u00e9nero\u201d en un ataque autoritario, se produce luego de que, por otro lado, el bloque\u00a0fujimorista\u00a0reclamara un di\u00e1logo por la gobernabilidad con el\u00a0Ejecutivo.<\/div>\n<div class=\"teads-inread xs-screen\" style=\"text-align: justify;\">\n<div class=\"teads-ui-components-credits\"><\/div>\n<div class=\"teads-ui-components-credits\">Por lo dem\u00e1s, la exclusi\u00f3n del enfoque de g\u00e9nero no se encuentra en la agenda que llev\u00f3 el presidente del Congreso a la cita con el presidente de la Rep\u00fablica, y en el que incluy\u00f3 cuatro temas: la generaci\u00f3n de empleo \u201cen grandes cantidades\u201d, la seguridad ciudadana, la reconstrucci\u00f3n del norte y el adelanto de elecciones generales al 2020. Es m\u00e1s, tampoco se encuentra entre los 14 temas de agenda legislativa que\u00a0Arimborgo\u00a0prometi\u00f3 revisar en su reciente cita con la ministra de Educaci\u00f3n, Flor Pablo, entre ellos el cese autom\u00e1tico de los maestros a los 65 a\u00f1os, la defensor\u00eda del docente, entre otros. Lo m\u00e1s grave es que la presidenta de esta comisi\u00f3n parlamentaria no ha puesto a consideraci\u00f3n y para la respectiva prioridad estas iniciativas.<\/div>\n<\/div>\n<div style=\"text-align: justify;\">\n<div id=\"Videoinread\" class=\"atm-banner-videoinread\" data-google-query-id=\"CO_U0oH30-QCFcughwodcYoGPQ\">\n<div><\/div>\n<div id=\"google_ads_iframe_\/422621568\/larepublica.pe_Videoinread_0__container__\">Este proyecto constituye una clara provocaci\u00f3n al Ejecutivo y un llamado a la confrontaci\u00f3n, habida cuenta de que esta parte de la pol\u00edtica p\u00fablica educativa ha sido respaldada por sendos pronunciamientos del Tribunal Constitucional y el Poder Judicial. Habr\u00eda que recordar que la decisi\u00f3n de este \u00faltimo organismo fue declarar infundada en todos sus extremos la pretensi\u00f3n de anular el enfoque de g\u00e9nero en la\u00a0educaci\u00f3n peruana.<\/div>\n<\/div>\n<\/div>\n<p class=\"\" style=\"text-align: justify;\">El ataque a la\u00a0legalidad\u00a0y legitimidad del\u00a0enfoque de g\u00e9nero\u00a0no puede ser explicado desde las atribuciones del\u00a0Congreso, es decir, que este poder tiene la prerrogativa de aprobar la ley que quiera. Esta ofensiva se vincula directamente al ejercicio de derechos y libertades que se encuentran protegidos por la Constituci\u00f3n y los tratados internacionales.<\/p>\n<div style=\"text-align: justify;\">Es obvio que en plena batalla por el adelanto de elecciones, el\u00a0fujimorismo\u00a0intenta movilizar en favor de su posici\u00f3n a los sectores conservadores. Tiene derecho a hacerlo, pero no a utilizar con este prop\u00f3sito a la educaci\u00f3n peruana contra pol\u00edticas educativas ratificadas y en ejecuci\u00f3n. Si este prop\u00f3sito se agrega a la campa\u00f1a contra la\u00a0SUNEDU, se tiene sobre la mesa una hostilidad manifiesta contra la modernizaci\u00f3n educativa.<\/div>\n<div style=\"text-align: justify;\">Tomado de La Rep\u00fablica<\/div>\n","protected":false},"excerpt":{"rendered":"<p>La Comisi\u00f3n de Educaci\u00f3n del\u00a0Congreso, presidida por la legisladora fujimorista\u00a0Tamar Arimborgo, analizar\u00e1 esta semana el proyecto de ley de su [&hellip;]<\/p>\n","protected":false},"author":63,"featured_media":23465,"comment_status":"open","ping_status":"open","sticky":false,"template":"","format":"standard","meta":{"spay_email":""},"categories":[125],"tags":[],"yoast_head":"<!-- This site is optimized with the Yoast SEO plugin v18.0 - https:\/\/yoast.com\/wordpress\/plugins\/seo\/ -->\n<title>G\u00e9nero, otra vez, editorial de La Rep\u00fablica - Red Peruana de Gestores de la Educaci\u00f3n<\/title>\n<meta name=\"robots\" content=\"index, follow, max-snippet:-1, max-image-preview:large, max-video-preview:-1\" \/>\n<link rel=\"canonical\" href=\"https:\/\/www.edugestores.pe\/?p=23464\" \/>\n<meta property=\"og:locale\" content=\"es_ES\" \/>\n<meta property=\"og:type\" content=\"article\" \/>\n<meta property=\"og:title\" content=\"G\u00e9nero, otra vez, editorial de La Rep\u00fablica - Red Peruana de Gestores de la Educaci\u00f3n\" \/>\n<meta property=\"og:description\" content=\"La Comisi\u00f3n de Educaci\u00f3n del\u00a0Congreso, presidida por la legisladora fujimorista\u00a0Tamar Arimborgo, analizar\u00e1 esta semana el proyecto de ley de su [&hellip;]\" \/>\n<meta property=\"og:url\" content=\"https:\/\/www.edugestores.pe\/?p=23464\" \/>\n<meta property=\"og:site_name\" content=\"Red Peruana de Gestores de la Educaci\u00f3n\" \/>\n<meta property=\"article:published_time\" content=\"2019-09-15T22:59:43+00:00\" \/>\n<meta property=\"article:modified_time\" content=\"2019-09-18T20:00:35+00:00\" \/>\n<meta property=\"og:image\" content=\"https:\/\/www.edugestores.pe\/wp-content\/uploads\/2019\/09\/5d6f32fa123fa.jpeg\" \/>\n\t<meta property=\"og:image:width\" content=\"620\" \/>\n\t<meta property=\"og:image:height\" content=\"356\" \/>\n\t<meta property=\"og:image:type\" content=\"image\/jpeg\" \/>\n<meta name=\"twitter:card\" content=\"summary_large_image\" \/>\n<meta name=\"twitter:label1\" content=\"Escrito por\" \/>\n\t<meta name=\"twitter:data1\" content=\"Administrador\" \/>\n\t<meta name=\"twitter:label2\" content=\"Tiempo de lectura\" \/>\n\t<meta name=\"twitter:data2\" content=\"2 minutos\" \/>\n<script type=\"application\/ld+json\" class=\"yoast-schema-graph\">{\"@context\":\"https:\/\/schema.org\",\"@graph\":[{\"@type\":\"WebSite\",\"@id\":\"https:\/\/www.edugestores.pe\/#website\",\"url\":\"https:\/\/www.edugestores.pe\/\",\"name\":\"Red Peruana de Gestores de la Educaci\u00f3n\",\"description\":\"Red Peruana de Gestores de la Educaci\u00f3n\",\"potentialAction\":[{\"@type\":\"SearchAction\",\"target\":{\"@type\":\"EntryPoint\",\"urlTemplate\":\"https:\/\/www.edugestores.pe\/?s={search_term_string}\"},\"query-input\":\"required name=search_term_string\"}],\"inLanguage\":\"es\"},{\"@type\":\"ImageObject\",\"@id\":\"https:\/\/www.edugestores.pe\/?p=23464#primaryimage\",\"inLanguage\":\"es\",\"url\":\"https:\/\/www.edugestores.pe\/wp-content\/uploads\/2019\/09\/5d6f32fa123fa.jpeg\",\"contentUrl\":\"https:\/\/www.edugestores.pe\/wp-content\/uploads\/2019\/09\/5d6f32fa123fa.jpeg\",\"width\":620,\"height\":356},{\"@type\":\"WebPage\",\"@id\":\"https:\/\/www.edugestores.pe\/?p=23464#webpage\",\"url\":\"https:\/\/www.edugestores.pe\/?p=23464\",\"name\":\"G\u00e9nero, otra vez, editorial de La Rep\u00fablica - Red Peruana de Gestores de la Educaci\u00f3n\",\"isPartOf\":{\"@id\":\"https:\/\/www.edugestores.pe\/#website\"},\"primaryImageOfPage\":{\"@id\":\"https:\/\/www.edugestores.pe\/?p=23464#primaryimage\"},\"datePublished\":\"2019-09-15T22:59:43+00:00\",\"dateModified\":\"2019-09-18T20:00:35+00:00\",\"author\":{\"@id\":\"https:\/\/www.edugestores.pe\/#\/schema\/person\/30dc82f35f5853289037a64b35c7c7d3\"},\"breadcrumb\":{\"@id\":\"https:\/\/www.edugestores.pe\/?p=23464#breadcrumb\"},\"inLanguage\":\"es\",\"potentialAction\":[{\"@type\":\"ReadAction\",\"target\":[\"https:\/\/www.edugestores.pe\/?p=23464\"]}]},{\"@type\":\"BreadcrumbList\",\"@id\":\"https:\/\/www.edugestores.pe\/?p=23464#breadcrumb\",\"itemListElement\":[{\"@type\":\"ListItem\",\"position\":1,\"name\":\"Portada\",\"item\":\"https:\/\/www.edugestores.pe\/\"},{\"@type\":\"ListItem\",\"position\":2,\"name\":\"G\u00e9nero, otra vez, editorial de La Rep\u00fablica\"}]},{\"@type\":\"Person\",\"@id\":\"https:\/\/www.edugestores.pe\/#\/schema\/person\/30dc82f35f5853289037a64b35c7c7d3\",\"name\":\"Administrador\",\"image\":{\"@type\":\"ImageObject\",\"@id\":\"https:\/\/www.edugestores.pe\/#personlogo\",\"inLanguage\":\"es\",\"url\":\"https:\/\/secure.gravatar.com\/avatar\/70960d1239c4d2c778bb3d2786a3c1ae?s=96&d=mm&r=g\",\"contentUrl\":\"https:\/\/secure.gravatar.com\/avatar\/70960d1239c4d2c778bb3d2786a3c1ae?s=96&d=mm&r=g\",\"caption\":\"Administrador\"},\"url\":\"https:\/\/www.edugestores.pe\/?author=63\"}]}<\/script>\n<!-- \/ Yoast SEO plugin. -->","yoast_head_json":{"title":"G\u00e9nero, otra vez, editorial de La Rep\u00fablica - Red Peruana de Gestores de la Educaci\u00f3n","robots":{"index":"index","follow":"follow","max-snippet":"max-snippet:-1","max-image-preview":"max-image-preview:large","max-video-preview":"max-video-preview:-1"},"canonical":"https:\/\/www.edugestores.pe\/?p=23464","og_locale":"es_ES","og_type":"article","og_title":"G\u00e9nero, otra vez, editorial de La Rep\u00fablica - Red Peruana de Gestores de la Educaci\u00f3n","og_description":"La Comisi\u00f3n de Educaci\u00f3n del\u00a0Congreso, presidida por la legisladora fujimorista\u00a0Tamar Arimborgo, analizar\u00e1 esta semana el proyecto de ley de su [&hellip;]","og_url":"https:\/\/www.edugestores.pe\/?p=23464","og_site_name":"Red Peruana de Gestores de la Educaci\u00f3n","article_published_time":"2019-09-15T22:59:43+00:00","article_modified_time":"2019-09-18T20:00:35+00:00","og_image":[{"width":620,"height":356,"url":"https:\/\/www.edugestores.pe\/wp-content\/uploads\/2019\/09\/5d6f32fa123fa.jpeg","type":"image\/jpeg"}],"twitter_card":"summary_large_image","twitter_misc":{"Escrito por":"Administrador","Tiempo de lectura":"2 minutos"},"schema":{"@context":"https:\/\/schema.org","@graph":[{"@type":"WebSite","@id":"https:\/\/www.edugestores.pe\/#website","url":"https:\/\/www.edugestores.pe\/","name":"Red Peruana de Gestores de la Educaci\u00f3n","description":"Red Peruana de Gestores de la Educaci\u00f3n","potentialAction":[{"@type":"SearchAction","target":{"@type":"EntryPoint","urlTemplate":"https:\/\/www.edugestores.pe\/?s={search_term_string}"},"query-input":"required name=search_term_string"}],"inLanguage":"es"},{"@type":"ImageObject","@id":"https:\/\/www.edugestores.pe\/?p=23464#primaryimage","inLanguage":"es","url":"https:\/\/www.edugestores.pe\/wp-content\/uploads\/2019\/09\/5d6f32fa123fa.jpeg","contentUrl":"https:\/\/www.edugestores.pe\/wp-content\/uploads\/2019\/09\/5d6f32fa123fa.jpeg","width":620,"height":356},{"@type":"WebPage","@id":"https:\/\/www.edugestores.pe\/?p=23464#webpage","url":"https:\/\/www.edugestores.pe\/?p=23464","name":"G\u00e9nero, otra vez, editorial de La Rep\u00fablica - Red Peruana de Gestores de la Educaci\u00f3n","isPartOf":{"@id":"https:\/\/www.edugestores.pe\/#website"},"primaryImageOfPage":{"@id":"https:\/\/www.edugestores.pe\/?p=23464#primaryimage"},"datePublished":"2019-09-15T22:59:43+00:00","dateModified":"2019-09-18T20:00:35+00:00","author":{"@id":"https:\/\/www.edugestores.pe\/#\/schema\/person\/30dc82f35f5853289037a64b35c7c7d3"},"breadcrumb":{"@id":"https:\/\/www.edugestores.pe\/?p=23464#breadcrumb"},"inLanguage":"es","potentialAction":[{"@type":"ReadAction","target":["https:\/\/www.edugestores.pe\/?p=23464"]}]},{"@type":"BreadcrumbList","@id":"https:\/\/www.edugestores.pe\/?p=23464#breadcrumb","itemListElement":[{"@type":"ListItem","position":1,"name":"Portada","item":"https:\/\/www.edugestores.pe\/"},{"@type":"ListItem","position":2,"name":"G\u00e9nero, otra vez, editorial de La Rep\u00fablica"}]},{"@type":"Person","@id":"https:\/\/www.edugestores.pe\/#\/schema\/person\/30dc82f35f5853289037a64b35c7c7d3","name":"Administrador","image":{"@type":"ImageObject","@id":"https:\/\/www.edugestores.pe\/#personlogo","inLanguage":"es","url":"https:\/\/secure.gravatar.com\/avatar\/70960d1239c4d2c778bb3d2786a3c1ae?s=96&d=mm&r=g","contentUrl":"https:\/\/secure.gravatar.com\/avatar\/70960d1239c4d2c778bb3d2786a3c1ae?s=96&d=mm&r=g","caption":"Administrador"},"url":"https:\/\/www.edugestores.pe\/?author=63"}]}},"jetpack_featured_media_url":"https:\/\/www.edugestores.pe\/wp-content\/uploads\/2019\/09\/5d6f32fa123fa.jpeg","_links":{"self":[{"href":"https:\/\/www.edugestores.pe\/index.php?rest_route=\/wp\/v2\/posts\/23464"}],"collection":[{"href":"https:\/\/www.edugestores.pe\/index.php?rest_route=\/wp\/v2\/posts"}],"about":[{"href":"https:\/\/www.edugestores.pe\/index.php?rest_route=\/wp\/v2\/types\/post"}],"author":[{"embeddable":true,"href":"https:\/\/www.edugestores.pe\/index.php?rest_route=\/wp\/v2\/users\/63"}],"replies":[{"embeddable":true,"href":"https:\/\/www.edugestores.pe\/index.php?rest_route=%2Fwp%2Fv2%2Fcomments&post=23464"}],"version-history":[{"count":1,"href":"https:\/\/www.edugestores.pe\/index.php?rest_route=\/wp\/v2\/posts\/23464\/revisions"}],"predecessor-version":[{"id":23466,"href":"https:\/\/www.edugestores.pe\/index.php?rest_route=\/wp\/v2\/posts\/23464\/revisions\/23466"}],"wp:featuredmedia":[{"embeddable":true,"href":"https:\/\/www.edugestores.pe\/index.php?rest_route=\/wp\/v2\/media\/23465"}],"wp:attachment":[{"href":"https:\/\/www.edugestores.pe\/index.php?rest_route=%2Fwp%2Fv2%2Fmedia&parent=23464"}],"wp:term":[{"taxonomy":"category","embeddable":true,"href":"https:\/\/www.edugestores.pe\/index.php?rest_route=%2Fwp%2Fv2%2Fcategories&post=23464"},{"taxonomy":"post_tag","embeddable":true,"href":"https:\/\/www.edugestores.pe\/index.php?rest_route=%2Fwp%2Fv2%2Ftags&post=23464"}],"curies":[{"name":"wp","href":"https:\/\/api.w.org\/{rel}","templated":true}]}}