{"id":23467,"date":"2019-09-15T18:08:33","date_gmt":"2019-09-15T23:08:33","guid":{"rendered":"https:\/\/www.edugestores.pe\/?p=23467"},"modified":"2019-09-18T15:00:40","modified_gmt":"2019-09-18T20:00:40","slug":"editorial-de-el-comercio-comision-de-choque","status":"publish","type":"post","link":"https:\/\/www.edugestores.pe\/?p=23467","title":{"rendered":"Editorial de El Comercio: Comisi\u00f3n de choque"},"content":{"rendered":"<p id=\"p675847-m3297-3296-3298\" class=\"parrafo first-parrafo \" style=\"text-align: justify;\">Como inform\u00f3 El Comercio, la\u00a0Comisi\u00f3n de Educaci\u00f3n\u00a0del Congreso, presidida por la legisladora de Fuerza Popular (FP)\u00a0Tamar Arimborgo, ha puesto en agenda para el lunes 16 de setiembre la sustentaci\u00f3n de un proyecto de ley del parlamentario H\u00e9ctor Becerril (FP) que pretende \u201cexcluir toda menci\u00f3n o referencia\u201d del enfoque de g\u00e9nero del curr\u00edculo escolar. Una medida que no resulta novedosa al haber sido gestionada en m\u00e1s de una ocasi\u00f3n por congresistas de la bancada fujimorista, entre los que resalta la titular de la mencionada comisi\u00f3n.<\/p>\n<p id=\"p675847-m3307-1-3308\" class=\"parrafo first-parrafo \" style=\"text-align: justify;\">Si bien no ponemos en tela de juicio el derecho de los congresistas a presentar proyectos de ley y sustentarlos donde corresponde, existen algunas razones para cuestionar la decisi\u00f3n tomada por la\u00a0Comisi\u00f3n de Educaci\u00f3n. Una de ellas tiene que ver con el hecho de que el efecto pretendido por la iniciativa legislativa en cuesti\u00f3n ha sido discutido en otras instancias con resultados desfavorables para quienes lo buscaron. A saber, a trav\u00e9s de un fallo de la\u00a0Corte Suprema\u00a0en abril de este a\u00f1o se declar\u00f3 infundada \u201cen todos sus extremos\u201d la demanda de acci\u00f3n popular interpuesta por el colectivo Padres en Acci\u00f3n contra el enfoque de g\u00e9nero del\u00a0Curr\u00edculo Nacional de Educaci\u00f3n B\u00e1sica. Una decisi\u00f3n que signific\u00f3 la restituci\u00f3n de la vigencia de una afirmaci\u00f3n, vinculada al mentado enfoque, contenida en la gu\u00eda pedag\u00f3gica que hab\u00eda sido suspendida en marzo del 2018 por una medida cautelar otorgada por la Primera Sala Civil de la Corte Suprema.<\/p>\n<div id=\"ads_d_inline\" style=\"text-align: justify;\">\n<div id=\"div_utif_ads_d_inline\">Es cierto que la decisi\u00f3n del\u00a0Poder Judicial\u00a0sobre este tema no tiene por qu\u00e9 impedir a los legisladores de proponer leyes al respecto, pero proyectos como el del se\u00f1or Becerril insisten en un asunto que deber\u00eda estar meridianamente zanjado, especialmente ante argumentos tan categ\u00f3ricos como los expuestos por la\u00a0Corte Suprema\u00a0a prop\u00f3sito de este caso. Como el que se\u00f1ala que \u201cla implementaci\u00f3n de los enfoques educativos necesarios para la formaci\u00f3n de los ni\u00f1os en los valores democr\u00e1ticos no est\u00e1 sujeta a deliberaci\u00f3n, pues los derechos fundamentales no son derechos que la Sociedad concede, sino que solo reconoce y debe defender y respetar\u201d.<\/div>\n<\/div>\n<p id=\"p675847-m3350-4-3351\" class=\"parrafo first-parrafo \" style=\"text-align: justify;\">La insistencia, empero, no resulta sorprendente considerando la posici\u00f3n que ha defendido la legisladora\u00a0Arimborgo\u00a0desde su esca\u00f1o en los \u00faltimos a\u00f1os. Como se sabe, la presidenta de la\u00a0Comisi\u00f3n de Educaci\u00f3n\u00a0es una ferviente opositora al enfoque de g\u00e9nero y su papel la ha llevado, incluso, a asegurar en un proyecto de ley que lo consignado en el curr\u00edculo nacional est\u00e1 asociado con la ocurrencia del c\u00e1ncer y el sida. Una posici\u00f3n que la ha llevado a ser bastante \u00e1spera con el\u00a0Ministerio de Educaci\u00f3n\u00a0en el pasado (\u201c[El Ministerio de Educaci\u00f3n] para m\u00ed es Sodoma y Gomorra\u201d) y que explica su inter\u00e9s por discutir iniciativas que se ri\u00f1an con lo que busca la cartera.<\/p>\n<p id=\"p675847-m3355-5-3356\" class=\"parrafo first-parrafo \" style=\"text-align: justify;\">Es en este punto donde yace el principal cuestionamiento a la puesta en agenda del proyecto del congresista Becerril: la Comisi\u00f3n de Educaci\u00f3n parece tener la clara intenci\u00f3n de dirigir parte de sus esfuerzos a hostilizar veladamente al\u00a0Minedu\u00a0y al Ejecutivo en general. Esto \u00faltimo se hace patente si se toma en cuenta que esta instancia tambi\u00e9n ha puesto su mira sobre la\u00a0Superintendencia Nacional de Educaci\u00f3n Superior Universitaria (Sunedu), pidiendo facultades para investigarla. Una circunstancia que, como hemos comentado desde esta p\u00e1gina, no solo suscita suspicacias por tener ribetes de ataque, sino tambi\u00e9n por los claros conflictos de inter\u00e9s que algunos congresistas del grupo de trabajo tienen en esta materia: muchos de ellos est\u00e1n vinculados a universidades sancionadas o que no han recibido una licencia de operaci\u00f3n por parte de la Sunedu.<\/p>\n<p id=\"p675847-m3360-6-3361\" class=\"parrafo first-parrafo \" style=\"text-align: justify;\">As\u00ed las cosas, en \u00e9pocas donde la confrontaci\u00f3n pol\u00edtica tiene al pa\u00eds sumido en tanta incertidumbre, que una comisi\u00f3n del\u00a0Congreso\u00a0emplee sus prerrogativas para profundizar las contradicciones entre poderes resulta desafortunado. Especialmente cuando la munici\u00f3n empleada \u2013en este caso, buscar la anulaci\u00f3n del enfoque de g\u00e9nero\u2013 tendr\u00e1 como principal afectada la educaci\u00f3n de los peruanos.<\/p>\n<p class=\"parrafo first-parrafo \" style=\"text-align: justify;\">Publiado por el El Comercio el 14 de setiembre de 2019<\/p>\n","protected":false},"excerpt":{"rendered":"<p>Como inform\u00f3 El Comercio, la\u00a0Comisi\u00f3n de Educaci\u00f3n\u00a0del Congreso, presidida por la legisladora de Fuerza Popular (FP)\u00a0Tamar Arimborgo, ha puesto en [&hellip;]<\/p>\n","protected":false},"author":63,"featured_media":23468,"comment_status":"open","ping_status":"open","sticky":false,"template":"","format":"standard","meta":{"spay_email":""},"categories":[125],"tags":[],"yoast_head":"<!-- This site is optimized with the Yoast SEO plugin v18.0 - https:\/\/yoast.com\/wordpress\/plugins\/seo\/ -->\n<title>Editorial de El Comercio: Comisi\u00f3n de choque - Red Peruana de Gestores de la Educaci\u00f3n<\/title>\n<meta name=\"robots\" content=\"index, follow, max-snippet:-1, max-image-preview:large, max-video-preview:-1\" \/>\n<link rel=\"canonical\" href=\"https:\/\/www.edugestores.pe\/?p=23467\" \/>\n<meta property=\"og:locale\" content=\"es_ES\" \/>\n<meta property=\"og:type\" content=\"article\" \/>\n<meta property=\"og:title\" content=\"Editorial de El Comercio: Comisi\u00f3n de choque - Red Peruana de Gestores de la Educaci\u00f3n\" \/>\n<meta property=\"og:description\" content=\"Como inform\u00f3 El Comercio, la\u00a0Comisi\u00f3n de Educaci\u00f3n\u00a0del Congreso, presidida por la legisladora de Fuerza Popular (FP)\u00a0Tamar Arimborgo, ha puesto en [&hellip;]\" \/>\n<meta property=\"og:url\" content=\"https:\/\/www.edugestores.pe\/?p=23467\" \/>\n<meta property=\"og:site_name\" content=\"Red Peruana de Gestores de la Educaci\u00f3n\" \/>\n<meta property=\"article:published_time\" content=\"2019-09-15T23:08:33+00:00\" \/>\n<meta property=\"article:modified_time\" content=\"2019-09-18T20:00:40+00:00\" \/>\n<meta property=\"og:image\" content=\"https:\/\/www.edugestores.pe\/wp-content\/uploads\/2019\/09\/5d7aaf18ac26c.png\" \/>\n\t<meta property=\"og:image:width\" content=\"620\" \/>\n\t<meta property=\"og:image:height\" content=\"356\" \/>\n\t<meta property=\"og:image:type\" content=\"image\/png\" \/>\n<meta name=\"twitter:card\" content=\"summary_large_image\" \/>\n<meta name=\"twitter:label1\" content=\"Escrito por\" \/>\n\t<meta name=\"twitter:data1\" content=\"Administrador\" \/>\n\t<meta name=\"twitter:label2\" content=\"Tiempo de lectura\" \/>\n\t<meta name=\"twitter:data2\" content=\"4 minutos\" \/>\n<script type=\"application\/ld+json\" class=\"yoast-schema-graph\">{\"@context\":\"https:\/\/schema.org\",\"@graph\":[{\"@type\":\"WebSite\",\"@id\":\"https:\/\/www.edugestores.pe\/#website\",\"url\":\"https:\/\/www.edugestores.pe\/\",\"name\":\"Red Peruana de Gestores de la Educaci\u00f3n\",\"description\":\"Red Peruana de Gestores de la Educaci\u00f3n\",\"potentialAction\":[{\"@type\":\"SearchAction\",\"target\":{\"@type\":\"EntryPoint\",\"urlTemplate\":\"https:\/\/www.edugestores.pe\/?s={search_term_string}\"},\"query-input\":\"required name=search_term_string\"}],\"inLanguage\":\"es\"},{\"@type\":\"ImageObject\",\"@id\":\"https:\/\/www.edugestores.pe\/?p=23467#primaryimage\",\"inLanguage\":\"es\",\"url\":\"https:\/\/www.edugestores.pe\/wp-content\/uploads\/2019\/09\/5d7aaf18ac26c.png\",\"contentUrl\":\"https:\/\/www.edugestores.pe\/wp-content\/uploads\/2019\/09\/5d7aaf18ac26c.png\",\"width\":620,\"height\":356},{\"@type\":\"WebPage\",\"@id\":\"https:\/\/www.edugestores.pe\/?p=23467#webpage\",\"url\":\"https:\/\/www.edugestores.pe\/?p=23467\",\"name\":\"Editorial de El Comercio: Comisi\u00f3n de choque - Red Peruana de Gestores de la Educaci\u00f3n\",\"isPartOf\":{\"@id\":\"https:\/\/www.edugestores.pe\/#website\"},\"primaryImageOfPage\":{\"@id\":\"https:\/\/www.edugestores.pe\/?p=23467#primaryimage\"},\"datePublished\":\"2019-09-15T23:08:33+00:00\",\"dateModified\":\"2019-09-18T20:00:40+00:00\",\"author\":{\"@id\":\"https:\/\/www.edugestores.pe\/#\/schema\/person\/30dc82f35f5853289037a64b35c7c7d3\"},\"breadcrumb\":{\"@id\":\"https:\/\/www.edugestores.pe\/?p=23467#breadcrumb\"},\"inLanguage\":\"es\",\"potentialAction\":[{\"@type\":\"ReadAction\",\"target\":[\"https:\/\/www.edugestores.pe\/?p=23467\"]}]},{\"@type\":\"BreadcrumbList\",\"@id\":\"https:\/\/www.edugestores.pe\/?p=23467#breadcrumb\",\"itemListElement\":[{\"@type\":\"ListItem\",\"position\":1,\"name\":\"Portada\",\"item\":\"https:\/\/www.edugestores.pe\/\"},{\"@type\":\"ListItem\",\"position\":2,\"name\":\"Editorial de El Comercio: Comisi\u00f3n de choque\"}]},{\"@type\":\"Person\",\"@id\":\"https:\/\/www.edugestores.pe\/#\/schema\/person\/30dc82f35f5853289037a64b35c7c7d3\",\"name\":\"Administrador\",\"image\":{\"@type\":\"ImageObject\",\"@id\":\"https:\/\/www.edugestores.pe\/#personlogo\",\"inLanguage\":\"es\",\"url\":\"https:\/\/secure.gravatar.com\/avatar\/70960d1239c4d2c778bb3d2786a3c1ae?s=96&d=mm&r=g\",\"contentUrl\":\"https:\/\/secure.gravatar.com\/avatar\/70960d1239c4d2c778bb3d2786a3c1ae?s=96&d=mm&r=g\",\"caption\":\"Administrador\"},\"url\":\"https:\/\/www.edugestores.pe\/?author=63\"}]}<\/script>\n<!-- \/ Yoast SEO plugin. -->","yoast_head_json":{"title":"Editorial de El Comercio: Comisi\u00f3n de choque - Red Peruana de Gestores de la Educaci\u00f3n","robots":{"index":"index","follow":"follow","max-snippet":"max-snippet:-1","max-image-preview":"max-image-preview:large","max-video-preview":"max-video-preview:-1"},"canonical":"https:\/\/www.edugestores.pe\/?p=23467","og_locale":"es_ES","og_type":"article","og_title":"Editorial de El Comercio: Comisi\u00f3n de choque - Red Peruana de Gestores de la Educaci\u00f3n","og_description":"Como inform\u00f3 El Comercio, la\u00a0Comisi\u00f3n de Educaci\u00f3n\u00a0del Congreso, presidida por la legisladora de Fuerza Popular (FP)\u00a0Tamar Arimborgo, ha puesto en [&hellip;]","og_url":"https:\/\/www.edugestores.pe\/?p=23467","og_site_name":"Red Peruana de Gestores de la Educaci\u00f3n","article_published_time":"2019-09-15T23:08:33+00:00","article_modified_time":"2019-09-18T20:00:40+00:00","og_image":[{"width":620,"height":356,"url":"https:\/\/www.edugestores.pe\/wp-content\/uploads\/2019\/09\/5d7aaf18ac26c.png","type":"image\/png"}],"twitter_card":"summary_large_image","twitter_misc":{"Escrito por":"Administrador","Tiempo de lectura":"4 minutos"},"schema":{"@context":"https:\/\/schema.org","@graph":[{"@type":"WebSite","@id":"https:\/\/www.edugestores.pe\/#website","url":"https:\/\/www.edugestores.pe\/","name":"Red Peruana de Gestores de la Educaci\u00f3n","description":"Red Peruana de Gestores de la Educaci\u00f3n","potentialAction":[{"@type":"SearchAction","target":{"@type":"EntryPoint","urlTemplate":"https:\/\/www.edugestores.pe\/?s={search_term_string}"},"query-input":"required name=search_term_string"}],"inLanguage":"es"},{"@type":"ImageObject","@id":"https:\/\/www.edugestores.pe\/?p=23467#primaryimage","inLanguage":"es","url":"https:\/\/www.edugestores.pe\/wp-content\/uploads\/2019\/09\/5d7aaf18ac26c.png","contentUrl":"https:\/\/www.edugestores.pe\/wp-content\/uploads\/2019\/09\/5d7aaf18ac26c.png","width":620,"height":356},{"@type":"WebPage","@id":"https:\/\/www.edugestores.pe\/?p=23467#webpage","url":"https:\/\/www.edugestores.pe\/?p=23467","name":"Editorial de El Comercio: Comisi\u00f3n de choque - Red Peruana de Gestores de la Educaci\u00f3n","isPartOf":{"@id":"https:\/\/www.edugestores.pe\/#website"},"primaryImageOfPage":{"@id":"https:\/\/www.edugestores.pe\/?p=23467#primaryimage"},"datePublished":"2019-09-15T23:08:33+00:00","dateModified":"2019-09-18T20:00:40+00:00","author":{"@id":"https:\/\/www.edugestores.pe\/#\/schema\/person\/30dc82f35f5853289037a64b35c7c7d3"},"breadcrumb":{"@id":"https:\/\/www.edugestores.pe\/?p=23467#breadcrumb"},"inLanguage":"es","potentialAction":[{"@type":"ReadAction","target":["https:\/\/www.edugestores.pe\/?p=23467"]}]},{"@type":"BreadcrumbList","@id":"https:\/\/www.edugestores.pe\/?p=23467#breadcrumb","itemListElement":[{"@type":"ListItem","position":1,"name":"Portada","item":"https:\/\/www.edugestores.pe\/"},{"@type":"ListItem","position":2,"name":"Editorial de El Comercio: Comisi\u00f3n de choque"}]},{"@type":"Person","@id":"https:\/\/www.edugestores.pe\/#\/schema\/person\/30dc82f35f5853289037a64b35c7c7d3","name":"Administrador","image":{"@type":"ImageObject","@id":"https:\/\/www.edugestores.pe\/#personlogo","inLanguage":"es","url":"https:\/\/secure.gravatar.com\/avatar\/70960d1239c4d2c778bb3d2786a3c1ae?s=96&d=mm&r=g","contentUrl":"https:\/\/secure.gravatar.com\/avatar\/70960d1239c4d2c778bb3d2786a3c1ae?s=96&d=mm&r=g","caption":"Administrador"},"url":"https:\/\/www.edugestores.pe\/?author=63"}]}},"jetpack_featured_media_url":"https:\/\/www.edugestores.pe\/wp-content\/uploads\/2019\/09\/5d7aaf18ac26c.png","_links":{"self":[{"href":"https:\/\/www.edugestores.pe\/index.php?rest_route=\/wp\/v2\/posts\/23467"}],"collection":[{"href":"https:\/\/www.edugestores.pe\/index.php?rest_route=\/wp\/v2\/posts"}],"about":[{"href":"https:\/\/www.edugestores.pe\/index.php?rest_route=\/wp\/v2\/types\/post"}],"author":[{"embeddable":true,"href":"https:\/\/www.edugestores.pe\/index.php?rest_route=\/wp\/v2\/users\/63"}],"replies":[{"embeddable":true,"href":"https:\/\/www.edugestores.pe\/index.php?rest_route=%2Fwp%2Fv2%2Fcomments&post=23467"}],"version-history":[{"count":1,"href":"https:\/\/www.edugestores.pe\/index.php?rest_route=\/wp\/v2\/posts\/23467\/revisions"}],"predecessor-version":[{"id":23469,"href":"https:\/\/www.edugestores.pe\/index.php?rest_route=\/wp\/v2\/posts\/23467\/revisions\/23469"}],"wp:featuredmedia":[{"embeddable":true,"href":"https:\/\/www.edugestores.pe\/index.php?rest_route=\/wp\/v2\/media\/23468"}],"wp:attachment":[{"href":"https:\/\/www.edugestores.pe\/index.php?rest_route=%2Fwp%2Fv2%2Fmedia&parent=23467"}],"wp:term":[{"taxonomy":"category","embeddable":true,"href":"https:\/\/www.edugestores.pe\/index.php?rest_route=%2Fwp%2Fv2%2Fcategories&post=23467"},{"taxonomy":"post_tag","embeddable":true,"href":"https:\/\/www.edugestores.pe\/index.php?rest_route=%2Fwp%2Fv2%2Ftags&post=23467"}],"curies":[{"name":"wp","href":"https:\/\/api.w.org\/{rel}","templated":true}]}}