{"id":23486,"date":"2019-09-18T14:53:06","date_gmt":"2019-09-18T19:53:06","guid":{"rendered":"https:\/\/www.edugestores.pe\/?p=23486"},"modified":"2019-09-30T00:54:41","modified_gmt":"2019-09-30T05:54:41","slug":"minedu-plantea-inhabilitar-a-docentes-sentenciados-por-feminicidio-y-proxenetismo","status":"publish","type":"post","link":"https:\/\/www.edugestores.pe\/?p=23486","title":{"rendered":"Minedu plantea inhabilitar a docentes sentenciados por feminicidio y proxenetismo"},"content":{"rendered":"<p class=\"story-content__font--secondary mb-25 title-xs line-h-md mt-20 secondary-font pr-20\" style=\"text-align: justify;\">La ministra de Educaci\u00f3n,\u00a0Flor Pablo, inform\u00f3 que ha presentado ante el Congreso un proyecto de ley que busca la modificaci\u00f3n de la Ley 29988 para ampliar la lista de delitos a fin de inhabilitar a docentes y personal administrativo del sector Educaci\u00f3n sentenciados en el pa\u00eds.<\/p>\n<p class=\"story-content__font--secondary mb-25 title-xs line-h-md mt-20 secondary-font pr-20\" style=\"text-align: justify;\">La titular del Ministerio de Educaci\u00f3n (Minedu) detall\u00f3 que ha incorporado 14 delitos a los cuatro establecidos \u2014terrorismo, apolog\u00eda del terrorismo, violaci\u00f3n de la libertad sexual y tr\u00e1fico de drogas\u2014 en la actual norma para salvaguardar la seguridad e integridad de los estudiantes.<\/p>\n<div id=\"ads_d_inline\" style=\"text-align: justify;\">Los delitos que agrega el\u00a0Minedu\u00a0son: proxenetismo, explotaci\u00f3n sexual, pornograf\u00eda infantil, homicidio doloso, parricidio, feminicidio, proposiciones a ni\u00f1os y adolescentes con fines sexuales por medios tecnol\u00f3gicos.<\/div>\n<p class=\"story-content__font--secondary mb-25 title-xs line-h-md mt-20 secondary-font pr-20\" style=\"text-align: justify;\">Tambi\u00e9n, los delitos de trata de personas, esclavitud, sicariato, secuestro, secuestro extorsivo, contra la humanidad (genocidio, desaparici\u00f3n forzada y tortura) y de violaci\u00f3n de la intimidad mediante la difusi\u00f3n de im\u00e1genes, materiales audiovisuales o audios con contenido sexual.<\/p>\n<p class=\"story-content__font--secondary mb-25 title-xs line-h-md mt-20 secondary-font pr-20\" style=\"text-align: justify;\">\u201cDe esta forma, cualquier persona que haya sido condenada por estos delitos estar\u00e1 inhabilitada definitivamente para ingresar o reingresar a prestar servicios en el sector Educaci\u00f3n\u201d, indic\u00f3 Pablo durante el foro \u201cConstrucci\u00f3n participativa del plan de acci\u00f3n para eliminar la violencia contra ni\u00f1os y adolescentes 2020-2030\u201d organizado por Unicef.<\/p>\n<p class=\"story-content__font--secondary mb-25 title-xs line-h-md mt-20 secondary-font pr-20\" style=\"text-align: justify;\">Adem\u00e1s, Pablo explic\u00f3 que la propuesta presentada ante el Congreso busca principalmente eliminar los l\u00edmites temporales que ahora existen para los delitos de violaci\u00f3n sexual, terrorismo y apolog\u00eda del terrorismo, pues constituyen obst\u00e1culos para lograr la separaci\u00f3n definitiva de docentes y administrativos.<\/p>\n<p class=\"story-content__font--secondary mb-25 title-xs line-h-md mt-20 secondary-font pr-20\" style=\"text-align: justify;\">En los cotejos realizados por el Poder Judicial el a\u00f1o 2018 por los delitos previstos en la Ley 29988 se pudo tener informaci\u00f3n de 329 personas del sector Educaci\u00f3n condenadas por delitos contra la libertad sexual.<\/p>\n<p class=\"story-content__font--secondary mb-25 title-xs line-h-md mt-20 secondary-font pr-20\" style=\"text-align: justify;\">\u201cA estas personas no se les pudo aplicar la medida de separaci\u00f3n definitiva debido a que sus condenas fueron impuestas antes de 1991 y se encontraban fuera del alcance de la temporalidad prevista en la referida norma legal\u201d, explic\u00f3 la ministra.<\/p>\n<p class=\"story-content__font--secondary mb-25 title-xs line-h-md mt-20 secondary-font pr-20\" style=\"text-align: justify;\">Pablo sostuvo que con la propuesta, que implica la modificaci\u00f3n del art\u00edculo 36 inciso 9 del C\u00f3digo Penal, los jueces podr\u00e1n imponer la inhabilitaci\u00f3n como pena principal cuando se haya determinado la comisi\u00f3n de los delitos propuestos en la ampliaci\u00f3n.<\/p>\n<p class=\"story-content__font--secondary mb-25 title-xs line-h-md mt-20 secondary-font pr-20\" style=\"text-align: justify;\">Por \u00faltimo, el proyecto de ley tambi\u00e9n establece la obligaci\u00f3n de los jueces de poner en conocimiento de la Autoridad Nacional del Servicio Civil (Servir) las sentencias condenatorias de dichos delitos y la de Servir de inscribir la inhabilitaci\u00f3n en el Registro Nacional de Sanciones contra Servidores Civiles.<\/p>\n<p class=\"story-content__font--secondary mb-25 title-xs line-h-md mt-20 secondary-font pr-20\" style=\"text-align: justify;\">Tomado de Per\u00fa 21<\/p>\n","protected":false},"excerpt":{"rendered":"<p>La ministra de Educaci\u00f3n,\u00a0Flor Pablo, inform\u00f3 que ha presentado ante el Congreso un proyecto de ley que busca la modificaci\u00f3n [&hellip;]<\/p>\n","protected":false},"author":63,"featured_media":23487,"comment_status":"open","ping_status":"open","sticky":false,"template":"","format":"standard","meta":{"spay_email":""},"categories":[125],"tags":[],"yoast_head":"<!-- This site is optimized with the Yoast SEO plugin v18.0 - https:\/\/yoast.com\/wordpress\/plugins\/seo\/ -->\n<title>Minedu plantea inhabilitar a docentes sentenciados por feminicidio y proxenetismo - Red Peruana de Gestores de la Educaci\u00f3n<\/title>\n<meta name=\"robots\" content=\"index, follow, max-snippet:-1, max-image-preview:large, max-video-preview:-1\" \/>\n<link rel=\"canonical\" href=\"https:\/\/www.edugestores.pe\/?p=23486\" \/>\n<meta property=\"og:locale\" content=\"es_ES\" \/>\n<meta property=\"og:type\" content=\"article\" \/>\n<meta property=\"og:title\" content=\"Minedu plantea inhabilitar a docentes sentenciados por feminicidio y proxenetismo - Red Peruana de Gestores de la Educaci\u00f3n\" \/>\n<meta property=\"og:description\" content=\"La ministra de Educaci\u00f3n,\u00a0Flor Pablo, inform\u00f3 que ha presentado ante el Congreso un proyecto de ley que busca la modificaci\u00f3n [&hellip;]\" \/>\n<meta property=\"og:url\" content=\"https:\/\/www.edugestores.pe\/?p=23486\" \/>\n<meta property=\"og:site_name\" content=\"Red Peruana de Gestores de la Educaci\u00f3n\" \/>\n<meta property=\"article:published_time\" content=\"2019-09-18T19:53:06+00:00\" \/>\n<meta property=\"article:modified_time\" content=\"2019-09-30T05:54:41+00:00\" \/>\n<meta property=\"og:image\" content=\"https:\/\/www.edugestores.pe\/wp-content\/uploads\/2019\/09\/TBJ7SPSZHFCWNKC7M5MBCRS6FA.jpg\" \/>\n\t<meta property=\"og:image:width\" content=\"940\" \/>\n\t<meta property=\"og:image:height\" content=\"569\" \/>\n\t<meta property=\"og:image:type\" content=\"image\/jpeg\" \/>\n<meta name=\"twitter:card\" content=\"summary_large_image\" \/>\n<meta name=\"twitter:label1\" content=\"Escrito por\" \/>\n\t<meta name=\"twitter:data1\" content=\"Administrador\" \/>\n\t<meta name=\"twitter:label2\" content=\"Tiempo de lectura\" \/>\n\t<meta name=\"twitter:data2\" content=\"2 minutos\" \/>\n<script type=\"application\/ld+json\" class=\"yoast-schema-graph\">{\"@context\":\"https:\/\/schema.org\",\"@graph\":[{\"@type\":\"WebSite\",\"@id\":\"https:\/\/www.edugestores.pe\/#website\",\"url\":\"https:\/\/www.edugestores.pe\/\",\"name\":\"Red Peruana de Gestores de la Educaci\u00f3n\",\"description\":\"Red Peruana de Gestores de la Educaci\u00f3n\",\"potentialAction\":[{\"@type\":\"SearchAction\",\"target\":{\"@type\":\"EntryPoint\",\"urlTemplate\":\"https:\/\/www.edugestores.pe\/?s={search_term_string}\"},\"query-input\":\"required name=search_term_string\"}],\"inLanguage\":\"es\"},{\"@type\":\"ImageObject\",\"@id\":\"https:\/\/www.edugestores.pe\/?p=23486#primaryimage\",\"inLanguage\":\"es\",\"url\":\"https:\/\/www.edugestores.pe\/wp-content\/uploads\/2019\/09\/TBJ7SPSZHFCWNKC7M5MBCRS6FA.jpg\",\"contentUrl\":\"https:\/\/www.edugestores.pe\/wp-content\/uploads\/2019\/09\/TBJ7SPSZHFCWNKC7M5MBCRS6FA.jpg\",\"width\":940,\"height\":569},{\"@type\":\"WebPage\",\"@id\":\"https:\/\/www.edugestores.pe\/?p=23486#webpage\",\"url\":\"https:\/\/www.edugestores.pe\/?p=23486\",\"name\":\"Minedu plantea inhabilitar a docentes sentenciados por feminicidio y proxenetismo - Red Peruana de Gestores de la Educaci\u00f3n\",\"isPartOf\":{\"@id\":\"https:\/\/www.edugestores.pe\/#website\"},\"primaryImageOfPage\":{\"@id\":\"https:\/\/www.edugestores.pe\/?p=23486#primaryimage\"},\"datePublished\":\"2019-09-18T19:53:06+00:00\",\"dateModified\":\"2019-09-30T05:54:41+00:00\",\"author\":{\"@id\":\"https:\/\/www.edugestores.pe\/#\/schema\/person\/30dc82f35f5853289037a64b35c7c7d3\"},\"breadcrumb\":{\"@id\":\"https:\/\/www.edugestores.pe\/?p=23486#breadcrumb\"},\"inLanguage\":\"es\",\"potentialAction\":[{\"@type\":\"ReadAction\",\"target\":[\"https:\/\/www.edugestores.pe\/?p=23486\"]}]},{\"@type\":\"BreadcrumbList\",\"@id\":\"https:\/\/www.edugestores.pe\/?p=23486#breadcrumb\",\"itemListElement\":[{\"@type\":\"ListItem\",\"position\":1,\"name\":\"Portada\",\"item\":\"https:\/\/www.edugestores.pe\/\"},{\"@type\":\"ListItem\",\"position\":2,\"name\":\"Minedu plantea inhabilitar a docentes sentenciados por feminicidio y proxenetismo\"}]},{\"@type\":\"Person\",\"@id\":\"https:\/\/www.edugestores.pe\/#\/schema\/person\/30dc82f35f5853289037a64b35c7c7d3\",\"name\":\"Administrador\",\"image\":{\"@type\":\"ImageObject\",\"@id\":\"https:\/\/www.edugestores.pe\/#personlogo\",\"inLanguage\":\"es\",\"url\":\"https:\/\/secure.gravatar.com\/avatar\/70960d1239c4d2c778bb3d2786a3c1ae?s=96&d=mm&r=g\",\"contentUrl\":\"https:\/\/secure.gravatar.com\/avatar\/70960d1239c4d2c778bb3d2786a3c1ae?s=96&d=mm&r=g\",\"caption\":\"Administrador\"},\"url\":\"https:\/\/www.edugestores.pe\/?author=63\"}]}<\/script>\n<!-- \/ Yoast SEO plugin. -->","yoast_head_json":{"title":"Minedu plantea inhabilitar a docentes sentenciados por feminicidio y proxenetismo - Red Peruana de Gestores de la Educaci\u00f3n","robots":{"index":"index","follow":"follow","max-snippet":"max-snippet:-1","max-image-preview":"max-image-preview:large","max-video-preview":"max-video-preview:-1"},"canonical":"https:\/\/www.edugestores.pe\/?p=23486","og_locale":"es_ES","og_type":"article","og_title":"Minedu plantea inhabilitar a docentes sentenciados por feminicidio y proxenetismo - Red Peruana de Gestores de la Educaci\u00f3n","og_description":"La ministra de Educaci\u00f3n,\u00a0Flor Pablo, inform\u00f3 que ha presentado ante el Congreso un proyecto de ley que busca la modificaci\u00f3n [&hellip;]","og_url":"https:\/\/www.edugestores.pe\/?p=23486","og_site_name":"Red Peruana de Gestores de la Educaci\u00f3n","article_published_time":"2019-09-18T19:53:06+00:00","article_modified_time":"2019-09-30T05:54:41+00:00","og_image":[{"width":940,"height":569,"url":"https:\/\/www.edugestores.pe\/wp-content\/uploads\/2019\/09\/TBJ7SPSZHFCWNKC7M5MBCRS6FA.jpg","type":"image\/jpeg"}],"twitter_card":"summary_large_image","twitter_misc":{"Escrito por":"Administrador","Tiempo de lectura":"2 minutos"},"schema":{"@context":"https:\/\/schema.org","@graph":[{"@type":"WebSite","@id":"https:\/\/www.edugestores.pe\/#website","url":"https:\/\/www.edugestores.pe\/","name":"Red Peruana de Gestores de la Educaci\u00f3n","description":"Red Peruana de Gestores de la Educaci\u00f3n","potentialAction":[{"@type":"SearchAction","target":{"@type":"EntryPoint","urlTemplate":"https:\/\/www.edugestores.pe\/?s={search_term_string}"},"query-input":"required name=search_term_string"}],"inLanguage":"es"},{"@type":"ImageObject","@id":"https:\/\/www.edugestores.pe\/?p=23486#primaryimage","inLanguage":"es","url":"https:\/\/www.edugestores.pe\/wp-content\/uploads\/2019\/09\/TBJ7SPSZHFCWNKC7M5MBCRS6FA.jpg","contentUrl":"https:\/\/www.edugestores.pe\/wp-content\/uploads\/2019\/09\/TBJ7SPSZHFCWNKC7M5MBCRS6FA.jpg","width":940,"height":569},{"@type":"WebPage","@id":"https:\/\/www.edugestores.pe\/?p=23486#webpage","url":"https:\/\/www.edugestores.pe\/?p=23486","name":"Minedu plantea inhabilitar a docentes sentenciados por feminicidio y proxenetismo - Red Peruana de Gestores de la Educaci\u00f3n","isPartOf":{"@id":"https:\/\/www.edugestores.pe\/#website"},"primaryImageOfPage":{"@id":"https:\/\/www.edugestores.pe\/?p=23486#primaryimage"},"datePublished":"2019-09-18T19:53:06+00:00","dateModified":"2019-09-30T05:54:41+00:00","author":{"@id":"https:\/\/www.edugestores.pe\/#\/schema\/person\/30dc82f35f5853289037a64b35c7c7d3"},"breadcrumb":{"@id":"https:\/\/www.edugestores.pe\/?p=23486#breadcrumb"},"inLanguage":"es","potentialAction":[{"@type":"ReadAction","target":["https:\/\/www.edugestores.pe\/?p=23486"]}]},{"@type":"BreadcrumbList","@id":"https:\/\/www.edugestores.pe\/?p=23486#breadcrumb","itemListElement":[{"@type":"ListItem","position":1,"name":"Portada","item":"https:\/\/www.edugestores.pe\/"},{"@type":"ListItem","position":2,"name":"Minedu plantea inhabilitar a docentes sentenciados por feminicidio y proxenetismo"}]},{"@type":"Person","@id":"https:\/\/www.edugestores.pe\/#\/schema\/person\/30dc82f35f5853289037a64b35c7c7d3","name":"Administrador","image":{"@type":"ImageObject","@id":"https:\/\/www.edugestores.pe\/#personlogo","inLanguage":"es","url":"https:\/\/secure.gravatar.com\/avatar\/70960d1239c4d2c778bb3d2786a3c1ae?s=96&d=mm&r=g","contentUrl":"https:\/\/secure.gravatar.com\/avatar\/70960d1239c4d2c778bb3d2786a3c1ae?s=96&d=mm&r=g","caption":"Administrador"},"url":"https:\/\/www.edugestores.pe\/?author=63"}]}},"jetpack_featured_media_url":"https:\/\/www.edugestores.pe\/wp-content\/uploads\/2019\/09\/TBJ7SPSZHFCWNKC7M5MBCRS6FA.jpg","_links":{"self":[{"href":"https:\/\/www.edugestores.pe\/index.php?rest_route=\/wp\/v2\/posts\/23486"}],"collection":[{"href":"https:\/\/www.edugestores.pe\/index.php?rest_route=\/wp\/v2\/posts"}],"about":[{"href":"https:\/\/www.edugestores.pe\/index.php?rest_route=\/wp\/v2\/types\/post"}],"author":[{"embeddable":true,"href":"https:\/\/www.edugestores.pe\/index.php?rest_route=\/wp\/v2\/users\/63"}],"replies":[{"embeddable":true,"href":"https:\/\/www.edugestores.pe\/index.php?rest_route=%2Fwp%2Fv2%2Fcomments&post=23486"}],"version-history":[{"count":1,"href":"https:\/\/www.edugestores.pe\/index.php?rest_route=\/wp\/v2\/posts\/23486\/revisions"}],"predecessor-version":[{"id":23488,"href":"https:\/\/www.edugestores.pe\/index.php?rest_route=\/wp\/v2\/posts\/23486\/revisions\/23488"}],"wp:featuredmedia":[{"embeddable":true,"href":"https:\/\/www.edugestores.pe\/index.php?rest_route=\/wp\/v2\/media\/23487"}],"wp:attachment":[{"href":"https:\/\/www.edugestores.pe\/index.php?rest_route=%2Fwp%2Fv2%2Fmedia&parent=23486"}],"wp:term":[{"taxonomy":"category","embeddable":true,"href":"https:\/\/www.edugestores.pe\/index.php?rest_route=%2Fwp%2Fv2%2Fcategories&post=23486"},{"taxonomy":"post_tag","embeddable":true,"href":"https:\/\/www.edugestores.pe\/index.php?rest_route=%2Fwp%2Fv2%2Ftags&post=23486"}],"curies":[{"name":"wp","href":"https:\/\/api.w.org\/{rel}","templated":true}]}}