{"id":23496,"date":"2019-09-20T09:53:37","date_gmt":"2019-09-20T14:53:37","guid":{"rendered":"https:\/\/www.edugestores.pe\/?p=23496"},"modified":"2019-09-30T00:54:54","modified_gmt":"2019-09-30T05:54:54","slug":"dre-cajamarca-fortalecen-gestion-educativa","status":"publish","type":"post","link":"https:\/\/www.edugestores.pe\/?p=23496","title":{"rendered":"DRE Cajamarca: fortalecen gesti\u00f3n educativa"},"content":{"rendered":"<p class=\"\" style=\"text-align: justify;\">Con el objetivo de tomar acuerdos y decisiones compartidas para el fortalecimiento de la\u00a0gesti\u00f3n educativa\u00a0en torno a la mejora de los aprendizajes, a trav\u00e9s de la implementaci\u00f3n, monitoreo y evaluaci\u00f3n de las\u00a0pol\u00edticas educativas\u00a0articuladas con enfoque territorial, en el corto y mediano plazo, se desarroll\u00f3 un importante evento en\u00a0Cajamarca.<\/p>\n<div style=\"text-align: justify;\">La\u00a0Direcci\u00f3n Regional de Educaci\u00f3n Cajamarca, desarroll\u00f3 la jornada de trabajo denominado: \u201cFortalecimiento de la Gesti\u00f3n Educativa Local y Regional Cajamarca 2019\u201d. Dicho evento cont\u00f3 con la participaci\u00f3n de los trece directores de las UGEL y jefes de Gesti\u00f3n Pedag\u00f3gica de la regi\u00f3n.<\/div>\n<p class=\"\" style=\"text-align: justify;\">\n<div style=\"text-align: justify;\"><\/div>\n<p class=\"\" style=\"text-align: justify;\">Cabe resaltar, que durante el desarrollo del evento los directores de cada UGEL expusieron la problem\u00e1tica y puntos a mejorar en cada provincia. \u201cEs importante conocer la realidad que tiene cada una de nuestras provincias, solo de esta manera sabremos c\u00f3mo\u00a0reducir la brecha educativa\u00a0que tenemos en nuestra regi\u00f3n, pues seg\u00fan un \u00faltimo informe del\u00a0MINEDU, el sistema educativo presenta una baja calidad en resultados de aprendizajes; escasas condiciones e implementaci\u00f3n de laboratorios y equipos; as\u00ed como servicios b\u00e1sicos insuficientes\u201d Se\u00f1al\u00f3 el Director de la DRE Cajamarca.<\/p>\n<p class=\"\" style=\"text-align: justify;\">El director de la UGEL Cajamarca, Luis Llaque, se\u00f1al\u00f3 que, durante el an\u00e1lisis desarrollado en la jornada de trabajo, se dio a conocer que cuatros distritos de nuestra ciudad son\u00a0altamente vulnerables, por ejemplo, Chetilla cuenta con 267 estudiantes en inicial, 611 en primaria y 392 en secundaria, desaprobando en primaria 225 y secundaria 28.<\/p>\n<div style=\"text-align: justify;\"><\/div>\n<p class=\"\" style=\"text-align: justify;\">Frente a esta situaci\u00f3n, el director de la UGEL Cajamarca, se\u00f1al\u00f3, que pese a ser uno de los\u00a0distritos m\u00e1s pobres, existe potencial muy grande y se debe potenciar ciertos proyectos de inversi\u00f3n en favor de los estudiantes.<\/p>\n<p class=\"\" style=\"text-align: justify;\">Tomado de La Rep\u00fablica<\/p>\n","protected":false},"excerpt":{"rendered":"<p>Con el objetivo de tomar acuerdos y decisiones compartidas para el fortalecimiento de la\u00a0gesti\u00f3n educativa\u00a0en torno a la mejora de [&hellip;]<\/p>\n","protected":false},"author":63,"featured_media":23497,"comment_status":"open","ping_status":"open","sticky":false,"template":"","format":"standard","meta":{"spay_email":""},"categories":[125],"tags":[],"yoast_head":"<!-- This site is optimized with the Yoast SEO plugin v18.0 - https:\/\/yoast.com\/wordpress\/plugins\/seo\/ -->\n<title>DRE Cajamarca: fortalecen gesti\u00f3n educativa - Red Peruana de Gestores de la Educaci\u00f3n<\/title>\n<meta name=\"robots\" content=\"index, follow, max-snippet:-1, max-image-preview:large, max-video-preview:-1\" \/>\n<link rel=\"canonical\" href=\"https:\/\/www.edugestores.pe\/?p=23496\" \/>\n<meta property=\"og:locale\" content=\"es_ES\" \/>\n<meta property=\"og:type\" content=\"article\" \/>\n<meta property=\"og:title\" content=\"DRE Cajamarca: fortalecen gesti\u00f3n educativa - Red Peruana de Gestores de la Educaci\u00f3n\" \/>\n<meta property=\"og:description\" content=\"Con el objetivo de tomar acuerdos y decisiones compartidas para el fortalecimiento de la\u00a0gesti\u00f3n educativa\u00a0en torno a la mejora de [&hellip;]\" \/>\n<meta property=\"og:url\" content=\"https:\/\/www.edugestores.pe\/?p=23496\" \/>\n<meta property=\"og:site_name\" content=\"Red Peruana de Gestores de la Educaci\u00f3n\" \/>\n<meta property=\"article:published_time\" content=\"2019-09-20T14:53:37+00:00\" \/>\n<meta property=\"article:modified_time\" content=\"2019-09-30T05:54:54+00:00\" \/>\n<meta property=\"og:image\" content=\"https:\/\/www.edugestores.pe\/wp-content\/uploads\/2019\/09\/Z2IS4MUIGFEV5NVSF73BQYCQAU.png\" \/>\n\t<meta property=\"og:image:width\" content=\"646\" \/>\n\t<meta property=\"og:image:height\" content=\"380\" \/>\n\t<meta property=\"og:image:type\" content=\"image\/png\" \/>\n<meta name=\"twitter:card\" content=\"summary_large_image\" \/>\n<meta name=\"twitter:label1\" content=\"Escrito por\" \/>\n\t<meta name=\"twitter:data1\" content=\"Administrador\" \/>\n\t<meta name=\"twitter:label2\" content=\"Tiempo de lectura\" \/>\n\t<meta name=\"twitter:data2\" content=\"2 minutos\" \/>\n<script type=\"application\/ld+json\" class=\"yoast-schema-graph\">{\"@context\":\"https:\/\/schema.org\",\"@graph\":[{\"@type\":\"WebSite\",\"@id\":\"https:\/\/www.edugestores.pe\/#website\",\"url\":\"https:\/\/www.edugestores.pe\/\",\"name\":\"Red Peruana de Gestores de la Educaci\u00f3n\",\"description\":\"Red Peruana de Gestores de la Educaci\u00f3n\",\"potentialAction\":[{\"@type\":\"SearchAction\",\"target\":{\"@type\":\"EntryPoint\",\"urlTemplate\":\"https:\/\/www.edugestores.pe\/?s={search_term_string}\"},\"query-input\":\"required name=search_term_string\"}],\"inLanguage\":\"es\"},{\"@type\":\"ImageObject\",\"@id\":\"https:\/\/www.edugestores.pe\/?p=23496#primaryimage\",\"inLanguage\":\"es\",\"url\":\"https:\/\/www.edugestores.pe\/wp-content\/uploads\/2019\/09\/Z2IS4MUIGFEV5NVSF73BQYCQAU.png\",\"contentUrl\":\"https:\/\/www.edugestores.pe\/wp-content\/uploads\/2019\/09\/Z2IS4MUIGFEV5NVSF73BQYCQAU.png\",\"width\":646,\"height\":380},{\"@type\":\"WebPage\",\"@id\":\"https:\/\/www.edugestores.pe\/?p=23496#webpage\",\"url\":\"https:\/\/www.edugestores.pe\/?p=23496\",\"name\":\"DRE Cajamarca: fortalecen gesti\u00f3n educativa - Red Peruana de Gestores de la Educaci\u00f3n\",\"isPartOf\":{\"@id\":\"https:\/\/www.edugestores.pe\/#website\"},\"primaryImageOfPage\":{\"@id\":\"https:\/\/www.edugestores.pe\/?p=23496#primaryimage\"},\"datePublished\":\"2019-09-20T14:53:37+00:00\",\"dateModified\":\"2019-09-30T05:54:54+00:00\",\"author\":{\"@id\":\"https:\/\/www.edugestores.pe\/#\/schema\/person\/30dc82f35f5853289037a64b35c7c7d3\"},\"breadcrumb\":{\"@id\":\"https:\/\/www.edugestores.pe\/?p=23496#breadcrumb\"},\"inLanguage\":\"es\",\"potentialAction\":[{\"@type\":\"ReadAction\",\"target\":[\"https:\/\/www.edugestores.pe\/?p=23496\"]}]},{\"@type\":\"BreadcrumbList\",\"@id\":\"https:\/\/www.edugestores.pe\/?p=23496#breadcrumb\",\"itemListElement\":[{\"@type\":\"ListItem\",\"position\":1,\"name\":\"Portada\",\"item\":\"https:\/\/www.edugestores.pe\/\"},{\"@type\":\"ListItem\",\"position\":2,\"name\":\"DRE Cajamarca: fortalecen gesti\u00f3n educativa\"}]},{\"@type\":\"Person\",\"@id\":\"https:\/\/www.edugestores.pe\/#\/schema\/person\/30dc82f35f5853289037a64b35c7c7d3\",\"name\":\"Administrador\",\"image\":{\"@type\":\"ImageObject\",\"@id\":\"https:\/\/www.edugestores.pe\/#personlogo\",\"inLanguage\":\"es\",\"url\":\"https:\/\/secure.gravatar.com\/avatar\/70960d1239c4d2c778bb3d2786a3c1ae?s=96&d=mm&r=g\",\"contentUrl\":\"https:\/\/secure.gravatar.com\/avatar\/70960d1239c4d2c778bb3d2786a3c1ae?s=96&d=mm&r=g\",\"caption\":\"Administrador\"},\"url\":\"https:\/\/www.edugestores.pe\/?author=63\"}]}<\/script>\n<!-- \/ Yoast SEO plugin. -->","yoast_head_json":{"title":"DRE Cajamarca: fortalecen gesti\u00f3n educativa - Red Peruana de Gestores de la Educaci\u00f3n","robots":{"index":"index","follow":"follow","max-snippet":"max-snippet:-1","max-image-preview":"max-image-preview:large","max-video-preview":"max-video-preview:-1"},"canonical":"https:\/\/www.edugestores.pe\/?p=23496","og_locale":"es_ES","og_type":"article","og_title":"DRE Cajamarca: fortalecen gesti\u00f3n educativa - Red Peruana de Gestores de la Educaci\u00f3n","og_description":"Con el objetivo de tomar acuerdos y decisiones compartidas para el fortalecimiento de la\u00a0gesti\u00f3n educativa\u00a0en torno a la mejora de [&hellip;]","og_url":"https:\/\/www.edugestores.pe\/?p=23496","og_site_name":"Red Peruana de Gestores de la Educaci\u00f3n","article_published_time":"2019-09-20T14:53:37+00:00","article_modified_time":"2019-09-30T05:54:54+00:00","og_image":[{"width":646,"height":380,"url":"https:\/\/www.edugestores.pe\/wp-content\/uploads\/2019\/09\/Z2IS4MUIGFEV5NVSF73BQYCQAU.png","type":"image\/png"}],"twitter_card":"summary_large_image","twitter_misc":{"Escrito por":"Administrador","Tiempo de lectura":"2 minutos"},"schema":{"@context":"https:\/\/schema.org","@graph":[{"@type":"WebSite","@id":"https:\/\/www.edugestores.pe\/#website","url":"https:\/\/www.edugestores.pe\/","name":"Red Peruana de Gestores de la Educaci\u00f3n","description":"Red Peruana de Gestores de la Educaci\u00f3n","potentialAction":[{"@type":"SearchAction","target":{"@type":"EntryPoint","urlTemplate":"https:\/\/www.edugestores.pe\/?s={search_term_string}"},"query-input":"required name=search_term_string"}],"inLanguage":"es"},{"@type":"ImageObject","@id":"https:\/\/www.edugestores.pe\/?p=23496#primaryimage","inLanguage":"es","url":"https:\/\/www.edugestores.pe\/wp-content\/uploads\/2019\/09\/Z2IS4MUIGFEV5NVSF73BQYCQAU.png","contentUrl":"https:\/\/www.edugestores.pe\/wp-content\/uploads\/2019\/09\/Z2IS4MUIGFEV5NVSF73BQYCQAU.png","width":646,"height":380},{"@type":"WebPage","@id":"https:\/\/www.edugestores.pe\/?p=23496#webpage","url":"https:\/\/www.edugestores.pe\/?p=23496","name":"DRE Cajamarca: fortalecen gesti\u00f3n educativa - Red Peruana de Gestores de la Educaci\u00f3n","isPartOf":{"@id":"https:\/\/www.edugestores.pe\/#website"},"primaryImageOfPage":{"@id":"https:\/\/www.edugestores.pe\/?p=23496#primaryimage"},"datePublished":"2019-09-20T14:53:37+00:00","dateModified":"2019-09-30T05:54:54+00:00","author":{"@id":"https:\/\/www.edugestores.pe\/#\/schema\/person\/30dc82f35f5853289037a64b35c7c7d3"},"breadcrumb":{"@id":"https:\/\/www.edugestores.pe\/?p=23496#breadcrumb"},"inLanguage":"es","potentialAction":[{"@type":"ReadAction","target":["https:\/\/www.edugestores.pe\/?p=23496"]}]},{"@type":"BreadcrumbList","@id":"https:\/\/www.edugestores.pe\/?p=23496#breadcrumb","itemListElement":[{"@type":"ListItem","position":1,"name":"Portada","item":"https:\/\/www.edugestores.pe\/"},{"@type":"ListItem","position":2,"name":"DRE Cajamarca: fortalecen gesti\u00f3n educativa"}]},{"@type":"Person","@id":"https:\/\/www.edugestores.pe\/#\/schema\/person\/30dc82f35f5853289037a64b35c7c7d3","name":"Administrador","image":{"@type":"ImageObject","@id":"https:\/\/www.edugestores.pe\/#personlogo","inLanguage":"es","url":"https:\/\/secure.gravatar.com\/avatar\/70960d1239c4d2c778bb3d2786a3c1ae?s=96&d=mm&r=g","contentUrl":"https:\/\/secure.gravatar.com\/avatar\/70960d1239c4d2c778bb3d2786a3c1ae?s=96&d=mm&r=g","caption":"Administrador"},"url":"https:\/\/www.edugestores.pe\/?author=63"}]}},"jetpack_featured_media_url":"https:\/\/www.edugestores.pe\/wp-content\/uploads\/2019\/09\/Z2IS4MUIGFEV5NVSF73BQYCQAU.png","_links":{"self":[{"href":"https:\/\/www.edugestores.pe\/index.php?rest_route=\/wp\/v2\/posts\/23496"}],"collection":[{"href":"https:\/\/www.edugestores.pe\/index.php?rest_route=\/wp\/v2\/posts"}],"about":[{"href":"https:\/\/www.edugestores.pe\/index.php?rest_route=\/wp\/v2\/types\/post"}],"author":[{"embeddable":true,"href":"https:\/\/www.edugestores.pe\/index.php?rest_route=\/wp\/v2\/users\/63"}],"replies":[{"embeddable":true,"href":"https:\/\/www.edugestores.pe\/index.php?rest_route=%2Fwp%2Fv2%2Fcomments&post=23496"}],"version-history":[{"count":1,"href":"https:\/\/www.edugestores.pe\/index.php?rest_route=\/wp\/v2\/posts\/23496\/revisions"}],"predecessor-version":[{"id":23498,"href":"https:\/\/www.edugestores.pe\/index.php?rest_route=\/wp\/v2\/posts\/23496\/revisions\/23498"}],"wp:featuredmedia":[{"embeddable":true,"href":"https:\/\/www.edugestores.pe\/index.php?rest_route=\/wp\/v2\/media\/23497"}],"wp:attachment":[{"href":"https:\/\/www.edugestores.pe\/index.php?rest_route=%2Fwp%2Fv2%2Fmedia&parent=23496"}],"wp:term":[{"taxonomy":"category","embeddable":true,"href":"https:\/\/www.edugestores.pe\/index.php?rest_route=%2Fwp%2Fv2%2Fcategories&post=23496"},{"taxonomy":"post_tag","embeddable":true,"href":"https:\/\/www.edugestores.pe\/index.php?rest_route=%2Fwp%2Fv2%2Ftags&post=23496"}],"curies":[{"name":"wp","href":"https:\/\/api.w.org\/{rel}","templated":true}]}}