{"id":23530,"date":"2019-09-24T23:25:25","date_gmt":"2019-09-25T04:25:25","guid":{"rendered":"https:\/\/www.edugestores.pe\/?p=23530"},"modified":"2019-10-06T20:41:36","modified_gmt":"2019-10-07T01:41:36","slug":"minedu-modifica-reglamento-de-la-ley-de-reforma-magisterial","status":"publish","type":"post","link":"https:\/\/www.edugestores.pe\/?p=23530","title":{"rendered":"Minedu modifica reglamento de la Ley de Reforma Magisterial"},"content":{"rendered":"<p style=\"text-align: justify;\">Con el objetivo de generar procesos transparentes, con mayores oportunidades y beneficios para los maestros, el Ministerio de Educaci\u00f3n (Minedu) modific\u00f3 el Reglamento de la Ley N\u00b0 29944, Ley de Reforma Magisterial, que beneficia a m\u00e1s de 242 mil docentes a nivel nacional.<\/p>\n<p style=\"text-align: justify;\">Con el D.S. N.\u00b0 014 -2019-MINEDU publicado hoy en el diario oficial El Peruano, habr\u00e1 un incremento considerable de plazas para el proceso de reasignaci\u00f3n de docentes y m\u00e1s oportunidades de desplazamiento para los maestros mediante un proceso simplificado y transparente, pues las plazas ser\u00e1n p\u00fablicas para conocimiento de todos.<\/p>\n<p style=\"text-align: justify;\">As\u00ed, la reasignaci\u00f3n, que antes se hac\u00eda en tres etapas, ahora se har\u00e1 en dos y en menos tiempo. Una etapa ser\u00e1 en cada regi\u00f3n y la otra entre regiones, y todo el proceso culminar\u00e1 en noviembre, antes del nombramiento de profesores nuevos, y no en diciembre, como ocurre ahora.<\/p>\n<p style=\"text-align: justify;\">De esta manera, el cuadro de horas se har\u00e1 cuando los profesores ya est\u00e9n reasignados y se tengan los nombres de los docentes que van a trabajar en el centro educativo.<\/p>\n<p style=\"text-align: justify;\">Por otra parte, el decreto supremo tambi\u00e9n modifica el proceso de racionalizaci\u00f3n de plazas, que antes se hac\u00eda entre marzo y junio. Ahora se har\u00e1 entre marzo y mayo, pues al ordenarse las plazas, todos los procesos que siguen se har\u00e1n sobre las plazas que realmente se necesitan.<\/p>\n<p style=\"text-align: justify;\">Asimismo, para dar tranquilidad a los maestros que asuman cargos de mayor responsabilidad (directivos, especialistas, jefes de gesti\u00f3n pedag\u00f3gica, etc.), la modificaci\u00f3n agrega al reglamento el art\u00edculo 62.4, que establece que el \u00faltimo a\u00f1o del segundo periodo de designaci\u00f3n del profesor que accede a estos cargos, la UGEL o la DRE deben reservar una plaza en el cargo inicial de carrera, de acuerdo al nivel y la modalidad del t\u00edtulo pedag\u00f3gico.<\/p>\n<p style=\"text-align: justify;\">Esta reserva puede ser en el lugar donde termina su designaci\u00f3n o en otro geogr\u00e1ficamente cercano, e igual tratamiento recibir\u00e1 el profesor que renuncie al cargo por decisi\u00f3n personal.<\/p>\n<p style=\"text-align: justify;\">Otro punto importante de la norma es el que modifica el art\u00edculo que se\u00f1ala que solamente se pueden encargar determinados cargos. Ahora se podr\u00e1n encargar todos los puestos, en tanto cuenten con la habilitaci\u00f3n legal y presupuestal correspondiente.<\/p>\n<p style=\"text-align: justify;\">Hasta hoy solo hab\u00eda dos tipos de encargatura: de puesto y de funciones. El decreto supremo crea un tercer tipo de encargo, llamado excepcional, por un periodo menor a 30 d\u00edas en adici\u00f3n a las funciones que tiene el docente. Esta encargatura no genera derecho a recibir pago por diferencia de jornada o asignaciones.<\/p>\n<p style=\"text-align: justify;\">De esta manera, se evitar\u00e1 la paralizaci\u00f3n del servicio, pues cuando un funcionario pide permiso o toma vacaciones por menos de 30 d\u00edas, actualmente no hay nadie que firme documentos y se interrumpe la gesti\u00f3n.<\/p>\n<p style=\"text-align: justify;\">Otro cambio importante del decreto supremo es que, para facilitar e impulsar la labor de monitoreo y acompa\u00f1amiento pedag\u00f3gico que corresponde realizar a los directores de Gesti\u00f3n Pedag\u00f3gica y especialistas en Educaci\u00f3n de las DRE y UGEL, estos ya no formar\u00e1n parte de las comisiones especiales de procesos administrativos disciplinarios.<\/p>\n<p style=\"text-align: justify;\">Tomado del Minedu<\/p>\n","protected":false},"excerpt":{"rendered":"<p>Con el objetivo de generar procesos transparentes, con mayores oportunidades y beneficios para los maestros, el Ministerio de Educaci\u00f3n (Minedu) [&hellip;]<\/p>\n","protected":false},"author":63,"featured_media":23531,"comment_status":"open","ping_status":"open","sticky":false,"template":"","format":"standard","meta":{"spay_email":""},"categories":[125],"tags":[],"yoast_head":"<!-- This site is optimized with the Yoast SEO plugin v18.0 - https:\/\/yoast.com\/wordpress\/plugins\/seo\/ -->\n<title>Minedu modifica reglamento de la Ley de Reforma Magisterial - Red Peruana de Gestores de la Educaci\u00f3n<\/title>\n<meta name=\"robots\" content=\"index, follow, max-snippet:-1, max-image-preview:large, max-video-preview:-1\" \/>\n<link rel=\"canonical\" href=\"https:\/\/www.edugestores.pe\/?p=23530\" \/>\n<meta property=\"og:locale\" content=\"es_ES\" \/>\n<meta property=\"og:type\" content=\"article\" \/>\n<meta property=\"og:title\" content=\"Minedu modifica reglamento de la Ley de Reforma Magisterial - Red Peruana de Gestores de la Educaci\u00f3n\" \/>\n<meta property=\"og:description\" content=\"Con el objetivo de generar procesos transparentes, con mayores oportunidades y beneficios para los maestros, el Ministerio de Educaci\u00f3n (Minedu) [&hellip;]\" \/>\n<meta property=\"og:url\" content=\"https:\/\/www.edugestores.pe\/?p=23530\" \/>\n<meta property=\"og:site_name\" content=\"Red Peruana de Gestores de la Educaci\u00f3n\" \/>\n<meta property=\"article:published_time\" content=\"2019-09-25T04:25:25+00:00\" \/>\n<meta property=\"article:modified_time\" content=\"2019-10-07T01:41:36+00:00\" \/>\n<meta property=\"og:image\" content=\"https:\/\/www.edugestores.pe\/wp-content\/uploads\/2019\/09\/standard_minedumodificareglamento86962144.jpg\" \/>\n\t<meta property=\"og:image:width\" content=\"645\" \/>\n\t<meta property=\"og:image:height\" content=\"363\" \/>\n\t<meta property=\"og:image:type\" content=\"image\/jpeg\" \/>\n<meta name=\"twitter:card\" content=\"summary_large_image\" \/>\n<meta name=\"twitter:label1\" content=\"Escrito por\" \/>\n\t<meta name=\"twitter:data1\" content=\"Administrador\" \/>\n\t<meta name=\"twitter:label2\" content=\"Tiempo de lectura\" \/>\n\t<meta name=\"twitter:data2\" content=\"3 minutos\" \/>\n<script type=\"application\/ld+json\" class=\"yoast-schema-graph\">{\"@context\":\"https:\/\/schema.org\",\"@graph\":[{\"@type\":\"WebSite\",\"@id\":\"https:\/\/www.edugestores.pe\/#website\",\"url\":\"https:\/\/www.edugestores.pe\/\",\"name\":\"Red Peruana de Gestores de la Educaci\u00f3n\",\"description\":\"Red Peruana de Gestores de la Educaci\u00f3n\",\"potentialAction\":[{\"@type\":\"SearchAction\",\"target\":{\"@type\":\"EntryPoint\",\"urlTemplate\":\"https:\/\/www.edugestores.pe\/?s={search_term_string}\"},\"query-input\":\"required name=search_term_string\"}],\"inLanguage\":\"es\"},{\"@type\":\"ImageObject\",\"@id\":\"https:\/\/www.edugestores.pe\/?p=23530#primaryimage\",\"inLanguage\":\"es\",\"url\":\"https:\/\/www.edugestores.pe\/wp-content\/uploads\/2019\/09\/standard_minedumodificareglamento86962144.jpg\",\"contentUrl\":\"https:\/\/www.edugestores.pe\/wp-content\/uploads\/2019\/09\/standard_minedumodificareglamento86962144.jpg\",\"width\":645,\"height\":363},{\"@type\":\"WebPage\",\"@id\":\"https:\/\/www.edugestores.pe\/?p=23530#webpage\",\"url\":\"https:\/\/www.edugestores.pe\/?p=23530\",\"name\":\"Minedu modifica reglamento de la Ley de Reforma Magisterial - Red Peruana de Gestores de la Educaci\u00f3n\",\"isPartOf\":{\"@id\":\"https:\/\/www.edugestores.pe\/#website\"},\"primaryImageOfPage\":{\"@id\":\"https:\/\/www.edugestores.pe\/?p=23530#primaryimage\"},\"datePublished\":\"2019-09-25T04:25:25+00:00\",\"dateModified\":\"2019-10-07T01:41:36+00:00\",\"author\":{\"@id\":\"https:\/\/www.edugestores.pe\/#\/schema\/person\/30dc82f35f5853289037a64b35c7c7d3\"},\"breadcrumb\":{\"@id\":\"https:\/\/www.edugestores.pe\/?p=23530#breadcrumb\"},\"inLanguage\":\"es\",\"potentialAction\":[{\"@type\":\"ReadAction\",\"target\":[\"https:\/\/www.edugestores.pe\/?p=23530\"]}]},{\"@type\":\"BreadcrumbList\",\"@id\":\"https:\/\/www.edugestores.pe\/?p=23530#breadcrumb\",\"itemListElement\":[{\"@type\":\"ListItem\",\"position\":1,\"name\":\"Portada\",\"item\":\"https:\/\/www.edugestores.pe\/\"},{\"@type\":\"ListItem\",\"position\":2,\"name\":\"Minedu modifica reglamento de la Ley de Reforma Magisterial\"}]},{\"@type\":\"Person\",\"@id\":\"https:\/\/www.edugestores.pe\/#\/schema\/person\/30dc82f35f5853289037a64b35c7c7d3\",\"name\":\"Administrador\",\"image\":{\"@type\":\"ImageObject\",\"@id\":\"https:\/\/www.edugestores.pe\/#personlogo\",\"inLanguage\":\"es\",\"url\":\"https:\/\/secure.gravatar.com\/avatar\/70960d1239c4d2c778bb3d2786a3c1ae?s=96&d=mm&r=g\",\"contentUrl\":\"https:\/\/secure.gravatar.com\/avatar\/70960d1239c4d2c778bb3d2786a3c1ae?s=96&d=mm&r=g\",\"caption\":\"Administrador\"},\"url\":\"https:\/\/www.edugestores.pe\/?author=63\"}]}<\/script>\n<!-- \/ Yoast SEO plugin. -->","yoast_head_json":{"title":"Minedu modifica reglamento de la Ley de Reforma Magisterial - Red Peruana de Gestores de la Educaci\u00f3n","robots":{"index":"index","follow":"follow","max-snippet":"max-snippet:-1","max-image-preview":"max-image-preview:large","max-video-preview":"max-video-preview:-1"},"canonical":"https:\/\/www.edugestores.pe\/?p=23530","og_locale":"es_ES","og_type":"article","og_title":"Minedu modifica reglamento de la Ley de Reforma Magisterial - Red Peruana de Gestores de la Educaci\u00f3n","og_description":"Con el objetivo de generar procesos transparentes, con mayores oportunidades y beneficios para los maestros, el Ministerio de Educaci\u00f3n (Minedu) [&hellip;]","og_url":"https:\/\/www.edugestores.pe\/?p=23530","og_site_name":"Red Peruana de Gestores de la Educaci\u00f3n","article_published_time":"2019-09-25T04:25:25+00:00","article_modified_time":"2019-10-07T01:41:36+00:00","og_image":[{"width":645,"height":363,"url":"https:\/\/www.edugestores.pe\/wp-content\/uploads\/2019\/09\/standard_minedumodificareglamento86962144.jpg","type":"image\/jpeg"}],"twitter_card":"summary_large_image","twitter_misc":{"Escrito por":"Administrador","Tiempo de lectura":"3 minutos"},"schema":{"@context":"https:\/\/schema.org","@graph":[{"@type":"WebSite","@id":"https:\/\/www.edugestores.pe\/#website","url":"https:\/\/www.edugestores.pe\/","name":"Red Peruana de Gestores de la Educaci\u00f3n","description":"Red Peruana de Gestores de la Educaci\u00f3n","potentialAction":[{"@type":"SearchAction","target":{"@type":"EntryPoint","urlTemplate":"https:\/\/www.edugestores.pe\/?s={search_term_string}"},"query-input":"required name=search_term_string"}],"inLanguage":"es"},{"@type":"ImageObject","@id":"https:\/\/www.edugestores.pe\/?p=23530#primaryimage","inLanguage":"es","url":"https:\/\/www.edugestores.pe\/wp-content\/uploads\/2019\/09\/standard_minedumodificareglamento86962144.jpg","contentUrl":"https:\/\/www.edugestores.pe\/wp-content\/uploads\/2019\/09\/standard_minedumodificareglamento86962144.jpg","width":645,"height":363},{"@type":"WebPage","@id":"https:\/\/www.edugestores.pe\/?p=23530#webpage","url":"https:\/\/www.edugestores.pe\/?p=23530","name":"Minedu modifica reglamento de la Ley de Reforma Magisterial - Red Peruana de Gestores de la Educaci\u00f3n","isPartOf":{"@id":"https:\/\/www.edugestores.pe\/#website"},"primaryImageOfPage":{"@id":"https:\/\/www.edugestores.pe\/?p=23530#primaryimage"},"datePublished":"2019-09-25T04:25:25+00:00","dateModified":"2019-10-07T01:41:36+00:00","author":{"@id":"https:\/\/www.edugestores.pe\/#\/schema\/person\/30dc82f35f5853289037a64b35c7c7d3"},"breadcrumb":{"@id":"https:\/\/www.edugestores.pe\/?p=23530#breadcrumb"},"inLanguage":"es","potentialAction":[{"@type":"ReadAction","target":["https:\/\/www.edugestores.pe\/?p=23530"]}]},{"@type":"BreadcrumbList","@id":"https:\/\/www.edugestores.pe\/?p=23530#breadcrumb","itemListElement":[{"@type":"ListItem","position":1,"name":"Portada","item":"https:\/\/www.edugestores.pe\/"},{"@type":"ListItem","position":2,"name":"Minedu modifica reglamento de la Ley de Reforma Magisterial"}]},{"@type":"Person","@id":"https:\/\/www.edugestores.pe\/#\/schema\/person\/30dc82f35f5853289037a64b35c7c7d3","name":"Administrador","image":{"@type":"ImageObject","@id":"https:\/\/www.edugestores.pe\/#personlogo","inLanguage":"es","url":"https:\/\/secure.gravatar.com\/avatar\/70960d1239c4d2c778bb3d2786a3c1ae?s=96&d=mm&r=g","contentUrl":"https:\/\/secure.gravatar.com\/avatar\/70960d1239c4d2c778bb3d2786a3c1ae?s=96&d=mm&r=g","caption":"Administrador"},"url":"https:\/\/www.edugestores.pe\/?author=63"}]}},"jetpack_featured_media_url":"https:\/\/www.edugestores.pe\/wp-content\/uploads\/2019\/09\/standard_minedumodificareglamento86962144.jpg","_links":{"self":[{"href":"https:\/\/www.edugestores.pe\/index.php?rest_route=\/wp\/v2\/posts\/23530"}],"collection":[{"href":"https:\/\/www.edugestores.pe\/index.php?rest_route=\/wp\/v2\/posts"}],"about":[{"href":"https:\/\/www.edugestores.pe\/index.php?rest_route=\/wp\/v2\/types\/post"}],"author":[{"embeddable":true,"href":"https:\/\/www.edugestores.pe\/index.php?rest_route=\/wp\/v2\/users\/63"}],"replies":[{"embeddable":true,"href":"https:\/\/www.edugestores.pe\/index.php?rest_route=%2Fwp%2Fv2%2Fcomments&post=23530"}],"version-history":[{"count":1,"href":"https:\/\/www.edugestores.pe\/index.php?rest_route=\/wp\/v2\/posts\/23530\/revisions"}],"predecessor-version":[{"id":23532,"href":"https:\/\/www.edugestores.pe\/index.php?rest_route=\/wp\/v2\/posts\/23530\/revisions\/23532"}],"wp:featuredmedia":[{"embeddable":true,"href":"https:\/\/www.edugestores.pe\/index.php?rest_route=\/wp\/v2\/media\/23531"}],"wp:attachment":[{"href":"https:\/\/www.edugestores.pe\/index.php?rest_route=%2Fwp%2Fv2%2Fmedia&parent=23530"}],"wp:term":[{"taxonomy":"category","embeddable":true,"href":"https:\/\/www.edugestores.pe\/index.php?rest_route=%2Fwp%2Fv2%2Fcategories&post=23530"},{"taxonomy":"post_tag","embeddable":true,"href":"https:\/\/www.edugestores.pe\/index.php?rest_route=%2Fwp%2Fv2%2Ftags&post=23530"}],"curies":[{"name":"wp","href":"https:\/\/api.w.org\/{rel}","templated":true}]}}