{"id":23559,"date":"2019-09-30T00:53:39","date_gmt":"2019-09-30T05:53:39","guid":{"rendered":"https:\/\/www.edugestores.pe\/?p=23559"},"modified":"2019-10-06T20:41:22","modified_gmt":"2019-10-07T01:41:22","slug":"minedu-anuncia-mas-plazas-para-traslado-de-maestros","status":"publish","type":"post","link":"https:\/\/www.edugestores.pe\/?p=23559","title":{"rendered":"Minedu anuncia m\u00e1s plazas para traslado de maestros"},"content":{"rendered":"<p style=\"text-align: justify;\">El Ministerio de Educaci\u00f3n (Minedu) estableci\u00f3 un nuevo proceso de reasignaci\u00f3n docente que considera un sustantivo incremento de plazas a nivel nacional y ofrece mayores oportunidades a los maestros nombrados que desean trasladarse de una instituci\u00f3n educativa a otra en un cargo con las mismas caracter\u00edsticas.<\/p>\n<p style=\"text-align: justify;\">Para ello, mediante la Resoluci\u00f3n Viceministerial N\u00b0 245-2019-MINEDU, que aparece hoy en el diario oficial El Peruano, aprob\u00f3 la norma t\u00e9cnica que dispone, por primera vez, la publicaci\u00f3n de plazas a nivel nacional durante la segunda semana de octubre, previa validaci\u00f3n de las DRE y UGEL, con el fin de generar mayor transparencia y confianza en los docentes.<\/p>\n<p style=\"text-align: justify;\">Adem\u00e1s, la norma agiliza la reasignaci\u00f3n por unidad familiar e inter\u00e9s personal y simplifica el proceso al reducirlo de tres a dos etapas, regional e interregional. Ahora, el proceso se iniciar\u00e1 en setiembre y culminar\u00e1 en noviembre. De forma excepcional, este a\u00f1o comenzar\u00e1 en octubre y terminar\u00e1 en noviembre, es decir, solo durar\u00e1 dos meses.<\/p>\n<p style=\"text-align: justify;\">Con este procedimiento, el cuadro de horas se har\u00e1 cuando los profesores ya est\u00e9n reasignados y se tengan los nombres de los docentes que van a trabajar en el centro educativo.<\/p>\n<p style=\"text-align: justify;\">La norma tambi\u00e9n dispone mayores oportunidades para docentes de zonas lejanas (frontera, zona rural y VRAEM) que desean trasladarse a instituciones educativas m\u00e1s cercanas al ambiente familiar.<\/p>\n<p style=\"text-align: justify;\">Asimismo, fija un cronograma nacional que articula el proceso a nivel regional y establece los periodos de inscripci\u00f3n, evaluaci\u00f3n, publicaci\u00f3n de resultados, adjudicaci\u00f3n y emisiones de resoluciones por cada causal de reasignaci\u00f3n: salud, emergencia, unidad familiar e inter\u00e9s personal.<\/p>\n<p style=\"text-align: justify;\">Para simplificar el proceso y facilitar la participaci\u00f3n de los docentes, estos ya no tendr\u00e1n que presentar documentos legalizados o fedateados para la acreditaci\u00f3n de requisitos, lo que resultar\u00e1 en mayor celeridad en los tr\u00e1mites y menor gasto para los maestros.<\/p>\n<p style=\"text-align: justify;\">La inscripci\u00f3n para el proceso de reasignaci\u00f3n por unidad familiar e inter\u00e9s personal se realizar\u00e1 a partir de la tercera semana de octubre en la UGEL a la que el docente quiera trasladarse, para lo cual debe adjuntar a su solicitud la documentaci\u00f3n que acredite los requisitos establecidos en la norma.<\/p>\n<p style=\"text-align: justify;\">Con el fin de brindar mayor informaci\u00f3n sobre los beneficios del nuevo proceso de reasignaci\u00f3n, el Minedu realizar\u00e1 una transmisi\u00f3n en vivo el mi\u00e9rcoles 2 de octubre de 4 a 5 p.m., a trav\u00e9s del link:\u00a0<a href=\"http:\/\/envivo.perueduca.pe\/\">http:\/\/envivo.perueduca.pe\/<\/a><\/p>\n<p style=\"text-align: justify;\">Nota de prensa Minedu<\/p>\n","protected":false},"excerpt":{"rendered":"<p>El Ministerio de Educaci\u00f3n (Minedu) estableci\u00f3 un nuevo proceso de reasignaci\u00f3n docente que considera un sustantivo incremento de plazas a [&hellip;]<\/p>\n","protected":false},"author":63,"featured_media":23560,"comment_status":"open","ping_status":"open","sticky":false,"template":"","format":"standard","meta":{"spay_email":""},"categories":[125],"tags":[],"yoast_head":"<!-- This site is optimized with the Yoast SEO plugin v18.0 - https:\/\/yoast.com\/wordpress\/plugins\/seo\/ -->\n<title>Minedu anuncia m\u00e1s plazas para traslado de maestros - Red Peruana de Gestores de la Educaci\u00f3n<\/title>\n<meta name=\"robots\" content=\"index, follow, max-snippet:-1, max-image-preview:large, max-video-preview:-1\" \/>\n<link rel=\"canonical\" href=\"https:\/\/www.edugestores.pe\/?p=23559\" \/>\n<meta property=\"og:locale\" content=\"es_ES\" \/>\n<meta property=\"og:type\" content=\"article\" \/>\n<meta property=\"og:title\" content=\"Minedu anuncia m\u00e1s plazas para traslado de maestros - Red Peruana de Gestores de la Educaci\u00f3n\" \/>\n<meta property=\"og:description\" content=\"El Ministerio de Educaci\u00f3n (Minedu) estableci\u00f3 un nuevo proceso de reasignaci\u00f3n docente que considera un sustantivo incremento de plazas a [&hellip;]\" \/>\n<meta property=\"og:url\" content=\"https:\/\/www.edugestores.pe\/?p=23559\" \/>\n<meta property=\"og:site_name\" content=\"Red Peruana de Gestores de la Educaci\u00f3n\" \/>\n<meta property=\"article:published_time\" content=\"2019-09-30T05:53:39+00:00\" \/>\n<meta property=\"article:modified_time\" content=\"2019-10-07T01:41:22+00:00\" \/>\n<meta property=\"og:image\" content=\"https:\/\/www.edugestores.pe\/wp-content\/uploads\/2019\/09\/standard_mineduplazasdocentes_f11444c96d_o.jpg\" \/>\n\t<meta property=\"og:image:width\" content=\"645\" \/>\n\t<meta property=\"og:image:height\" content=\"363\" \/>\n\t<meta property=\"og:image:type\" content=\"image\/jpeg\" \/>\n<meta name=\"twitter:card\" content=\"summary_large_image\" \/>\n<meta name=\"twitter:label1\" content=\"Escrito por\" \/>\n\t<meta name=\"twitter:data1\" content=\"Administrador\" \/>\n\t<meta name=\"twitter:label2\" content=\"Tiempo de lectura\" \/>\n\t<meta name=\"twitter:data2\" content=\"2 minutos\" \/>\n<script type=\"application\/ld+json\" class=\"yoast-schema-graph\">{\"@context\":\"https:\/\/schema.org\",\"@graph\":[{\"@type\":\"WebSite\",\"@id\":\"https:\/\/www.edugestores.pe\/#website\",\"url\":\"https:\/\/www.edugestores.pe\/\",\"name\":\"Red Peruana de Gestores de la Educaci\u00f3n\",\"description\":\"Red Peruana de Gestores de la Educaci\u00f3n\",\"potentialAction\":[{\"@type\":\"SearchAction\",\"target\":{\"@type\":\"EntryPoint\",\"urlTemplate\":\"https:\/\/www.edugestores.pe\/?s={search_term_string}\"},\"query-input\":\"required name=search_term_string\"}],\"inLanguage\":\"es\"},{\"@type\":\"ImageObject\",\"@id\":\"https:\/\/www.edugestores.pe\/?p=23559#primaryimage\",\"inLanguage\":\"es\",\"url\":\"https:\/\/www.edugestores.pe\/wp-content\/uploads\/2019\/09\/standard_mineduplazasdocentes_f11444c96d_o.jpg\",\"contentUrl\":\"https:\/\/www.edugestores.pe\/wp-content\/uploads\/2019\/09\/standard_mineduplazasdocentes_f11444c96d_o.jpg\",\"width\":645,\"height\":363},{\"@type\":\"WebPage\",\"@id\":\"https:\/\/www.edugestores.pe\/?p=23559#webpage\",\"url\":\"https:\/\/www.edugestores.pe\/?p=23559\",\"name\":\"Minedu anuncia m\u00e1s plazas para traslado de maestros - Red Peruana de Gestores de la Educaci\u00f3n\",\"isPartOf\":{\"@id\":\"https:\/\/www.edugestores.pe\/#website\"},\"primaryImageOfPage\":{\"@id\":\"https:\/\/www.edugestores.pe\/?p=23559#primaryimage\"},\"datePublished\":\"2019-09-30T05:53:39+00:00\",\"dateModified\":\"2019-10-07T01:41:22+00:00\",\"author\":{\"@id\":\"https:\/\/www.edugestores.pe\/#\/schema\/person\/30dc82f35f5853289037a64b35c7c7d3\"},\"breadcrumb\":{\"@id\":\"https:\/\/www.edugestores.pe\/?p=23559#breadcrumb\"},\"inLanguage\":\"es\",\"potentialAction\":[{\"@type\":\"ReadAction\",\"target\":[\"https:\/\/www.edugestores.pe\/?p=23559\"]}]},{\"@type\":\"BreadcrumbList\",\"@id\":\"https:\/\/www.edugestores.pe\/?p=23559#breadcrumb\",\"itemListElement\":[{\"@type\":\"ListItem\",\"position\":1,\"name\":\"Portada\",\"item\":\"https:\/\/www.edugestores.pe\/\"},{\"@type\":\"ListItem\",\"position\":2,\"name\":\"Minedu anuncia m\u00e1s plazas para traslado de maestros\"}]},{\"@type\":\"Person\",\"@id\":\"https:\/\/www.edugestores.pe\/#\/schema\/person\/30dc82f35f5853289037a64b35c7c7d3\",\"name\":\"Administrador\",\"image\":{\"@type\":\"ImageObject\",\"@id\":\"https:\/\/www.edugestores.pe\/#personlogo\",\"inLanguage\":\"es\",\"url\":\"https:\/\/secure.gravatar.com\/avatar\/70960d1239c4d2c778bb3d2786a3c1ae?s=96&d=mm&r=g\",\"contentUrl\":\"https:\/\/secure.gravatar.com\/avatar\/70960d1239c4d2c778bb3d2786a3c1ae?s=96&d=mm&r=g\",\"caption\":\"Administrador\"},\"url\":\"https:\/\/www.edugestores.pe\/?author=63\"}]}<\/script>\n<!-- \/ Yoast SEO plugin. -->","yoast_head_json":{"title":"Minedu anuncia m\u00e1s plazas para traslado de maestros - Red Peruana de Gestores de la Educaci\u00f3n","robots":{"index":"index","follow":"follow","max-snippet":"max-snippet:-1","max-image-preview":"max-image-preview:large","max-video-preview":"max-video-preview:-1"},"canonical":"https:\/\/www.edugestores.pe\/?p=23559","og_locale":"es_ES","og_type":"article","og_title":"Minedu anuncia m\u00e1s plazas para traslado de maestros - Red Peruana de Gestores de la Educaci\u00f3n","og_description":"El Ministerio de Educaci\u00f3n (Minedu) estableci\u00f3 un nuevo proceso de reasignaci\u00f3n docente que considera un sustantivo incremento de plazas a [&hellip;]","og_url":"https:\/\/www.edugestores.pe\/?p=23559","og_site_name":"Red Peruana de Gestores de la Educaci\u00f3n","article_published_time":"2019-09-30T05:53:39+00:00","article_modified_time":"2019-10-07T01:41:22+00:00","og_image":[{"width":645,"height":363,"url":"https:\/\/www.edugestores.pe\/wp-content\/uploads\/2019\/09\/standard_mineduplazasdocentes_f11444c96d_o.jpg","type":"image\/jpeg"}],"twitter_card":"summary_large_image","twitter_misc":{"Escrito por":"Administrador","Tiempo de lectura":"2 minutos"},"schema":{"@context":"https:\/\/schema.org","@graph":[{"@type":"WebSite","@id":"https:\/\/www.edugestores.pe\/#website","url":"https:\/\/www.edugestores.pe\/","name":"Red Peruana de Gestores de la Educaci\u00f3n","description":"Red Peruana de Gestores de la Educaci\u00f3n","potentialAction":[{"@type":"SearchAction","target":{"@type":"EntryPoint","urlTemplate":"https:\/\/www.edugestores.pe\/?s={search_term_string}"},"query-input":"required name=search_term_string"}],"inLanguage":"es"},{"@type":"ImageObject","@id":"https:\/\/www.edugestores.pe\/?p=23559#primaryimage","inLanguage":"es","url":"https:\/\/www.edugestores.pe\/wp-content\/uploads\/2019\/09\/standard_mineduplazasdocentes_f11444c96d_o.jpg","contentUrl":"https:\/\/www.edugestores.pe\/wp-content\/uploads\/2019\/09\/standard_mineduplazasdocentes_f11444c96d_o.jpg","width":645,"height":363},{"@type":"WebPage","@id":"https:\/\/www.edugestores.pe\/?p=23559#webpage","url":"https:\/\/www.edugestores.pe\/?p=23559","name":"Minedu anuncia m\u00e1s plazas para traslado de maestros - Red Peruana de Gestores de la Educaci\u00f3n","isPartOf":{"@id":"https:\/\/www.edugestores.pe\/#website"},"primaryImageOfPage":{"@id":"https:\/\/www.edugestores.pe\/?p=23559#primaryimage"},"datePublished":"2019-09-30T05:53:39+00:00","dateModified":"2019-10-07T01:41:22+00:00","author":{"@id":"https:\/\/www.edugestores.pe\/#\/schema\/person\/30dc82f35f5853289037a64b35c7c7d3"},"breadcrumb":{"@id":"https:\/\/www.edugestores.pe\/?p=23559#breadcrumb"},"inLanguage":"es","potentialAction":[{"@type":"ReadAction","target":["https:\/\/www.edugestores.pe\/?p=23559"]}]},{"@type":"BreadcrumbList","@id":"https:\/\/www.edugestores.pe\/?p=23559#breadcrumb","itemListElement":[{"@type":"ListItem","position":1,"name":"Portada","item":"https:\/\/www.edugestores.pe\/"},{"@type":"ListItem","position":2,"name":"Minedu anuncia m\u00e1s plazas para traslado de maestros"}]},{"@type":"Person","@id":"https:\/\/www.edugestores.pe\/#\/schema\/person\/30dc82f35f5853289037a64b35c7c7d3","name":"Administrador","image":{"@type":"ImageObject","@id":"https:\/\/www.edugestores.pe\/#personlogo","inLanguage":"es","url":"https:\/\/secure.gravatar.com\/avatar\/70960d1239c4d2c778bb3d2786a3c1ae?s=96&d=mm&r=g","contentUrl":"https:\/\/secure.gravatar.com\/avatar\/70960d1239c4d2c778bb3d2786a3c1ae?s=96&d=mm&r=g","caption":"Administrador"},"url":"https:\/\/www.edugestores.pe\/?author=63"}]}},"jetpack_featured_media_url":"https:\/\/www.edugestores.pe\/wp-content\/uploads\/2019\/09\/standard_mineduplazasdocentes_f11444c96d_o.jpg","_links":{"self":[{"href":"https:\/\/www.edugestores.pe\/index.php?rest_route=\/wp\/v2\/posts\/23559"}],"collection":[{"href":"https:\/\/www.edugestores.pe\/index.php?rest_route=\/wp\/v2\/posts"}],"about":[{"href":"https:\/\/www.edugestores.pe\/index.php?rest_route=\/wp\/v2\/types\/post"}],"author":[{"embeddable":true,"href":"https:\/\/www.edugestores.pe\/index.php?rest_route=\/wp\/v2\/users\/63"}],"replies":[{"embeddable":true,"href":"https:\/\/www.edugestores.pe\/index.php?rest_route=%2Fwp%2Fv2%2Fcomments&post=23559"}],"version-history":[{"count":2,"href":"https:\/\/www.edugestores.pe\/index.php?rest_route=\/wp\/v2\/posts\/23559\/revisions"}],"predecessor-version":[{"id":23562,"href":"https:\/\/www.edugestores.pe\/index.php?rest_route=\/wp\/v2\/posts\/23559\/revisions\/23562"}],"wp:featuredmedia":[{"embeddable":true,"href":"https:\/\/www.edugestores.pe\/index.php?rest_route=\/wp\/v2\/media\/23560"}],"wp:attachment":[{"href":"https:\/\/www.edugestores.pe\/index.php?rest_route=%2Fwp%2Fv2%2Fmedia&parent=23559"}],"wp:term":[{"taxonomy":"category","embeddable":true,"href":"https:\/\/www.edugestores.pe\/index.php?rest_route=%2Fwp%2Fv2%2Fcategories&post=23559"},{"taxonomy":"post_tag","embeddable":true,"href":"https:\/\/www.edugestores.pe\/index.php?rest_route=%2Fwp%2Fv2%2Ftags&post=23559"}],"curies":[{"name":"wp","href":"https:\/\/api.w.org\/{rel}","templated":true}]}}