{"id":23569,"date":"2019-10-02T23:55:42","date_gmt":"2019-10-03T04:55:42","guid":{"rendered":"https:\/\/www.edugestores.pe\/?p=23569"},"modified":"2019-10-22T11:18:10","modified_gmt":"2019-10-22T16:18:10","slug":"reporte-de-setiembre-del-observatorio-de-politicas-educativas-2","status":"publish","type":"post","link":"https:\/\/www.edugestores.pe\/?p=23569","title":{"rendered":"Reporte de setiembre del Observatorio de Pol\u00edticas Educativas"},"content":{"rendered":"<p style=\"font-weight: 400; text-align: justify;\">Compartimos el reporte de setiembre de Observatorio de Pol\u00edticas Educativas, elaborado por el Instituto de Gobierno y Desarrollo Humano.<\/p>\n<p style=\"font-weight: 400; text-align: justify;\">Las principales pol\u00edticas a destacar son las siguientes:<\/p>\n<p style=\"font-weight: 400; text-align: justify;\"><strong>1.Desarrollo docente:<\/strong><\/p>\n<p style=\"font-weight: 400; text-align: justify;\">&#8211;\u00a0<a href=\"https:\/\/www.gob.pe\/institucion\/minedu\/normas-legales\/293190-221-2019-minedu\">Resoluci\u00f3n Viceministerial\u00a0N\u00b0 221-2019-MINEDU<\/a>:\u00a0Aprueban norma t\u00e9cnica denominada Norma que regula la contrataci\u00f3n de t\u00e9cnicos deportivos en instituciones educativas p\u00fablicas de los niveles de Educaci\u00f3n Primaria y Secundaria de la Educaci\u00f3n B\u00e1sica Regular focalizadas como n\u00facleos de formaci\u00f3n de los Talleres Deportivo \u2013 Recreativos para el a\u00f1o 2019<\/p>\n<p style=\"font-weight: 400; text-align: justify;\">&#8211;\u00a0<a href=\"https:\/\/www.edugestores.pe\/docs\/decreto-supremo-que-modifica-el-reglamento-de-la-ley-no-29944-ley-de-reforma-magisterial\/\">Decreto Supremo N\u00b0 014-2019-MINEDU<\/a>:\u00a0Decreto Supremo que modifica el Reglamento de la Ley N\u00b0 29944 Ley de Reforma Magisterial aprobado por Decreto Supremo N\u00b0 004-2013-ED.<\/p>\n<p style=\"font-weight: 400; text-align: justify;\">&#8211;<a href=\"https:\/\/www.edugestores.pe\/docs\/aprueban-la-norma-tecnica-disposiciones-para-la-reasignacion-y-permuta-de-los-profesores-2019\/\">Resoluci\u00f3n Viceministerial\u00a0N\u00b0 245-2019-MINEDU<\/a>:\u00a0Aprueban la norma t\u00e9cnica Disposiciones para la reasignaci\u00f3n y permuta de los profesores en el marco de la Ley N\u00b0 29944 Ley de Reforma Magisterial y su Reglamento.<\/p>\n<p style=\"font-weight: 400; text-align: justify;\"><strong>\u00a02. Aprendizaje:<\/strong><\/p>\n<p style=\"font-weight: 400; text-align: justify;\">&#8211;\u00a0<a href=\"https:\/\/www.gob.pe\/institucion\/minedu\/normas-legales\/292470-220-2019-minedu-parte-1\">Resoluci\u00f3n Viceministerial\u00a0N\u00b0 220-2019-MINEDU<\/a>:\u00a0Aprueban Norma T\u00e9cnica denominada Orientaciones para el desarrollo del A\u00f1o Escolar 2020 en Instituciones Educativas y Programas Educativos de la Educaci\u00f3n B\u00e1sica.<\/p>\n<p style=\"font-weight: 400; text-align: justify;\">&#8211;\u00a0<a href=\"https:\/\/www.gob.pe\/institucion\/minedu\/normas-legales\/293185-437-2019-minedu\">Resoluci\u00f3n Ministerial\u00a0N\u00b0 437-2019-MINEDU<\/a>:\u00a0Modifican Anexo de la R.M. N\u00b0 049-2019-MINEDU que aprob\u00f3 el Cuadro que contiene el detalle de los concursos eventos y actividades de formaci\u00f3n y capacitaci\u00f3n a ser organizados y ejecutados por el Sector Educaci\u00f3n durante el a\u00f1o 2019 y otros.<\/p>\n<p style=\"font-weight: 400; text-align: justify;\"><strong>\u00a03. Gesti\u00f3n y presupuesto:<\/strong><\/p>\n<p style=\"font-weight: 400; text-align: justify;\">&#8211; <a href=\"https:\/\/www.edugestores.pe\/docs\/disposiciones-para-el-proceso-de-incorporacion-de-las-iiee-existentes-al-registro-de-instituciones-educativas\/\">Aprueban Norma T\u00e9cnica<\/a> denominada Disposiciones que regulan y orientan el proceso de incorporaci\u00f3n de las instituciones educativas existentes al Registro de Instituciones Educativas.<\/p>\n<p style=\"font-weight: 400; text-align: justify;\">\u00a0<strong>4. Educaci\u00f3n superior:<\/strong><\/p>\n<p style=\"font-weight: 400; text-align: justify;\">&#8211;\u00a0<a href=\"https:\/\/www.edugestores.pe\/docs\/aprueban-norma-tecnica-denominada-condiciones-basicas-de-calidad-para-el-procedimiento-de-licenciamiento-de-las-escuelas-de-educacion-superior-pedagogica\/\">Resoluci\u00f3n Viceministerial\u00a0N\u00b0 227-2019-MINEDU<\/a>:\u00a0Aprueban norma t\u00e9cnica denominada Condiciones B\u00e1sicas de Calidad para el Procedimiento de Licenciamiento de las Escuelas de Educaci\u00f3n Superior Pedag\u00f3gica.<\/p>\n<p style=\"font-weight: 400; text-align: justify;\"><strong>\u00a05. Infraestructura:\u00a0<\/strong><\/p>\n<p style=\"font-weight: 400; text-align: justify;\">-Resoluci\u00f3n Directoral N\u00b0 120-2019-MINEDU: Aprueban listado de locales educativos beneficiarios de la ejecuci\u00f3n del acondicionamiento de locales educativos y la adquisici\u00f3n de materiales pedag\u00f3gicos y tecnol\u00f3gicos para el a\u00f1o 2019.<\/p>\n<p style=\"font-weight: 400; text-align: justify;\">Para mayor informaci\u00f3n visite la web del Observatorio de Pol\u00edticas Educativas en el<a href=\"http:\/\/www.gobiernoydesarrollohumano.org\/cuadro.php?mes=septiembre&amp;anio=2019\"> siguiente link<\/a>.<\/p>\n<p style=\"font-weight: 400;\">\n","protected":false},"excerpt":{"rendered":"<p>Compartimos el reporte de setiembre de Observatorio de Pol\u00edticas Educativas, elaborado por el Instituto de Gobierno y Desarrollo Humano. Las [&hellip;]<\/p>\n","protected":false},"author":63,"featured_media":23570,"comment_status":"open","ping_status":"open","sticky":false,"template":"","format":"standard","meta":{"spay_email":""},"categories":[125],"tags":[],"yoast_head":"<!-- This site is optimized with the Yoast SEO plugin v18.0 - https:\/\/yoast.com\/wordpress\/plugins\/seo\/ -->\n<title>Reporte de setiembre del Observatorio de Pol\u00edticas Educativas - Red Peruana de Gestores de la Educaci\u00f3n<\/title>\n<meta name=\"robots\" content=\"index, follow, max-snippet:-1, max-image-preview:large, max-video-preview:-1\" \/>\n<link rel=\"canonical\" href=\"https:\/\/www.edugestores.pe\/?p=23569\" \/>\n<meta property=\"og:locale\" content=\"es_ES\" \/>\n<meta property=\"og:type\" content=\"article\" \/>\n<meta property=\"og:title\" content=\"Reporte de setiembre del Observatorio de Pol\u00edticas Educativas - Red Peruana de Gestores de la Educaci\u00f3n\" \/>\n<meta property=\"og:description\" content=\"Compartimos el reporte de setiembre de Observatorio de Pol\u00edticas Educativas, elaborado por el Instituto de Gobierno y Desarrollo Humano. Las [&hellip;]\" \/>\n<meta property=\"og:url\" content=\"https:\/\/www.edugestores.pe\/?p=23569\" \/>\n<meta property=\"og:site_name\" content=\"Red Peruana de Gestores de la Educaci\u00f3n\" \/>\n<meta property=\"article:published_time\" content=\"2019-10-03T04:55:42+00:00\" \/>\n<meta property=\"article:modified_time\" content=\"2019-10-22T16:18:10+00:00\" \/>\n<meta property=\"og:image\" content=\"https:\/\/www.edugestores.pe\/wp-content\/uploads\/2019\/10\/Blog25.06.15Int.jpg\" \/>\n\t<meta property=\"og:image:width\" content=\"640\" \/>\n\t<meta property=\"og:image:height\" content=\"384\" \/>\n\t<meta property=\"og:image:type\" content=\"image\/jpeg\" \/>\n<meta name=\"twitter:card\" content=\"summary_large_image\" \/>\n<meta name=\"twitter:label1\" content=\"Escrito por\" \/>\n\t<meta name=\"twitter:data1\" content=\"Administrador\" \/>\n\t<meta name=\"twitter:label2\" content=\"Tiempo de lectura\" \/>\n\t<meta name=\"twitter:data2\" content=\"2 minutos\" \/>\n<script type=\"application\/ld+json\" class=\"yoast-schema-graph\">{\"@context\":\"https:\/\/schema.org\",\"@graph\":[{\"@type\":\"WebSite\",\"@id\":\"https:\/\/www.edugestores.pe\/#website\",\"url\":\"https:\/\/www.edugestores.pe\/\",\"name\":\"Red Peruana de Gestores de la Educaci\u00f3n\",\"description\":\"Red Peruana de Gestores de la Educaci\u00f3n\",\"potentialAction\":[{\"@type\":\"SearchAction\",\"target\":{\"@type\":\"EntryPoint\",\"urlTemplate\":\"https:\/\/www.edugestores.pe\/?s={search_term_string}\"},\"query-input\":\"required name=search_term_string\"}],\"inLanguage\":\"es\"},{\"@type\":\"ImageObject\",\"@id\":\"https:\/\/www.edugestores.pe\/?p=23569#primaryimage\",\"inLanguage\":\"es\",\"url\":\"https:\/\/www.edugestores.pe\/wp-content\/uploads\/2019\/10\/Blog25.06.15Int.jpg\",\"contentUrl\":\"https:\/\/www.edugestores.pe\/wp-content\/uploads\/2019\/10\/Blog25.06.15Int.jpg\",\"width\":640,\"height\":384},{\"@type\":\"WebPage\",\"@id\":\"https:\/\/www.edugestores.pe\/?p=23569#webpage\",\"url\":\"https:\/\/www.edugestores.pe\/?p=23569\",\"name\":\"Reporte de setiembre del Observatorio de Pol\u00edticas Educativas - Red Peruana de Gestores de la Educaci\u00f3n\",\"isPartOf\":{\"@id\":\"https:\/\/www.edugestores.pe\/#website\"},\"primaryImageOfPage\":{\"@id\":\"https:\/\/www.edugestores.pe\/?p=23569#primaryimage\"},\"datePublished\":\"2019-10-03T04:55:42+00:00\",\"dateModified\":\"2019-10-22T16:18:10+00:00\",\"author\":{\"@id\":\"https:\/\/www.edugestores.pe\/#\/schema\/person\/30dc82f35f5853289037a64b35c7c7d3\"},\"breadcrumb\":{\"@id\":\"https:\/\/www.edugestores.pe\/?p=23569#breadcrumb\"},\"inLanguage\":\"es\",\"potentialAction\":[{\"@type\":\"ReadAction\",\"target\":[\"https:\/\/www.edugestores.pe\/?p=23569\"]}]},{\"@type\":\"BreadcrumbList\",\"@id\":\"https:\/\/www.edugestores.pe\/?p=23569#breadcrumb\",\"itemListElement\":[{\"@type\":\"ListItem\",\"position\":1,\"name\":\"Portada\",\"item\":\"https:\/\/www.edugestores.pe\/\"},{\"@type\":\"ListItem\",\"position\":2,\"name\":\"Reporte de setiembre del Observatorio de Pol\u00edticas Educativas\"}]},{\"@type\":\"Person\",\"@id\":\"https:\/\/www.edugestores.pe\/#\/schema\/person\/30dc82f35f5853289037a64b35c7c7d3\",\"name\":\"Administrador\",\"image\":{\"@type\":\"ImageObject\",\"@id\":\"https:\/\/www.edugestores.pe\/#personlogo\",\"inLanguage\":\"es\",\"url\":\"https:\/\/secure.gravatar.com\/avatar\/70960d1239c4d2c778bb3d2786a3c1ae?s=96&d=mm&r=g\",\"contentUrl\":\"https:\/\/secure.gravatar.com\/avatar\/70960d1239c4d2c778bb3d2786a3c1ae?s=96&d=mm&r=g\",\"caption\":\"Administrador\"},\"url\":\"https:\/\/www.edugestores.pe\/?author=63\"}]}<\/script>\n<!-- \/ Yoast SEO plugin. -->","yoast_head_json":{"title":"Reporte de setiembre del Observatorio de Pol\u00edticas Educativas - Red Peruana de Gestores de la Educaci\u00f3n","robots":{"index":"index","follow":"follow","max-snippet":"max-snippet:-1","max-image-preview":"max-image-preview:large","max-video-preview":"max-video-preview:-1"},"canonical":"https:\/\/www.edugestores.pe\/?p=23569","og_locale":"es_ES","og_type":"article","og_title":"Reporte de setiembre del Observatorio de Pol\u00edticas Educativas - Red Peruana de Gestores de la Educaci\u00f3n","og_description":"Compartimos el reporte de setiembre de Observatorio de Pol\u00edticas Educativas, elaborado por el Instituto de Gobierno y Desarrollo Humano. Las [&hellip;]","og_url":"https:\/\/www.edugestores.pe\/?p=23569","og_site_name":"Red Peruana de Gestores de la Educaci\u00f3n","article_published_time":"2019-10-03T04:55:42+00:00","article_modified_time":"2019-10-22T16:18:10+00:00","og_image":[{"width":640,"height":384,"url":"https:\/\/www.edugestores.pe\/wp-content\/uploads\/2019\/10\/Blog25.06.15Int.jpg","type":"image\/jpeg"}],"twitter_card":"summary_large_image","twitter_misc":{"Escrito por":"Administrador","Tiempo de lectura":"2 minutos"},"schema":{"@context":"https:\/\/schema.org","@graph":[{"@type":"WebSite","@id":"https:\/\/www.edugestores.pe\/#website","url":"https:\/\/www.edugestores.pe\/","name":"Red Peruana de Gestores de la Educaci\u00f3n","description":"Red Peruana de Gestores de la Educaci\u00f3n","potentialAction":[{"@type":"SearchAction","target":{"@type":"EntryPoint","urlTemplate":"https:\/\/www.edugestores.pe\/?s={search_term_string}"},"query-input":"required name=search_term_string"}],"inLanguage":"es"},{"@type":"ImageObject","@id":"https:\/\/www.edugestores.pe\/?p=23569#primaryimage","inLanguage":"es","url":"https:\/\/www.edugestores.pe\/wp-content\/uploads\/2019\/10\/Blog25.06.15Int.jpg","contentUrl":"https:\/\/www.edugestores.pe\/wp-content\/uploads\/2019\/10\/Blog25.06.15Int.jpg","width":640,"height":384},{"@type":"WebPage","@id":"https:\/\/www.edugestores.pe\/?p=23569#webpage","url":"https:\/\/www.edugestores.pe\/?p=23569","name":"Reporte de setiembre del Observatorio de Pol\u00edticas Educativas - Red Peruana de Gestores de la Educaci\u00f3n","isPartOf":{"@id":"https:\/\/www.edugestores.pe\/#website"},"primaryImageOfPage":{"@id":"https:\/\/www.edugestores.pe\/?p=23569#primaryimage"},"datePublished":"2019-10-03T04:55:42+00:00","dateModified":"2019-10-22T16:18:10+00:00","author":{"@id":"https:\/\/www.edugestores.pe\/#\/schema\/person\/30dc82f35f5853289037a64b35c7c7d3"},"breadcrumb":{"@id":"https:\/\/www.edugestores.pe\/?p=23569#breadcrumb"},"inLanguage":"es","potentialAction":[{"@type":"ReadAction","target":["https:\/\/www.edugestores.pe\/?p=23569"]}]},{"@type":"BreadcrumbList","@id":"https:\/\/www.edugestores.pe\/?p=23569#breadcrumb","itemListElement":[{"@type":"ListItem","position":1,"name":"Portada","item":"https:\/\/www.edugestores.pe\/"},{"@type":"ListItem","position":2,"name":"Reporte de setiembre del Observatorio de Pol\u00edticas Educativas"}]},{"@type":"Person","@id":"https:\/\/www.edugestores.pe\/#\/schema\/person\/30dc82f35f5853289037a64b35c7c7d3","name":"Administrador","image":{"@type":"ImageObject","@id":"https:\/\/www.edugestores.pe\/#personlogo","inLanguage":"es","url":"https:\/\/secure.gravatar.com\/avatar\/70960d1239c4d2c778bb3d2786a3c1ae?s=96&d=mm&r=g","contentUrl":"https:\/\/secure.gravatar.com\/avatar\/70960d1239c4d2c778bb3d2786a3c1ae?s=96&d=mm&r=g","caption":"Administrador"},"url":"https:\/\/www.edugestores.pe\/?author=63"}]}},"jetpack_featured_media_url":"https:\/\/www.edugestores.pe\/wp-content\/uploads\/2019\/10\/Blog25.06.15Int.jpg","_links":{"self":[{"href":"https:\/\/www.edugestores.pe\/index.php?rest_route=\/wp\/v2\/posts\/23569"}],"collection":[{"href":"https:\/\/www.edugestores.pe\/index.php?rest_route=\/wp\/v2\/posts"}],"about":[{"href":"https:\/\/www.edugestores.pe\/index.php?rest_route=\/wp\/v2\/types\/post"}],"author":[{"embeddable":true,"href":"https:\/\/www.edugestores.pe\/index.php?rest_route=\/wp\/v2\/users\/63"}],"replies":[{"embeddable":true,"href":"https:\/\/www.edugestores.pe\/index.php?rest_route=%2Fwp%2Fv2%2Fcomments&post=23569"}],"version-history":[{"count":3,"href":"https:\/\/www.edugestores.pe\/index.php?rest_route=\/wp\/v2\/posts\/23569\/revisions"}],"predecessor-version":[{"id":23583,"href":"https:\/\/www.edugestores.pe\/index.php?rest_route=\/wp\/v2\/posts\/23569\/revisions\/23583"}],"wp:featuredmedia":[{"embeddable":true,"href":"https:\/\/www.edugestores.pe\/index.php?rest_route=\/wp\/v2\/media\/23570"}],"wp:attachment":[{"href":"https:\/\/www.edugestores.pe\/index.php?rest_route=%2Fwp%2Fv2%2Fmedia&parent=23569"}],"wp:term":[{"taxonomy":"category","embeddable":true,"href":"https:\/\/www.edugestores.pe\/index.php?rest_route=%2Fwp%2Fv2%2Fcategories&post=23569"},{"taxonomy":"post_tag","embeddable":true,"href":"https:\/\/www.edugestores.pe\/index.php?rest_route=%2Fwp%2Fv2%2Ftags&post=23569"}],"curies":[{"name":"wp","href":"https:\/\/api.w.org\/{rel}","templated":true}]}}