{"id":23584,"date":"2019-10-03T00:05:47","date_gmt":"2019-10-03T05:05:47","guid":{"rendered":"https:\/\/www.edugestores.pe\/?p=23584"},"modified":"2019-10-06T20:41:55","modified_gmt":"2019-10-07T01:41:55","slug":"maria-antonieta-alva-sera-la-nueva-ministra-de-economia","status":"publish","type":"post","link":"https:\/\/www.edugestores.pe\/?p=23584","title":{"rendered":"Maria Antonieta Alva ser\u00e1 la nueva ministra de Econom\u00eda"},"content":{"rendered":"<p class=\"story-content__font--secondary mb-25 title-xs line-h-md mt-20 secondary-font pr-20\" style=\"text-align: justify;\">Tal como lo adelant\u00f3 el diario Gesti\u00f3n, seg\u00fan fuentes del Ejecutivo, la nueva ministra de Econom\u00eda y Finanzas, ser\u00e1 Maria Antonieta Alva, quien actualmente se desempe\u00f1a como directora General de Presupuesto del MEF. conocida en Jr. Jun\u00edn como \u201cTony\u201d.<\/p>\n<p class=\"story-content__font--secondary mb-25 title-xs line-h-md mt-20 secondary-font pr-20\" style=\"text-align: justify;\">\u201cTony\u201d Alva es hija del rector de la Universidad Nacional de Ingenier\u00eda (UNI), Jorge Alva, y este \u00faltimo profesor del actual presidente Mart\u00edn Vizcarra. Adem\u00e1s, es muy cercana al mandatario.<\/p>\n<div id=\"ads_d_inline\" style=\"text-align: justify;\">\n<div id=\"ads_d_inline_apn_expandable_15700790845251757\">Seg\u00fan el portal del Gob.pe, Maria Antonieta Alva, es economista de la Universidad del Pac\u00edfico con maestria en Administraci\u00f3n P\u00fablica en Desarrollo Internacional por la Universidad de Harvard (Estados Unidos).<\/div>\n<\/div>\n<p class=\"story-content__font--secondary mb-25 title-xs line-h-md mt-20 secondary-font pr-20\" style=\"text-align: justify;\">Tiene experiencia de 7 a\u00f1os en el sector p\u00fablico en programaci\u00f3n, planificaci\u00f3n, seguimiento y evaluaci\u00f3n de presupuesto; y monitoreo y seguimiento de pol\u00edticas sociales.<\/p>\n<p class=\"\" style=\"text-align: justify;\">Adem\u00e1s, ha sido coordinadora-pa\u00eds de\u00a0Ankay, una organizaci\u00f3n que identifica a j\u00f3venes talentosos de escasos recursos y les entrega becas de estudio en las mejores universidades del pa\u00eds, cargo que desempe\u00f1\u00f3 en el 2009.<\/p>\n<p class=\"\" style=\"text-align: justify;\">Los \u00faltimos dos a\u00f1os ha ejercido como directora general de Presupuesto P\u00fablico.<\/p>\n<p class=\"story-content__font--secondary mb-25 title-xs line-h-md mt-20 secondary-font pr-20\" style=\"text-align: justify;\">Tomado de Gesti\u00f3n y La Rep\u00fablica.<\/p>\n","protected":false},"excerpt":{"rendered":"<p>Tal como lo adelant\u00f3 el diario Gesti\u00f3n, seg\u00fan fuentes del Ejecutivo, la nueva ministra de Econom\u00eda y Finanzas, ser\u00e1 Maria [&hellip;]<\/p>\n","protected":false},"author":63,"featured_media":23585,"comment_status":"open","ping_status":"open","sticky":false,"template":"","format":"standard","meta":{"spay_email":""},"categories":[125],"tags":[],"yoast_head":"<!-- This site is optimized with the Yoast SEO plugin v18.0 - https:\/\/yoast.com\/wordpress\/plugins\/seo\/ -->\n<title>Maria Antonieta Alva ser\u00e1 la nueva ministra de Econom\u00eda - Red Peruana de Gestores de la Educaci\u00f3n<\/title>\n<meta name=\"robots\" content=\"index, follow, max-snippet:-1, max-image-preview:large, max-video-preview:-1\" \/>\n<link rel=\"canonical\" href=\"https:\/\/www.edugestores.pe\/?p=23584\" \/>\n<meta property=\"og:locale\" content=\"es_ES\" \/>\n<meta property=\"og:type\" content=\"article\" \/>\n<meta property=\"og:title\" content=\"Maria Antonieta Alva ser\u00e1 la nueva ministra de Econom\u00eda - Red Peruana de Gestores de la Educaci\u00f3n\" \/>\n<meta property=\"og:description\" content=\"Tal como lo adelant\u00f3 el diario Gesti\u00f3n, seg\u00fan fuentes del Ejecutivo, la nueva ministra de Econom\u00eda y Finanzas, ser\u00e1 Maria [&hellip;]\" \/>\n<meta property=\"og:url\" content=\"https:\/\/www.edugestores.pe\/?p=23584\" \/>\n<meta property=\"og:site_name\" content=\"Red Peruana de Gestores de la Educaci\u00f3n\" \/>\n<meta property=\"article:published_time\" content=\"2019-10-03T05:05:47+00:00\" \/>\n<meta property=\"article:modified_time\" content=\"2019-10-07T01:41:55+00:00\" \/>\n<meta property=\"og:image\" content=\"https:\/\/www.edugestores.pe\/wp-content\/uploads\/2019\/10\/MARIA-ANTONIETA-ALVA-MEF-1024x662.jpg\" \/>\n\t<meta property=\"og:image:width\" content=\"1024\" \/>\n\t<meta property=\"og:image:height\" content=\"662\" \/>\n\t<meta property=\"og:image:type\" content=\"image\/jpeg\" \/>\n<meta name=\"twitter:card\" content=\"summary_large_image\" \/>\n<meta name=\"twitter:label1\" content=\"Escrito por\" \/>\n\t<meta name=\"twitter:data1\" content=\"Administrador\" \/>\n\t<meta name=\"twitter:label2\" content=\"Tiempo de lectura\" \/>\n\t<meta name=\"twitter:data2\" content=\"1 minuto\" \/>\n<script type=\"application\/ld+json\" class=\"yoast-schema-graph\">{\"@context\":\"https:\/\/schema.org\",\"@graph\":[{\"@type\":\"WebSite\",\"@id\":\"https:\/\/www.edugestores.pe\/#website\",\"url\":\"https:\/\/www.edugestores.pe\/\",\"name\":\"Red Peruana de Gestores de la Educaci\u00f3n\",\"description\":\"Red Peruana de Gestores de la Educaci\u00f3n\",\"potentialAction\":[{\"@type\":\"SearchAction\",\"target\":{\"@type\":\"EntryPoint\",\"urlTemplate\":\"https:\/\/www.edugestores.pe\/?s={search_term_string}\"},\"query-input\":\"required name=search_term_string\"}],\"inLanguage\":\"es\"},{\"@type\":\"ImageObject\",\"@id\":\"https:\/\/www.edugestores.pe\/?p=23584#primaryimage\",\"inLanguage\":\"es\",\"url\":\"https:\/\/www.edugestores.pe\/wp-content\/uploads\/2019\/10\/MARIA-ANTONIETA-ALVA-MEF-1024x662.jpg\",\"contentUrl\":\"https:\/\/www.edugestores.pe\/wp-content\/uploads\/2019\/10\/MARIA-ANTONIETA-ALVA-MEF-1024x662.jpg\",\"width\":1024,\"height\":662},{\"@type\":\"WebPage\",\"@id\":\"https:\/\/www.edugestores.pe\/?p=23584#webpage\",\"url\":\"https:\/\/www.edugestores.pe\/?p=23584\",\"name\":\"Maria Antonieta Alva ser\u00e1 la nueva ministra de Econom\u00eda - Red Peruana de Gestores de la Educaci\u00f3n\",\"isPartOf\":{\"@id\":\"https:\/\/www.edugestores.pe\/#website\"},\"primaryImageOfPage\":{\"@id\":\"https:\/\/www.edugestores.pe\/?p=23584#primaryimage\"},\"datePublished\":\"2019-10-03T05:05:47+00:00\",\"dateModified\":\"2019-10-07T01:41:55+00:00\",\"author\":{\"@id\":\"https:\/\/www.edugestores.pe\/#\/schema\/person\/30dc82f35f5853289037a64b35c7c7d3\"},\"breadcrumb\":{\"@id\":\"https:\/\/www.edugestores.pe\/?p=23584#breadcrumb\"},\"inLanguage\":\"es\",\"potentialAction\":[{\"@type\":\"ReadAction\",\"target\":[\"https:\/\/www.edugestores.pe\/?p=23584\"]}]},{\"@type\":\"BreadcrumbList\",\"@id\":\"https:\/\/www.edugestores.pe\/?p=23584#breadcrumb\",\"itemListElement\":[{\"@type\":\"ListItem\",\"position\":1,\"name\":\"Portada\",\"item\":\"https:\/\/www.edugestores.pe\/\"},{\"@type\":\"ListItem\",\"position\":2,\"name\":\"Maria Antonieta Alva ser\u00e1 la nueva ministra de Econom\u00eda\"}]},{\"@type\":\"Person\",\"@id\":\"https:\/\/www.edugestores.pe\/#\/schema\/person\/30dc82f35f5853289037a64b35c7c7d3\",\"name\":\"Administrador\",\"image\":{\"@type\":\"ImageObject\",\"@id\":\"https:\/\/www.edugestores.pe\/#personlogo\",\"inLanguage\":\"es\",\"url\":\"https:\/\/secure.gravatar.com\/avatar\/70960d1239c4d2c778bb3d2786a3c1ae?s=96&d=mm&r=g\",\"contentUrl\":\"https:\/\/secure.gravatar.com\/avatar\/70960d1239c4d2c778bb3d2786a3c1ae?s=96&d=mm&r=g\",\"caption\":\"Administrador\"},\"url\":\"https:\/\/www.edugestores.pe\/?author=63\"}]}<\/script>\n<!-- \/ Yoast SEO plugin. -->","yoast_head_json":{"title":"Maria Antonieta Alva ser\u00e1 la nueva ministra de Econom\u00eda - Red Peruana de Gestores de la Educaci\u00f3n","robots":{"index":"index","follow":"follow","max-snippet":"max-snippet:-1","max-image-preview":"max-image-preview:large","max-video-preview":"max-video-preview:-1"},"canonical":"https:\/\/www.edugestores.pe\/?p=23584","og_locale":"es_ES","og_type":"article","og_title":"Maria Antonieta Alva ser\u00e1 la nueva ministra de Econom\u00eda - Red Peruana de Gestores de la Educaci\u00f3n","og_description":"Tal como lo adelant\u00f3 el diario Gesti\u00f3n, seg\u00fan fuentes del Ejecutivo, la nueva ministra de Econom\u00eda y Finanzas, ser\u00e1 Maria [&hellip;]","og_url":"https:\/\/www.edugestores.pe\/?p=23584","og_site_name":"Red Peruana de Gestores de la Educaci\u00f3n","article_published_time":"2019-10-03T05:05:47+00:00","article_modified_time":"2019-10-07T01:41:55+00:00","og_image":[{"width":1024,"height":662,"url":"https:\/\/www.edugestores.pe\/wp-content\/uploads\/2019\/10\/MARIA-ANTONIETA-ALVA-MEF-1024x662.jpg","type":"image\/jpeg"}],"twitter_card":"summary_large_image","twitter_misc":{"Escrito por":"Administrador","Tiempo de lectura":"1 minuto"},"schema":{"@context":"https:\/\/schema.org","@graph":[{"@type":"WebSite","@id":"https:\/\/www.edugestores.pe\/#website","url":"https:\/\/www.edugestores.pe\/","name":"Red Peruana de Gestores de la Educaci\u00f3n","description":"Red Peruana de Gestores de la Educaci\u00f3n","potentialAction":[{"@type":"SearchAction","target":{"@type":"EntryPoint","urlTemplate":"https:\/\/www.edugestores.pe\/?s={search_term_string}"},"query-input":"required name=search_term_string"}],"inLanguage":"es"},{"@type":"ImageObject","@id":"https:\/\/www.edugestores.pe\/?p=23584#primaryimage","inLanguage":"es","url":"https:\/\/www.edugestores.pe\/wp-content\/uploads\/2019\/10\/MARIA-ANTONIETA-ALVA-MEF-1024x662.jpg","contentUrl":"https:\/\/www.edugestores.pe\/wp-content\/uploads\/2019\/10\/MARIA-ANTONIETA-ALVA-MEF-1024x662.jpg","width":1024,"height":662},{"@type":"WebPage","@id":"https:\/\/www.edugestores.pe\/?p=23584#webpage","url":"https:\/\/www.edugestores.pe\/?p=23584","name":"Maria Antonieta Alva ser\u00e1 la nueva ministra de Econom\u00eda - Red Peruana de Gestores de la Educaci\u00f3n","isPartOf":{"@id":"https:\/\/www.edugestores.pe\/#website"},"primaryImageOfPage":{"@id":"https:\/\/www.edugestores.pe\/?p=23584#primaryimage"},"datePublished":"2019-10-03T05:05:47+00:00","dateModified":"2019-10-07T01:41:55+00:00","author":{"@id":"https:\/\/www.edugestores.pe\/#\/schema\/person\/30dc82f35f5853289037a64b35c7c7d3"},"breadcrumb":{"@id":"https:\/\/www.edugestores.pe\/?p=23584#breadcrumb"},"inLanguage":"es","potentialAction":[{"@type":"ReadAction","target":["https:\/\/www.edugestores.pe\/?p=23584"]}]},{"@type":"BreadcrumbList","@id":"https:\/\/www.edugestores.pe\/?p=23584#breadcrumb","itemListElement":[{"@type":"ListItem","position":1,"name":"Portada","item":"https:\/\/www.edugestores.pe\/"},{"@type":"ListItem","position":2,"name":"Maria Antonieta Alva ser\u00e1 la nueva ministra de Econom\u00eda"}]},{"@type":"Person","@id":"https:\/\/www.edugestores.pe\/#\/schema\/person\/30dc82f35f5853289037a64b35c7c7d3","name":"Administrador","image":{"@type":"ImageObject","@id":"https:\/\/www.edugestores.pe\/#personlogo","inLanguage":"es","url":"https:\/\/secure.gravatar.com\/avatar\/70960d1239c4d2c778bb3d2786a3c1ae?s=96&d=mm&r=g","contentUrl":"https:\/\/secure.gravatar.com\/avatar\/70960d1239c4d2c778bb3d2786a3c1ae?s=96&d=mm&r=g","caption":"Administrador"},"url":"https:\/\/www.edugestores.pe\/?author=63"}]}},"jetpack_featured_media_url":"https:\/\/www.edugestores.pe\/wp-content\/uploads\/2019\/10\/MARIA-ANTONIETA-ALVA-MEF-1024x662.jpg","_links":{"self":[{"href":"https:\/\/www.edugestores.pe\/index.php?rest_route=\/wp\/v2\/posts\/23584"}],"collection":[{"href":"https:\/\/www.edugestores.pe\/index.php?rest_route=\/wp\/v2\/posts"}],"about":[{"href":"https:\/\/www.edugestores.pe\/index.php?rest_route=\/wp\/v2\/types\/post"}],"author":[{"embeddable":true,"href":"https:\/\/www.edugestores.pe\/index.php?rest_route=\/wp\/v2\/users\/63"}],"replies":[{"embeddable":true,"href":"https:\/\/www.edugestores.pe\/index.php?rest_route=%2Fwp%2Fv2%2Fcomments&post=23584"}],"version-history":[{"count":1,"href":"https:\/\/www.edugestores.pe\/index.php?rest_route=\/wp\/v2\/posts\/23584\/revisions"}],"predecessor-version":[{"id":23586,"href":"https:\/\/www.edugestores.pe\/index.php?rest_route=\/wp\/v2\/posts\/23584\/revisions\/23586"}],"wp:featuredmedia":[{"embeddable":true,"href":"https:\/\/www.edugestores.pe\/index.php?rest_route=\/wp\/v2\/media\/23585"}],"wp:attachment":[{"href":"https:\/\/www.edugestores.pe\/index.php?rest_route=%2Fwp%2Fv2%2Fmedia&parent=23584"}],"wp:term":[{"taxonomy":"category","embeddable":true,"href":"https:\/\/www.edugestores.pe\/index.php?rest_route=%2Fwp%2Fv2%2Fcategories&post=23584"},{"taxonomy":"post_tag","embeddable":true,"href":"https:\/\/www.edugestores.pe\/index.php?rest_route=%2Fwp%2Fv2%2Ftags&post=23584"}],"curies":[{"name":"wp","href":"https:\/\/api.w.org\/{rel}","templated":true}]}}