{"id":23594,"date":"2019-10-06T16:23:41","date_gmt":"2019-10-06T21:23:41","guid":{"rendered":"https:\/\/www.edugestores.pe\/?p=23594"},"modified":"2019-10-23T08:46:56","modified_gmt":"2019-10-23T13:46:56","slug":"edugestores-reporta-destacados-del-tercer-trimestre-2019","status":"publish","type":"post","link":"https:\/\/www.edugestores.pe\/?p=23594","title":{"rendered":"Edugestores reporta: destacados del tercer trimestre 2019"},"content":{"rendered":"<p style=\"text-align: justify;\">Este es el reporte trimestral de Edugestores con informaci\u00f3n sobre nuestros gestores, aportes, pronunciamientos y datos de nuestra plataforma, de\u00a0julio a setiembre\u00a0de este a\u00f1o.<\/p>\n<p style=\"text-align: justify;\">De julio a setiembre tuvimos 221 nuevos inscritos en la plataforma, obteniendo participaci\u00f3n tanto en los grupos de inter\u00e9s como en los comentarios de los post publicados. Hasta la actualidad tenemos m\u00e1s de 3,300 inscritos.<\/p>\n<p style=\"text-align: justify;\">Los grupos de inter\u00e9s m\u00e1s activos en estos meses fueron el de Liderazgo docente y el de\u00a0Gesti\u00f3n Estrat\u00e9gica de la EIB y la Educaci\u00f3n Rural.<\/p>\n<p style=\"text-align: justify;\">Como hito, tambi\u00e9n publicamos la memoria del <a href=\"https:\/\/www.edugestores.pe\/docs\/memoria-del-tercer-encuentro-nacional-de-la-red-peruana-de-gestores-de-la-educacion-2019\/\">III Encuentro Nacional de Gestores de la Educaci\u00f3n<\/a>, que realizamos cada a\u00f1o, reuniendo a participantes de nuestra comunidad, con el fin de consensuar una agenda de trabajo para el 2019 de manera participativa.<\/p>\n<ul style=\"text-align: justify;\">\n<li style=\"text-align: justify;\">El pasado 5 de setiembre de 2019, Jaime M\u00e1rquez y Mar\u00eda A. Palacios, coordinadores de la Red Peruana de Gestores de la Educaci\u00f3n, se reunieron con el director regional Pablo Cevallos y el coordinador de Cooperaci\u00f3n T\u00e9cnica, Henry Armas, ambos del Instituto Internacional de Planeamiento de la Educaci\u00f3n,\u00a0<a href=\"https:\/\/www.buenosaires.iiep.unesco.org\/\">IIPE-UNESCO<\/a>, \u00a0con sede en la ciudad de Buenos Aires. La reuni\u00f3n tuvo como objetivo de explorar posibles <a href=\"https:\/\/www.edugestores.pe\/explorando-oportunidades-de-articulacion-entre-edugestores-y-el-iipe-unesco\/\">l\u00edneas de articulaci\u00f3n y colaboraci\u00f3n entre las actividades de Edugestores y las de la Red de Especialistas en Pol\u00edticas Educativas de Am\u00e9rica Latina<\/a>, administrada por el IIPE-Unesco.<\/li>\n<li style=\"text-align: justify;\">El coordinador de Edugestores, Jaime M\u00e1rquez, escribi\u00f3 sobre los Avances en la gesti\u00f3n descentralizada de la educaci\u00f3n, a partir sobre\u00a0una\u00a0propuesta del Ministerio de Educacipob, presentada el viernes 23 de agosto en la Mesa Interinstitucional de Gesti\u00f3n Descentralizada y Equidad, del Consejo Nacional de Educaci\u00f3n. <a href=\"https:\/\/www.edugestores.pe\/avances-en-la-gestion-descentralizada-de-la-educacion-un-articulo-de-jaime-marquez\/\">Aqu\u00ed la nota<\/a>.<\/li>\n<li style=\"text-align: justify;\">Tambi\u00e9n participamos como expositores, ya que somos parte del grupo impulsor, del\u00a0cuarto<a href=\"https:\/\/www.edugestores.pe\/apuntes-del-encuentromacrorregional-por-el-proyecto-educativo-nacional-al-2036\/\"> Encuentro Macrorregional \u201cTodos Somos Educadores\u201d<\/a>, realizado en Lima, y organizado por el Consejo Nacional de Educaci\u00f3n. Nuestra coordinadora de Gesti\u00f3n del Conocimiento, Marita Palacios, realiz\u00f3 una exposici\u00f3n sobre la importancia del Proyecto Educativo Nacional como pol\u00edtica p\u00fablica vinculante.<\/li>\n<li style=\"text-align: justify;\">Como Edugestores, asistimos al\u00a0<a href=\"https:\/\/www.edugestores.pe\/se-desarrolla-el-primer-encuentro-de-intercambio-de-experiencias-de-buenas-practicas-de-gestion-educativa\/\">Primer Encuentro de Intercambio de Experiencias de Buenas Pr\u00e1cticas de Gesti\u00f3n Educativa<\/a>, que\u00a0fue organizado el\u00a02 de agosto por el Ministerio de Educaci\u00f3n, donde se anunciaron a las direcciones regionales de educaci\u00f3n (DRE) y a las unidades de gesti\u00f3n educativa local (UGEL) que postularon al reciente concurso, que busca reconocer las mejores pr\u00e1cticas de este tipo en el pa\u00eds.<\/li>\n<li style=\"text-align: justify;\">Informamos sobre\u00a0el <a href=\"https:\/\/www.edugestores.pe\/que-recogemos-en-edugestores-del-ii-seminario-internacional-agendas-territoriales\/\">II\u00a0Seminario Internacional \u201cAgendas Territoriales: consolidando una descentralizaci\u00f3n efectiva para el desarrollo territorial\u201d<\/a>, organizado por la Presidencia del Consejo de Ministros y su Secretar\u00eda de Descentralizaci\u00f3n.<\/li>\n<li style=\"text-align: justify;\">En julio, emitimos un art\u00edculo como Edugestores sobre la\u00a0Lista Sectorial de Pol\u00edticas Nacionales bajo la rector\u00eda o conducci\u00f3n del Minedu,\u00a0de acuerdo a los lineamientos del CEPLAN.<\/li>\n<\/ul>\n<p style=\"text-align: justify;\"><a href=\"https:\/\/www.edugestores.pe\/wp-content\/uploads\/2019\/09\/69870977_10162489910690077_1063073520373727232_o.jpg\"><img decoding=\"async\" loading=\"lazy\" class=\"  wp-image-23444 aligncenter\" src=\"https:\/\/www.edugestores.pe\/wp-content\/uploads\/2019\/09\/69870977_10162489910690077_1063073520373727232_o-1024x684.jpg\" alt=\"69870977_10162489910690077_1063073520373727232_o\" width=\"629\" height=\"420\" srcset=\"https:\/\/www.edugestores.pe\/wp-content\/uploads\/2019\/09\/69870977_10162489910690077_1063073520373727232_o-1024x684.jpg 1024w, https:\/\/www.edugestores.pe\/wp-content\/uploads\/2019\/09\/69870977_10162489910690077_1063073520373727232_o-300x200.jpg 300w, https:\/\/www.edugestores.pe\/wp-content\/uploads\/2019\/09\/69870977_10162489910690077_1063073520373727232_o-672x449.jpg 672w, https:\/\/www.edugestores.pe\/wp-content\/uploads\/2019\/09\/69870977_10162489910690077_1063073520373727232_o-1038x693.jpg 1038w, https:\/\/www.edugestores.pe\/wp-content\/uploads\/2019\/09\/69870977_10162489910690077_1063073520373727232_o-100x67.jpg 100w, https:\/\/www.edugestores.pe\/wp-content\/uploads\/2019\/09\/69870977_10162489910690077_1063073520373727232_o.jpg 1280w\" sizes=\"(max-width: 629px) 100vw, 629px\" \/><\/a><\/p>\n<hr \/>\n<h1 style=\"text-align: justify;\">Art\u00edculos de edugestores<\/h1>\n<p style=\"text-align: justify;\">En agosto sobre todo hubo art\u00edculos enviados por los edugestores:<\/p>\n<p style=\"text-align: justify;\"><a href=\"https:\/\/www.edugestores.pe\/ni-un-docente-menos-las-escuelas-como-microcosmos-de-la-sociedad-un-articulo-de-pilar-biggio\/\">Ni un docente menos: Las escuelas como microcosmos de la sociedad, un art\u00edculo de Pilar Biggio<\/a>. La edugestora y docente de educaci\u00f3n secundaria, ex directora de Educaci\u00f3n Secundaria y actual gerente de Informaci\u00f3n y Educaci\u00f3n Electoral de la ONPE, escribi\u00f3 que &#8220;Ante situaciones de agresi\u00f3n y otro tipo de violencia y vulneraci\u00f3n de derechos de los docentes y estudiantes, la soluci\u00f3n no debe ser un trabajo solo de la comunidad educativa, es un trabajo de la sociedad en su conjunto con el apoyo de las autoridades locales y regionales&#8221;.<\/p>\n<p style=\"text-align: justify;\"><a href=\"https:\/\/www.edugestores.pe\/una-carrera-docente-sin-exclusiones-un-articulo-de-richard-hurtado\/\">Una carrera docente sin exclusiones, un art\u00edculo de Richard Hurtado<\/a>, edugestor, educador apurime\u00f1o, ex director de la DRE Apur\u00edmac, sostuvo en su art\u00edculo que &#8220;Desde el Ministerio de Educaci\u00f3n, los decisores de pol\u00edticas educativas, los que dise\u00f1an las intervenciones requieren repensar, redise\u00f1ar los procesos de desarrollo docente que aliente, que incluya, que motive apasionarse por esta carrera, y no lo contrario&#8221;.<\/p>\n<p style=\"text-align: justify;\"><a href=\"https:\/\/www.edugestores.pe\/tenemos-escuelas-empaticas-con-nuestros-adolescentes-un-articulo-de-pilar-biggio\/\">\u00bfTenemos escuelas emp\u00e1ticas con nuestros adolescentes?<\/a>, un art\u00edculo de Pilar Biggio. La docente y gestora sostuvo que &#8220;Los adolescentes no adolecen de nada, ellos quieren ser escuchados y los adultos debemos escucharlos, orientarlos y animarlos. La convivencia entre docentes y estudiantes en la secundaria debe apuntar a la felicidad&#8221;. Recordemos que este art\u00edculo surgi\u00f3 en el contexto de maltrato de una docente por parte de escolares en una escuela del Callao.<\/p>\n<hr \/>\n<h1 style=\"text-align: justify;\">Resultado de encuesta sobre\u00a0sistematizaci\u00f3n de experiencia regional<\/h1>\n<hr \/>\n<p style=\"text-align: justify;\">Edugestores solicit\u00f3 a los miembros de nuestra comunidad participantes al III Encuentro Nacional de Edugestores\u00a0elegir de entre seis experiencias de gesti\u00f3n descentralizada, dos, a fin de que solo una sea sistematizada. Por acuerdo, tras la votaci\u00f3n, la regi\u00f3n Tacna obtuvo la mayor cantidad de votos. Se trata de la experiencia\u00a0El Centro Psicopedag\u00f3gico para prevenir la deserci\u00f3n y repitencia en la Educaci\u00f3n B\u00e1sica\/ DRE Tacna.<\/p>\n<hr \/>\n<p style=\"text-align: justify;\"><strong>NOTICIAS M\u00c1S VISTAS\u00a0<\/strong><\/p>\n<p style=\"text-align: justify;\"><a href=\"https:\/\/www.edugestores.pe\/patricia-andrade-minedu-prepara-un-nuevo-plan-de-evaluaciones-para-estudiantes\/\">Patricia Andrade: Minedu prepara un nuevo plan de evaluaciones para estudiantes<\/a>\u2013\u00a01242 visitas<br \/>\n<a class=\"row-title\" title=\"Editar \u201cSan Mart\u00edn: \u00edndice de docentes desaprobados preocupa a DRE\u201d\" href=\"https:\/\/www.edugestores.pe\/wp-admin\/post.php?post=23293&amp;action=edit\">San Mart\u00edn: \u00edndice de docentes desaprobados preocupa a DRE<\/a>&#8211; 4111<\/p>\n<hr \/>\n<p style=\"text-align: justify;\"><strong>EDUGESTORES\u00a0REPORTA<\/strong><\/p>\n<p style=\"text-align: justify;\"><strong><a href=\"https:\/\/www.edugestores.pe\/edugestores-reporta-sobre-las-politicas-nacionales-bajo-la-rectoria-o-conduccion-del-minedu\/\">Edugestores reporta: sobre las Pol\u00edticas Nacionales bajo la rector\u00eda o conducci\u00f3n del Minedu<\/a><\/strong><\/p>\n<div class=\"breadcrumb-extra\" style=\"text-align: justify;\"><\/div>\n<p style=\"text-align: justify;\">El Ministerio de Educaci\u00f3n\u00a0public\u00f3 en julio la\u00a0<a href=\"https:\/\/www.edugestores.pe\/docs\/lista-sectorial-de-politicas-nacionales-bajo-la-rectoria-o-conduccion-del-minedu\/\">Lista Sectorial de Pol\u00edticas Nacionales bajo la rector\u00eda o conducci\u00f3n del Minedu<\/a>,\u00a0de acuerdo a los lineamientos del CEPLAN. Es de destacar que seg\u00fan lo aprobado en esta lista, se actualizar\u00e1 la pol\u00edtica de Educaci\u00f3n Intercultural Biling\u00fce, que sigue en vigencia la pol\u00edtica de educaci\u00f3n rural y que se formular\u00e1n pol\u00edticas para la educaci\u00f3n y bienestar de adolescentes, educaci\u00f3n superior y docencia.<\/p>\n","protected":false},"excerpt":{"rendered":"<p>Este es el reporte trimestral de Edugestores con informaci\u00f3n sobre nuestros gestores, aportes, pronunciamientos y datos de nuestra plataforma, de\u00a0julio [&hellip;]<\/p>\n","protected":false},"author":63,"featured_media":23597,"comment_status":"open","ping_status":"open","sticky":false,"template":"","format":"standard","meta":{"spay_email":""},"categories":[1035,125],"tags":[],"yoast_head":"<!-- This site is optimized with the Yoast SEO plugin v18.0 - https:\/\/yoast.com\/wordpress\/plugins\/seo\/ -->\n<title>Edugestores reporta: destacados del tercer trimestre 2019 - Red Peruana de Gestores de la Educaci\u00f3n<\/title>\n<meta name=\"robots\" content=\"index, follow, max-snippet:-1, max-image-preview:large, max-video-preview:-1\" \/>\n<link rel=\"canonical\" href=\"https:\/\/www.edugestores.pe\/?p=23594\" \/>\n<meta property=\"og:locale\" content=\"es_ES\" \/>\n<meta property=\"og:type\" content=\"article\" \/>\n<meta property=\"og:title\" content=\"Edugestores reporta: destacados del tercer trimestre 2019 - Red Peruana de Gestores de la Educaci\u00f3n\" \/>\n<meta property=\"og:description\" content=\"Este es el reporte trimestral de Edugestores con informaci\u00f3n sobre nuestros gestores, aportes, pronunciamientos y datos de nuestra plataforma, de\u00a0julio [&hellip;]\" \/>\n<meta property=\"og:url\" content=\"https:\/\/www.edugestores.pe\/?p=23594\" \/>\n<meta property=\"og:site_name\" content=\"Red Peruana de Gestores de la Educaci\u00f3n\" \/>\n<meta property=\"article:published_time\" content=\"2019-10-06T21:23:41+00:00\" \/>\n<meta property=\"article:modified_time\" content=\"2019-10-23T13:46:56+00:00\" \/>\n<meta property=\"og:image\" content=\"https:\/\/www.edugestores.pe\/wp-content\/uploads\/2019\/10\/CABECERA-EDU-REPORTA-SET-2019.png\" \/>\n\t<meta property=\"og:image:width\" content=\"700\" \/>\n\t<meta property=\"og:image:height\" content=\"100\" \/>\n\t<meta property=\"og:image:type\" content=\"image\/png\" \/>\n<meta name=\"twitter:card\" content=\"summary_large_image\" \/>\n<meta name=\"twitter:label1\" content=\"Escrito por\" \/>\n\t<meta name=\"twitter:data1\" content=\"Administrador\" \/>\n\t<meta name=\"twitter:label2\" content=\"Tiempo de lectura\" \/>\n\t<meta name=\"twitter:data2\" content=\"5 minutos\" \/>\n<script type=\"application\/ld+json\" class=\"yoast-schema-graph\">{\"@context\":\"https:\/\/schema.org\",\"@graph\":[{\"@type\":\"WebSite\",\"@id\":\"https:\/\/www.edugestores.pe\/#website\",\"url\":\"https:\/\/www.edugestores.pe\/\",\"name\":\"Red Peruana de Gestores de la Educaci\u00f3n\",\"description\":\"Red Peruana de Gestores de la Educaci\u00f3n\",\"potentialAction\":[{\"@type\":\"SearchAction\",\"target\":{\"@type\":\"EntryPoint\",\"urlTemplate\":\"https:\/\/www.edugestores.pe\/?s={search_term_string}\"},\"query-input\":\"required name=search_term_string\"}],\"inLanguage\":\"es\"},{\"@type\":\"ImageObject\",\"@id\":\"https:\/\/www.edugestores.pe\/?p=23594#primaryimage\",\"inLanguage\":\"es\",\"url\":\"https:\/\/www.edugestores.pe\/wp-content\/uploads\/2019\/10\/CABECERA-EDU-REPORTA-SET-2019.png\",\"contentUrl\":\"https:\/\/www.edugestores.pe\/wp-content\/uploads\/2019\/10\/CABECERA-EDU-REPORTA-SET-2019.png\",\"width\":700,\"height\":100},{\"@type\":\"WebPage\",\"@id\":\"https:\/\/www.edugestores.pe\/?p=23594#webpage\",\"url\":\"https:\/\/www.edugestores.pe\/?p=23594\",\"name\":\"Edugestores reporta: destacados del tercer trimestre 2019 - Red Peruana de Gestores de la Educaci\u00f3n\",\"isPartOf\":{\"@id\":\"https:\/\/www.edugestores.pe\/#website\"},\"primaryImageOfPage\":{\"@id\":\"https:\/\/www.edugestores.pe\/?p=23594#primaryimage\"},\"datePublished\":\"2019-10-06T21:23:41+00:00\",\"dateModified\":\"2019-10-23T13:46:56+00:00\",\"author\":{\"@id\":\"https:\/\/www.edugestores.pe\/#\/schema\/person\/30dc82f35f5853289037a64b35c7c7d3\"},\"breadcrumb\":{\"@id\":\"https:\/\/www.edugestores.pe\/?p=23594#breadcrumb\"},\"inLanguage\":\"es\",\"potentialAction\":[{\"@type\":\"ReadAction\",\"target\":[\"https:\/\/www.edugestores.pe\/?p=23594\"]}]},{\"@type\":\"BreadcrumbList\",\"@id\":\"https:\/\/www.edugestores.pe\/?p=23594#breadcrumb\",\"itemListElement\":[{\"@type\":\"ListItem\",\"position\":1,\"name\":\"Portada\",\"item\":\"https:\/\/www.edugestores.pe\/\"},{\"@type\":\"ListItem\",\"position\":2,\"name\":\"Edugestores reporta: destacados del tercer trimestre 2019\"}]},{\"@type\":\"Person\",\"@id\":\"https:\/\/www.edugestores.pe\/#\/schema\/person\/30dc82f35f5853289037a64b35c7c7d3\",\"name\":\"Administrador\",\"image\":{\"@type\":\"ImageObject\",\"@id\":\"https:\/\/www.edugestores.pe\/#personlogo\",\"inLanguage\":\"es\",\"url\":\"https:\/\/secure.gravatar.com\/avatar\/70960d1239c4d2c778bb3d2786a3c1ae?s=96&d=mm&r=g\",\"contentUrl\":\"https:\/\/secure.gravatar.com\/avatar\/70960d1239c4d2c778bb3d2786a3c1ae?s=96&d=mm&r=g\",\"caption\":\"Administrador\"},\"url\":\"https:\/\/www.edugestores.pe\/?author=63\"}]}<\/script>\n<!-- \/ Yoast SEO plugin. -->","yoast_head_json":{"title":"Edugestores reporta: destacados del tercer trimestre 2019 - Red Peruana de Gestores de la Educaci\u00f3n","robots":{"index":"index","follow":"follow","max-snippet":"max-snippet:-1","max-image-preview":"max-image-preview:large","max-video-preview":"max-video-preview:-1"},"canonical":"https:\/\/www.edugestores.pe\/?p=23594","og_locale":"es_ES","og_type":"article","og_title":"Edugestores reporta: destacados del tercer trimestre 2019 - Red Peruana de Gestores de la Educaci\u00f3n","og_description":"Este es el reporte trimestral de Edugestores con informaci\u00f3n sobre nuestros gestores, aportes, pronunciamientos y datos de nuestra plataforma, de\u00a0julio [&hellip;]","og_url":"https:\/\/www.edugestores.pe\/?p=23594","og_site_name":"Red Peruana de Gestores de la Educaci\u00f3n","article_published_time":"2019-10-06T21:23:41+00:00","article_modified_time":"2019-10-23T13:46:56+00:00","og_image":[{"width":700,"height":100,"url":"https:\/\/www.edugestores.pe\/wp-content\/uploads\/2019\/10\/CABECERA-EDU-REPORTA-SET-2019.png","type":"image\/png"}],"twitter_card":"summary_large_image","twitter_misc":{"Escrito por":"Administrador","Tiempo de lectura":"5 minutos"},"schema":{"@context":"https:\/\/schema.org","@graph":[{"@type":"WebSite","@id":"https:\/\/www.edugestores.pe\/#website","url":"https:\/\/www.edugestores.pe\/","name":"Red Peruana de Gestores de la Educaci\u00f3n","description":"Red Peruana de Gestores de la Educaci\u00f3n","potentialAction":[{"@type":"SearchAction","target":{"@type":"EntryPoint","urlTemplate":"https:\/\/www.edugestores.pe\/?s={search_term_string}"},"query-input":"required name=search_term_string"}],"inLanguage":"es"},{"@type":"ImageObject","@id":"https:\/\/www.edugestores.pe\/?p=23594#primaryimage","inLanguage":"es","url":"https:\/\/www.edugestores.pe\/wp-content\/uploads\/2019\/10\/CABECERA-EDU-REPORTA-SET-2019.png","contentUrl":"https:\/\/www.edugestores.pe\/wp-content\/uploads\/2019\/10\/CABECERA-EDU-REPORTA-SET-2019.png","width":700,"height":100},{"@type":"WebPage","@id":"https:\/\/www.edugestores.pe\/?p=23594#webpage","url":"https:\/\/www.edugestores.pe\/?p=23594","name":"Edugestores reporta: destacados del tercer trimestre 2019 - Red Peruana de Gestores de la Educaci\u00f3n","isPartOf":{"@id":"https:\/\/www.edugestores.pe\/#website"},"primaryImageOfPage":{"@id":"https:\/\/www.edugestores.pe\/?p=23594#primaryimage"},"datePublished":"2019-10-06T21:23:41+00:00","dateModified":"2019-10-23T13:46:56+00:00","author":{"@id":"https:\/\/www.edugestores.pe\/#\/schema\/person\/30dc82f35f5853289037a64b35c7c7d3"},"breadcrumb":{"@id":"https:\/\/www.edugestores.pe\/?p=23594#breadcrumb"},"inLanguage":"es","potentialAction":[{"@type":"ReadAction","target":["https:\/\/www.edugestores.pe\/?p=23594"]}]},{"@type":"BreadcrumbList","@id":"https:\/\/www.edugestores.pe\/?p=23594#breadcrumb","itemListElement":[{"@type":"ListItem","position":1,"name":"Portada","item":"https:\/\/www.edugestores.pe\/"},{"@type":"ListItem","position":2,"name":"Edugestores reporta: destacados del tercer trimestre 2019"}]},{"@type":"Person","@id":"https:\/\/www.edugestores.pe\/#\/schema\/person\/30dc82f35f5853289037a64b35c7c7d3","name":"Administrador","image":{"@type":"ImageObject","@id":"https:\/\/www.edugestores.pe\/#personlogo","inLanguage":"es","url":"https:\/\/secure.gravatar.com\/avatar\/70960d1239c4d2c778bb3d2786a3c1ae?s=96&d=mm&r=g","contentUrl":"https:\/\/secure.gravatar.com\/avatar\/70960d1239c4d2c778bb3d2786a3c1ae?s=96&d=mm&r=g","caption":"Administrador"},"url":"https:\/\/www.edugestores.pe\/?author=63"}]}},"jetpack_featured_media_url":"https:\/\/www.edugestores.pe\/wp-content\/uploads\/2019\/10\/CABECERA-EDU-REPORTA-SET-2019.png","_links":{"self":[{"href":"https:\/\/www.edugestores.pe\/index.php?rest_route=\/wp\/v2\/posts\/23594"}],"collection":[{"href":"https:\/\/www.edugestores.pe\/index.php?rest_route=\/wp\/v2\/posts"}],"about":[{"href":"https:\/\/www.edugestores.pe\/index.php?rest_route=\/wp\/v2\/types\/post"}],"author":[{"embeddable":true,"href":"https:\/\/www.edugestores.pe\/index.php?rest_route=\/wp\/v2\/users\/63"}],"replies":[{"embeddable":true,"href":"https:\/\/www.edugestores.pe\/index.php?rest_route=%2Fwp%2Fv2%2Fcomments&post=23594"}],"version-history":[{"count":4,"href":"https:\/\/www.edugestores.pe\/index.php?rest_route=\/wp\/v2\/posts\/23594\/revisions"}],"predecessor-version":[{"id":23685,"href":"https:\/\/www.edugestores.pe\/index.php?rest_route=\/wp\/v2\/posts\/23594\/revisions\/23685"}],"wp:featuredmedia":[{"embeddable":true,"href":"https:\/\/www.edugestores.pe\/index.php?rest_route=\/wp\/v2\/media\/23597"}],"wp:attachment":[{"href":"https:\/\/www.edugestores.pe\/index.php?rest_route=%2Fwp%2Fv2%2Fmedia&parent=23594"}],"wp:term":[{"taxonomy":"category","embeddable":true,"href":"https:\/\/www.edugestores.pe\/index.php?rest_route=%2Fwp%2Fv2%2Fcategories&post=23594"},{"taxonomy":"post_tag","embeddable":true,"href":"https:\/\/www.edugestores.pe\/index.php?rest_route=%2Fwp%2Fv2%2Ftags&post=23594"}],"curies":[{"name":"wp","href":"https:\/\/api.w.org\/{rel}","templated":true}]}}