{"id":23599,"date":"2019-10-06T17:26:24","date_gmt":"2019-10-06T22:26:24","guid":{"rendered":"https:\/\/www.edugestores.pe\/?p=23599"},"modified":"2019-10-22T11:18:29","modified_gmt":"2019-10-22T16:18:29","slug":"se-reinstalo-comision-intergubernamental-del-sector-educacion","status":"publish","type":"post","link":"https:\/\/www.edugestores.pe\/?p=23599","title":{"rendered":"Se reinstal\u00f3 Comisi\u00f3n Intergubernamental del sector Educaci\u00f3n"},"content":{"rendered":"<p style=\"text-align: justify;\">El Ministerio de Educaci\u00f3n (Minedu), los gobiernos regionales y locales trabajar\u00e1n en mesas t\u00e9cnicas intergubernamentales para ordenar el servicio educativo y asegurar, de esta manera, el acceso de los ni\u00f1os y j\u00f3venes al sistema educativo, inform\u00f3 el citado portafolio.<\/p>\n<p style=\"text-align: justify;\">En una reuni\u00f3n, los representantes de las tres instancias acordaron alinear criterios con el fin de priorizar proyectos orientados a cerrar las brechas de infraestructura educativa y se comprometieron a trabajar de manera conjunta para el Buen Inicio del A\u00f1o Escolar (BIEA) 2020.<\/p>\n<p style=\"text-align: justify;\">Para tal fin, coordinar\u00e1n la programaci\u00f3n y ejecuci\u00f3n de gastos, as\u00ed como el cumplimiento de hitos claves de procesos como la contrataci\u00f3n docente, la distribuci\u00f3n de materiales y el mantenimiento de locales escolares.<\/p>\n<p style=\"text-align: justify;\">Los compromisos se acordaron durante la reuni\u00f3n de la Comisi\u00f3n Intergubernamental del sector Educaci\u00f3n, que cont\u00f3 con la participaci\u00f3n de la ministra Flor Pablo; el titular de la Asamblea Nacional de Gobiernos Regionales (ANGR), Mes\u00edas Guevara; el secretario de Coordinaci\u00f3n Interregional de la Asociaci\u00f3n de Municipalidades del Per\u00fa (Ampe), Michael Carrasco, entre otras autoridades.<\/p>\n<p style=\"text-align: justify;\"><strong>Normas.\u00a0<\/strong>El Minedu emitir\u00e1 las normas t\u00e9cnicas requeridas antes del 31 del presente mes para que las regiones, mediante direcciones regionales de educaci\u00f3n (DRE) y unidades de gesti\u00f3n local (UGEL), puedan adoptar los procedimientos oportunos destinados a garantizar el buen inicio del pr\u00f3ximo a\u00f1o escolar.<\/p>\n<p style=\"text-align: justify;\">El plan nacional de infraestructura educativa y el Sistema Descentralizado de Asistencia T\u00e9cnica (Asitec) son instrumentos que facilitar\u00e1n la priorizaci\u00f3n de proyectos y la elaboraci\u00f3n de expedientes t\u00e9cnicos para nuevas obras, siempre desde el enfoque del cierre de brechas.<\/p>\n<p style=\"text-align: justify;\"><strong>Presupuestos.\u00a0<\/strong>Mejorar\u00e1n asimismo el proceso de articulaci\u00f3n e integraci\u00f3n de la informaci\u00f3n presupuestal, los indicadores de seguimiento a compromisos de desempe\u00f1o y acciones para el BIAE 2020, mediante un sistema de monitoreo integrado que permitir\u00e1 manejar informaci\u00f3n a todo nivel para la toma de decisiones, detall\u00f3 el Minedu.<\/p>\n<p style=\"text-align: justify;\"><strong>Labor descentralizada.\u00a0<\/strong>Flor Pablo sostuvo que se debe optimizar la gesti\u00f3n descentralizada en busca de mejorar la calidad educativa a escala nacional. Con ese objetivo, se fortaleci\u00f3 el compromiso de las regiones y comunas para que m\u00e1s alumnos culminen satisfactoriamente sus estudios en los tiempos establecidos y cuenten con mayores oportunidades de desarrollo en su ciclo de vida.<\/p>\n<p style=\"text-align: justify;\">El Minedu, dijo, trabaja para mejorar los procesos de racionalizaci\u00f3n de plazas, acceso a los servicios educativos y de distribuci\u00f3n de materiales educativos, as\u00ed como el presupuesto para construir colegios con el fin de cerrar la brecha que existe en infraestructura.<\/p>\n<p style=\"text-align: justify;\">Tomado de El Peruano.<\/p>\n","protected":false},"excerpt":{"rendered":"<p>El Ministerio de Educaci\u00f3n (Minedu), los gobiernos regionales y locales trabajar\u00e1n en mesas t\u00e9cnicas intergubernamentales para ordenar el servicio educativo [&hellip;]<\/p>\n","protected":false},"author":63,"featured_media":23602,"comment_status":"open","ping_status":"open","sticky":false,"template":"","format":"standard","meta":{"spay_email":""},"categories":[125],"tags":[],"yoast_head":"<!-- This site is optimized with the Yoast SEO plugin v18.0 - https:\/\/yoast.com\/wordpress\/plugins\/seo\/ -->\n<title>Se reinstal\u00f3 Comisi\u00f3n Intergubernamental del sector Educaci\u00f3n - Red Peruana de Gestores de la Educaci\u00f3n<\/title>\n<meta name=\"robots\" content=\"index, follow, max-snippet:-1, max-image-preview:large, max-video-preview:-1\" \/>\n<link rel=\"canonical\" href=\"https:\/\/www.edugestores.pe\/?p=23599\" \/>\n<meta property=\"og:locale\" content=\"es_ES\" \/>\n<meta property=\"og:type\" content=\"article\" \/>\n<meta property=\"og:title\" content=\"Se reinstal\u00f3 Comisi\u00f3n Intergubernamental del sector Educaci\u00f3n - Red Peruana de Gestores de la Educaci\u00f3n\" \/>\n<meta property=\"og:description\" content=\"El Ministerio de Educaci\u00f3n (Minedu), los gobiernos regionales y locales trabajar\u00e1n en mesas t\u00e9cnicas intergubernamentales para ordenar el servicio educativo [&hellip;]\" \/>\n<meta property=\"og:url\" content=\"https:\/\/www.edugestores.pe\/?p=23599\" \/>\n<meta property=\"og:site_name\" content=\"Red Peruana de Gestores de la Educaci\u00f3n\" \/>\n<meta property=\"article:published_time\" content=\"2019-10-06T22:26:24+00:00\" \/>\n<meta property=\"article:modified_time\" content=\"2019-10-22T16:18:29+00:00\" \/>\n<meta property=\"og:image\" content=\"https:\/\/www.edugestores.pe\/wp-content\/uploads\/2019\/10\/WhatsApp-Image-2019-10-06-at-5.33.18-PM1.jpeg\" \/>\n\t<meta property=\"og:image:width\" content=\"1280\" \/>\n\t<meta property=\"og:image:height\" content=\"853\" \/>\n\t<meta property=\"og:image:type\" content=\"image\/jpeg\" \/>\n<meta name=\"twitter:card\" content=\"summary_large_image\" \/>\n<meta name=\"twitter:label1\" content=\"Escrito por\" \/>\n\t<meta name=\"twitter:data1\" content=\"Administrador\" \/>\n\t<meta name=\"twitter:label2\" content=\"Tiempo de lectura\" \/>\n\t<meta name=\"twitter:data2\" content=\"2 minutos\" \/>\n<script type=\"application\/ld+json\" class=\"yoast-schema-graph\">{\"@context\":\"https:\/\/schema.org\",\"@graph\":[{\"@type\":\"WebSite\",\"@id\":\"https:\/\/www.edugestores.pe\/#website\",\"url\":\"https:\/\/www.edugestores.pe\/\",\"name\":\"Red Peruana de Gestores de la Educaci\u00f3n\",\"description\":\"Red Peruana de Gestores de la Educaci\u00f3n\",\"potentialAction\":[{\"@type\":\"SearchAction\",\"target\":{\"@type\":\"EntryPoint\",\"urlTemplate\":\"https:\/\/www.edugestores.pe\/?s={search_term_string}\"},\"query-input\":\"required name=search_term_string\"}],\"inLanguage\":\"es\"},{\"@type\":\"ImageObject\",\"@id\":\"https:\/\/www.edugestores.pe\/?p=23599#primaryimage\",\"inLanguage\":\"es\",\"url\":\"https:\/\/www.edugestores.pe\/wp-content\/uploads\/2019\/10\/WhatsApp-Image-2019-10-06-at-5.33.18-PM1.jpeg\",\"contentUrl\":\"https:\/\/www.edugestores.pe\/wp-content\/uploads\/2019\/10\/WhatsApp-Image-2019-10-06-at-5.33.18-PM1.jpeg\",\"width\":1280,\"height\":853},{\"@type\":\"WebPage\",\"@id\":\"https:\/\/www.edugestores.pe\/?p=23599#webpage\",\"url\":\"https:\/\/www.edugestores.pe\/?p=23599\",\"name\":\"Se reinstal\u00f3 Comisi\u00f3n Intergubernamental del sector Educaci\u00f3n - Red Peruana de Gestores de la Educaci\u00f3n\",\"isPartOf\":{\"@id\":\"https:\/\/www.edugestores.pe\/#website\"},\"primaryImageOfPage\":{\"@id\":\"https:\/\/www.edugestores.pe\/?p=23599#primaryimage\"},\"datePublished\":\"2019-10-06T22:26:24+00:00\",\"dateModified\":\"2019-10-22T16:18:29+00:00\",\"author\":{\"@id\":\"https:\/\/www.edugestores.pe\/#\/schema\/person\/30dc82f35f5853289037a64b35c7c7d3\"},\"breadcrumb\":{\"@id\":\"https:\/\/www.edugestores.pe\/?p=23599#breadcrumb\"},\"inLanguage\":\"es\",\"potentialAction\":[{\"@type\":\"ReadAction\",\"target\":[\"https:\/\/www.edugestores.pe\/?p=23599\"]}]},{\"@type\":\"BreadcrumbList\",\"@id\":\"https:\/\/www.edugestores.pe\/?p=23599#breadcrumb\",\"itemListElement\":[{\"@type\":\"ListItem\",\"position\":1,\"name\":\"Portada\",\"item\":\"https:\/\/www.edugestores.pe\/\"},{\"@type\":\"ListItem\",\"position\":2,\"name\":\"Se reinstal\u00f3 Comisi\u00f3n Intergubernamental del sector Educaci\u00f3n\"}]},{\"@type\":\"Person\",\"@id\":\"https:\/\/www.edugestores.pe\/#\/schema\/person\/30dc82f35f5853289037a64b35c7c7d3\",\"name\":\"Administrador\",\"image\":{\"@type\":\"ImageObject\",\"@id\":\"https:\/\/www.edugestores.pe\/#personlogo\",\"inLanguage\":\"es\",\"url\":\"https:\/\/secure.gravatar.com\/avatar\/70960d1239c4d2c778bb3d2786a3c1ae?s=96&d=mm&r=g\",\"contentUrl\":\"https:\/\/secure.gravatar.com\/avatar\/70960d1239c4d2c778bb3d2786a3c1ae?s=96&d=mm&r=g\",\"caption\":\"Administrador\"},\"url\":\"https:\/\/www.edugestores.pe\/?author=63\"}]}<\/script>\n<!-- \/ Yoast SEO plugin. -->","yoast_head_json":{"title":"Se reinstal\u00f3 Comisi\u00f3n Intergubernamental del sector Educaci\u00f3n - Red Peruana de Gestores de la Educaci\u00f3n","robots":{"index":"index","follow":"follow","max-snippet":"max-snippet:-1","max-image-preview":"max-image-preview:large","max-video-preview":"max-video-preview:-1"},"canonical":"https:\/\/www.edugestores.pe\/?p=23599","og_locale":"es_ES","og_type":"article","og_title":"Se reinstal\u00f3 Comisi\u00f3n Intergubernamental del sector Educaci\u00f3n - Red Peruana de Gestores de la Educaci\u00f3n","og_description":"El Ministerio de Educaci\u00f3n (Minedu), los gobiernos regionales y locales trabajar\u00e1n en mesas t\u00e9cnicas intergubernamentales para ordenar el servicio educativo [&hellip;]","og_url":"https:\/\/www.edugestores.pe\/?p=23599","og_site_name":"Red Peruana de Gestores de la Educaci\u00f3n","article_published_time":"2019-10-06T22:26:24+00:00","article_modified_time":"2019-10-22T16:18:29+00:00","og_image":[{"width":1280,"height":853,"url":"https:\/\/www.edugestores.pe\/wp-content\/uploads\/2019\/10\/WhatsApp-Image-2019-10-06-at-5.33.18-PM1.jpeg","type":"image\/jpeg"}],"twitter_card":"summary_large_image","twitter_misc":{"Escrito por":"Administrador","Tiempo de lectura":"2 minutos"},"schema":{"@context":"https:\/\/schema.org","@graph":[{"@type":"WebSite","@id":"https:\/\/www.edugestores.pe\/#website","url":"https:\/\/www.edugestores.pe\/","name":"Red Peruana de Gestores de la Educaci\u00f3n","description":"Red Peruana de Gestores de la Educaci\u00f3n","potentialAction":[{"@type":"SearchAction","target":{"@type":"EntryPoint","urlTemplate":"https:\/\/www.edugestores.pe\/?s={search_term_string}"},"query-input":"required name=search_term_string"}],"inLanguage":"es"},{"@type":"ImageObject","@id":"https:\/\/www.edugestores.pe\/?p=23599#primaryimage","inLanguage":"es","url":"https:\/\/www.edugestores.pe\/wp-content\/uploads\/2019\/10\/WhatsApp-Image-2019-10-06-at-5.33.18-PM1.jpeg","contentUrl":"https:\/\/www.edugestores.pe\/wp-content\/uploads\/2019\/10\/WhatsApp-Image-2019-10-06-at-5.33.18-PM1.jpeg","width":1280,"height":853},{"@type":"WebPage","@id":"https:\/\/www.edugestores.pe\/?p=23599#webpage","url":"https:\/\/www.edugestores.pe\/?p=23599","name":"Se reinstal\u00f3 Comisi\u00f3n Intergubernamental del sector Educaci\u00f3n - Red Peruana de Gestores de la Educaci\u00f3n","isPartOf":{"@id":"https:\/\/www.edugestores.pe\/#website"},"primaryImageOfPage":{"@id":"https:\/\/www.edugestores.pe\/?p=23599#primaryimage"},"datePublished":"2019-10-06T22:26:24+00:00","dateModified":"2019-10-22T16:18:29+00:00","author":{"@id":"https:\/\/www.edugestores.pe\/#\/schema\/person\/30dc82f35f5853289037a64b35c7c7d3"},"breadcrumb":{"@id":"https:\/\/www.edugestores.pe\/?p=23599#breadcrumb"},"inLanguage":"es","potentialAction":[{"@type":"ReadAction","target":["https:\/\/www.edugestores.pe\/?p=23599"]}]},{"@type":"BreadcrumbList","@id":"https:\/\/www.edugestores.pe\/?p=23599#breadcrumb","itemListElement":[{"@type":"ListItem","position":1,"name":"Portada","item":"https:\/\/www.edugestores.pe\/"},{"@type":"ListItem","position":2,"name":"Se reinstal\u00f3 Comisi\u00f3n Intergubernamental del sector Educaci\u00f3n"}]},{"@type":"Person","@id":"https:\/\/www.edugestores.pe\/#\/schema\/person\/30dc82f35f5853289037a64b35c7c7d3","name":"Administrador","image":{"@type":"ImageObject","@id":"https:\/\/www.edugestores.pe\/#personlogo","inLanguage":"es","url":"https:\/\/secure.gravatar.com\/avatar\/70960d1239c4d2c778bb3d2786a3c1ae?s=96&d=mm&r=g","contentUrl":"https:\/\/secure.gravatar.com\/avatar\/70960d1239c4d2c778bb3d2786a3c1ae?s=96&d=mm&r=g","caption":"Administrador"},"url":"https:\/\/www.edugestores.pe\/?author=63"}]}},"jetpack_featured_media_url":"https:\/\/www.edugestores.pe\/wp-content\/uploads\/2019\/10\/WhatsApp-Image-2019-10-06-at-5.33.18-PM1.jpeg","_links":{"self":[{"href":"https:\/\/www.edugestores.pe\/index.php?rest_route=\/wp\/v2\/posts\/23599"}],"collection":[{"href":"https:\/\/www.edugestores.pe\/index.php?rest_route=\/wp\/v2\/posts"}],"about":[{"href":"https:\/\/www.edugestores.pe\/index.php?rest_route=\/wp\/v2\/types\/post"}],"author":[{"embeddable":true,"href":"https:\/\/www.edugestores.pe\/index.php?rest_route=\/wp\/v2\/users\/63"}],"replies":[{"embeddable":true,"href":"https:\/\/www.edugestores.pe\/index.php?rest_route=%2Fwp%2Fv2%2Fcomments&post=23599"}],"version-history":[{"count":4,"href":"https:\/\/www.edugestores.pe\/index.php?rest_route=\/wp\/v2\/posts\/23599\/revisions"}],"predecessor-version":[{"id":23605,"href":"https:\/\/www.edugestores.pe\/index.php?rest_route=\/wp\/v2\/posts\/23599\/revisions\/23605"}],"wp:featuredmedia":[{"embeddable":true,"href":"https:\/\/www.edugestores.pe\/index.php?rest_route=\/wp\/v2\/media\/23602"}],"wp:attachment":[{"href":"https:\/\/www.edugestores.pe\/index.php?rest_route=%2Fwp%2Fv2%2Fmedia&parent=23599"}],"wp:term":[{"taxonomy":"category","embeddable":true,"href":"https:\/\/www.edugestores.pe\/index.php?rest_route=%2Fwp%2Fv2%2Fcategories&post=23599"},{"taxonomy":"post_tag","embeddable":true,"href":"https:\/\/www.edugestores.pe\/index.php?rest_route=%2Fwp%2Fv2%2Ftags&post=23599"}],"curies":[{"name":"wp","href":"https:\/\/api.w.org\/{rel}","templated":true}]}}