{"id":23608,"date":"2019-10-06T20:00:20","date_gmt":"2019-10-07T01:00:20","guid":{"rendered":"https:\/\/www.edugestores.pe\/?p=23608"},"modified":"2019-12-01T23:37:22","modified_gmt":"2019-12-02T04:37:22","slug":"ugel-paruro-unidos-por-una-eib-de-calidad-y-pertinencia","status":"publish","type":"post","link":"https:\/\/www.edugestores.pe\/?p=23608","title":{"rendered":"UGEL Paruro: Unidos por una EIB de calidad y pertinencia"},"content":{"rendered":"<p style=\"text-align: justify;\">En la regi\u00f3n Cusco, \u00a0el 72 %\u00a0 de estudiantes deber\u00eda recibir una educaci\u00f3n que respete su lengua y su cultura, es decir una Educaci\u00f3n Intercultural Biling\u00fce. Desde esta premia, la UGEL Paruro con el liderazgo de su director, Elias Melendrez Velasco, \u00a0conocedor de esta realidad\u00a0 y consciente de que la Educaci\u00f3n Intercultural Biling\u00fce es un derecho de los ni\u00f1os, ni\u00f1as, adolescentes y j\u00f3venes parure\u00f1os; viene brindando condiciones favorables para el desarrollo de una EIB\u00a0 modelo, en el 100% de las IE de su jurisdicci\u00f3n.<\/p>\n<p style=\"text-align: justify;\">El mi\u00e9rcoles 2 de octubre del presente a\u00f1o, la UGEL Paruro fue anfitriona y recibi\u00f3 a autoridades educativas de la regi\u00f3n, como la directora regional de Educaci\u00f3n, Ruth B\u00e1ez Quispe, directores de asesoramiento, de l\u00ednea y de apoyo\u00a0 de la DRE, as\u00ed mismo a los directores y jefes de \u00e1rea de la UGEL\u00a0 Quispicanchi, UGEL Paucartambo, UGEL Anta y la UGEL Canchis; y con la presencia de la coordinadora Digeibira del Ministerio de Educacip\u00f3n, Amparo Campos, en una pasant\u00eda organizada por Tarea y la UGEL Paruro,\u00a0 en la Instituci\u00f3n Intercultural Biling\u00fce N\u00b0 50888 de San Juan de Taray del Distrito de Yaurisque &#8211; Paruro.<\/p>\n<p style=\"text-align: justify;\">Este encuentro tuvo como objetivo compartir experiencias de trabajo pedag\u00f3gico con el \u00e1nimo de fortalecer la identidad, la cultura y el buen vivir de\u00a0los y las estudiantes en toda la regi\u00f3n Cusco.<\/p>\n<p style=\"text-align: justify;\">En este intercambio de experiencias en educaci\u00f3n intercultural biling\u00fce (EIB) los protagonistas fueron los estudiantes, docentes, directivos y padres de familia,\u00a0 quienes ofrecieron una c\u00e1lida recepci\u00f3n a todos los visitantes, logrando un di\u00e1logo intercultural entre visitantes y estudiantes. Posteriormente\u00a0se dieron las palabras de las autoridades, asimismo, se pudo apreciar una jornada pedag\u00f3gica intercultural con los estudiantes, la exposici\u00f3n de sus proyectos, un delicioso compartir del almuerzo andino y, finalmente, un khasway (despedida andina).<\/p>\n<p style=\"text-align: justify;\">La EIB plantea retos a la ense\u00f1anza y son las propias regiones, comunidades originarias, y los maestros de esas escuelas, las que se han convertido en un aliado importante de los esfuerzos desarrollados por el estado peruano, asumiendo con compromiso su rol educativo, como es el caso de la IE San Juan de Taray y de la UGEL\u00a0 Paruro.<\/p>\n<p style=\"text-align: justify;\">Nota de prensa de la UGEL Paruro<\/p>\n<p><img decoding=\"async\" loading=\"lazy\" class=\"  wp-image-23610 aligncenter\" src=\"https:\/\/www.edugestores.pe\/wp-content\/uploads\/2019\/10\/FOTO-GRUPAL-UGEL-PARURO-1024x768.jpeg\" alt=\"FOTO GRUPAL UGEL PARURO\" width=\"649\" height=\"487\" srcset=\"https:\/\/www.edugestores.pe\/wp-content\/uploads\/2019\/10\/FOTO-GRUPAL-UGEL-PARURO-1024x768.jpeg 1024w, https:\/\/www.edugestores.pe\/wp-content\/uploads\/2019\/10\/FOTO-GRUPAL-UGEL-PARURO-300x225.jpeg 300w, https:\/\/www.edugestores.pe\/wp-content\/uploads\/2019\/10\/FOTO-GRUPAL-UGEL-PARURO-672x504.jpeg 672w, https:\/\/www.edugestores.pe\/wp-content\/uploads\/2019\/10\/FOTO-GRUPAL-UGEL-PARURO-1038x779.jpeg 1038w, https:\/\/www.edugestores.pe\/wp-content\/uploads\/2019\/10\/FOTO-GRUPAL-UGEL-PARURO-100x75.jpeg 100w, https:\/\/www.edugestores.pe\/wp-content\/uploads\/2019\/10\/FOTO-GRUPAL-UGEL-PARURO.jpeg 1280w\" sizes=\"(max-width: 649px) 100vw, 649px\" \/><\/p>\n<p>&nbsp;<\/p>\n<p>&nbsp;<\/p>\n<p>&nbsp;<\/p>\n<p>&nbsp;<\/p>\n<p>&nbsp;<\/p>\n","protected":false},"excerpt":{"rendered":"<p>En la regi\u00f3n Cusco, \u00a0el 72 %\u00a0 de estudiantes deber\u00eda recibir una educaci\u00f3n que respete su lengua y su cultura, [&hellip;]<\/p>\n","protected":false},"author":63,"featured_media":23609,"comment_status":"open","ping_status":"open","sticky":false,"template":"","format":"standard","meta":{"spay_email":""},"categories":[125],"tags":[],"yoast_head":"<!-- This site is optimized with the Yoast SEO plugin v18.0 - https:\/\/yoast.com\/wordpress\/plugins\/seo\/ -->\n<title>UGEL Paruro: Unidos por una EIB de calidad y pertinencia - Red Peruana de Gestores de la Educaci\u00f3n<\/title>\n<meta name=\"robots\" content=\"index, follow, max-snippet:-1, max-image-preview:large, max-video-preview:-1\" \/>\n<link rel=\"canonical\" href=\"https:\/\/www.edugestores.pe\/?p=23608\" \/>\n<meta property=\"og:locale\" content=\"es_ES\" \/>\n<meta property=\"og:type\" content=\"article\" \/>\n<meta property=\"og:title\" content=\"UGEL Paruro: Unidos por una EIB de calidad y pertinencia - Red Peruana de Gestores de la Educaci\u00f3n\" \/>\n<meta property=\"og:description\" content=\"En la regi\u00f3n Cusco, \u00a0el 72 %\u00a0 de estudiantes deber\u00eda recibir una educaci\u00f3n que respete su lengua y su cultura, [&hellip;]\" \/>\n<meta property=\"og:url\" content=\"https:\/\/www.edugestores.pe\/?p=23608\" \/>\n<meta property=\"og:site_name\" content=\"Red Peruana de Gestores de la Educaci\u00f3n\" \/>\n<meta property=\"article:published_time\" content=\"2019-10-07T01:00:20+00:00\" \/>\n<meta property=\"article:modified_time\" content=\"2019-12-02T04:37:22+00:00\" \/>\n<meta property=\"og:image\" content=\"https:\/\/www.edugestores.pe\/wp-content\/uploads\/2019\/10\/COMPARTIR-EIB-e1570410082178.jpeg\" \/>\n\t<meta property=\"og:image:width\" content=\"800\" \/>\n\t<meta property=\"og:image:height\" content=\"600\" \/>\n\t<meta property=\"og:image:type\" content=\"image\/jpeg\" \/>\n<meta name=\"twitter:card\" content=\"summary_large_image\" \/>\n<meta name=\"twitter:label1\" content=\"Escrito por\" \/>\n\t<meta name=\"twitter:data1\" content=\"Administrador\" \/>\n\t<meta name=\"twitter:label2\" content=\"Tiempo de lectura\" \/>\n\t<meta name=\"twitter:data2\" content=\"2 minutos\" \/>\n<script type=\"application\/ld+json\" class=\"yoast-schema-graph\">{\"@context\":\"https:\/\/schema.org\",\"@graph\":[{\"@type\":\"WebSite\",\"@id\":\"https:\/\/www.edugestores.pe\/#website\",\"url\":\"https:\/\/www.edugestores.pe\/\",\"name\":\"Red Peruana de Gestores de la Educaci\u00f3n\",\"description\":\"Red Peruana de Gestores de la Educaci\u00f3n\",\"potentialAction\":[{\"@type\":\"SearchAction\",\"target\":{\"@type\":\"EntryPoint\",\"urlTemplate\":\"https:\/\/www.edugestores.pe\/?s={search_term_string}\"},\"query-input\":\"required name=search_term_string\"}],\"inLanguage\":\"es\"},{\"@type\":\"ImageObject\",\"@id\":\"https:\/\/www.edugestores.pe\/?p=23608#primaryimage\",\"inLanguage\":\"es\",\"url\":\"https:\/\/www.edugestores.pe\/wp-content\/uploads\/2019\/10\/COMPARTIR-EIB-e1570410082178.jpeg\",\"contentUrl\":\"https:\/\/www.edugestores.pe\/wp-content\/uploads\/2019\/10\/COMPARTIR-EIB-e1570410082178.jpeg\",\"width\":800,\"height\":600},{\"@type\":\"WebPage\",\"@id\":\"https:\/\/www.edugestores.pe\/?p=23608#webpage\",\"url\":\"https:\/\/www.edugestores.pe\/?p=23608\",\"name\":\"UGEL Paruro: Unidos por una EIB de calidad y pertinencia - Red Peruana de Gestores de la Educaci\u00f3n\",\"isPartOf\":{\"@id\":\"https:\/\/www.edugestores.pe\/#website\"},\"primaryImageOfPage\":{\"@id\":\"https:\/\/www.edugestores.pe\/?p=23608#primaryimage\"},\"datePublished\":\"2019-10-07T01:00:20+00:00\",\"dateModified\":\"2019-12-02T04:37:22+00:00\",\"author\":{\"@id\":\"https:\/\/www.edugestores.pe\/#\/schema\/person\/30dc82f35f5853289037a64b35c7c7d3\"},\"breadcrumb\":{\"@id\":\"https:\/\/www.edugestores.pe\/?p=23608#breadcrumb\"},\"inLanguage\":\"es\",\"potentialAction\":[{\"@type\":\"ReadAction\",\"target\":[\"https:\/\/www.edugestores.pe\/?p=23608\"]}]},{\"@type\":\"BreadcrumbList\",\"@id\":\"https:\/\/www.edugestores.pe\/?p=23608#breadcrumb\",\"itemListElement\":[{\"@type\":\"ListItem\",\"position\":1,\"name\":\"Portada\",\"item\":\"https:\/\/www.edugestores.pe\/\"},{\"@type\":\"ListItem\",\"position\":2,\"name\":\"UGEL Paruro: Unidos por una EIB de calidad y pertinencia\"}]},{\"@type\":\"Person\",\"@id\":\"https:\/\/www.edugestores.pe\/#\/schema\/person\/30dc82f35f5853289037a64b35c7c7d3\",\"name\":\"Administrador\",\"image\":{\"@type\":\"ImageObject\",\"@id\":\"https:\/\/www.edugestores.pe\/#personlogo\",\"inLanguage\":\"es\",\"url\":\"https:\/\/secure.gravatar.com\/avatar\/70960d1239c4d2c778bb3d2786a3c1ae?s=96&d=mm&r=g\",\"contentUrl\":\"https:\/\/secure.gravatar.com\/avatar\/70960d1239c4d2c778bb3d2786a3c1ae?s=96&d=mm&r=g\",\"caption\":\"Administrador\"},\"url\":\"https:\/\/www.edugestores.pe\/?author=63\"}]}<\/script>\n<!-- \/ Yoast SEO plugin. -->","yoast_head_json":{"title":"UGEL Paruro: Unidos por una EIB de calidad y pertinencia - Red Peruana de Gestores de la Educaci\u00f3n","robots":{"index":"index","follow":"follow","max-snippet":"max-snippet:-1","max-image-preview":"max-image-preview:large","max-video-preview":"max-video-preview:-1"},"canonical":"https:\/\/www.edugestores.pe\/?p=23608","og_locale":"es_ES","og_type":"article","og_title":"UGEL Paruro: Unidos por una EIB de calidad y pertinencia - Red Peruana de Gestores de la Educaci\u00f3n","og_description":"En la regi\u00f3n Cusco, \u00a0el 72 %\u00a0 de estudiantes deber\u00eda recibir una educaci\u00f3n que respete su lengua y su cultura, [&hellip;]","og_url":"https:\/\/www.edugestores.pe\/?p=23608","og_site_name":"Red Peruana de Gestores de la Educaci\u00f3n","article_published_time":"2019-10-07T01:00:20+00:00","article_modified_time":"2019-12-02T04:37:22+00:00","og_image":[{"width":800,"height":600,"url":"https:\/\/www.edugestores.pe\/wp-content\/uploads\/2019\/10\/COMPARTIR-EIB-e1570410082178.jpeg","type":"image\/jpeg"}],"twitter_card":"summary_large_image","twitter_misc":{"Escrito por":"Administrador","Tiempo de lectura":"2 minutos"},"schema":{"@context":"https:\/\/schema.org","@graph":[{"@type":"WebSite","@id":"https:\/\/www.edugestores.pe\/#website","url":"https:\/\/www.edugestores.pe\/","name":"Red Peruana de Gestores de la Educaci\u00f3n","description":"Red Peruana de Gestores de la Educaci\u00f3n","potentialAction":[{"@type":"SearchAction","target":{"@type":"EntryPoint","urlTemplate":"https:\/\/www.edugestores.pe\/?s={search_term_string}"},"query-input":"required name=search_term_string"}],"inLanguage":"es"},{"@type":"ImageObject","@id":"https:\/\/www.edugestores.pe\/?p=23608#primaryimage","inLanguage":"es","url":"https:\/\/www.edugestores.pe\/wp-content\/uploads\/2019\/10\/COMPARTIR-EIB-e1570410082178.jpeg","contentUrl":"https:\/\/www.edugestores.pe\/wp-content\/uploads\/2019\/10\/COMPARTIR-EIB-e1570410082178.jpeg","width":800,"height":600},{"@type":"WebPage","@id":"https:\/\/www.edugestores.pe\/?p=23608#webpage","url":"https:\/\/www.edugestores.pe\/?p=23608","name":"UGEL Paruro: Unidos por una EIB de calidad y pertinencia - Red Peruana de Gestores de la Educaci\u00f3n","isPartOf":{"@id":"https:\/\/www.edugestores.pe\/#website"},"primaryImageOfPage":{"@id":"https:\/\/www.edugestores.pe\/?p=23608#primaryimage"},"datePublished":"2019-10-07T01:00:20+00:00","dateModified":"2019-12-02T04:37:22+00:00","author":{"@id":"https:\/\/www.edugestores.pe\/#\/schema\/person\/30dc82f35f5853289037a64b35c7c7d3"},"breadcrumb":{"@id":"https:\/\/www.edugestores.pe\/?p=23608#breadcrumb"},"inLanguage":"es","potentialAction":[{"@type":"ReadAction","target":["https:\/\/www.edugestores.pe\/?p=23608"]}]},{"@type":"BreadcrumbList","@id":"https:\/\/www.edugestores.pe\/?p=23608#breadcrumb","itemListElement":[{"@type":"ListItem","position":1,"name":"Portada","item":"https:\/\/www.edugestores.pe\/"},{"@type":"ListItem","position":2,"name":"UGEL Paruro: Unidos por una EIB de calidad y pertinencia"}]},{"@type":"Person","@id":"https:\/\/www.edugestores.pe\/#\/schema\/person\/30dc82f35f5853289037a64b35c7c7d3","name":"Administrador","image":{"@type":"ImageObject","@id":"https:\/\/www.edugestores.pe\/#personlogo","inLanguage":"es","url":"https:\/\/secure.gravatar.com\/avatar\/70960d1239c4d2c778bb3d2786a3c1ae?s=96&d=mm&r=g","contentUrl":"https:\/\/secure.gravatar.com\/avatar\/70960d1239c4d2c778bb3d2786a3c1ae?s=96&d=mm&r=g","caption":"Administrador"},"url":"https:\/\/www.edugestores.pe\/?author=63"}]}},"jetpack_featured_media_url":"https:\/\/www.edugestores.pe\/wp-content\/uploads\/2019\/10\/COMPARTIR-EIB-e1570410082178.jpeg","_links":{"self":[{"href":"https:\/\/www.edugestores.pe\/index.php?rest_route=\/wp\/v2\/posts\/23608"}],"collection":[{"href":"https:\/\/www.edugestores.pe\/index.php?rest_route=\/wp\/v2\/posts"}],"about":[{"href":"https:\/\/www.edugestores.pe\/index.php?rest_route=\/wp\/v2\/types\/post"}],"author":[{"embeddable":true,"href":"https:\/\/www.edugestores.pe\/index.php?rest_route=\/wp\/v2\/users\/63"}],"replies":[{"embeddable":true,"href":"https:\/\/www.edugestores.pe\/index.php?rest_route=%2Fwp%2Fv2%2Fcomments&post=23608"}],"version-history":[{"count":1,"href":"https:\/\/www.edugestores.pe\/index.php?rest_route=\/wp\/v2\/posts\/23608\/revisions"}],"predecessor-version":[{"id":23611,"href":"https:\/\/www.edugestores.pe\/index.php?rest_route=\/wp\/v2\/posts\/23608\/revisions\/23611"}],"wp:featuredmedia":[{"embeddable":true,"href":"https:\/\/www.edugestores.pe\/index.php?rest_route=\/wp\/v2\/media\/23609"}],"wp:attachment":[{"href":"https:\/\/www.edugestores.pe\/index.php?rest_route=%2Fwp%2Fv2%2Fmedia&parent=23608"}],"wp:term":[{"taxonomy":"category","embeddable":true,"href":"https:\/\/www.edugestores.pe\/index.php?rest_route=%2Fwp%2Fv2%2Fcategories&post=23608"},{"taxonomy":"post_tag","embeddable":true,"href":"https:\/\/www.edugestores.pe\/index.php?rest_route=%2Fwp%2Fv2%2Ftags&post=23608"}],"curies":[{"name":"wp","href":"https:\/\/api.w.org\/{rel}","templated":true}]}}