{"id":23615,"date":"2019-10-06T20:15:04","date_gmt":"2019-10-07T01:15:04","guid":{"rendered":"https:\/\/www.edugestores.pe\/?p=23615"},"modified":"2019-10-22T11:18:39","modified_gmt":"2019-10-22T16:18:39","slug":"educativa-tv-el-proyecto-del-ganador-del-premio-nacional-de-juventud-2019","status":"publish","type":"post","link":"https:\/\/www.edugestores.pe\/?p=23615","title":{"rendered":"Educativa TV: el proyecto del ganador del Premio Nacional de Juventud 2019"},"content":{"rendered":"<p class=\"story-content__font--secondary mb-25 title-xs line-h-md mt-20 secondary-font pr-20\" style=\"text-align: justify;\">Zoser Ramos Amiquero, un docente ayacuchano, de 23 a\u00f1os, gan\u00f3 el \u201cPremio Nacional de la Juventud 2019\u201d, concurso organizado por el\u00a0Ministerio de Educaci\u00f3n (Minedu), a trav\u00e9s de la Secretaria Nacional de la Juventud (Senaju).<\/p>\n<p class=\"story-content__font--secondary mb-25 title-xs line-h-md mt-20 secondary-font pr-20\" style=\"text-align: justify;\">Ramos Amiquero\u00a0gan\u00f3 en la categor\u00eda Comunicaci\u00f3n Social con un revolucionario proyecto que ha mejorado el rendimiento de escolares en varias instituciones educativas rurales del pa\u00eds y el extranjero a trav\u00e9s de las plataformas digitales de internet.<\/p>\n<div id=\"ads_d_inline\" style=\"text-align: justify;\">\n<div id=\"div_utif_ads_d_inline\">Desde hace dos a\u00f1os administra \u201cEducativa TV\u201d, su canal en Youtube, donde enfoca sus esfuerzos en difundir videos tutoriales con nuevas metodolog\u00edas para ense\u00f1ar comunicaci\u00f3n y matem\u00e1tica a los ni\u00f1os. Esta afici\u00f3n lo reforz\u00f3 en la Universidad Peruana Uni\u00f3n, donde estudi\u00f3 desde el a\u00f1o 2013 con la Beca18 del Ministerio de Educaci\u00f3n.<\/div>\n<\/div>\n<p class=\"story-content__font--secondary mb-25 title-xs line-h-md mt-20 secondary-font pr-20\" style=\"text-align: justify;\">En un inicio, desarroll\u00f3 contenidos para ayudar a los maestros de su natal Urumay, anexo del centro poblado de Challhuamayo Baja, en el distrito de Tambo en la regi\u00f3n Ayacucho, sin imaginar que su proyecto trascender\u00eda r\u00e1pidamente a otras regiones del Per\u00fa.<\/p>\n<p class=\"story-content__font--secondary mb-25 title-xs line-h-md mt-20 secondary-font pr-20\" style=\"text-align: justify;\">\u201cNunca imagin\u00e9 que llegar\u00eda a interactuar con docentes de Bolivia, Ecuador y M\u00e9xico y que la p\u00e1gina tendr\u00eda miles de visitas\u201d, indic\u00f3 el maestro.<\/p>\n<div id=\"ads_d_inline\">\n<div id=\"div_utif_ads_d_inline\">Tras su premiaci\u00f3n, el docente asegur\u00f3 que este logro es una distinci\u00f3n que lo motiva a trabajar m\u00e1s en las nuevas generaciones que merecen mejores oportunidades de desarrollo con el apoyo de la tecnolog\u00eda.<\/div>\n<\/div>\n<p class=\"story-content__font--secondary mb-25 title-xs line-h-md mt-20 secondary-font pr-20\"><strong>Historia con gran lecci\u00f3n.<\/strong>\u00a0Zoser Ramos, el quinto de seis hermanos, cuenta que sus padres Germ\u00e1n y Saturnina, dedicados a la agricultura y el pastoreo, nunca descuidaron la alimentaci\u00f3n y educaci\u00f3n de sus hijos y les inculcaron el amor por el estudio y la disciplina, a pesar de que ambos son iletrados y no ten\u00edan suficientes recursos econ\u00f3micos.<\/p>\n<p class=\"story-content__font--secondary mb-25 title-xs line-h-md mt-20 secondary-font pr-20\" style=\"text-align: justify;\">\u201cAprend\u00ed el castellano en la escuela primaria porque mi lengua materna es el quechua. Nunca dej\u00e9 de ir a clases. Todos los d\u00edas cargaba mis libros y mi refrigerio para caminar m\u00e1s de tres horas hasta mi escuelita I.E. N\u00ba 38433 de Challhuamayo, y como era lejos, mi familia migr\u00f3 para estar m\u00e1s cerca del centro educativo\u201d, relat\u00f3.<\/p>\n<p class=\"story-content__font--secondary mb-25 title-xs line-h-md mt-20 secondary-font pr-20\" style=\"text-align: justify;\">Lamentablemente, a los 11 a\u00f1os, una extra\u00f1a enfermedad afect\u00f3 sus extremidades inferiores y sus piernas se llenaron de llagas. En el hospital al que sus padres lo llevaron, y luego de exhaustivos ex\u00e1menes que duraron varios meses, los m\u00e9dicos, sin llegar a un diagn\u00f3stico preciso, dijeron que la \u00fanica soluci\u00f3n para salvar la vida del ni\u00f1o era amputar las piernas.<\/p>\n<p class=\"story-content__font--secondary mb-25 title-xs line-h-md mt-20 secondary-font pr-20\" style=\"text-align: justify;\">Esa noticia no lo amilan\u00f3 y sigui\u00f3 asistiendo a la escuela, algunas veces en los brazos de su padre, en una carretilla que empujaban sus hermanos o sobre una ac\u00e9mila. Pero el d\u00eda de la intervenci\u00f3n quir\u00fargica, el bus que lo llevar\u00eda hasta el Hospital de Ayacucho no lleg\u00f3 a su comunidad debido a un desperfecto mec\u00e1nico.<\/p>\n<p class=\"story-content__font--secondary mb-25 title-xs line-h-md mt-20 secondary-font pr-20\" style=\"text-align: justify;\">Los d\u00edas pasaban y mientras esperaba la reprogramaci\u00f3n de la operaci\u00f3n, logr\u00f3 recuperase con la ayuda de un curandero que lo trat\u00f3 con flores y yerbas de la zona. En cuatro meses recobr\u00f3 su salud totalmente y volvi\u00f3 a caminar.<\/p>\n<p class=\"story-content__font--secondary mb-25 title-xs line-h-md mt-20 secondary-font pr-20\" style=\"text-align: justify;\">Ese pasaje que lo enfrent\u00f3 con la muerte le dej\u00f3 una gran lecci\u00f3n: que nada est\u00e1 perdido en la vida y que con perseverancia y paciencia se pueden superar todos los obst\u00e1culos que se presenten en el camino.<\/p>\n<p class=\"story-content__font--secondary mb-25 title-xs line-h-md mt-20 secondary-font pr-20\" style=\"text-align: justify;\">Actualmente, a sus 23 a\u00f1os, el docente vive en Lima continuando con su ense\u00f1anza en metodolog\u00eda. Considera que la tecnolog\u00eda es importante para el desarrollo de la educaci\u00f3n pero no puede sustituir los juegos f\u00edsicos de su infancia, como las canicas, el trompo, el aro, la soga o el f\u00fatbol.<\/p>\n<p class=\"story-content__font--secondary mb-25 title-xs line-h-md mt-20 secondary-font pr-20\" style=\"text-align: justify;\">Tomado de Per\u00fa 21<\/p>\n","protected":false},"excerpt":{"rendered":"<p>Zoser Ramos Amiquero, un docente ayacuchano, de 23 a\u00f1os, gan\u00f3 el \u201cPremio Nacional de la Juventud 2019\u201d, concurso organizado por [&hellip;]<\/p>\n","protected":false},"author":63,"featured_media":23616,"comment_status":"open","ping_status":"open","sticky":false,"template":"","format":"standard","meta":{"spay_email":""},"categories":[125],"tags":[],"yoast_head":"<!-- This site is optimized with the Yoast SEO plugin v18.0 - https:\/\/yoast.com\/wordpress\/plugins\/seo\/ -->\n<title>Educativa TV: el proyecto del ganador del Premio Nacional de Juventud 2019 - Red Peruana de Gestores de la Educaci\u00f3n<\/title>\n<meta name=\"robots\" content=\"index, follow, max-snippet:-1, max-image-preview:large, max-video-preview:-1\" \/>\n<link rel=\"canonical\" href=\"https:\/\/www.edugestores.pe\/?p=23615\" \/>\n<meta property=\"og:locale\" content=\"es_ES\" \/>\n<meta property=\"og:type\" content=\"article\" \/>\n<meta property=\"og:title\" content=\"Educativa TV: el proyecto del ganador del Premio Nacional de Juventud 2019 - Red Peruana de Gestores de la Educaci\u00f3n\" \/>\n<meta property=\"og:description\" content=\"Zoser Ramos Amiquero, un docente ayacuchano, de 23 a\u00f1os, gan\u00f3 el \u201cPremio Nacional de la Juventud 2019\u201d, concurso organizado por [&hellip;]\" \/>\n<meta property=\"og:url\" content=\"https:\/\/www.edugestores.pe\/?p=23615\" \/>\n<meta property=\"og:site_name\" content=\"Red Peruana de Gestores de la Educaci\u00f3n\" \/>\n<meta property=\"article:published_time\" content=\"2019-10-07T01:15:04+00:00\" \/>\n<meta property=\"article:modified_time\" content=\"2019-10-22T16:18:39+00:00\" \/>\n<meta property=\"og:image\" content=\"https:\/\/www.edugestores.pe\/wp-content\/uploads\/2019\/10\/ELY6PRJYCJGGHJUKH3MUBWLA5A.jpg\" \/>\n\t<meta property=\"og:image:width\" content=\"980\" \/>\n\t<meta property=\"og:image:height\" content=\"528\" \/>\n\t<meta property=\"og:image:type\" content=\"image\/jpeg\" \/>\n<meta name=\"twitter:card\" content=\"summary_large_image\" \/>\n<meta name=\"twitter:label1\" content=\"Escrito por\" \/>\n\t<meta name=\"twitter:data1\" content=\"Administrador\" \/>\n\t<meta name=\"twitter:label2\" content=\"Tiempo de lectura\" \/>\n\t<meta name=\"twitter:data2\" content=\"3 minutos\" \/>\n<script type=\"application\/ld+json\" class=\"yoast-schema-graph\">{\"@context\":\"https:\/\/schema.org\",\"@graph\":[{\"@type\":\"WebSite\",\"@id\":\"https:\/\/www.edugestores.pe\/#website\",\"url\":\"https:\/\/www.edugestores.pe\/\",\"name\":\"Red Peruana de Gestores de la Educaci\u00f3n\",\"description\":\"Red Peruana de Gestores de la Educaci\u00f3n\",\"potentialAction\":[{\"@type\":\"SearchAction\",\"target\":{\"@type\":\"EntryPoint\",\"urlTemplate\":\"https:\/\/www.edugestores.pe\/?s={search_term_string}\"},\"query-input\":\"required name=search_term_string\"}],\"inLanguage\":\"es\"},{\"@type\":\"ImageObject\",\"@id\":\"https:\/\/www.edugestores.pe\/?p=23615#primaryimage\",\"inLanguage\":\"es\",\"url\":\"https:\/\/www.edugestores.pe\/wp-content\/uploads\/2019\/10\/ELY6PRJYCJGGHJUKH3MUBWLA5A.jpg\",\"contentUrl\":\"https:\/\/www.edugestores.pe\/wp-content\/uploads\/2019\/10\/ELY6PRJYCJGGHJUKH3MUBWLA5A.jpg\",\"width\":980,\"height\":528},{\"@type\":\"WebPage\",\"@id\":\"https:\/\/www.edugestores.pe\/?p=23615#webpage\",\"url\":\"https:\/\/www.edugestores.pe\/?p=23615\",\"name\":\"Educativa TV: el proyecto del ganador del Premio Nacional de Juventud 2019 - Red Peruana de Gestores de la Educaci\u00f3n\",\"isPartOf\":{\"@id\":\"https:\/\/www.edugestores.pe\/#website\"},\"primaryImageOfPage\":{\"@id\":\"https:\/\/www.edugestores.pe\/?p=23615#primaryimage\"},\"datePublished\":\"2019-10-07T01:15:04+00:00\",\"dateModified\":\"2019-10-22T16:18:39+00:00\",\"author\":{\"@id\":\"https:\/\/www.edugestores.pe\/#\/schema\/person\/30dc82f35f5853289037a64b35c7c7d3\"},\"breadcrumb\":{\"@id\":\"https:\/\/www.edugestores.pe\/?p=23615#breadcrumb\"},\"inLanguage\":\"es\",\"potentialAction\":[{\"@type\":\"ReadAction\",\"target\":[\"https:\/\/www.edugestores.pe\/?p=23615\"]}]},{\"@type\":\"BreadcrumbList\",\"@id\":\"https:\/\/www.edugestores.pe\/?p=23615#breadcrumb\",\"itemListElement\":[{\"@type\":\"ListItem\",\"position\":1,\"name\":\"Portada\",\"item\":\"https:\/\/www.edugestores.pe\/\"},{\"@type\":\"ListItem\",\"position\":2,\"name\":\"Educativa TV: el proyecto del ganador del Premio Nacional de Juventud 2019\"}]},{\"@type\":\"Person\",\"@id\":\"https:\/\/www.edugestores.pe\/#\/schema\/person\/30dc82f35f5853289037a64b35c7c7d3\",\"name\":\"Administrador\",\"image\":{\"@type\":\"ImageObject\",\"@id\":\"https:\/\/www.edugestores.pe\/#personlogo\",\"inLanguage\":\"es\",\"url\":\"https:\/\/secure.gravatar.com\/avatar\/70960d1239c4d2c778bb3d2786a3c1ae?s=96&d=mm&r=g\",\"contentUrl\":\"https:\/\/secure.gravatar.com\/avatar\/70960d1239c4d2c778bb3d2786a3c1ae?s=96&d=mm&r=g\",\"caption\":\"Administrador\"},\"url\":\"https:\/\/www.edugestores.pe\/?author=63\"}]}<\/script>\n<!-- \/ Yoast SEO plugin. -->","yoast_head_json":{"title":"Educativa TV: el proyecto del ganador del Premio Nacional de Juventud 2019 - Red Peruana de Gestores de la Educaci\u00f3n","robots":{"index":"index","follow":"follow","max-snippet":"max-snippet:-1","max-image-preview":"max-image-preview:large","max-video-preview":"max-video-preview:-1"},"canonical":"https:\/\/www.edugestores.pe\/?p=23615","og_locale":"es_ES","og_type":"article","og_title":"Educativa TV: el proyecto del ganador del Premio Nacional de Juventud 2019 - Red Peruana de Gestores de la Educaci\u00f3n","og_description":"Zoser Ramos Amiquero, un docente ayacuchano, de 23 a\u00f1os, gan\u00f3 el \u201cPremio Nacional de la Juventud 2019\u201d, concurso organizado por [&hellip;]","og_url":"https:\/\/www.edugestores.pe\/?p=23615","og_site_name":"Red Peruana de Gestores de la Educaci\u00f3n","article_published_time":"2019-10-07T01:15:04+00:00","article_modified_time":"2019-10-22T16:18:39+00:00","og_image":[{"width":980,"height":528,"url":"https:\/\/www.edugestores.pe\/wp-content\/uploads\/2019\/10\/ELY6PRJYCJGGHJUKH3MUBWLA5A.jpg","type":"image\/jpeg"}],"twitter_card":"summary_large_image","twitter_misc":{"Escrito por":"Administrador","Tiempo de lectura":"3 minutos"},"schema":{"@context":"https:\/\/schema.org","@graph":[{"@type":"WebSite","@id":"https:\/\/www.edugestores.pe\/#website","url":"https:\/\/www.edugestores.pe\/","name":"Red Peruana de Gestores de la Educaci\u00f3n","description":"Red Peruana de Gestores de la Educaci\u00f3n","potentialAction":[{"@type":"SearchAction","target":{"@type":"EntryPoint","urlTemplate":"https:\/\/www.edugestores.pe\/?s={search_term_string}"},"query-input":"required name=search_term_string"}],"inLanguage":"es"},{"@type":"ImageObject","@id":"https:\/\/www.edugestores.pe\/?p=23615#primaryimage","inLanguage":"es","url":"https:\/\/www.edugestores.pe\/wp-content\/uploads\/2019\/10\/ELY6PRJYCJGGHJUKH3MUBWLA5A.jpg","contentUrl":"https:\/\/www.edugestores.pe\/wp-content\/uploads\/2019\/10\/ELY6PRJYCJGGHJUKH3MUBWLA5A.jpg","width":980,"height":528},{"@type":"WebPage","@id":"https:\/\/www.edugestores.pe\/?p=23615#webpage","url":"https:\/\/www.edugestores.pe\/?p=23615","name":"Educativa TV: el proyecto del ganador del Premio Nacional de Juventud 2019 - Red Peruana de Gestores de la Educaci\u00f3n","isPartOf":{"@id":"https:\/\/www.edugestores.pe\/#website"},"primaryImageOfPage":{"@id":"https:\/\/www.edugestores.pe\/?p=23615#primaryimage"},"datePublished":"2019-10-07T01:15:04+00:00","dateModified":"2019-10-22T16:18:39+00:00","author":{"@id":"https:\/\/www.edugestores.pe\/#\/schema\/person\/30dc82f35f5853289037a64b35c7c7d3"},"breadcrumb":{"@id":"https:\/\/www.edugestores.pe\/?p=23615#breadcrumb"},"inLanguage":"es","potentialAction":[{"@type":"ReadAction","target":["https:\/\/www.edugestores.pe\/?p=23615"]}]},{"@type":"BreadcrumbList","@id":"https:\/\/www.edugestores.pe\/?p=23615#breadcrumb","itemListElement":[{"@type":"ListItem","position":1,"name":"Portada","item":"https:\/\/www.edugestores.pe\/"},{"@type":"ListItem","position":2,"name":"Educativa TV: el proyecto del ganador del Premio Nacional de Juventud 2019"}]},{"@type":"Person","@id":"https:\/\/www.edugestores.pe\/#\/schema\/person\/30dc82f35f5853289037a64b35c7c7d3","name":"Administrador","image":{"@type":"ImageObject","@id":"https:\/\/www.edugestores.pe\/#personlogo","inLanguage":"es","url":"https:\/\/secure.gravatar.com\/avatar\/70960d1239c4d2c778bb3d2786a3c1ae?s=96&d=mm&r=g","contentUrl":"https:\/\/secure.gravatar.com\/avatar\/70960d1239c4d2c778bb3d2786a3c1ae?s=96&d=mm&r=g","caption":"Administrador"},"url":"https:\/\/www.edugestores.pe\/?author=63"}]}},"jetpack_featured_media_url":"https:\/\/www.edugestores.pe\/wp-content\/uploads\/2019\/10\/ELY6PRJYCJGGHJUKH3MUBWLA5A.jpg","_links":{"self":[{"href":"https:\/\/www.edugestores.pe\/index.php?rest_route=\/wp\/v2\/posts\/23615"}],"collection":[{"href":"https:\/\/www.edugestores.pe\/index.php?rest_route=\/wp\/v2\/posts"}],"about":[{"href":"https:\/\/www.edugestores.pe\/index.php?rest_route=\/wp\/v2\/types\/post"}],"author":[{"embeddable":true,"href":"https:\/\/www.edugestores.pe\/index.php?rest_route=\/wp\/v2\/users\/63"}],"replies":[{"embeddable":true,"href":"https:\/\/www.edugestores.pe\/index.php?rest_route=%2Fwp%2Fv2%2Fcomments&post=23615"}],"version-history":[{"count":1,"href":"https:\/\/www.edugestores.pe\/index.php?rest_route=\/wp\/v2\/posts\/23615\/revisions"}],"predecessor-version":[{"id":23617,"href":"https:\/\/www.edugestores.pe\/index.php?rest_route=\/wp\/v2\/posts\/23615\/revisions\/23617"}],"wp:featuredmedia":[{"embeddable":true,"href":"https:\/\/www.edugestores.pe\/index.php?rest_route=\/wp\/v2\/media\/23616"}],"wp:attachment":[{"href":"https:\/\/www.edugestores.pe\/index.php?rest_route=%2Fwp%2Fv2%2Fmedia&parent=23615"}],"wp:term":[{"taxonomy":"category","embeddable":true,"href":"https:\/\/www.edugestores.pe\/index.php?rest_route=%2Fwp%2Fv2%2Fcategories&post=23615"},{"taxonomy":"post_tag","embeddable":true,"href":"https:\/\/www.edugestores.pe\/index.php?rest_route=%2Fwp%2Fv2%2Ftags&post=23615"}],"curies":[{"name":"wp","href":"https:\/\/api.w.org\/{rel}","templated":true}]}}