{"id":23645,"date":"2019-10-12T11:20:07","date_gmt":"2019-10-12T16:20:07","guid":{"rendered":"https:\/\/www.edugestores.pe\/?p=23645"},"modified":"2019-10-22T11:19:00","modified_gmt":"2019-10-22T16:19:00","slug":"ninos-de-comunidades-indigenas-viajan-por-rio-tierra-y-aire-para-llegar-al-tinkuy","status":"publish","type":"post","link":"https:\/\/www.edugestores.pe\/?p=23645","title":{"rendered":"Ni\u00f1os de comunidades ind\u00edgenas viajan por r\u00edo, tierra y aire para llegar al Tinkuy"},"content":{"rendered":"<p style=\"text-align: justify;\">Con el deseo de compartir sus conocimientos y pr\u00e1cticas culturales con ni\u00f1os de otro pueblos originarios y de colegios de Lima, escolares de varias comunidades ind\u00edgenas que habitan en zonas remotas de la selva est\u00e1n viajando por r\u00edo, tierra y aire para llegar a la capital y participar en el Tinkuy, el encuentro intercultural que organiza anualmente el Ministerio de Educaci\u00f3n.<\/p>\n<p style=\"text-align: justify;\">As\u00ed, luego de 48 horas de viaje por el r\u00edo Huituyacu, la delegaci\u00f3n de ni\u00f1os del pueblo ind\u00edgena achuar lleg\u00f3 a San Lorenzo, capital de la provincia Datem del Mara\u00f1\u00f3n, en la regi\u00f3n Iquitos, donde se encontr\u00f3 con los escolares de las delegaciones wampis y kandozi. Todos ellos continuar\u00e1n su viaje a Lima el viernes.<\/p>\n<p style=\"text-align: justify;\">El Tinkuy, que este a\u00f1o tiene por t\u00edtulo \u201cVoces de mi pueblo para el Per\u00fa que queremos\u201d, reunir\u00e1 a 160 escolares de los pueblos quechua, aimara, arabela, ash\u00e1ninka, awaj\u00fan, ese eja, ikitu, jaqaru, kakataibo, kakinte, madija, nahua, murui-muinani, shawi, shipibo-konibo, ticuna, yanesha, de comunidades afrodescendientes y escuelas rurales del pa\u00eds.<\/p>\n<p style=\"text-align: justify;\">La comitiva achuar, del distrito de Andoas, parti\u00f3 el martes \u00faltimo en el \u201cr\u00e1pido\u201d, una embarcaci\u00f3n fluvial que hace el viaje hasta San Lorenzo en dos d\u00edas, cinco d\u00edas menos que un peque peque. Los ni\u00f1os, que actualmente cursan el sexto grado de primaria, viajaron por el Huituyacu, que desemboca en el r\u00edo Pastaza y recorre parte del Mara\u00f1\u00f3n.<\/p>\n<p style=\"text-align: justify;\">Al terminar el mi\u00e9rcoles, la delegaci\u00f3n lleg\u00f3 a San Lorenzo, donde se reunieron con los ni\u00f1os de las comunidades kandozi y wampis, quienes hab\u00edan viajado doce horas. Los tres grupos descansar\u00e1n hasta el viernes para surcar el Mara\u00f1\u00f3n y el Huallaga hasta arribar a Yurimaguas.<\/p>\n<p style=\"text-align: justify;\">Paralelamente, los ni\u00f1os de la comunidad shawi, de Alto Amazonas, partieron a las seis de la ma\u00f1ana hacia Yurimaguas por el r\u00edo Paranapura, en un recorrido que les tom\u00f3 doce horas. El grupo, conformado por 24 personas, volver\u00e1 a viajar este s\u00e1bado desde Yurimaguas hasta Tarapoto, esta vez por tierra, para vivir luego la experiencia de volar en avi\u00f3n hacia la capital.<\/p>\n<p style=\"text-align: justify;\">Al arribar a Lima, ser\u00e1n recibidos por representantes del Ministerio de Educaci\u00f3n, quienes los acompa\u00f1ar\u00e1n hasta el Centro Vacacional Huampan\u00ed, donde se concentrar\u00e1n para la inauguraci\u00f3n del Tinkuy, prevista para este domingo a las 4 de la tarde.<\/p>\n<p style=\"text-align: justify;\">El Tinkuy, t\u00e9rmino quechua que significa \u2018encuentro\u2019, es una reuni\u00f3n en la que los ni\u00f1os participantes comparten conocimientos y pr\u00e1cticas culturales e intercambian experiencias, en una semana de intensas vivencias.<\/p>\n<p style=\"text-align: justify;\">Tomado de la web del Minedu.<\/p>\n","protected":false},"excerpt":{"rendered":"<p>Con el deseo de compartir sus conocimientos y pr\u00e1cticas culturales con ni\u00f1os de otro pueblos originarios y de colegios de [&hellip;]<\/p>\n","protected":false},"author":63,"featured_media":23646,"comment_status":"open","ping_status":"open","sticky":false,"template":"","format":"standard","meta":{"spay_email":""},"categories":[125],"tags":[],"yoast_head":"<!-- This site is optimized with the Yoast SEO plugin v18.0 - https:\/\/yoast.com\/wordpress\/plugins\/seo\/ -->\n<title>Ni\u00f1os de comunidades ind\u00edgenas viajan por r\u00edo, tierra y aire para llegar al Tinkuy - Red Peruana de Gestores de la Educaci\u00f3n<\/title>\n<meta name=\"robots\" content=\"index, follow, max-snippet:-1, max-image-preview:large, max-video-preview:-1\" \/>\n<link rel=\"canonical\" href=\"https:\/\/www.edugestores.pe\/?p=23645\" \/>\n<meta property=\"og:locale\" content=\"es_ES\" \/>\n<meta property=\"og:type\" content=\"article\" \/>\n<meta property=\"og:title\" content=\"Ni\u00f1os de comunidades ind\u00edgenas viajan por r\u00edo, tierra y aire para llegar al Tinkuy - Red Peruana de Gestores de la Educaci\u00f3n\" \/>\n<meta property=\"og:description\" content=\"Con el deseo de compartir sus conocimientos y pr\u00e1cticas culturales con ni\u00f1os de otro pueblos originarios y de colegios de [&hellip;]\" \/>\n<meta property=\"og:url\" content=\"https:\/\/www.edugestores.pe\/?p=23645\" \/>\n<meta property=\"og:site_name\" content=\"Red Peruana de Gestores de la Educaci\u00f3n\" \/>\n<meta property=\"article:published_time\" content=\"2019-10-12T16:20:07+00:00\" \/>\n<meta property=\"article:modified_time\" content=\"2019-10-22T16:19:00+00:00\" \/>\n<meta property=\"og:image\" content=\"https:\/\/www.edugestores.pe\/wp-content\/uploads\/2019\/10\/standard_vienenninosindigenas110194.jpg\" \/>\n\t<meta property=\"og:image:width\" content=\"645\" \/>\n\t<meta property=\"og:image:height\" content=\"363\" \/>\n\t<meta property=\"og:image:type\" content=\"image\/jpeg\" \/>\n<meta name=\"twitter:card\" content=\"summary_large_image\" \/>\n<meta name=\"twitter:label1\" content=\"Escrito por\" \/>\n\t<meta name=\"twitter:data1\" content=\"Administrador\" \/>\n\t<meta name=\"twitter:label2\" content=\"Tiempo de lectura\" \/>\n\t<meta name=\"twitter:data2\" content=\"2 minutos\" \/>\n<script type=\"application\/ld+json\" class=\"yoast-schema-graph\">{\"@context\":\"https:\/\/schema.org\",\"@graph\":[{\"@type\":\"WebSite\",\"@id\":\"https:\/\/www.edugestores.pe\/#website\",\"url\":\"https:\/\/www.edugestores.pe\/\",\"name\":\"Red Peruana de Gestores de la Educaci\u00f3n\",\"description\":\"Red Peruana de Gestores de la Educaci\u00f3n\",\"potentialAction\":[{\"@type\":\"SearchAction\",\"target\":{\"@type\":\"EntryPoint\",\"urlTemplate\":\"https:\/\/www.edugestores.pe\/?s={search_term_string}\"},\"query-input\":\"required name=search_term_string\"}],\"inLanguage\":\"es\"},{\"@type\":\"ImageObject\",\"@id\":\"https:\/\/www.edugestores.pe\/?p=23645#primaryimage\",\"inLanguage\":\"es\",\"url\":\"https:\/\/www.edugestores.pe\/wp-content\/uploads\/2019\/10\/standard_vienenninosindigenas110194.jpg\",\"contentUrl\":\"https:\/\/www.edugestores.pe\/wp-content\/uploads\/2019\/10\/standard_vienenninosindigenas110194.jpg\",\"width\":645,\"height\":363},{\"@type\":\"WebPage\",\"@id\":\"https:\/\/www.edugestores.pe\/?p=23645#webpage\",\"url\":\"https:\/\/www.edugestores.pe\/?p=23645\",\"name\":\"Ni\u00f1os de comunidades ind\u00edgenas viajan por r\u00edo, tierra y aire para llegar al Tinkuy - Red Peruana de Gestores de la Educaci\u00f3n\",\"isPartOf\":{\"@id\":\"https:\/\/www.edugestores.pe\/#website\"},\"primaryImageOfPage\":{\"@id\":\"https:\/\/www.edugestores.pe\/?p=23645#primaryimage\"},\"datePublished\":\"2019-10-12T16:20:07+00:00\",\"dateModified\":\"2019-10-22T16:19:00+00:00\",\"author\":{\"@id\":\"https:\/\/www.edugestores.pe\/#\/schema\/person\/30dc82f35f5853289037a64b35c7c7d3\"},\"breadcrumb\":{\"@id\":\"https:\/\/www.edugestores.pe\/?p=23645#breadcrumb\"},\"inLanguage\":\"es\",\"potentialAction\":[{\"@type\":\"ReadAction\",\"target\":[\"https:\/\/www.edugestores.pe\/?p=23645\"]}]},{\"@type\":\"BreadcrumbList\",\"@id\":\"https:\/\/www.edugestores.pe\/?p=23645#breadcrumb\",\"itemListElement\":[{\"@type\":\"ListItem\",\"position\":1,\"name\":\"Portada\",\"item\":\"https:\/\/www.edugestores.pe\/\"},{\"@type\":\"ListItem\",\"position\":2,\"name\":\"Ni\u00f1os de comunidades ind\u00edgenas viajan por r\u00edo, tierra y aire para llegar al Tinkuy\"}]},{\"@type\":\"Person\",\"@id\":\"https:\/\/www.edugestores.pe\/#\/schema\/person\/30dc82f35f5853289037a64b35c7c7d3\",\"name\":\"Administrador\",\"image\":{\"@type\":\"ImageObject\",\"@id\":\"https:\/\/www.edugestores.pe\/#personlogo\",\"inLanguage\":\"es\",\"url\":\"https:\/\/secure.gravatar.com\/avatar\/70960d1239c4d2c778bb3d2786a3c1ae?s=96&d=mm&r=g\",\"contentUrl\":\"https:\/\/secure.gravatar.com\/avatar\/70960d1239c4d2c778bb3d2786a3c1ae?s=96&d=mm&r=g\",\"caption\":\"Administrador\"},\"url\":\"https:\/\/www.edugestores.pe\/?author=63\"}]}<\/script>\n<!-- \/ Yoast SEO plugin. -->","yoast_head_json":{"title":"Ni\u00f1os de comunidades ind\u00edgenas viajan por r\u00edo, tierra y aire para llegar al Tinkuy - Red Peruana de Gestores de la Educaci\u00f3n","robots":{"index":"index","follow":"follow","max-snippet":"max-snippet:-1","max-image-preview":"max-image-preview:large","max-video-preview":"max-video-preview:-1"},"canonical":"https:\/\/www.edugestores.pe\/?p=23645","og_locale":"es_ES","og_type":"article","og_title":"Ni\u00f1os de comunidades ind\u00edgenas viajan por r\u00edo, tierra y aire para llegar al Tinkuy - Red Peruana de Gestores de la Educaci\u00f3n","og_description":"Con el deseo de compartir sus conocimientos y pr\u00e1cticas culturales con ni\u00f1os de otro pueblos originarios y de colegios de [&hellip;]","og_url":"https:\/\/www.edugestores.pe\/?p=23645","og_site_name":"Red Peruana de Gestores de la Educaci\u00f3n","article_published_time":"2019-10-12T16:20:07+00:00","article_modified_time":"2019-10-22T16:19:00+00:00","og_image":[{"width":645,"height":363,"url":"https:\/\/www.edugestores.pe\/wp-content\/uploads\/2019\/10\/standard_vienenninosindigenas110194.jpg","type":"image\/jpeg"}],"twitter_card":"summary_large_image","twitter_misc":{"Escrito por":"Administrador","Tiempo de lectura":"2 minutos"},"schema":{"@context":"https:\/\/schema.org","@graph":[{"@type":"WebSite","@id":"https:\/\/www.edugestores.pe\/#website","url":"https:\/\/www.edugestores.pe\/","name":"Red Peruana de Gestores de la Educaci\u00f3n","description":"Red Peruana de Gestores de la Educaci\u00f3n","potentialAction":[{"@type":"SearchAction","target":{"@type":"EntryPoint","urlTemplate":"https:\/\/www.edugestores.pe\/?s={search_term_string}"},"query-input":"required name=search_term_string"}],"inLanguage":"es"},{"@type":"ImageObject","@id":"https:\/\/www.edugestores.pe\/?p=23645#primaryimage","inLanguage":"es","url":"https:\/\/www.edugestores.pe\/wp-content\/uploads\/2019\/10\/standard_vienenninosindigenas110194.jpg","contentUrl":"https:\/\/www.edugestores.pe\/wp-content\/uploads\/2019\/10\/standard_vienenninosindigenas110194.jpg","width":645,"height":363},{"@type":"WebPage","@id":"https:\/\/www.edugestores.pe\/?p=23645#webpage","url":"https:\/\/www.edugestores.pe\/?p=23645","name":"Ni\u00f1os de comunidades ind\u00edgenas viajan por r\u00edo, tierra y aire para llegar al Tinkuy - Red Peruana de Gestores de la Educaci\u00f3n","isPartOf":{"@id":"https:\/\/www.edugestores.pe\/#website"},"primaryImageOfPage":{"@id":"https:\/\/www.edugestores.pe\/?p=23645#primaryimage"},"datePublished":"2019-10-12T16:20:07+00:00","dateModified":"2019-10-22T16:19:00+00:00","author":{"@id":"https:\/\/www.edugestores.pe\/#\/schema\/person\/30dc82f35f5853289037a64b35c7c7d3"},"breadcrumb":{"@id":"https:\/\/www.edugestores.pe\/?p=23645#breadcrumb"},"inLanguage":"es","potentialAction":[{"@type":"ReadAction","target":["https:\/\/www.edugestores.pe\/?p=23645"]}]},{"@type":"BreadcrumbList","@id":"https:\/\/www.edugestores.pe\/?p=23645#breadcrumb","itemListElement":[{"@type":"ListItem","position":1,"name":"Portada","item":"https:\/\/www.edugestores.pe\/"},{"@type":"ListItem","position":2,"name":"Ni\u00f1os de comunidades ind\u00edgenas viajan por r\u00edo, tierra y aire para llegar al Tinkuy"}]},{"@type":"Person","@id":"https:\/\/www.edugestores.pe\/#\/schema\/person\/30dc82f35f5853289037a64b35c7c7d3","name":"Administrador","image":{"@type":"ImageObject","@id":"https:\/\/www.edugestores.pe\/#personlogo","inLanguage":"es","url":"https:\/\/secure.gravatar.com\/avatar\/70960d1239c4d2c778bb3d2786a3c1ae?s=96&d=mm&r=g","contentUrl":"https:\/\/secure.gravatar.com\/avatar\/70960d1239c4d2c778bb3d2786a3c1ae?s=96&d=mm&r=g","caption":"Administrador"},"url":"https:\/\/www.edugestores.pe\/?author=63"}]}},"jetpack_featured_media_url":"https:\/\/www.edugestores.pe\/wp-content\/uploads\/2019\/10\/standard_vienenninosindigenas110194.jpg","_links":{"self":[{"href":"https:\/\/www.edugestores.pe\/index.php?rest_route=\/wp\/v2\/posts\/23645"}],"collection":[{"href":"https:\/\/www.edugestores.pe\/index.php?rest_route=\/wp\/v2\/posts"}],"about":[{"href":"https:\/\/www.edugestores.pe\/index.php?rest_route=\/wp\/v2\/types\/post"}],"author":[{"embeddable":true,"href":"https:\/\/www.edugestores.pe\/index.php?rest_route=\/wp\/v2\/users\/63"}],"replies":[{"embeddable":true,"href":"https:\/\/www.edugestores.pe\/index.php?rest_route=%2Fwp%2Fv2%2Fcomments&post=23645"}],"version-history":[{"count":1,"href":"https:\/\/www.edugestores.pe\/index.php?rest_route=\/wp\/v2\/posts\/23645\/revisions"}],"predecessor-version":[{"id":23647,"href":"https:\/\/www.edugestores.pe\/index.php?rest_route=\/wp\/v2\/posts\/23645\/revisions\/23647"}],"wp:featuredmedia":[{"embeddable":true,"href":"https:\/\/www.edugestores.pe\/index.php?rest_route=\/wp\/v2\/media\/23646"}],"wp:attachment":[{"href":"https:\/\/www.edugestores.pe\/index.php?rest_route=%2Fwp%2Fv2%2Fmedia&parent=23645"}],"wp:term":[{"taxonomy":"category","embeddable":true,"href":"https:\/\/www.edugestores.pe\/index.php?rest_route=%2Fwp%2Fv2%2Fcategories&post=23645"},{"taxonomy":"post_tag","embeddable":true,"href":"https:\/\/www.edugestores.pe\/index.php?rest_route=%2Fwp%2Fv2%2Ftags&post=23645"}],"curies":[{"name":"wp","href":"https:\/\/api.w.org\/{rel}","templated":true}]}}