{"id":23648,"date":"2019-10-12T12:21:10","date_gmt":"2019-10-12T17:21:10","guid":{"rendered":"https:\/\/www.edugestores.pe\/?p=23648"},"modified":"2019-10-22T11:19:07","modified_gmt":"2019-10-22T16:19:07","slug":"impulsan-proyecto-para-educar-a-mas-ninas-en-zonas-rurales-del-peru","status":"publish","type":"post","link":"https:\/\/www.edugestores.pe\/?p=23648","title":{"rendered":"Impulsan proyecto para educar a m\u00e1s ni\u00f1as en zonas rurales del Per\u00fa"},"content":{"rendered":"<p style=\"text-align: justify;\">En Per\u00fa y en el mundo las\u00a0ni\u00f1as\u00a0desempe\u00f1an diversas tareas: van al colegio, cocinan, limpian la casa, cuidan a sus hermanos y familiares, ayudan a sus padres en el trabajo, muchas veces en la intemperie. En estas actividades pierden parte de su infancia y\u00a0no se pueden desarrollar a nivel educativo y personal.\u00a0Por este y otros motivos, solo\u00a06 de cada 10 ni\u00f1as\u00a0no terminan el colegio en la zona rural andina en el pa\u00eds.<\/p>\n<p style=\"text-align: justify;\">Por ello y por el\u00a0D\u00eda Internacional de la Ni\u00f1a,\u00a0es que CARE Per\u00fa se encuentra trabajando para lograr que esta realidad pueda cambiarse a futuro.<\/p>\n<p style=\"text-align: justify;\">Es por ello que, este domingo 13 de octubre est\u00e1 organizando un evento en el que busca que los asistentes reflexionen sobre la importancia de empoderar a las ni\u00f1as del Per\u00fa y criarlas en igualdad de oportunidades, donde todo lo recaudado ser\u00e1 destinado a los proyectos de educaci\u00f3n como \u201cNi\u00f1as con Oportunidades\u201d, de la misma organizaci\u00f3n. El evento traer\u00e1 diversas actividades como m\u00fasica en vivo, comedia, ilustraci\u00f3n, baile, entre otras. Est\u00e1 a cargo de\u00a0CARE Per\u00fa, VendeM\u00e1s y Dad\u00e1.\u00a0Y se llevar\u00e1 a cabo este domingo desde las 11 a.m. en Dad\u00e1 de Barranco. Las entradas est\u00e1n S\/20 adulto y S\/10 ni\u00f1o.<\/p>\n<p style=\"text-align: justify;\">El\u00a0proyecto\u00a0\u201cNi\u00f1as con Oportunidades\u201d\u00a0actualmente se ejecuta en Huaytar\u00e1 y Angar\u00e1es \u2013 Huancavelica. Tiene como objetivo combatir la deserci\u00f3n escolar y conseguir que m\u00e1s ni\u00f1as concluyan la secundaria.<\/p>\n<figure style=\"text-align: justify;\"><img decoding=\"async\" loading=\"lazy\" class=\"\" src=\"https:\/\/files.wapa.pe\/Wapa\/2019\/10\/10\/actividades-care-1570745761.png\" alt=\"\" width=\"541\" height=\"541\" data-entity-type=\"\" data-entity-uuid=\"\" data-pagespeed-url-hash=\"561497394\" \/><\/figure>\n<p style=\"text-align: justify;\">Esto se\u00a0logra\u00a0al fortalecer las capacidades llamadas\u00a0<strong>\u201cHabilidades para la Vida\u201d,<\/strong>\u00a0las cuales incluyen destrezas socio emocionales, educaci\u00f3n sexual integral y actitud emprendedora. Durante este proceso se involucran tanto a las ni\u00f1as como a sus padres, profesores y compa\u00f1eros, para lograr una educaci\u00f3n integral. De esta forma se busca empoderar a las menores para que puedan crecer con las mismas oportunidades para todos.<\/p>\n<p><center><\/p>\n<div id=\"Videoinread\" class=\"atm-banner-videoinread\"><\/div>\n<p><\/center><\/p>\n","protected":false},"excerpt":{"rendered":"<p>En Per\u00fa y en el mundo las\u00a0ni\u00f1as\u00a0desempe\u00f1an diversas tareas: van al colegio, cocinan, limpian la casa, cuidan a sus hermanos [&hellip;]<\/p>\n","protected":false},"author":63,"featured_media":23649,"comment_status":"open","ping_status":"open","sticky":false,"template":"","format":"standard","meta":{"spay_email":""},"categories":[125],"tags":[],"yoast_head":"<!-- This site is optimized with the Yoast SEO plugin v18.0 - https:\/\/yoast.com\/wordpress\/plugins\/seo\/ -->\n<title>Impulsan proyecto para educar a m\u00e1s ni\u00f1as en zonas rurales del Per\u00fa - Red Peruana de Gestores de la Educaci\u00f3n<\/title>\n<meta name=\"robots\" content=\"index, follow, max-snippet:-1, max-image-preview:large, max-video-preview:-1\" \/>\n<link rel=\"canonical\" href=\"https:\/\/www.edugestores.pe\/?p=23648\" \/>\n<meta property=\"og:locale\" content=\"es_ES\" \/>\n<meta property=\"og:type\" content=\"article\" \/>\n<meta property=\"og:title\" content=\"Impulsan proyecto para educar a m\u00e1s ni\u00f1as en zonas rurales del Per\u00fa - Red Peruana de Gestores de la Educaci\u00f3n\" \/>\n<meta property=\"og:description\" content=\"En Per\u00fa y en el mundo las\u00a0ni\u00f1as\u00a0desempe\u00f1an diversas tareas: van al colegio, cocinan, limpian la casa, cuidan a sus hermanos [&hellip;]\" \/>\n<meta property=\"og:url\" content=\"https:\/\/www.edugestores.pe\/?p=23648\" \/>\n<meta property=\"og:site_name\" content=\"Red Peruana de Gestores de la Educaci\u00f3n\" \/>\n<meta property=\"article:published_time\" content=\"2019-10-12T17:21:10+00:00\" \/>\n<meta property=\"article:modified_time\" content=\"2019-10-22T16:19:07+00:00\" \/>\n<meta property=\"og:image\" content=\"https:\/\/www.edugestores.pe\/wp-content\/uploads\/2019\/10\/noticia-1570745893-dia-internacional-de-la-nina-educacion-ninas-mujeres.png\" \/>\n\t<meta property=\"og:image:width\" content=\"1200\" \/>\n\t<meta property=\"og:image:height\" content=\"630\" \/>\n\t<meta property=\"og:image:type\" content=\"image\/png\" \/>\n<meta name=\"twitter:card\" content=\"summary_large_image\" \/>\n<meta name=\"twitter:label1\" content=\"Escrito por\" \/>\n\t<meta name=\"twitter:data1\" content=\"Administrador\" \/>\n\t<meta name=\"twitter:label2\" content=\"Tiempo de lectura\" \/>\n\t<meta name=\"twitter:data2\" content=\"2 minutos\" \/>\n<script type=\"application\/ld+json\" class=\"yoast-schema-graph\">{\"@context\":\"https:\/\/schema.org\",\"@graph\":[{\"@type\":\"WebSite\",\"@id\":\"https:\/\/www.edugestores.pe\/#website\",\"url\":\"https:\/\/www.edugestores.pe\/\",\"name\":\"Red Peruana de Gestores de la Educaci\u00f3n\",\"description\":\"Red Peruana de Gestores de la Educaci\u00f3n\",\"potentialAction\":[{\"@type\":\"SearchAction\",\"target\":{\"@type\":\"EntryPoint\",\"urlTemplate\":\"https:\/\/www.edugestores.pe\/?s={search_term_string}\"},\"query-input\":\"required name=search_term_string\"}],\"inLanguage\":\"es\"},{\"@type\":\"ImageObject\",\"@id\":\"https:\/\/www.edugestores.pe\/?p=23648#primaryimage\",\"inLanguage\":\"es\",\"url\":\"https:\/\/www.edugestores.pe\/wp-content\/uploads\/2019\/10\/noticia-1570745893-dia-internacional-de-la-nina-educacion-ninas-mujeres.png\",\"contentUrl\":\"https:\/\/www.edugestores.pe\/wp-content\/uploads\/2019\/10\/noticia-1570745893-dia-internacional-de-la-nina-educacion-ninas-mujeres.png\",\"width\":1200,\"height\":630},{\"@type\":\"WebPage\",\"@id\":\"https:\/\/www.edugestores.pe\/?p=23648#webpage\",\"url\":\"https:\/\/www.edugestores.pe\/?p=23648\",\"name\":\"Impulsan proyecto para educar a m\u00e1s ni\u00f1as en zonas rurales del Per\u00fa - Red Peruana de Gestores de la Educaci\u00f3n\",\"isPartOf\":{\"@id\":\"https:\/\/www.edugestores.pe\/#website\"},\"primaryImageOfPage\":{\"@id\":\"https:\/\/www.edugestores.pe\/?p=23648#primaryimage\"},\"datePublished\":\"2019-10-12T17:21:10+00:00\",\"dateModified\":\"2019-10-22T16:19:07+00:00\",\"author\":{\"@id\":\"https:\/\/www.edugestores.pe\/#\/schema\/person\/30dc82f35f5853289037a64b35c7c7d3\"},\"breadcrumb\":{\"@id\":\"https:\/\/www.edugestores.pe\/?p=23648#breadcrumb\"},\"inLanguage\":\"es\",\"potentialAction\":[{\"@type\":\"ReadAction\",\"target\":[\"https:\/\/www.edugestores.pe\/?p=23648\"]}]},{\"@type\":\"BreadcrumbList\",\"@id\":\"https:\/\/www.edugestores.pe\/?p=23648#breadcrumb\",\"itemListElement\":[{\"@type\":\"ListItem\",\"position\":1,\"name\":\"Portada\",\"item\":\"https:\/\/www.edugestores.pe\/\"},{\"@type\":\"ListItem\",\"position\":2,\"name\":\"Impulsan proyecto para educar a m\u00e1s ni\u00f1as en zonas rurales del Per\u00fa\"}]},{\"@type\":\"Person\",\"@id\":\"https:\/\/www.edugestores.pe\/#\/schema\/person\/30dc82f35f5853289037a64b35c7c7d3\",\"name\":\"Administrador\",\"image\":{\"@type\":\"ImageObject\",\"@id\":\"https:\/\/www.edugestores.pe\/#personlogo\",\"inLanguage\":\"es\",\"url\":\"https:\/\/secure.gravatar.com\/avatar\/70960d1239c4d2c778bb3d2786a3c1ae?s=96&d=mm&r=g\",\"contentUrl\":\"https:\/\/secure.gravatar.com\/avatar\/70960d1239c4d2c778bb3d2786a3c1ae?s=96&d=mm&r=g\",\"caption\":\"Administrador\"},\"url\":\"https:\/\/www.edugestores.pe\/?author=63\"}]}<\/script>\n<!-- \/ Yoast SEO plugin. -->","yoast_head_json":{"title":"Impulsan proyecto para educar a m\u00e1s ni\u00f1as en zonas rurales del Per\u00fa - Red Peruana de Gestores de la Educaci\u00f3n","robots":{"index":"index","follow":"follow","max-snippet":"max-snippet:-1","max-image-preview":"max-image-preview:large","max-video-preview":"max-video-preview:-1"},"canonical":"https:\/\/www.edugestores.pe\/?p=23648","og_locale":"es_ES","og_type":"article","og_title":"Impulsan proyecto para educar a m\u00e1s ni\u00f1as en zonas rurales del Per\u00fa - Red Peruana de Gestores de la Educaci\u00f3n","og_description":"En Per\u00fa y en el mundo las\u00a0ni\u00f1as\u00a0desempe\u00f1an diversas tareas: van al colegio, cocinan, limpian la casa, cuidan a sus hermanos [&hellip;]","og_url":"https:\/\/www.edugestores.pe\/?p=23648","og_site_name":"Red Peruana de Gestores de la Educaci\u00f3n","article_published_time":"2019-10-12T17:21:10+00:00","article_modified_time":"2019-10-22T16:19:07+00:00","og_image":[{"width":1200,"height":630,"url":"https:\/\/www.edugestores.pe\/wp-content\/uploads\/2019\/10\/noticia-1570745893-dia-internacional-de-la-nina-educacion-ninas-mujeres.png","type":"image\/png"}],"twitter_card":"summary_large_image","twitter_misc":{"Escrito por":"Administrador","Tiempo de lectura":"2 minutos"},"schema":{"@context":"https:\/\/schema.org","@graph":[{"@type":"WebSite","@id":"https:\/\/www.edugestores.pe\/#website","url":"https:\/\/www.edugestores.pe\/","name":"Red Peruana de Gestores de la Educaci\u00f3n","description":"Red Peruana de Gestores de la Educaci\u00f3n","potentialAction":[{"@type":"SearchAction","target":{"@type":"EntryPoint","urlTemplate":"https:\/\/www.edugestores.pe\/?s={search_term_string}"},"query-input":"required name=search_term_string"}],"inLanguage":"es"},{"@type":"ImageObject","@id":"https:\/\/www.edugestores.pe\/?p=23648#primaryimage","inLanguage":"es","url":"https:\/\/www.edugestores.pe\/wp-content\/uploads\/2019\/10\/noticia-1570745893-dia-internacional-de-la-nina-educacion-ninas-mujeres.png","contentUrl":"https:\/\/www.edugestores.pe\/wp-content\/uploads\/2019\/10\/noticia-1570745893-dia-internacional-de-la-nina-educacion-ninas-mujeres.png","width":1200,"height":630},{"@type":"WebPage","@id":"https:\/\/www.edugestores.pe\/?p=23648#webpage","url":"https:\/\/www.edugestores.pe\/?p=23648","name":"Impulsan proyecto para educar a m\u00e1s ni\u00f1as en zonas rurales del Per\u00fa - Red Peruana de Gestores de la Educaci\u00f3n","isPartOf":{"@id":"https:\/\/www.edugestores.pe\/#website"},"primaryImageOfPage":{"@id":"https:\/\/www.edugestores.pe\/?p=23648#primaryimage"},"datePublished":"2019-10-12T17:21:10+00:00","dateModified":"2019-10-22T16:19:07+00:00","author":{"@id":"https:\/\/www.edugestores.pe\/#\/schema\/person\/30dc82f35f5853289037a64b35c7c7d3"},"breadcrumb":{"@id":"https:\/\/www.edugestores.pe\/?p=23648#breadcrumb"},"inLanguage":"es","potentialAction":[{"@type":"ReadAction","target":["https:\/\/www.edugestores.pe\/?p=23648"]}]},{"@type":"BreadcrumbList","@id":"https:\/\/www.edugestores.pe\/?p=23648#breadcrumb","itemListElement":[{"@type":"ListItem","position":1,"name":"Portada","item":"https:\/\/www.edugestores.pe\/"},{"@type":"ListItem","position":2,"name":"Impulsan proyecto para educar a m\u00e1s ni\u00f1as en zonas rurales del Per\u00fa"}]},{"@type":"Person","@id":"https:\/\/www.edugestores.pe\/#\/schema\/person\/30dc82f35f5853289037a64b35c7c7d3","name":"Administrador","image":{"@type":"ImageObject","@id":"https:\/\/www.edugestores.pe\/#personlogo","inLanguage":"es","url":"https:\/\/secure.gravatar.com\/avatar\/70960d1239c4d2c778bb3d2786a3c1ae?s=96&d=mm&r=g","contentUrl":"https:\/\/secure.gravatar.com\/avatar\/70960d1239c4d2c778bb3d2786a3c1ae?s=96&d=mm&r=g","caption":"Administrador"},"url":"https:\/\/www.edugestores.pe\/?author=63"}]}},"jetpack_featured_media_url":"https:\/\/www.edugestores.pe\/wp-content\/uploads\/2019\/10\/noticia-1570745893-dia-internacional-de-la-nina-educacion-ninas-mujeres.png","_links":{"self":[{"href":"https:\/\/www.edugestores.pe\/index.php?rest_route=\/wp\/v2\/posts\/23648"}],"collection":[{"href":"https:\/\/www.edugestores.pe\/index.php?rest_route=\/wp\/v2\/posts"}],"about":[{"href":"https:\/\/www.edugestores.pe\/index.php?rest_route=\/wp\/v2\/types\/post"}],"author":[{"embeddable":true,"href":"https:\/\/www.edugestores.pe\/index.php?rest_route=\/wp\/v2\/users\/63"}],"replies":[{"embeddable":true,"href":"https:\/\/www.edugestores.pe\/index.php?rest_route=%2Fwp%2Fv2%2Fcomments&post=23648"}],"version-history":[{"count":1,"href":"https:\/\/www.edugestores.pe\/index.php?rest_route=\/wp\/v2\/posts\/23648\/revisions"}],"predecessor-version":[{"id":23650,"href":"https:\/\/www.edugestores.pe\/index.php?rest_route=\/wp\/v2\/posts\/23648\/revisions\/23650"}],"wp:featuredmedia":[{"embeddable":true,"href":"https:\/\/www.edugestores.pe\/index.php?rest_route=\/wp\/v2\/media\/23649"}],"wp:attachment":[{"href":"https:\/\/www.edugestores.pe\/index.php?rest_route=%2Fwp%2Fv2%2Fmedia&parent=23648"}],"wp:term":[{"taxonomy":"category","embeddable":true,"href":"https:\/\/www.edugestores.pe\/index.php?rest_route=%2Fwp%2Fv2%2Fcategories&post=23648"},{"taxonomy":"post_tag","embeddable":true,"href":"https:\/\/www.edugestores.pe\/index.php?rest_route=%2Fwp%2Fv2%2Ftags&post=23648"}],"curies":[{"name":"wp","href":"https:\/\/api.w.org\/{rel}","templated":true}]}}