{"id":23654,"date":"2019-10-15T06:35:38","date_gmt":"2019-10-15T11:35:38","guid":{"rendered":"https:\/\/www.edugestores.pe\/?p=23654"},"modified":"2019-10-22T11:19:20","modified_gmt":"2019-10-22T16:19:20","slug":"tacna-ninos-de-87-colegios-hablan-el-aimara-pero-no-lo-usan-en-clase","status":"publish","type":"post","link":"https:\/\/www.edugestores.pe\/?p=23654","title":{"rendered":"Tacna: Ni\u00f1os de 87 colegios hablan el aimara pero no lo usan en clase"},"content":{"rendered":"<p class=\"\" style=\"text-align: justify;\">El Ministerio de Educaci\u00f3n, con ayuda del Instituto Nacional de Estad\u00edstica e Inform\u00e1tica (INEI), identific\u00f3 en 2017 que en el departamento de Tacna existen 87 colegios donde est\u00e1n inscritos ni\u00f1os y adolescentes que tienen como lengua originaria el aimara. A pesar de ello, solo en tres instituciones se fortalece el aprendizaje en su idioma materno.<\/p>\n<p class=\"\" style=\"text-align: justify;\">Demetrio Yufra Tenorio, especialista en educaci\u00f3n intercultural biling\u00fce de la Direcci\u00f3n Regional de Educaci\u00f3n de\u00a0Tacna\u00a0(Dret), explic\u00f3 que estas 87 instituciones tienen el registro de \u201cEducaci\u00f3n Intercultural Biling\u00fce\u201d. Este a\u00f1o el ministerio elabora un registro de docentes biling\u00fces (espa\u00f1ol, aimara y otras lenguas). Yufra destac\u00f3 que cada Unidad de Gesti\u00f3n Educativa (en Tacna son 4) contar\u00e1 con esa data.<\/p>\n<p class=\"\" style=\"text-align: justify;\">&#8220;No tenemos la cifra exacta pero podemos estimar que con\u00a0dominio oral y escrito del aimara, tenemos alrededor de 400 docentes. Pero ojo, ellos est\u00e1n distribuidos en todos los centros educativos y en distintos niveles&#8221;, coment\u00f3 el especialista.<\/p>\n<div style=\"text-align: justify;\">\u00a0A finales de 2018 el ministerio emiti\u00f3 las normas que establecen las contrataciones de maestros que dominen las lenguas originarias de las zonas donde ser\u00e1n asignados. Yufra detall\u00f3 que tambi\u00e9n a ello se suma la resoluci\u00f3n ministerial que dispone que los institutos pedag\u00f3gicos deben formar a sus estudiantes para brindar una educaci\u00f3n intercultural biling\u00fce.<\/div>\n<p class=\"\" style=\"text-align: justify;\">Dijo esperar que estos esfuerzos impacten de forma positiva en la ense\u00f1anza de los escolares. Record\u00f3 que en\u00a0Tacna\u00a0se tienen cinco instituciones educativas p\u00fablicas donde se fortalece la difusi\u00f3n en aimara pero lamentablemente dos tuvieron que cerrar.<\/p>\n<div style=\"text-align: justify;\"><strong>Tinkuy<\/strong><\/div>\n<p class=\"\" style=\"text-align: justify;\">Yufra acompa\u00f1\u00f3 ayer a la delegaci\u00f3n de cuatro escolares de la comunidad de Ancomarca (distrito Palca) al Paseo C\u00edvico, antes de emprender su viaje a Lima hoy. Ellos participar\u00e1n del Tinkuy 2019 bajo el lema &#8220;Voces de mi pueblo para el Per\u00fa que queremos&#8221;. Este evento, organizado por el Ministerio de Educaci\u00f3n, re\u00fane a ni\u00f1os de todos los pueblos originarios y etnias.<\/p>\n<div style=\"text-align: justify;\">\u00a0Acompa\u00f1ados de dos docentes, los escolares Flor Olmedo Cruz (11), Haydee Cruz Tapia (12), Jedy Fernando Cruz Quispe (12) y Gustavo Calizaya Tola (12) compartir\u00e1n en\u00a0espa\u00f1ol y aimara\u00a0las tradiciones de su comunidad y los problemas que enfrentan.<\/div>\n<p class=\"\" style=\"text-align: justify;\">Gustavo relat\u00f3 que uno de los obst\u00e1culos que deben superar es la discriminaci\u00f3n por su idioma. &#8220;Muchos no hablan aimara por verg\u00fcenza o miedo pero eso est\u00e1 mal. Debemos hablar en nuestro idioma, es nuestro derecho. Eso queremos decir en Lima&#8221;.<\/p>\n<p class=\"\" style=\"text-align: justify;\">Los escolares aprenden sus lecciones en fr\u00edas aulas a m\u00e1s de 4 000 metros de altura sobre el nivel del mar. Eso no los desanima y esperan poder representar bien a Tacna en el Tinkuy.<\/p>\n<p class=\"\" style=\"text-align: justify;\">Tomado de La Rep\u00fablica<\/p>\n","protected":false},"excerpt":{"rendered":"<p>El Ministerio de Educaci\u00f3n, con ayuda del Instituto Nacional de Estad\u00edstica e Inform\u00e1tica (INEI), identific\u00f3 en 2017 que en el [&hellip;]<\/p>\n","protected":false},"author":63,"featured_media":23655,"comment_status":"open","ping_status":"open","sticky":false,"template":"","format":"standard","meta":{"spay_email":""},"categories":[125],"tags":[],"yoast_head":"<!-- This site is optimized with the Yoast SEO plugin v18.0 - https:\/\/yoast.com\/wordpress\/plugins\/seo\/ -->\n<title>Tacna: Ni\u00f1os de 87 colegios hablan el aimara pero no lo usan en clase - Red Peruana de Gestores de la Educaci\u00f3n<\/title>\n<meta name=\"robots\" content=\"index, follow, max-snippet:-1, max-image-preview:large, max-video-preview:-1\" \/>\n<link rel=\"canonical\" href=\"https:\/\/www.edugestores.pe\/?p=23654\" \/>\n<meta property=\"og:locale\" content=\"es_ES\" \/>\n<meta property=\"og:type\" content=\"article\" \/>\n<meta property=\"og:title\" content=\"Tacna: Ni\u00f1os de 87 colegios hablan el aimara pero no lo usan en clase - Red Peruana de Gestores de la Educaci\u00f3n\" \/>\n<meta property=\"og:description\" content=\"El Ministerio de Educaci\u00f3n, con ayuda del Instituto Nacional de Estad\u00edstica e Inform\u00e1tica (INEI), identific\u00f3 en 2017 que en el [&hellip;]\" \/>\n<meta property=\"og:url\" content=\"https:\/\/www.edugestores.pe\/?p=23654\" \/>\n<meta property=\"og:site_name\" content=\"Red Peruana de Gestores de la Educaci\u00f3n\" \/>\n<meta property=\"article:published_time\" content=\"2019-10-15T11:35:38+00:00\" \/>\n<meta property=\"article:modified_time\" content=\"2019-10-22T16:19:20+00:00\" \/>\n<meta property=\"og:image\" content=\"https:\/\/www.edugestores.pe\/wp-content\/uploads\/2019\/10\/NXPSNPPG7ZCX3ON6YR7FPA5UBE.jpg\" \/>\n\t<meta property=\"og:image:width\" content=\"646\" \/>\n\t<meta property=\"og:image:height\" content=\"380\" \/>\n\t<meta property=\"og:image:type\" content=\"image\/jpeg\" \/>\n<meta name=\"twitter:card\" content=\"summary_large_image\" \/>\n<meta name=\"twitter:label1\" content=\"Escrito por\" \/>\n\t<meta name=\"twitter:data1\" content=\"Administrador\" \/>\n\t<meta name=\"twitter:label2\" content=\"Tiempo de lectura\" \/>\n\t<meta name=\"twitter:data2\" content=\"2 minutos\" \/>\n<script type=\"application\/ld+json\" class=\"yoast-schema-graph\">{\"@context\":\"https:\/\/schema.org\",\"@graph\":[{\"@type\":\"WebSite\",\"@id\":\"https:\/\/www.edugestores.pe\/#website\",\"url\":\"https:\/\/www.edugestores.pe\/\",\"name\":\"Red Peruana de Gestores de la Educaci\u00f3n\",\"description\":\"Red Peruana de Gestores de la Educaci\u00f3n\",\"potentialAction\":[{\"@type\":\"SearchAction\",\"target\":{\"@type\":\"EntryPoint\",\"urlTemplate\":\"https:\/\/www.edugestores.pe\/?s={search_term_string}\"},\"query-input\":\"required name=search_term_string\"}],\"inLanguage\":\"es\"},{\"@type\":\"ImageObject\",\"@id\":\"https:\/\/www.edugestores.pe\/?p=23654#primaryimage\",\"inLanguage\":\"es\",\"url\":\"https:\/\/www.edugestores.pe\/wp-content\/uploads\/2019\/10\/NXPSNPPG7ZCX3ON6YR7FPA5UBE.jpg\",\"contentUrl\":\"https:\/\/www.edugestores.pe\/wp-content\/uploads\/2019\/10\/NXPSNPPG7ZCX3ON6YR7FPA5UBE.jpg\",\"width\":646,\"height\":380},{\"@type\":\"WebPage\",\"@id\":\"https:\/\/www.edugestores.pe\/?p=23654#webpage\",\"url\":\"https:\/\/www.edugestores.pe\/?p=23654\",\"name\":\"Tacna: Ni\u00f1os de 87 colegios hablan el aimara pero no lo usan en clase - Red Peruana de Gestores de la Educaci\u00f3n\",\"isPartOf\":{\"@id\":\"https:\/\/www.edugestores.pe\/#website\"},\"primaryImageOfPage\":{\"@id\":\"https:\/\/www.edugestores.pe\/?p=23654#primaryimage\"},\"datePublished\":\"2019-10-15T11:35:38+00:00\",\"dateModified\":\"2019-10-22T16:19:20+00:00\",\"author\":{\"@id\":\"https:\/\/www.edugestores.pe\/#\/schema\/person\/30dc82f35f5853289037a64b35c7c7d3\"},\"breadcrumb\":{\"@id\":\"https:\/\/www.edugestores.pe\/?p=23654#breadcrumb\"},\"inLanguage\":\"es\",\"potentialAction\":[{\"@type\":\"ReadAction\",\"target\":[\"https:\/\/www.edugestores.pe\/?p=23654\"]}]},{\"@type\":\"BreadcrumbList\",\"@id\":\"https:\/\/www.edugestores.pe\/?p=23654#breadcrumb\",\"itemListElement\":[{\"@type\":\"ListItem\",\"position\":1,\"name\":\"Portada\",\"item\":\"https:\/\/www.edugestores.pe\/\"},{\"@type\":\"ListItem\",\"position\":2,\"name\":\"Tacna: Ni\u00f1os de 87 colegios hablan el aimara pero no lo usan en clase\"}]},{\"@type\":\"Person\",\"@id\":\"https:\/\/www.edugestores.pe\/#\/schema\/person\/30dc82f35f5853289037a64b35c7c7d3\",\"name\":\"Administrador\",\"image\":{\"@type\":\"ImageObject\",\"@id\":\"https:\/\/www.edugestores.pe\/#personlogo\",\"inLanguage\":\"es\",\"url\":\"https:\/\/secure.gravatar.com\/avatar\/70960d1239c4d2c778bb3d2786a3c1ae?s=96&d=mm&r=g\",\"contentUrl\":\"https:\/\/secure.gravatar.com\/avatar\/70960d1239c4d2c778bb3d2786a3c1ae?s=96&d=mm&r=g\",\"caption\":\"Administrador\"},\"url\":\"https:\/\/www.edugestores.pe\/?author=63\"}]}<\/script>\n<!-- \/ Yoast SEO plugin. -->","yoast_head_json":{"title":"Tacna: Ni\u00f1os de 87 colegios hablan el aimara pero no lo usan en clase - Red Peruana de Gestores de la Educaci\u00f3n","robots":{"index":"index","follow":"follow","max-snippet":"max-snippet:-1","max-image-preview":"max-image-preview:large","max-video-preview":"max-video-preview:-1"},"canonical":"https:\/\/www.edugestores.pe\/?p=23654","og_locale":"es_ES","og_type":"article","og_title":"Tacna: Ni\u00f1os de 87 colegios hablan el aimara pero no lo usan en clase - Red Peruana de Gestores de la Educaci\u00f3n","og_description":"El Ministerio de Educaci\u00f3n, con ayuda del Instituto Nacional de Estad\u00edstica e Inform\u00e1tica (INEI), identific\u00f3 en 2017 que en el [&hellip;]","og_url":"https:\/\/www.edugestores.pe\/?p=23654","og_site_name":"Red Peruana de Gestores de la Educaci\u00f3n","article_published_time":"2019-10-15T11:35:38+00:00","article_modified_time":"2019-10-22T16:19:20+00:00","og_image":[{"width":646,"height":380,"url":"https:\/\/www.edugestores.pe\/wp-content\/uploads\/2019\/10\/NXPSNPPG7ZCX3ON6YR7FPA5UBE.jpg","type":"image\/jpeg"}],"twitter_card":"summary_large_image","twitter_misc":{"Escrito por":"Administrador","Tiempo de lectura":"2 minutos"},"schema":{"@context":"https:\/\/schema.org","@graph":[{"@type":"WebSite","@id":"https:\/\/www.edugestores.pe\/#website","url":"https:\/\/www.edugestores.pe\/","name":"Red Peruana de Gestores de la Educaci\u00f3n","description":"Red Peruana de Gestores de la Educaci\u00f3n","potentialAction":[{"@type":"SearchAction","target":{"@type":"EntryPoint","urlTemplate":"https:\/\/www.edugestores.pe\/?s={search_term_string}"},"query-input":"required name=search_term_string"}],"inLanguage":"es"},{"@type":"ImageObject","@id":"https:\/\/www.edugestores.pe\/?p=23654#primaryimage","inLanguage":"es","url":"https:\/\/www.edugestores.pe\/wp-content\/uploads\/2019\/10\/NXPSNPPG7ZCX3ON6YR7FPA5UBE.jpg","contentUrl":"https:\/\/www.edugestores.pe\/wp-content\/uploads\/2019\/10\/NXPSNPPG7ZCX3ON6YR7FPA5UBE.jpg","width":646,"height":380},{"@type":"WebPage","@id":"https:\/\/www.edugestores.pe\/?p=23654#webpage","url":"https:\/\/www.edugestores.pe\/?p=23654","name":"Tacna: Ni\u00f1os de 87 colegios hablan el aimara pero no lo usan en clase - Red Peruana de Gestores de la Educaci\u00f3n","isPartOf":{"@id":"https:\/\/www.edugestores.pe\/#website"},"primaryImageOfPage":{"@id":"https:\/\/www.edugestores.pe\/?p=23654#primaryimage"},"datePublished":"2019-10-15T11:35:38+00:00","dateModified":"2019-10-22T16:19:20+00:00","author":{"@id":"https:\/\/www.edugestores.pe\/#\/schema\/person\/30dc82f35f5853289037a64b35c7c7d3"},"breadcrumb":{"@id":"https:\/\/www.edugestores.pe\/?p=23654#breadcrumb"},"inLanguage":"es","potentialAction":[{"@type":"ReadAction","target":["https:\/\/www.edugestores.pe\/?p=23654"]}]},{"@type":"BreadcrumbList","@id":"https:\/\/www.edugestores.pe\/?p=23654#breadcrumb","itemListElement":[{"@type":"ListItem","position":1,"name":"Portada","item":"https:\/\/www.edugestores.pe\/"},{"@type":"ListItem","position":2,"name":"Tacna: Ni\u00f1os de 87 colegios hablan el aimara pero no lo usan en clase"}]},{"@type":"Person","@id":"https:\/\/www.edugestores.pe\/#\/schema\/person\/30dc82f35f5853289037a64b35c7c7d3","name":"Administrador","image":{"@type":"ImageObject","@id":"https:\/\/www.edugestores.pe\/#personlogo","inLanguage":"es","url":"https:\/\/secure.gravatar.com\/avatar\/70960d1239c4d2c778bb3d2786a3c1ae?s=96&d=mm&r=g","contentUrl":"https:\/\/secure.gravatar.com\/avatar\/70960d1239c4d2c778bb3d2786a3c1ae?s=96&d=mm&r=g","caption":"Administrador"},"url":"https:\/\/www.edugestores.pe\/?author=63"}]}},"jetpack_featured_media_url":"https:\/\/www.edugestores.pe\/wp-content\/uploads\/2019\/10\/NXPSNPPG7ZCX3ON6YR7FPA5UBE.jpg","_links":{"self":[{"href":"https:\/\/www.edugestores.pe\/index.php?rest_route=\/wp\/v2\/posts\/23654"}],"collection":[{"href":"https:\/\/www.edugestores.pe\/index.php?rest_route=\/wp\/v2\/posts"}],"about":[{"href":"https:\/\/www.edugestores.pe\/index.php?rest_route=\/wp\/v2\/types\/post"}],"author":[{"embeddable":true,"href":"https:\/\/www.edugestores.pe\/index.php?rest_route=\/wp\/v2\/users\/63"}],"replies":[{"embeddable":true,"href":"https:\/\/www.edugestores.pe\/index.php?rest_route=%2Fwp%2Fv2%2Fcomments&post=23654"}],"version-history":[{"count":3,"href":"https:\/\/www.edugestores.pe\/index.php?rest_route=\/wp\/v2\/posts\/23654\/revisions"}],"predecessor-version":[{"id":23658,"href":"https:\/\/www.edugestores.pe\/index.php?rest_route=\/wp\/v2\/posts\/23654\/revisions\/23658"}],"wp:featuredmedia":[{"embeddable":true,"href":"https:\/\/www.edugestores.pe\/index.php?rest_route=\/wp\/v2\/media\/23655"}],"wp:attachment":[{"href":"https:\/\/www.edugestores.pe\/index.php?rest_route=%2Fwp%2Fv2%2Fmedia&parent=23654"}],"wp:term":[{"taxonomy":"category","embeddable":true,"href":"https:\/\/www.edugestores.pe\/index.php?rest_route=%2Fwp%2Fv2%2Fcategories&post=23654"},{"taxonomy":"post_tag","embeddable":true,"href":"https:\/\/www.edugestores.pe\/index.php?rest_route=%2Fwp%2Fv2%2Ftags&post=23654"}],"curies":[{"name":"wp","href":"https:\/\/api.w.org\/{rel}","templated":true}]}}