{"id":23660,"date":"2019-10-15T10:28:06","date_gmt":"2019-10-15T15:28:06","guid":{"rendered":"https:\/\/www.edugestores.pe\/?p=23660"},"modified":"2019-11-03T22:30:23","modified_gmt":"2019-11-04T03:30:23","slug":"lima-loreto-cusco-puno-y-la-libertad-tienen-mas-vacantes-para-reasignacion","status":"publish","type":"post","link":"https:\/\/www.edugestores.pe\/?p=23660","title":{"rendered":"Lima, Loreto, Cusco, Puno y La Libertad tienen m\u00e1s vacantes para reasignaci\u00f3n"},"content":{"rendered":"<p class=\"\" style=\"text-align: justify;\">Los\u00a0profesores\u00a0que a\u00f1os atr\u00e1s lograron su nombramiento en un colegio p\u00fablico alejado de su vivienda, lo que implica una inversi\u00f3n de dinero y tiempo, ahora tienen una oportunidad para poder trasladarse a un plantel m\u00e1s cercano, siempre que cumplan con las exigencias.<\/p>\n<div style=\"text-align: justify;\">Para eso, el\u00a0Ministerio de Educaci\u00f3n\u00a0(Minedu) ha dispuesto m\u00e1s de 45 mil plazas para la reasignaci\u00f3n docente, cuyo proceso fue simplificado al reducirlo de tres a dos etapas (regional e interregional).<\/div>\n<p class=\"\" style=\"text-align: justify;\">&#8220;Se ha agilizado la reasignaci\u00f3n por unidad familiar e inter\u00e9s personal, de acuerdo con la Resoluci\u00f3n Viceministerial N\u00b0 245-2019-MINEDU, la cual aprob\u00f3 la norma t\u00e9cnica&#8221;, explicaron las fuentes del Minedu.<\/p>\n<p class=\"\" style=\"text-align: justify;\">Seg\u00fan las cifras del sector,\u00a0Lima Metropolitana\u00a0(5.413),\u00a0Loreto\u00a0(4.412),\u00a0Cusco\u00a0(2.744),\u00a0Puno\u00a0(2.709) y\u00a0La Libertad\u00a0(2,361) son las regiones con mayor cantidad de plazas para la reasignaci\u00f3n. De esta manera, los profesores podr\u00e1n presentar su solicitud de traslado ante la mesa de partes de la\u00a0Unidad de Gesti\u00f3n Educativa Local\u00a0(UGEL) a la que desean trasladarse, junto con la documentaci\u00f3n que acredita los requisitos.<\/p>\n<div style=\"text-align: justify;\">Dicha solicitud deber\u00e1 especificar la etapa (regional o interregional) y la causal del traslado, ya sea por inter\u00e9s personal o por unidad familiar.<\/div>\n<p class=\"\" style=\"text-align: justify;\">El Minedu inform\u00f3 que en el proceso de reasignaci\u00f3n docente 2019 pueden participar todos los maestros nombrados, los maestros designados en cargos directivos de instituciones educativas y los especialistas de las Direcciones Regionales de Educaci\u00f3n (DRE) y las UGEL.<\/p>\n<div style=\"text-align: justify;\">Los postulantes tambi\u00e9n deber\u00e1n acreditar un m\u00ednimo de 3 a\u00f1os como nombrado y un m\u00ednimo de 2 a\u00f1os de permanencia en la plaza en la que se encuentra en calidad de titular, para lo cual presentar\u00e1 un informe escalafonario cuya antig\u00fcedad no sea mayor a 30 d\u00edas calendario.<\/div>\n<p style=\"text-align: justify;\">&#8220;Incluso podr\u00e1n acreditar el requisito de constancia domiciliaria para la reasignaci\u00f3n por unidad familiar mediante una declaraci\u00f3n jurada simple. Los maestros que se encuentren en el proceso de ascenso de escala magisterial no est\u00e1n impedidos de participar en la reasignaci\u00f3n docente&#8221;, agreg\u00f3 el Minedu. Se espera que el proceso culmine en noviembre pr\u00f3ximo.<\/p>\n<p style=\"text-align: justify;\"><strong>Sutep se va a un paro<\/strong>.\u00a0Tras saludar la medida por la simplificaci\u00f3n de los tr\u00e1mites, el secretario general del\u00a0Sindicato Unitario de Trabajadores en la Educaci\u00f3n del Per\u00fa\u00a0(Sutep), Lucio Castro Chipana, precis\u00f3 que esperan modificaciones relacionadas a la representaci\u00f3n de los docentes dentro de los grupos que elegir\u00e1n a quienes logren una plaza de reasignaci\u00f3n.<\/p>\n<p class=\"\" style=\"text-align: justify;\">Por otro lado, anunci\u00f3 que en noviembre acatar\u00e1n un paro nacional de 24 horas, a fin de pedir mayor presupuesto para el sector, incluyendo los aumentos salariales de los profesores, as\u00ed como las mejoras de la infraestructura de los colegios.\u201cEn las pr\u00f3ximas semanas decidiremos el d\u00eda exacto de noviembre a trav\u00e9s de una asamblea general\u201d, afirm\u00f3 Castro.<\/p>\n<p class=\"\" style=\"text-align: justify;\">La clave.\u00a0\u201cLos profesores de las zonas alejadas, ya sea de frontera, zona rural o el Vraem, tambi\u00e9n tendr\u00e1n mayores oportunidades de trasladarse a zonas m\u00e1s cercanas al ambiente familiar\u201d, precis\u00f3 el Ministerio de Educaci\u00f3n.<\/p>\n<p class=\"\" style=\"text-align: justify;\">Tomado de La Rep\u00fablica<\/p>\n","protected":false},"excerpt":{"rendered":"<p>Los\u00a0profesores\u00a0que a\u00f1os atr\u00e1s lograron su nombramiento en un colegio p\u00fablico alejado de su vivienda, lo que implica una inversi\u00f3n de [&hellip;]<\/p>\n","protected":false},"author":63,"featured_media":18868,"comment_status":"open","ping_status":"open","sticky":false,"template":"","format":"standard","meta":{"spay_email":""},"categories":[125],"tags":[],"yoast_head":"<!-- This site is optimized with the Yoast SEO plugin v18.0 - https:\/\/yoast.com\/wordpress\/plugins\/seo\/ -->\n<title>Lima, Loreto, Cusco, Puno y La Libertad tienen m\u00e1s vacantes para reasignaci\u00f3n - Red Peruana de Gestores de la Educaci\u00f3n<\/title>\n<meta name=\"robots\" content=\"index, follow, max-snippet:-1, max-image-preview:large, max-video-preview:-1\" \/>\n<link rel=\"canonical\" href=\"https:\/\/www.edugestores.pe\/?p=23660\" \/>\n<meta property=\"og:locale\" content=\"es_ES\" \/>\n<meta property=\"og:type\" content=\"article\" \/>\n<meta property=\"og:title\" content=\"Lima, Loreto, Cusco, Puno y La Libertad tienen m\u00e1s vacantes para reasignaci\u00f3n - Red Peruana de Gestores de la Educaci\u00f3n\" \/>\n<meta property=\"og:description\" content=\"Los\u00a0profesores\u00a0que a\u00f1os atr\u00e1s lograron su nombramiento en un colegio p\u00fablico alejado de su vivienda, lo que implica una inversi\u00f3n de [&hellip;]\" \/>\n<meta property=\"og:url\" content=\"https:\/\/www.edugestores.pe\/?p=23660\" \/>\n<meta property=\"og:site_name\" content=\"Red Peruana de Gestores de la Educaci\u00f3n\" \/>\n<meta property=\"article:published_time\" content=\"2019-10-15T15:28:06+00:00\" \/>\n<meta property=\"article:modified_time\" content=\"2019-11-04T03:30:23+00:00\" \/>\n<meta property=\"og:image\" content=\"https:\/\/www.edugestores.pe\/wp-content\/uploads\/2018\/01\/141557-minedu-se-cubrio-totalidad-vacantes-disponibles-concurso-ascenso-docente-2017.jpg\" \/>\n\t<meta property=\"og:image:width\" content=\"851\" \/>\n\t<meta property=\"og:image:height\" content=\"444\" \/>\n\t<meta property=\"og:image:type\" content=\"image\/jpeg\" \/>\n<meta name=\"twitter:card\" content=\"summary_large_image\" \/>\n<meta name=\"twitter:label1\" content=\"Escrito por\" \/>\n\t<meta name=\"twitter:data1\" content=\"Administrador\" \/>\n\t<meta name=\"twitter:label2\" content=\"Tiempo de lectura\" \/>\n\t<meta name=\"twitter:data2\" content=\"3 minutos\" \/>\n<script type=\"application\/ld+json\" class=\"yoast-schema-graph\">{\"@context\":\"https:\/\/schema.org\",\"@graph\":[{\"@type\":\"WebSite\",\"@id\":\"https:\/\/www.edugestores.pe\/#website\",\"url\":\"https:\/\/www.edugestores.pe\/\",\"name\":\"Red Peruana de Gestores de la Educaci\u00f3n\",\"description\":\"Red Peruana de Gestores de la Educaci\u00f3n\",\"potentialAction\":[{\"@type\":\"SearchAction\",\"target\":{\"@type\":\"EntryPoint\",\"urlTemplate\":\"https:\/\/www.edugestores.pe\/?s={search_term_string}\"},\"query-input\":\"required name=search_term_string\"}],\"inLanguage\":\"es\"},{\"@type\":\"ImageObject\",\"@id\":\"https:\/\/www.edugestores.pe\/?p=23660#primaryimage\",\"inLanguage\":\"es\",\"url\":\"https:\/\/www.edugestores.pe\/wp-content\/uploads\/2018\/01\/141557-minedu-se-cubrio-totalidad-vacantes-disponibles-concurso-ascenso-docente-2017.jpg\",\"contentUrl\":\"https:\/\/www.edugestores.pe\/wp-content\/uploads\/2018\/01\/141557-minedu-se-cubrio-totalidad-vacantes-disponibles-concurso-ascenso-docente-2017.jpg\",\"width\":851,\"height\":444},{\"@type\":\"WebPage\",\"@id\":\"https:\/\/www.edugestores.pe\/?p=23660#webpage\",\"url\":\"https:\/\/www.edugestores.pe\/?p=23660\",\"name\":\"Lima, Loreto, Cusco, Puno y La Libertad tienen m\u00e1s vacantes para reasignaci\u00f3n - Red Peruana de Gestores de la Educaci\u00f3n\",\"isPartOf\":{\"@id\":\"https:\/\/www.edugestores.pe\/#website\"},\"primaryImageOfPage\":{\"@id\":\"https:\/\/www.edugestores.pe\/?p=23660#primaryimage\"},\"datePublished\":\"2019-10-15T15:28:06+00:00\",\"dateModified\":\"2019-11-04T03:30:23+00:00\",\"author\":{\"@id\":\"https:\/\/www.edugestores.pe\/#\/schema\/person\/30dc82f35f5853289037a64b35c7c7d3\"},\"breadcrumb\":{\"@id\":\"https:\/\/www.edugestores.pe\/?p=23660#breadcrumb\"},\"inLanguage\":\"es\",\"potentialAction\":[{\"@type\":\"ReadAction\",\"target\":[\"https:\/\/www.edugestores.pe\/?p=23660\"]}]},{\"@type\":\"BreadcrumbList\",\"@id\":\"https:\/\/www.edugestores.pe\/?p=23660#breadcrumb\",\"itemListElement\":[{\"@type\":\"ListItem\",\"position\":1,\"name\":\"Portada\",\"item\":\"https:\/\/www.edugestores.pe\/\"},{\"@type\":\"ListItem\",\"position\":2,\"name\":\"Lima, Loreto, Cusco, Puno y La Libertad tienen m\u00e1s vacantes para reasignaci\u00f3n\"}]},{\"@type\":\"Person\",\"@id\":\"https:\/\/www.edugestores.pe\/#\/schema\/person\/30dc82f35f5853289037a64b35c7c7d3\",\"name\":\"Administrador\",\"image\":{\"@type\":\"ImageObject\",\"@id\":\"https:\/\/www.edugestores.pe\/#personlogo\",\"inLanguage\":\"es\",\"url\":\"https:\/\/secure.gravatar.com\/avatar\/70960d1239c4d2c778bb3d2786a3c1ae?s=96&d=mm&r=g\",\"contentUrl\":\"https:\/\/secure.gravatar.com\/avatar\/70960d1239c4d2c778bb3d2786a3c1ae?s=96&d=mm&r=g\",\"caption\":\"Administrador\"},\"url\":\"https:\/\/www.edugestores.pe\/?author=63\"}]}<\/script>\n<!-- \/ Yoast SEO plugin. -->","yoast_head_json":{"title":"Lima, Loreto, Cusco, Puno y La Libertad tienen m\u00e1s vacantes para reasignaci\u00f3n - Red Peruana de Gestores de la Educaci\u00f3n","robots":{"index":"index","follow":"follow","max-snippet":"max-snippet:-1","max-image-preview":"max-image-preview:large","max-video-preview":"max-video-preview:-1"},"canonical":"https:\/\/www.edugestores.pe\/?p=23660","og_locale":"es_ES","og_type":"article","og_title":"Lima, Loreto, Cusco, Puno y La Libertad tienen m\u00e1s vacantes para reasignaci\u00f3n - Red Peruana de Gestores de la Educaci\u00f3n","og_description":"Los\u00a0profesores\u00a0que a\u00f1os atr\u00e1s lograron su nombramiento en un colegio p\u00fablico alejado de su vivienda, lo que implica una inversi\u00f3n de [&hellip;]","og_url":"https:\/\/www.edugestores.pe\/?p=23660","og_site_name":"Red Peruana de Gestores de la Educaci\u00f3n","article_published_time":"2019-10-15T15:28:06+00:00","article_modified_time":"2019-11-04T03:30:23+00:00","og_image":[{"width":851,"height":444,"url":"https:\/\/www.edugestores.pe\/wp-content\/uploads\/2018\/01\/141557-minedu-se-cubrio-totalidad-vacantes-disponibles-concurso-ascenso-docente-2017.jpg","type":"image\/jpeg"}],"twitter_card":"summary_large_image","twitter_misc":{"Escrito por":"Administrador","Tiempo de lectura":"3 minutos"},"schema":{"@context":"https:\/\/schema.org","@graph":[{"@type":"WebSite","@id":"https:\/\/www.edugestores.pe\/#website","url":"https:\/\/www.edugestores.pe\/","name":"Red Peruana de Gestores de la Educaci\u00f3n","description":"Red Peruana de Gestores de la Educaci\u00f3n","potentialAction":[{"@type":"SearchAction","target":{"@type":"EntryPoint","urlTemplate":"https:\/\/www.edugestores.pe\/?s={search_term_string}"},"query-input":"required name=search_term_string"}],"inLanguage":"es"},{"@type":"ImageObject","@id":"https:\/\/www.edugestores.pe\/?p=23660#primaryimage","inLanguage":"es","url":"https:\/\/www.edugestores.pe\/wp-content\/uploads\/2018\/01\/141557-minedu-se-cubrio-totalidad-vacantes-disponibles-concurso-ascenso-docente-2017.jpg","contentUrl":"https:\/\/www.edugestores.pe\/wp-content\/uploads\/2018\/01\/141557-minedu-se-cubrio-totalidad-vacantes-disponibles-concurso-ascenso-docente-2017.jpg","width":851,"height":444},{"@type":"WebPage","@id":"https:\/\/www.edugestores.pe\/?p=23660#webpage","url":"https:\/\/www.edugestores.pe\/?p=23660","name":"Lima, Loreto, Cusco, Puno y La Libertad tienen m\u00e1s vacantes para reasignaci\u00f3n - Red Peruana de Gestores de la Educaci\u00f3n","isPartOf":{"@id":"https:\/\/www.edugestores.pe\/#website"},"primaryImageOfPage":{"@id":"https:\/\/www.edugestores.pe\/?p=23660#primaryimage"},"datePublished":"2019-10-15T15:28:06+00:00","dateModified":"2019-11-04T03:30:23+00:00","author":{"@id":"https:\/\/www.edugestores.pe\/#\/schema\/person\/30dc82f35f5853289037a64b35c7c7d3"},"breadcrumb":{"@id":"https:\/\/www.edugestores.pe\/?p=23660#breadcrumb"},"inLanguage":"es","potentialAction":[{"@type":"ReadAction","target":["https:\/\/www.edugestores.pe\/?p=23660"]}]},{"@type":"BreadcrumbList","@id":"https:\/\/www.edugestores.pe\/?p=23660#breadcrumb","itemListElement":[{"@type":"ListItem","position":1,"name":"Portada","item":"https:\/\/www.edugestores.pe\/"},{"@type":"ListItem","position":2,"name":"Lima, Loreto, Cusco, Puno y La Libertad tienen m\u00e1s vacantes para reasignaci\u00f3n"}]},{"@type":"Person","@id":"https:\/\/www.edugestores.pe\/#\/schema\/person\/30dc82f35f5853289037a64b35c7c7d3","name":"Administrador","image":{"@type":"ImageObject","@id":"https:\/\/www.edugestores.pe\/#personlogo","inLanguage":"es","url":"https:\/\/secure.gravatar.com\/avatar\/70960d1239c4d2c778bb3d2786a3c1ae?s=96&d=mm&r=g","contentUrl":"https:\/\/secure.gravatar.com\/avatar\/70960d1239c4d2c778bb3d2786a3c1ae?s=96&d=mm&r=g","caption":"Administrador"},"url":"https:\/\/www.edugestores.pe\/?author=63"}]}},"jetpack_featured_media_url":"https:\/\/www.edugestores.pe\/wp-content\/uploads\/2018\/01\/141557-minedu-se-cubrio-totalidad-vacantes-disponibles-concurso-ascenso-docente-2017.jpg","_links":{"self":[{"href":"https:\/\/www.edugestores.pe\/index.php?rest_route=\/wp\/v2\/posts\/23660"}],"collection":[{"href":"https:\/\/www.edugestores.pe\/index.php?rest_route=\/wp\/v2\/posts"}],"about":[{"href":"https:\/\/www.edugestores.pe\/index.php?rest_route=\/wp\/v2\/types\/post"}],"author":[{"embeddable":true,"href":"https:\/\/www.edugestores.pe\/index.php?rest_route=\/wp\/v2\/users\/63"}],"replies":[{"embeddable":true,"href":"https:\/\/www.edugestores.pe\/index.php?rest_route=%2Fwp%2Fv2%2Fcomments&post=23660"}],"version-history":[{"count":1,"href":"https:\/\/www.edugestores.pe\/index.php?rest_route=\/wp\/v2\/posts\/23660\/revisions"}],"predecessor-version":[{"id":23661,"href":"https:\/\/www.edugestores.pe\/index.php?rest_route=\/wp\/v2\/posts\/23660\/revisions\/23661"}],"wp:featuredmedia":[{"embeddable":true,"href":"https:\/\/www.edugestores.pe\/index.php?rest_route=\/wp\/v2\/media\/18868"}],"wp:attachment":[{"href":"https:\/\/www.edugestores.pe\/index.php?rest_route=%2Fwp%2Fv2%2Fmedia&parent=23660"}],"wp:term":[{"taxonomy":"category","embeddable":true,"href":"https:\/\/www.edugestores.pe\/index.php?rest_route=%2Fwp%2Fv2%2Fcategories&post=23660"},{"taxonomy":"post_tag","embeddable":true,"href":"https:\/\/www.edugestores.pe\/index.php?rest_route=%2Fwp%2Fv2%2Ftags&post=23660"}],"curies":[{"name":"wp","href":"https:\/\/api.w.org\/{rel}","templated":true}]}}