{"id":23676,"date":"2019-10-22T11:08:04","date_gmt":"2019-10-22T16:08:04","guid":{"rendered":"https:\/\/www.edugestores.pe\/?p=23676"},"modified":"2019-11-03T22:30:42","modified_gmt":"2019-11-04T03:30:42","slug":"necesidades-de-propuestas-concertadas-en-la-frontera-de-loreto-un-articulo-de-gerber-hugo-hidalgo","status":"publish","type":"post","link":"https:\/\/www.edugestores.pe\/?p=23676","title":{"rendered":"Necesidades de propuestas concertadas en la frontera de Loreto, un art\u00edculo de Gerber Hugo Hidalgo"},"content":{"rendered":"<p style=\"text-align: justify;\">Por Gerber Hugo Hidalgo<br \/>\nEdugestor, coordinador regional DIGEIBIRA Loreto (Datem del Mara\u00f1\u00f3n)<\/p>\n<p style=\"text-align: justify;\">Loreto es la regi\u00f3n m\u00e1s extensa del territorio nacional. Tiene una superficie territorial de 368,851.95 km\u00b2, correspondiente al 28.70% del total nacional; al a\u00f1o 2017 cuenta aproximadamente con 1 039 372 habitantes y una densidad de 2.82 habitantes por kil\u00f3metro cuadrado. Se localiza en la parte Nororiental del territorio peruano con una fuerte concentraci\u00f3n de habitantes que reside en el \u00e1mbito urbano (67,3%). Esta poblaci\u00f3n mantiene su arraigo cultural e historia de vida con pr\u00e1cticas culturales propias del contexto amaz\u00f3nico debido a la migraci\u00f3n permanente de la poblaci\u00f3n rural a la ciudad.<\/p>\n<p style=\"text-align: justify;\">La regi\u00f3n cuenta con ocho provincias y 53 distritos, cada una de los cuales cuenta con \u00e1mbito urbano y rural siendo la capital, Iquitos. La poblaci\u00f3n que reside en el \u00e1mbito rural corresponde al 32,7 por ciento, siendo la poblaci\u00f3n masculina (54,4), mayor que la femenina (45,6) en 8,8 puntos porcentuales. En el \u00e1mbito rural reside poblaci\u00f3n monoling\u00fce castellano y poblaci\u00f3n ind\u00edgena que representa el 7,4 por ciento con relaci\u00f3n al promedio nacional de 15,7 por ciento y se concentra preponderantemente en las principales cuencas amaz\u00f3nicas y zonas de frontera.<\/p>\n<p style=\"text-align: justify;\">Seg\u00fan el mapa etnoling\u00fc\u00edstico del Per\u00fa elaborado por el Ministerio de Educaci\u00f3n, la regi\u00f3n Loreto alberga poblaci\u00f3n ind\u00edgena hablante de 27 lenguas originarias de las 48 que existen en el territorio nacional, esto hace que se convierta en una de las regiones de m\u00e1s alta diversidad cultural y ling\u00fc\u00edstica, con pr\u00e1cticas culturales y concepciones del mundo que se transmiten de generaci\u00f3n en generaci\u00f3n, y que en varios casos, se desarrollan en contacto permanente con la poblaci\u00f3n castellano hablante. El 60 % de la poblaci\u00f3n total se ubica en \u00e1rea urbana. Loreto presenta la m\u00e1s baja densidad poblacional: 2,3 hab\/km2. Cuenta con 3492 centros poblados aproximadamente, de los cuales m\u00e1s del 95 % est\u00e1n ubicados en el \u00e1rea rural. Aproximadamente 492 son los centros poblados con ind\u00edgenas.<\/p>\n<p style=\"text-align: justify;\">Adem\u00e1s, la regi\u00f3n Loreto limita con los pa\u00edses de Ecuador y Colombia en la zona norte, con Brasil por la zona este, con Colombia son divididos por el r\u00edo Putumayo, con Ecuador por las poblaciones ind\u00edgenas y los r\u00edos septentrionales del Pastaza, Napo, Huazaga y Morona, con el Brasil por el r\u00edo Yavar\u00ed. En estos territorios existen muchas necesidades y demandas de la poblaci\u00f3n, pero muchas veces no son atendidas por el Estado, lo que se observa en estos lugares es el trabajo aislado de Sectores del Estado quienes son responsables de supervisar y evaluar la Pol\u00edtica Nacional y Sectorial bajo su competencia, aplicable a todos los niveles de gobierno. En realidad carecemos de propuestas articuladas al servicio de los ciudadanos, considero que desde el lugar donde nos desempe\u00f1amos como servidores o gestores p\u00fablicos, podemos generar espacios de reflexi\u00f3n, an\u00e1lisis de la problem\u00e1tica fronteriza y alternativas para que exista un Plan de Desarrollo de Fronteras de la regi\u00f3n y del pa\u00eds a mediano y largo plazo, donde la educaci\u00f3n, la salud, la producci\u00f3n, tema forestal, agropecuario, la conectividad, juegan un rol protag\u00f3nico como componente de soporte social, econ\u00f3mico y productivo que las instituciones del Estado converjan todos sus esfuerzos t\u00e9cnicos, organizacional y presupuestal para proponer pol\u00edticas, planes y proyectos como zonas de unidades rurales modelos con enfoque territorial orientados a mejorar la calidad de vida de los ciudadanos de manera sostenible.<\/p>\n<p style=\"text-align: justify;\">Para tema de reflexi\u00f3n en la frontera con el pa\u00eds del Ecuador, la poblaci\u00f3n peruana realiza varias actividades como el intercambio comercial, deportivo y otros, por ejemplo la comunidad de Nuevo San Juan en el r\u00edo Morona, poblaci\u00f3n Wampis realiza sus actividades comerciales en el Ecuador, porque para los habitantes del lugar es m\u00e1s cerca ir al centro poblado de Puerto Morona del Ecuador, que trasladarse al centro poblado mayor del Per\u00fa que es Puerto Alegr\u00eda, Puerto Am\u00e9rica o la capital provincial de San Lorenzo; porque tienen que navegar 14 d\u00edas v\u00eda fluvial en peque\u00f1as embarcaciones denominados \u201cpeque peque\u201d ida y vuelta, pero para visitar el poblado mayor del Ecuador, que es Puerto Morona lo realizan en 5 horas con la misma embarcaci\u00f3n fluvial; entonces, tienen mayor facilidad para llegar al territorio ecuatoriano. Esto no quiere decir que quieren ser ecuatorianos al contrario, porque ellos lo tienen firme su identidad como peruanos a pesar de las deficiencias de atenci\u00f3n del Estado peruano. Mientras, en la comunidad de San Juan del Morona encontramos productos ecuatorianos desde una aguja hasta art\u00edculos de primera necesidad, pero no tiene incidencia la moneda del d\u00f3lar, se utiliza la moneda nacional.<\/p>\n<p style=\"text-align: justify;\">Por otro lado, hay poca presencia de la autoridad local, regional y nacional en l\u00ednea de frontera. Mejor dicho no realizan visitas de trabajo y di\u00e1logo directo con la poblaci\u00f3n, solo en campa\u00f1as pol\u00edticas lo realizan. Es necesario contar con pol\u00edticas definidas en l\u00edneas de frontera de la patria, ya que existen muchas demandas de parte la poblaci\u00f3n, y en verdad est\u00e1n en lo cierto. Me pregunto qu\u00e9 derechos tienen las autoridades de tomar decisiones desde un escritorio sobre lo que tienen qu\u00e9 hacer y planificar en sus comunidades, m\u00e1s a\u00fan si nunca han visitado o compartido experiencias de trabajo o actividades culturales costumbristas, cosmovisiones y productivos.<\/p>\n<p style=\"text-align: justify;\">Para el aniversario de nuestra patria, en a\u00f1os anteriores tuve la oportunidad de estar en l\u00ednea de frontera por motivo de trabajo, donde se hizo el intercambio de espacios entre Per\u00fa y Ecuador, el l\u00edmite fronterizo es un campo de f\u00fatbol para ambas delegaciones por Per\u00fa est\u00e1 el Ej\u00e9rcito Peruano y del Ecuador conformados por autoridades congresistas, cancilleres, ministros, alcaldes y una gran poblaci\u00f3n a presenciar como acto protocolar y c\u00edvico. Pero no es f\u00e1cil de llegar a estos lugares porque las distancias y los costos son elevados. Estos pobladores sin lugar a duda, son los guardianes de las fronteras, deber\u00eda de existir una pol\u00edtica especial de fronteras, es diferente decir soy peruano en la costa, o soy patriota en la ciudad de Iquitos, cuando se tiene en abandono o sin oportunidades a estas poblaciones de ni\u00f1os, ni\u00f1as, adolescentes, j\u00f3venes, adultos y ancianos.<\/p>\n<p style=\"text-align: justify;\">En la base militar de Barranca, en el r\u00edo Morona, encontramos el siguiente lema: \u201centre el morona y el Huazaga los monos nunca ver\u00e1n las riberas del r\u00edo mara\u00f1\u00f3n\u201d. Pero, este lema en muchos casos no se cumple porque los ecuatorianos ingresan a muestro territorio y navegan por los r\u00edos Morona y Mara\u00f1\u00f3n, no sabemos qu\u00e9 planes desarrollan, de igual forma navegan por el r\u00edo Pastaza hasta llegar a San Lorenzo, capital de la Provincia de Datem del Mara\u00f1\u00f3n, por el r\u00edo Napo hasta Pantoja, Santa Clotilde, Maz\u00e1n provincia de Maynas. Luego, estos se\u00f1ores visitan los mercados de la localidad y comienzan a decir a la poblaci\u00f3n que estos territorios les pertenece, que los peruanos los quitamos y ellos est\u00e1n en busca de recuperar. Una persona com\u00fan y corriente se queda preocupada al escuchar tremenda aberraci\u00f3n de parte de los ecuatorianos, ya que no existen ning\u00fan control de las autoridades en la ciudad de entrada y salida de estos se\u00f1ores. Ojal\u00e1 que Canciller\u00eda del Per\u00fa o el Gobierno Regional de Loreto pudiera hacer algo. Entonces, c\u00f3mo desde la sociedad rural y frontera podemos generar espacios de reflexi\u00f3n ante la opini\u00f3n p\u00fablica para que conozca estos acontecimientos en la frontera de Loreto, Necesitamos unir esfuerzos entre las instituciones del Estado. Definir pol\u00edticas de Estado con la participaci\u00f3n de los ciudadanos, a trav\u00e9s de diagn\u00f3sticos participativos para el desarrollo comunal y de cuenca, as\u00ed promover el desarrollo sostenible de las poblaciones de frontera, fortaleciendo la identidad regional y nacional en un marco de cultura de paz. Con la esperanza de mejorar las condiciones de vida de la poblaci\u00f3n de l\u00ednea de frontera de Loreto.<\/p>\n<p style=\"text-align: justify;\">Foto referencial<\/p>\n","protected":false},"excerpt":{"rendered":"<p>Por Gerber Hugo Hidalgo Edugestor, coordinador regional DIGEIBIRA Loreto (Datem del Mara\u00f1\u00f3n) Loreto es la regi\u00f3n m\u00e1s extensa del territorio [&hellip;]<\/p>\n","protected":false},"author":63,"featured_media":21141,"comment_status":"open","ping_status":"open","sticky":false,"template":"","format":"standard","meta":{"spay_email":""},"categories":[1032,125,1413],"tags":[],"yoast_head":"<!-- This site is optimized with the Yoast SEO plugin v18.0 - https:\/\/yoast.com\/wordpress\/plugins\/seo\/ -->\n<title>Necesidades de propuestas concertadas en la frontera de Loreto, un art\u00edculo de Gerber Hugo Hidalgo - Red Peruana de Gestores de la Educaci\u00f3n<\/title>\n<meta name=\"robots\" content=\"index, follow, max-snippet:-1, max-image-preview:large, max-video-preview:-1\" \/>\n<link rel=\"canonical\" href=\"https:\/\/www.edugestores.pe\/?p=23676\" \/>\n<meta property=\"og:locale\" content=\"es_ES\" \/>\n<meta property=\"og:type\" content=\"article\" \/>\n<meta property=\"og:title\" content=\"Necesidades de propuestas concertadas en la frontera de Loreto, un art\u00edculo de Gerber Hugo Hidalgo - Red Peruana de Gestores de la Educaci\u00f3n\" \/>\n<meta property=\"og:description\" content=\"Por Gerber Hugo Hidalgo Edugestor, coordinador regional DIGEIBIRA Loreto (Datem del Mara\u00f1\u00f3n) Loreto es la regi\u00f3n m\u00e1s extensa del territorio [&hellip;]\" \/>\n<meta property=\"og:url\" content=\"https:\/\/www.edugestores.pe\/?p=23676\" \/>\n<meta property=\"og:site_name\" content=\"Red Peruana de Gestores de la Educaci\u00f3n\" \/>\n<meta property=\"article:published_time\" content=\"2019-10-22T16:08:04+00:00\" \/>\n<meta property=\"article:modified_time\" content=\"2019-11-04T03:30:42+00:00\" \/>\n<meta property=\"og:image\" content=\"https:\/\/www.edugestores.pe\/wp-content\/uploads\/2018\/11\/mineduie-selva.jpg\" \/>\n\t<meta property=\"og:image:width\" content=\"480\" \/>\n\t<meta property=\"og:image:height\" content=\"300\" \/>\n\t<meta property=\"og:image:type\" content=\"image\/jpeg\" \/>\n<meta name=\"twitter:card\" content=\"summary_large_image\" \/>\n<meta name=\"twitter:label1\" content=\"Escrito por\" \/>\n\t<meta name=\"twitter:data1\" content=\"Administrador\" \/>\n\t<meta name=\"twitter:label2\" content=\"Tiempo de lectura\" \/>\n\t<meta name=\"twitter:data2\" content=\"7 minutos\" \/>\n<script type=\"application\/ld+json\" class=\"yoast-schema-graph\">{\"@context\":\"https:\/\/schema.org\",\"@graph\":[{\"@type\":\"WebSite\",\"@id\":\"https:\/\/www.edugestores.pe\/#website\",\"url\":\"https:\/\/www.edugestores.pe\/\",\"name\":\"Red Peruana de Gestores de la Educaci\u00f3n\",\"description\":\"Red Peruana de Gestores de la Educaci\u00f3n\",\"potentialAction\":[{\"@type\":\"SearchAction\",\"target\":{\"@type\":\"EntryPoint\",\"urlTemplate\":\"https:\/\/www.edugestores.pe\/?s={search_term_string}\"},\"query-input\":\"required name=search_term_string\"}],\"inLanguage\":\"es\"},{\"@type\":\"ImageObject\",\"@id\":\"https:\/\/www.edugestores.pe\/?p=23676#primaryimage\",\"inLanguage\":\"es\",\"url\":\"https:\/\/www.edugestores.pe\/wp-content\/uploads\/2018\/11\/mineduie-selva.jpg\",\"contentUrl\":\"https:\/\/www.edugestores.pe\/wp-content\/uploads\/2018\/11\/mineduie-selva.jpg\",\"width\":480,\"height\":300},{\"@type\":\"WebPage\",\"@id\":\"https:\/\/www.edugestores.pe\/?p=23676#webpage\",\"url\":\"https:\/\/www.edugestores.pe\/?p=23676\",\"name\":\"Necesidades de propuestas concertadas en la frontera de Loreto, un art\u00edculo de Gerber Hugo Hidalgo - Red Peruana de Gestores de la Educaci\u00f3n\",\"isPartOf\":{\"@id\":\"https:\/\/www.edugestores.pe\/#website\"},\"primaryImageOfPage\":{\"@id\":\"https:\/\/www.edugestores.pe\/?p=23676#primaryimage\"},\"datePublished\":\"2019-10-22T16:08:04+00:00\",\"dateModified\":\"2019-11-04T03:30:42+00:00\",\"author\":{\"@id\":\"https:\/\/www.edugestores.pe\/#\/schema\/person\/30dc82f35f5853289037a64b35c7c7d3\"},\"breadcrumb\":{\"@id\":\"https:\/\/www.edugestores.pe\/?p=23676#breadcrumb\"},\"inLanguage\":\"es\",\"potentialAction\":[{\"@type\":\"ReadAction\",\"target\":[\"https:\/\/www.edugestores.pe\/?p=23676\"]}]},{\"@type\":\"BreadcrumbList\",\"@id\":\"https:\/\/www.edugestores.pe\/?p=23676#breadcrumb\",\"itemListElement\":[{\"@type\":\"ListItem\",\"position\":1,\"name\":\"Portada\",\"item\":\"https:\/\/www.edugestores.pe\/\"},{\"@type\":\"ListItem\",\"position\":2,\"name\":\"Necesidades de propuestas concertadas en la frontera de Loreto, un art\u00edculo de Gerber Hugo Hidalgo\"}]},{\"@type\":\"Person\",\"@id\":\"https:\/\/www.edugestores.pe\/#\/schema\/person\/30dc82f35f5853289037a64b35c7c7d3\",\"name\":\"Administrador\",\"image\":{\"@type\":\"ImageObject\",\"@id\":\"https:\/\/www.edugestores.pe\/#personlogo\",\"inLanguage\":\"es\",\"url\":\"https:\/\/secure.gravatar.com\/avatar\/70960d1239c4d2c778bb3d2786a3c1ae?s=96&d=mm&r=g\",\"contentUrl\":\"https:\/\/secure.gravatar.com\/avatar\/70960d1239c4d2c778bb3d2786a3c1ae?s=96&d=mm&r=g\",\"caption\":\"Administrador\"},\"url\":\"https:\/\/www.edugestores.pe\/?author=63\"}]}<\/script>\n<!-- \/ Yoast SEO plugin. -->","yoast_head_json":{"title":"Necesidades de propuestas concertadas en la frontera de Loreto, un art\u00edculo de Gerber Hugo Hidalgo - Red Peruana de Gestores de la Educaci\u00f3n","robots":{"index":"index","follow":"follow","max-snippet":"max-snippet:-1","max-image-preview":"max-image-preview:large","max-video-preview":"max-video-preview:-1"},"canonical":"https:\/\/www.edugestores.pe\/?p=23676","og_locale":"es_ES","og_type":"article","og_title":"Necesidades de propuestas concertadas en la frontera de Loreto, un art\u00edculo de Gerber Hugo Hidalgo - Red Peruana de Gestores de la Educaci\u00f3n","og_description":"Por Gerber Hugo Hidalgo Edugestor, coordinador regional DIGEIBIRA Loreto (Datem del Mara\u00f1\u00f3n) Loreto es la regi\u00f3n m\u00e1s extensa del territorio [&hellip;]","og_url":"https:\/\/www.edugestores.pe\/?p=23676","og_site_name":"Red Peruana de Gestores de la Educaci\u00f3n","article_published_time":"2019-10-22T16:08:04+00:00","article_modified_time":"2019-11-04T03:30:42+00:00","og_image":[{"width":480,"height":300,"url":"https:\/\/www.edugestores.pe\/wp-content\/uploads\/2018\/11\/mineduie-selva.jpg","type":"image\/jpeg"}],"twitter_card":"summary_large_image","twitter_misc":{"Escrito por":"Administrador","Tiempo de lectura":"7 minutos"},"schema":{"@context":"https:\/\/schema.org","@graph":[{"@type":"WebSite","@id":"https:\/\/www.edugestores.pe\/#website","url":"https:\/\/www.edugestores.pe\/","name":"Red Peruana de Gestores de la Educaci\u00f3n","description":"Red Peruana de Gestores de la Educaci\u00f3n","potentialAction":[{"@type":"SearchAction","target":{"@type":"EntryPoint","urlTemplate":"https:\/\/www.edugestores.pe\/?s={search_term_string}"},"query-input":"required name=search_term_string"}],"inLanguage":"es"},{"@type":"ImageObject","@id":"https:\/\/www.edugestores.pe\/?p=23676#primaryimage","inLanguage":"es","url":"https:\/\/www.edugestores.pe\/wp-content\/uploads\/2018\/11\/mineduie-selva.jpg","contentUrl":"https:\/\/www.edugestores.pe\/wp-content\/uploads\/2018\/11\/mineduie-selva.jpg","width":480,"height":300},{"@type":"WebPage","@id":"https:\/\/www.edugestores.pe\/?p=23676#webpage","url":"https:\/\/www.edugestores.pe\/?p=23676","name":"Necesidades de propuestas concertadas en la frontera de Loreto, un art\u00edculo de Gerber Hugo Hidalgo - Red Peruana de Gestores de la Educaci\u00f3n","isPartOf":{"@id":"https:\/\/www.edugestores.pe\/#website"},"primaryImageOfPage":{"@id":"https:\/\/www.edugestores.pe\/?p=23676#primaryimage"},"datePublished":"2019-10-22T16:08:04+00:00","dateModified":"2019-11-04T03:30:42+00:00","author":{"@id":"https:\/\/www.edugestores.pe\/#\/schema\/person\/30dc82f35f5853289037a64b35c7c7d3"},"breadcrumb":{"@id":"https:\/\/www.edugestores.pe\/?p=23676#breadcrumb"},"inLanguage":"es","potentialAction":[{"@type":"ReadAction","target":["https:\/\/www.edugestores.pe\/?p=23676"]}]},{"@type":"BreadcrumbList","@id":"https:\/\/www.edugestores.pe\/?p=23676#breadcrumb","itemListElement":[{"@type":"ListItem","position":1,"name":"Portada","item":"https:\/\/www.edugestores.pe\/"},{"@type":"ListItem","position":2,"name":"Necesidades de propuestas concertadas en la frontera de Loreto, un art\u00edculo de Gerber Hugo Hidalgo"}]},{"@type":"Person","@id":"https:\/\/www.edugestores.pe\/#\/schema\/person\/30dc82f35f5853289037a64b35c7c7d3","name":"Administrador","image":{"@type":"ImageObject","@id":"https:\/\/www.edugestores.pe\/#personlogo","inLanguage":"es","url":"https:\/\/secure.gravatar.com\/avatar\/70960d1239c4d2c778bb3d2786a3c1ae?s=96&d=mm&r=g","contentUrl":"https:\/\/secure.gravatar.com\/avatar\/70960d1239c4d2c778bb3d2786a3c1ae?s=96&d=mm&r=g","caption":"Administrador"},"url":"https:\/\/www.edugestores.pe\/?author=63"}]}},"jetpack_featured_media_url":"https:\/\/www.edugestores.pe\/wp-content\/uploads\/2018\/11\/mineduie-selva.jpg","_links":{"self":[{"href":"https:\/\/www.edugestores.pe\/index.php?rest_route=\/wp\/v2\/posts\/23676"}],"collection":[{"href":"https:\/\/www.edugestores.pe\/index.php?rest_route=\/wp\/v2\/posts"}],"about":[{"href":"https:\/\/www.edugestores.pe\/index.php?rest_route=\/wp\/v2\/types\/post"}],"author":[{"embeddable":true,"href":"https:\/\/www.edugestores.pe\/index.php?rest_route=\/wp\/v2\/users\/63"}],"replies":[{"embeddable":true,"href":"https:\/\/www.edugestores.pe\/index.php?rest_route=%2Fwp%2Fv2%2Fcomments&post=23676"}],"version-history":[{"count":3,"href":"https:\/\/www.edugestores.pe\/index.php?rest_route=\/wp\/v2\/posts\/23676\/revisions"}],"predecessor-version":[{"id":23679,"href":"https:\/\/www.edugestores.pe\/index.php?rest_route=\/wp\/v2\/posts\/23676\/revisions\/23679"}],"wp:featuredmedia":[{"embeddable":true,"href":"https:\/\/www.edugestores.pe\/index.php?rest_route=\/wp\/v2\/media\/21141"}],"wp:attachment":[{"href":"https:\/\/www.edugestores.pe\/index.php?rest_route=%2Fwp%2Fv2%2Fmedia&parent=23676"}],"wp:term":[{"taxonomy":"category","embeddable":true,"href":"https:\/\/www.edugestores.pe\/index.php?rest_route=%2Fwp%2Fv2%2Fcategories&post=23676"},{"taxonomy":"post_tag","embeddable":true,"href":"https:\/\/www.edugestores.pe\/index.php?rest_route=%2Fwp%2Fv2%2Ftags&post=23676"}],"curies":[{"name":"wp","href":"https:\/\/api.w.org\/{rel}","templated":true}]}}