{"id":23698,"date":"2019-10-26T11:37:22","date_gmt":"2019-10-26T16:37:22","guid":{"rendered":"https:\/\/www.edugestores.pe\/?p=23698"},"modified":"2019-11-04T20:58:50","modified_gmt":"2019-11-05T01:58:50","slug":"se-viene-virtual-educa-2019","status":"publish","type":"post","link":"https:\/\/www.edugestores.pe\/?p=23698","title":{"rendered":"Se viene Virtual Educa 2019"},"content":{"rendered":"<p id=\"8n9q4\" style=\"text-align: justify;\">El Ministerio de Educaci\u00f3n del Per\u00fa, a trav\u00e9s de la Direcci\u00f3n de Innovaci\u00f3n Tecnol\u00f3gica en Educaci\u00f3n,\u00a0invita a participar del\u00a0XXI Encuentro Internacional Virtual Educa Per\u00fa 2019\u00a0a realizarse del 5 al 8 de noviembre en el Centro de Convenciones de Lima.<\/p>\n<p id=\"4ccbb\" style=\"text-align: justify;\">Los encuentros Virtual Educa son un referente en Am\u00e9rica Latina y el Caribe como espacios donde se promueve la cooperaci\u00f3n p\u00fablico-privada de instituciones y organizaciones en el \u00e1mbito nacional e internacional, con el prop\u00f3sito de compartir ideas, proyectos y modelos de buenas pr\u00e1cticas de innovaci\u00f3n educativa y desarrollo del capital humano.<\/p>\n<p style=\"text-align: justify;\"><img decoding=\"async\" loading=\"lazy\" class=\"aligncenter size-full wp-image-6847 td-animation-stack-type0-2\" src=\"https:\/\/i1.wp.com\/virtualeduca.org\/mediacenter\/wp-content\/uploads\/2019\/10\/campaign_foto-virtual-educa1.png?resize=645%2C363&amp;ssl=1\" sizes=\"(max-width: 645px) 100vw, 645px\" srcset=\"https:\/\/i1.wp.com\/virtualeduca.org\/mediacenter\/wp-content\/uploads\/2019\/10\/campaign_foto-virtual-educa1.png?w=645&amp;ssl=1 645w, https:\/\/i1.wp.com\/virtualeduca.org\/mediacenter\/wp-content\/uploads\/2019\/10\/campaign_foto-virtual-educa1.png?resize=600%2C338&amp;ssl=1 600w\" alt=\"\" width=\"645\" height=\"363\" \/><\/p>\n<h2 id=\"f43p8\" style=\"text-align: justify;\">I EducaDigital: Educaci\u00f3n con Innovaci\u00f3n<\/h2>\n<p id=\"fcnd1\" style=\"text-align: justify;\">El Minedu, en el marco del Virtual Educa Per\u00fa 2019, realizar\u00e1, los d\u00edas 6 y 7 de noviembre, el I EducaDigital: Educaci\u00f3n con Innovaci\u00f3n con una serie de actividades entre foros, paneles y talleres, donde se abordar\u00e1n temas como escuelas digitales, transformaci\u00f3n digital en la educaci\u00f3n, ciencias de la computaci\u00f3n, pol\u00edticas gubernamentales para la incorporaci\u00f3n de las tecnolog\u00edas digitales y educaci\u00f3n superior universitaria y no universitaria.<\/p>\n<h2 id=\"ea5if\" style=\"text-align: justify;\">Inscripciones<\/h2>\n<p style=\"text-align: justify;\">Para esta edici\u00f3n, se espera la participaci\u00f3n de 5000 personas, entre docentes de instituciones educativas p\u00fablicas y privadas de Educaci\u00f3n B\u00e1sica Regular, expertos internacionales y nacionales, docentes y estudiantes de educaci\u00f3n superior y p\u00fablico en general. La inscripciones son sin costo y de pueden realizar desde\u00a0perueduca.pe\u00a0(exclusivo para docentes peruanos) y\u00a0virtualeduca.org\/peru2019.<\/p>\n<h2 id=\"6osql\" style=\"text-align: justify;\">Transmisi\u00f3n en vivo<\/h2>\n<p style=\"text-align: justify;\">Asimismo, se realizar\u00e1 la transmisi\u00f3n en vivo de las diversas actividades programadas en el\u00a0<strong>I EducaDigital: Educaci\u00f3n con Innovaci\u00f3n<\/strong>. Para poder participar de la transmisi\u00f3n, deber\u00e1 ingresar al canal\u00a0envivo.perueduca.pe<\/p>\n","protected":false},"excerpt":{"rendered":"<p>El Ministerio de Educaci\u00f3n del Per\u00fa, a trav\u00e9s de la Direcci\u00f3n de Innovaci\u00f3n Tecnol\u00f3gica en Educaci\u00f3n,\u00a0invita a participar del\u00a0XXI Encuentro [&hellip;]<\/p>\n","protected":false},"author":63,"featured_media":23699,"comment_status":"open","ping_status":"open","sticky":false,"template":"","format":"standard","meta":{"spay_email":""},"categories":[125],"tags":[],"yoast_head":"<!-- This site is optimized with the Yoast SEO plugin v18.0 - https:\/\/yoast.com\/wordpress\/plugins\/seo\/ -->\n<title>Se viene Virtual Educa 2019 - Red Peruana de Gestores de la Educaci\u00f3n<\/title>\n<meta name=\"robots\" content=\"index, follow, max-snippet:-1, max-image-preview:large, max-video-preview:-1\" \/>\n<link rel=\"canonical\" href=\"https:\/\/www.edugestores.pe\/?p=23698\" \/>\n<meta property=\"og:locale\" content=\"es_ES\" \/>\n<meta property=\"og:type\" content=\"article\" \/>\n<meta property=\"og:title\" content=\"Se viene Virtual Educa 2019 - Red Peruana de Gestores de la Educaci\u00f3n\" \/>\n<meta property=\"og:description\" content=\"El Ministerio de Educaci\u00f3n del Per\u00fa, a trav\u00e9s de la Direcci\u00f3n de Innovaci\u00f3n Tecnol\u00f3gica en Educaci\u00f3n,\u00a0invita a participar del\u00a0XXI Encuentro [&hellip;]\" \/>\n<meta property=\"og:url\" content=\"https:\/\/www.edugestores.pe\/?p=23698\" \/>\n<meta property=\"og:site_name\" content=\"Red Peruana de Gestores de la Educaci\u00f3n\" \/>\n<meta property=\"article:published_time\" content=\"2019-10-26T16:37:22+00:00\" \/>\n<meta property=\"article:modified_time\" content=\"2019-11-05T01:58:50+00:00\" \/>\n<meta property=\"og:image\" content=\"https:\/\/www.edugestores.pe\/wp-content\/uploads\/2019\/10\/LCC02.jpg\" \/>\n\t<meta property=\"og:image:width\" content=\"696\" \/>\n\t<meta property=\"og:image:height\" content=\"392\" \/>\n\t<meta property=\"og:image:type\" content=\"image\/jpeg\" \/>\n<meta name=\"twitter:card\" content=\"summary_large_image\" \/>\n<meta name=\"twitter:label1\" content=\"Escrito por\" \/>\n\t<meta name=\"twitter:data1\" content=\"Administrador\" \/>\n\t<meta name=\"twitter:label2\" content=\"Tiempo de lectura\" \/>\n\t<meta name=\"twitter:data2\" content=\"1 minuto\" \/>\n<script type=\"application\/ld+json\" class=\"yoast-schema-graph\">{\"@context\":\"https:\/\/schema.org\",\"@graph\":[{\"@type\":\"WebSite\",\"@id\":\"https:\/\/www.edugestores.pe\/#website\",\"url\":\"https:\/\/www.edugestores.pe\/\",\"name\":\"Red Peruana de Gestores de la Educaci\u00f3n\",\"description\":\"Red Peruana de Gestores de la Educaci\u00f3n\",\"potentialAction\":[{\"@type\":\"SearchAction\",\"target\":{\"@type\":\"EntryPoint\",\"urlTemplate\":\"https:\/\/www.edugestores.pe\/?s={search_term_string}\"},\"query-input\":\"required name=search_term_string\"}],\"inLanguage\":\"es\"},{\"@type\":\"ImageObject\",\"@id\":\"https:\/\/www.edugestores.pe\/?p=23698#primaryimage\",\"inLanguage\":\"es\",\"url\":\"https:\/\/www.edugestores.pe\/wp-content\/uploads\/2019\/10\/LCC02.jpg\",\"contentUrl\":\"https:\/\/www.edugestores.pe\/wp-content\/uploads\/2019\/10\/LCC02.jpg\",\"width\":696,\"height\":392},{\"@type\":\"WebPage\",\"@id\":\"https:\/\/www.edugestores.pe\/?p=23698#webpage\",\"url\":\"https:\/\/www.edugestores.pe\/?p=23698\",\"name\":\"Se viene Virtual Educa 2019 - Red Peruana de Gestores de la Educaci\u00f3n\",\"isPartOf\":{\"@id\":\"https:\/\/www.edugestores.pe\/#website\"},\"primaryImageOfPage\":{\"@id\":\"https:\/\/www.edugestores.pe\/?p=23698#primaryimage\"},\"datePublished\":\"2019-10-26T16:37:22+00:00\",\"dateModified\":\"2019-11-05T01:58:50+00:00\",\"author\":{\"@id\":\"https:\/\/www.edugestores.pe\/#\/schema\/person\/30dc82f35f5853289037a64b35c7c7d3\"},\"breadcrumb\":{\"@id\":\"https:\/\/www.edugestores.pe\/?p=23698#breadcrumb\"},\"inLanguage\":\"es\",\"potentialAction\":[{\"@type\":\"ReadAction\",\"target\":[\"https:\/\/www.edugestores.pe\/?p=23698\"]}]},{\"@type\":\"BreadcrumbList\",\"@id\":\"https:\/\/www.edugestores.pe\/?p=23698#breadcrumb\",\"itemListElement\":[{\"@type\":\"ListItem\",\"position\":1,\"name\":\"Portada\",\"item\":\"https:\/\/www.edugestores.pe\/\"},{\"@type\":\"ListItem\",\"position\":2,\"name\":\"Se viene Virtual Educa 2019\"}]},{\"@type\":\"Person\",\"@id\":\"https:\/\/www.edugestores.pe\/#\/schema\/person\/30dc82f35f5853289037a64b35c7c7d3\",\"name\":\"Administrador\",\"image\":{\"@type\":\"ImageObject\",\"@id\":\"https:\/\/www.edugestores.pe\/#personlogo\",\"inLanguage\":\"es\",\"url\":\"https:\/\/secure.gravatar.com\/avatar\/70960d1239c4d2c778bb3d2786a3c1ae?s=96&d=mm&r=g\",\"contentUrl\":\"https:\/\/secure.gravatar.com\/avatar\/70960d1239c4d2c778bb3d2786a3c1ae?s=96&d=mm&r=g\",\"caption\":\"Administrador\"},\"url\":\"https:\/\/www.edugestores.pe\/?author=63\"}]}<\/script>\n<!-- \/ Yoast SEO plugin. -->","yoast_head_json":{"title":"Se viene Virtual Educa 2019 - Red Peruana de Gestores de la Educaci\u00f3n","robots":{"index":"index","follow":"follow","max-snippet":"max-snippet:-1","max-image-preview":"max-image-preview:large","max-video-preview":"max-video-preview:-1"},"canonical":"https:\/\/www.edugestores.pe\/?p=23698","og_locale":"es_ES","og_type":"article","og_title":"Se viene Virtual Educa 2019 - Red Peruana de Gestores de la Educaci\u00f3n","og_description":"El Ministerio de Educaci\u00f3n del Per\u00fa, a trav\u00e9s de la Direcci\u00f3n de Innovaci\u00f3n Tecnol\u00f3gica en Educaci\u00f3n,\u00a0invita a participar del\u00a0XXI Encuentro [&hellip;]","og_url":"https:\/\/www.edugestores.pe\/?p=23698","og_site_name":"Red Peruana de Gestores de la Educaci\u00f3n","article_published_time":"2019-10-26T16:37:22+00:00","article_modified_time":"2019-11-05T01:58:50+00:00","og_image":[{"width":696,"height":392,"url":"https:\/\/www.edugestores.pe\/wp-content\/uploads\/2019\/10\/LCC02.jpg","type":"image\/jpeg"}],"twitter_card":"summary_large_image","twitter_misc":{"Escrito por":"Administrador","Tiempo de lectura":"1 minuto"},"schema":{"@context":"https:\/\/schema.org","@graph":[{"@type":"WebSite","@id":"https:\/\/www.edugestores.pe\/#website","url":"https:\/\/www.edugestores.pe\/","name":"Red Peruana de Gestores de la Educaci\u00f3n","description":"Red Peruana de Gestores de la Educaci\u00f3n","potentialAction":[{"@type":"SearchAction","target":{"@type":"EntryPoint","urlTemplate":"https:\/\/www.edugestores.pe\/?s={search_term_string}"},"query-input":"required name=search_term_string"}],"inLanguage":"es"},{"@type":"ImageObject","@id":"https:\/\/www.edugestores.pe\/?p=23698#primaryimage","inLanguage":"es","url":"https:\/\/www.edugestores.pe\/wp-content\/uploads\/2019\/10\/LCC02.jpg","contentUrl":"https:\/\/www.edugestores.pe\/wp-content\/uploads\/2019\/10\/LCC02.jpg","width":696,"height":392},{"@type":"WebPage","@id":"https:\/\/www.edugestores.pe\/?p=23698#webpage","url":"https:\/\/www.edugestores.pe\/?p=23698","name":"Se viene Virtual Educa 2019 - Red Peruana de Gestores de la Educaci\u00f3n","isPartOf":{"@id":"https:\/\/www.edugestores.pe\/#website"},"primaryImageOfPage":{"@id":"https:\/\/www.edugestores.pe\/?p=23698#primaryimage"},"datePublished":"2019-10-26T16:37:22+00:00","dateModified":"2019-11-05T01:58:50+00:00","author":{"@id":"https:\/\/www.edugestores.pe\/#\/schema\/person\/30dc82f35f5853289037a64b35c7c7d3"},"breadcrumb":{"@id":"https:\/\/www.edugestores.pe\/?p=23698#breadcrumb"},"inLanguage":"es","potentialAction":[{"@type":"ReadAction","target":["https:\/\/www.edugestores.pe\/?p=23698"]}]},{"@type":"BreadcrumbList","@id":"https:\/\/www.edugestores.pe\/?p=23698#breadcrumb","itemListElement":[{"@type":"ListItem","position":1,"name":"Portada","item":"https:\/\/www.edugestores.pe\/"},{"@type":"ListItem","position":2,"name":"Se viene Virtual Educa 2019"}]},{"@type":"Person","@id":"https:\/\/www.edugestores.pe\/#\/schema\/person\/30dc82f35f5853289037a64b35c7c7d3","name":"Administrador","image":{"@type":"ImageObject","@id":"https:\/\/www.edugestores.pe\/#personlogo","inLanguage":"es","url":"https:\/\/secure.gravatar.com\/avatar\/70960d1239c4d2c778bb3d2786a3c1ae?s=96&d=mm&r=g","contentUrl":"https:\/\/secure.gravatar.com\/avatar\/70960d1239c4d2c778bb3d2786a3c1ae?s=96&d=mm&r=g","caption":"Administrador"},"url":"https:\/\/www.edugestores.pe\/?author=63"}]}},"jetpack_featured_media_url":"https:\/\/www.edugestores.pe\/wp-content\/uploads\/2019\/10\/LCC02.jpg","_links":{"self":[{"href":"https:\/\/www.edugestores.pe\/index.php?rest_route=\/wp\/v2\/posts\/23698"}],"collection":[{"href":"https:\/\/www.edugestores.pe\/index.php?rest_route=\/wp\/v2\/posts"}],"about":[{"href":"https:\/\/www.edugestores.pe\/index.php?rest_route=\/wp\/v2\/types\/post"}],"author":[{"embeddable":true,"href":"https:\/\/www.edugestores.pe\/index.php?rest_route=\/wp\/v2\/users\/63"}],"replies":[{"embeddable":true,"href":"https:\/\/www.edugestores.pe\/index.php?rest_route=%2Fwp%2Fv2%2Fcomments&post=23698"}],"version-history":[{"count":1,"href":"https:\/\/www.edugestores.pe\/index.php?rest_route=\/wp\/v2\/posts\/23698\/revisions"}],"predecessor-version":[{"id":23700,"href":"https:\/\/www.edugestores.pe\/index.php?rest_route=\/wp\/v2\/posts\/23698\/revisions\/23700"}],"wp:featuredmedia":[{"embeddable":true,"href":"https:\/\/www.edugestores.pe\/index.php?rest_route=\/wp\/v2\/media\/23699"}],"wp:attachment":[{"href":"https:\/\/www.edugestores.pe\/index.php?rest_route=%2Fwp%2Fv2%2Fmedia&parent=23698"}],"wp:term":[{"taxonomy":"category","embeddable":true,"href":"https:\/\/www.edugestores.pe\/index.php?rest_route=%2Fwp%2Fv2%2Fcategories&post=23698"},{"taxonomy":"post_tag","embeddable":true,"href":"https:\/\/www.edugestores.pe\/index.php?rest_route=%2Fwp%2Fv2%2Ftags&post=23698"}],"curies":[{"name":"wp","href":"https:\/\/api.w.org\/{rel}","templated":true}]}}