{"id":23723,"date":"2019-10-30T16:40:21","date_gmt":"2019-10-30T21:40:21","guid":{"rendered":"https:\/\/www.edugestores.pe\/?p=23723"},"modified":"2019-11-10T22:54:04","modified_gmt":"2019-11-11T03:54:04","slug":"medidas-de-gobierno-que-dijo-el-premier-zevallos-sobre-educacion","status":"publish","type":"post","link":"https:\/\/www.edugestores.pe\/?p=23723","title":{"rendered":"Medidas de gobierno: \u00bfQu\u00e9 dijo el premier Zevallos sobre educaci\u00f3n?"},"content":{"rendered":"<p style=\"text-align: justify;\">Esta ma\u00f1ana, el premier Vicente Zevallos, realiz\u00f3 la presentaci\u00f3n de las pol\u00edticas de gobierno y las principales medidas a impulsar para mejorar la calidad de vida de los peruanos y peruanas, con el fin de fortalecer\u00a0la institucionalidad democr\u00e1tica, as\u00ed como luchar contra la corrupci\u00f3n, fomentar el crecimiento econ\u00f3mico y promover la descentralizaci\u00f3n.<\/p>\n<p style=\"text-align: justify;\">En el plano educativo, el premier dijo que la ruta y muchas de las acciones que han sido definidas por el gobierno, todas ellas se mantienen y se continuar\u00e1n impulsando, y son parte de los ejes definidos por el Presidente de la Rep\u00fablica desde su primer d\u00eda de gobierno. &#8220;Para este gobierno, la educaci\u00f3n es una de las prioridades centrales. Somos conscientes que gran parte del futuro del pa\u00eds pasa por dar un salto cualitativo en la calidad educativa. Venimos implementando acciones orientadas a construir una educaci\u00f3n superior de calidad, tanto universitaria como t\u00e9cnico \u2013 profesional. Sabemos que estamos en el camino correcto y pese a los obst\u00e1culos que existen, continuaremos trabajando para garantizar que la educaci\u00f3n superior mejore de manera continua, por ello tomaremos todas las medidas necesarias encaminadas a fortalecer las funciones de la Sunedu y que permita establecer mayores obligaciones de transparencia a las universidades&#8221;.<\/p>\n<p style=\"text-align: justify;\">En lo que respecta a la Educaci\u00f3n Superior Universitaria, el premier dijo que los esfuerzos se han puesto tanto en garantizar el cumplimiento de las condiciones b\u00e1sicas de calidad, como en revalorizar a los docentes de la universidad p\u00fablica. &#8220;Para ello, se han transferido mil millones destinados a incrementos salariales, bonificaciones para los docentes investigadores y plazas docentes, as\u00ed como para el financiamiento de laboratorios, talleres, aulas y servicios estudiantiles&#8221;.<\/p>\n<p style=\"text-align: justify;\">Por otro lado, dijo que en el Per\u00fa, solo 30% de los estudiantes que terminan la secundaria contin\u00faan estudios en el nivel de Educaci\u00f3n Superior. &#8220;Es necesario avanzar en el fortalecimiento de una secundaria t\u00e9cnica productiva que brinde a los estudiantes mayores oportunidades de desarrollo, permitiendo al egresado poder contar con mejores herramientas para conseguir un empleo formal o iniciar un emprendimiento que genere empleo e innovaci\u00f3n en su regi\u00f3n. Por ello, en el presente a\u00f1o hemos destinado una inversi\u00f3n de 20 millones para lograr la doble certificaci\u00f3n en secundaria en 445 escuelas, beneficiando a cerca de 200 mil estudiantes. Para el a\u00f1o 2020, aumentaremos el n\u00famero de instituciones educativas beneficiadas permitiendo que cerca de 300 mil estudiantes puedan culminar sus estudios secundarios con doble certificaci\u00f3n&#8221;.<\/p>\n<p style=\"text-align: justify;\"><strong>Inicio del a\u00f1o escolar.<\/strong> Dijo que un tema recurrente ha sido la existencia de diversos inconvenientes en el inicio del a\u00f1o escolar, &#8220;por ello, el Minedu ha conformado una comisi\u00f3n multisectorial que est\u00e1 preparando el inicio del a\u00f1o escolar 2020. Parte de ese esfuerzo es la transferencia, a trav\u00e9s de un decreto de urgencia, de m\u00e1s de 354 millones de soles a 53,007 instituciones educativas para el mantenimiento de las instituciones educativas&#8221;.<\/p>\n<p style=\"text-align: justify;\">Dijo que &#8220;La educaci\u00f3n rural a\u00fan nos presenta retos y nos demanda acciones. Siguiendo el mandato de una sentencia del Tribunal Constitucional, estamos trabajando en un plan de acci\u00f3n concreto para hacer disponible la educaci\u00f3n para ni\u00f1as, ni\u00f1os, adolescentes y mayores de edad de extrema pobreza en las zonas rurales, especialmente en zonas como Amazonas, Ayacucho, Cajamarca y Huancavelica&#8221;.<\/p>\n<p style=\"text-align: justify;\"><strong>Deporte e infraestructura.<\/strong>\u00a0Asimismo, el premier dijo que siguen fortaleciendo el desarrollo de nuestros j\u00f3venes y aprovechando toda la infraestructura de primer nivel que nos han dejado los Juegos Panamericanos, Lima 2019, &#8220;estamos trabajando por poner todas esas instalaciones deportivas a disposici\u00f3n de nuestros j\u00f3venes fomentando los campeonatos nacionales en todas las disciplinas, que incluya escolares, estudiantes de los centros tecnol\u00f3gicos y universitarios a nivel nacional. Parte de este esfuerzo implica crear una instancia que se encargar\u00e1 de la administraci\u00f3n de la infraestructura deportiva, por ello, anunciamos que en los pr\u00f3ximos d\u00edas se emitir\u00e1 un decreto de urgencia que permite materializar este reto y objetivo&#8221;.<\/p>\n<p style=\"text-align: justify;\">Puede acceder a todo el dicurso <a href=\"https:\/\/cdn.www.gob.pe\/uploads\/document\/file\/409713\/DISCURSO_DE_PRESENTACI%C3%93N_DE_POL%C3%8DTICA_DE_GOBIERNO_30_octubre_2019.pdf\">aqu\u00ed<\/a>.<\/p>\n<p style=\"text-align: justify;\">\n","protected":false},"excerpt":{"rendered":"<p>Esta ma\u00f1ana, el premier Vicente Zevallos, realiz\u00f3 la presentaci\u00f3n de las pol\u00edticas de gobierno y las principales medidas a impulsar [&hellip;]<\/p>\n","protected":false},"author":63,"featured_media":23724,"comment_status":"open","ping_status":"open","sticky":false,"template":"","format":"standard","meta":{"spay_email":""},"categories":[1413],"tags":[],"yoast_head":"<!-- This site is optimized with the Yoast SEO plugin v18.0 - https:\/\/yoast.com\/wordpress\/plugins\/seo\/ -->\n<title>Medidas de gobierno: \u00bfQu\u00e9 dijo el premier Zevallos sobre educaci\u00f3n? - Red Peruana de Gestores de la Educaci\u00f3n<\/title>\n<meta name=\"robots\" content=\"index, follow, max-snippet:-1, max-image-preview:large, max-video-preview:-1\" \/>\n<link rel=\"canonical\" href=\"https:\/\/www.edugestores.pe\/?p=23723\" \/>\n<meta property=\"og:locale\" content=\"es_ES\" \/>\n<meta property=\"og:type\" content=\"article\" \/>\n<meta property=\"og:title\" content=\"Medidas de gobierno: \u00bfQu\u00e9 dijo el premier Zevallos sobre educaci\u00f3n? - Red Peruana de Gestores de la Educaci\u00f3n\" \/>\n<meta property=\"og:description\" content=\"Esta ma\u00f1ana, el premier Vicente Zevallos, realiz\u00f3 la presentaci\u00f3n de las pol\u00edticas de gobierno y las principales medidas a impulsar [&hellip;]\" \/>\n<meta property=\"og:url\" content=\"https:\/\/www.edugestores.pe\/?p=23723\" \/>\n<meta property=\"og:site_name\" content=\"Red Peruana de Gestores de la Educaci\u00f3n\" \/>\n<meta property=\"article:published_time\" content=\"2019-10-30T21:40:21+00:00\" \/>\n<meta property=\"article:modified_time\" content=\"2019-11-11T03:54:04+00:00\" \/>\n<meta property=\"og:image\" content=\"https:\/\/www.edugestores.pe\/wp-content\/uploads\/2019\/10\/RLIOKMS42RAPJMHMEVLNCFDEUI.jpg\" \/>\n\t<meta property=\"og:image:width\" content=\"940\" \/>\n\t<meta property=\"og:image:height\" content=\"569\" \/>\n\t<meta property=\"og:image:type\" content=\"image\/jpeg\" \/>\n<meta name=\"twitter:card\" content=\"summary_large_image\" \/>\n<meta name=\"twitter:label1\" content=\"Escrito por\" \/>\n\t<meta name=\"twitter:data1\" content=\"Administrador\" \/>\n\t<meta name=\"twitter:label2\" content=\"Tiempo de lectura\" \/>\n\t<meta name=\"twitter:data2\" content=\"3 minutos\" \/>\n<script type=\"application\/ld+json\" class=\"yoast-schema-graph\">{\"@context\":\"https:\/\/schema.org\",\"@graph\":[{\"@type\":\"WebSite\",\"@id\":\"https:\/\/www.edugestores.pe\/#website\",\"url\":\"https:\/\/www.edugestores.pe\/\",\"name\":\"Red Peruana de Gestores de la Educaci\u00f3n\",\"description\":\"Red Peruana de Gestores de la Educaci\u00f3n\",\"potentialAction\":[{\"@type\":\"SearchAction\",\"target\":{\"@type\":\"EntryPoint\",\"urlTemplate\":\"https:\/\/www.edugestores.pe\/?s={search_term_string}\"},\"query-input\":\"required name=search_term_string\"}],\"inLanguage\":\"es\"},{\"@type\":\"ImageObject\",\"@id\":\"https:\/\/www.edugestores.pe\/?p=23723#primaryimage\",\"inLanguage\":\"es\",\"url\":\"https:\/\/www.edugestores.pe\/wp-content\/uploads\/2019\/10\/RLIOKMS42RAPJMHMEVLNCFDEUI.jpg\",\"contentUrl\":\"https:\/\/www.edugestores.pe\/wp-content\/uploads\/2019\/10\/RLIOKMS42RAPJMHMEVLNCFDEUI.jpg\",\"width\":940,\"height\":569},{\"@type\":\"WebPage\",\"@id\":\"https:\/\/www.edugestores.pe\/?p=23723#webpage\",\"url\":\"https:\/\/www.edugestores.pe\/?p=23723\",\"name\":\"Medidas de gobierno: \u00bfQu\u00e9 dijo el premier Zevallos sobre educaci\u00f3n? - Red Peruana de Gestores de la Educaci\u00f3n\",\"isPartOf\":{\"@id\":\"https:\/\/www.edugestores.pe\/#website\"},\"primaryImageOfPage\":{\"@id\":\"https:\/\/www.edugestores.pe\/?p=23723#primaryimage\"},\"datePublished\":\"2019-10-30T21:40:21+00:00\",\"dateModified\":\"2019-11-11T03:54:04+00:00\",\"author\":{\"@id\":\"https:\/\/www.edugestores.pe\/#\/schema\/person\/30dc82f35f5853289037a64b35c7c7d3\"},\"breadcrumb\":{\"@id\":\"https:\/\/www.edugestores.pe\/?p=23723#breadcrumb\"},\"inLanguage\":\"es\",\"potentialAction\":[{\"@type\":\"ReadAction\",\"target\":[\"https:\/\/www.edugestores.pe\/?p=23723\"]}]},{\"@type\":\"BreadcrumbList\",\"@id\":\"https:\/\/www.edugestores.pe\/?p=23723#breadcrumb\",\"itemListElement\":[{\"@type\":\"ListItem\",\"position\":1,\"name\":\"Portada\",\"item\":\"https:\/\/www.edugestores.pe\/\"},{\"@type\":\"ListItem\",\"position\":2,\"name\":\"Medidas de gobierno: \u00bfQu\u00e9 dijo el premier Zevallos sobre educaci\u00f3n?\"}]},{\"@type\":\"Person\",\"@id\":\"https:\/\/www.edugestores.pe\/#\/schema\/person\/30dc82f35f5853289037a64b35c7c7d3\",\"name\":\"Administrador\",\"image\":{\"@type\":\"ImageObject\",\"@id\":\"https:\/\/www.edugestores.pe\/#personlogo\",\"inLanguage\":\"es\",\"url\":\"https:\/\/secure.gravatar.com\/avatar\/70960d1239c4d2c778bb3d2786a3c1ae?s=96&d=mm&r=g\",\"contentUrl\":\"https:\/\/secure.gravatar.com\/avatar\/70960d1239c4d2c778bb3d2786a3c1ae?s=96&d=mm&r=g\",\"caption\":\"Administrador\"},\"url\":\"https:\/\/www.edugestores.pe\/?author=63\"}]}<\/script>\n<!-- \/ Yoast SEO plugin. -->","yoast_head_json":{"title":"Medidas de gobierno: \u00bfQu\u00e9 dijo el premier Zevallos sobre educaci\u00f3n? - Red Peruana de Gestores de la Educaci\u00f3n","robots":{"index":"index","follow":"follow","max-snippet":"max-snippet:-1","max-image-preview":"max-image-preview:large","max-video-preview":"max-video-preview:-1"},"canonical":"https:\/\/www.edugestores.pe\/?p=23723","og_locale":"es_ES","og_type":"article","og_title":"Medidas de gobierno: \u00bfQu\u00e9 dijo el premier Zevallos sobre educaci\u00f3n? - Red Peruana de Gestores de la Educaci\u00f3n","og_description":"Esta ma\u00f1ana, el premier Vicente Zevallos, realiz\u00f3 la presentaci\u00f3n de las pol\u00edticas de gobierno y las principales medidas a impulsar [&hellip;]","og_url":"https:\/\/www.edugestores.pe\/?p=23723","og_site_name":"Red Peruana de Gestores de la Educaci\u00f3n","article_published_time":"2019-10-30T21:40:21+00:00","article_modified_time":"2019-11-11T03:54:04+00:00","og_image":[{"width":940,"height":569,"url":"https:\/\/www.edugestores.pe\/wp-content\/uploads\/2019\/10\/RLIOKMS42RAPJMHMEVLNCFDEUI.jpg","type":"image\/jpeg"}],"twitter_card":"summary_large_image","twitter_misc":{"Escrito por":"Administrador","Tiempo de lectura":"3 minutos"},"schema":{"@context":"https:\/\/schema.org","@graph":[{"@type":"WebSite","@id":"https:\/\/www.edugestores.pe\/#website","url":"https:\/\/www.edugestores.pe\/","name":"Red Peruana de Gestores de la Educaci\u00f3n","description":"Red Peruana de Gestores de la Educaci\u00f3n","potentialAction":[{"@type":"SearchAction","target":{"@type":"EntryPoint","urlTemplate":"https:\/\/www.edugestores.pe\/?s={search_term_string}"},"query-input":"required name=search_term_string"}],"inLanguage":"es"},{"@type":"ImageObject","@id":"https:\/\/www.edugestores.pe\/?p=23723#primaryimage","inLanguage":"es","url":"https:\/\/www.edugestores.pe\/wp-content\/uploads\/2019\/10\/RLIOKMS42RAPJMHMEVLNCFDEUI.jpg","contentUrl":"https:\/\/www.edugestores.pe\/wp-content\/uploads\/2019\/10\/RLIOKMS42RAPJMHMEVLNCFDEUI.jpg","width":940,"height":569},{"@type":"WebPage","@id":"https:\/\/www.edugestores.pe\/?p=23723#webpage","url":"https:\/\/www.edugestores.pe\/?p=23723","name":"Medidas de gobierno: \u00bfQu\u00e9 dijo el premier Zevallos sobre educaci\u00f3n? - Red Peruana de Gestores de la Educaci\u00f3n","isPartOf":{"@id":"https:\/\/www.edugestores.pe\/#website"},"primaryImageOfPage":{"@id":"https:\/\/www.edugestores.pe\/?p=23723#primaryimage"},"datePublished":"2019-10-30T21:40:21+00:00","dateModified":"2019-11-11T03:54:04+00:00","author":{"@id":"https:\/\/www.edugestores.pe\/#\/schema\/person\/30dc82f35f5853289037a64b35c7c7d3"},"breadcrumb":{"@id":"https:\/\/www.edugestores.pe\/?p=23723#breadcrumb"},"inLanguage":"es","potentialAction":[{"@type":"ReadAction","target":["https:\/\/www.edugestores.pe\/?p=23723"]}]},{"@type":"BreadcrumbList","@id":"https:\/\/www.edugestores.pe\/?p=23723#breadcrumb","itemListElement":[{"@type":"ListItem","position":1,"name":"Portada","item":"https:\/\/www.edugestores.pe\/"},{"@type":"ListItem","position":2,"name":"Medidas de gobierno: \u00bfQu\u00e9 dijo el premier Zevallos sobre educaci\u00f3n?"}]},{"@type":"Person","@id":"https:\/\/www.edugestores.pe\/#\/schema\/person\/30dc82f35f5853289037a64b35c7c7d3","name":"Administrador","image":{"@type":"ImageObject","@id":"https:\/\/www.edugestores.pe\/#personlogo","inLanguage":"es","url":"https:\/\/secure.gravatar.com\/avatar\/70960d1239c4d2c778bb3d2786a3c1ae?s=96&d=mm&r=g","contentUrl":"https:\/\/secure.gravatar.com\/avatar\/70960d1239c4d2c778bb3d2786a3c1ae?s=96&d=mm&r=g","caption":"Administrador"},"url":"https:\/\/www.edugestores.pe\/?author=63"}]}},"jetpack_featured_media_url":"https:\/\/www.edugestores.pe\/wp-content\/uploads\/2019\/10\/RLIOKMS42RAPJMHMEVLNCFDEUI.jpg","_links":{"self":[{"href":"https:\/\/www.edugestores.pe\/index.php?rest_route=\/wp\/v2\/posts\/23723"}],"collection":[{"href":"https:\/\/www.edugestores.pe\/index.php?rest_route=\/wp\/v2\/posts"}],"about":[{"href":"https:\/\/www.edugestores.pe\/index.php?rest_route=\/wp\/v2\/types\/post"}],"author":[{"embeddable":true,"href":"https:\/\/www.edugestores.pe\/index.php?rest_route=\/wp\/v2\/users\/63"}],"replies":[{"embeddable":true,"href":"https:\/\/www.edugestores.pe\/index.php?rest_route=%2Fwp%2Fv2%2Fcomments&post=23723"}],"version-history":[{"count":1,"href":"https:\/\/www.edugestores.pe\/index.php?rest_route=\/wp\/v2\/posts\/23723\/revisions"}],"predecessor-version":[{"id":23725,"href":"https:\/\/www.edugestores.pe\/index.php?rest_route=\/wp\/v2\/posts\/23723\/revisions\/23725"}],"wp:featuredmedia":[{"embeddable":true,"href":"https:\/\/www.edugestores.pe\/index.php?rest_route=\/wp\/v2\/media\/23724"}],"wp:attachment":[{"href":"https:\/\/www.edugestores.pe\/index.php?rest_route=%2Fwp%2Fv2%2Fmedia&parent=23723"}],"wp:term":[{"taxonomy":"category","embeddable":true,"href":"https:\/\/www.edugestores.pe\/index.php?rest_route=%2Fwp%2Fv2%2Fcategories&post=23723"},{"taxonomy":"post_tag","embeddable":true,"href":"https:\/\/www.edugestores.pe\/index.php?rest_route=%2Fwp%2Fv2%2Ftags&post=23723"}],"curies":[{"name":"wp","href":"https:\/\/api.w.org\/{rel}","templated":true}]}}