{"id":23729,"date":"2019-11-03T23:14:42","date_gmt":"2019-11-04T04:14:42","guid":{"rendered":"https:\/\/www.edugestores.pe\/?p=23729"},"modified":"2019-11-10T22:54:18","modified_gmt":"2019-11-11T03:54:18","slug":"lima-reunira-a-expertos-internacionales-en-innovacion-educativa","status":"publish","type":"post","link":"https:\/\/www.edugestores.pe\/?p=23729","title":{"rendered":"Lima reunir\u00e1 a expertos internacionales en innovaci\u00f3n educativa"},"content":{"rendered":"<p style=\"text-align: justify;\">Lima se convertir\u00e1 en la capital latinoamericana de la innovaci\u00f3n educativa durante el XXI Encuentro Internacional Virtual Educa Per\u00fa 2019 que se desarrollar\u00e1 del martes 5 al viernes 8 de noviembre.<\/p>\n<div style=\"text-align: justify;\">El encuentro contar\u00e1 con la participaci\u00f3n de expertos en innovaci\u00f3n educativa de Am\u00e9rica Latina y representantes del Ministerio de Educaci\u00f3n (Minedu) del Per\u00fa.<\/div>\n<div>\n<div style=\"text-align: justify;\"><\/div>\n<div style=\"text-align: justify;\">En esta edici\u00f3n,\u00a0el Minedu presentar\u00e1 el primer Educa Digital Educaci\u00f3n con Innovaci\u00f3n,\u00a0cuyo objetivo es fortalecer los conocimientos de los profesores en el campo de las tecnolog\u00edas digitales para que las trasladen a las aulas y refuercen los procesos de aprendizaje.<\/div>\n<div style=\"text-align: justify;\"><\/div>\n<div style=\"text-align: justify;\"><strong>Habilidades digitales.\u00a0<\/strong>\u201cDesde el Ministerio de Educaci\u00f3n, buscamos que cada d\u00eda m\u00e1s docentes cuenten con\u00a0habilidades para usar tecnolog\u00edas digitales en el aula\u201d<strong>,<\/strong>\u00a0manifest\u00f3 el director de Innovaci\u00f3n Tecnol\u00f3gica en Educaci\u00f3n, Alfonso Accinelli.<\/div>\n<div style=\"text-align: justify;\"><\/div>\n<div style=\"text-align: justify;\">Adem\u00e1s, en un contexto educativo s\u00f3lido, las tecnolog\u00edas digitales ayudan a los estudiantes a obtener las capacidades necesarias para ser competentes\u201d, a\u00f1adi\u00f3 el funcionario del Minedu.<\/div>\n<div style=\"text-align: justify;\"><\/div>\n<div style=\"text-align: justify;\">Como parte de este encuentro internacional, los profesores y la ciudadan\u00eda podr\u00e1n tener contacto con las novedades de innovaci\u00f3n tecnol\u00f3gica en educaci\u00f3n en la feria de empresas y organizaciones.<\/div>\n<div style=\"text-align: justify;\"><\/div>\n<div style=\"text-align: justify;\"><strong>Inscripciones.\u00a0<\/strong>El Encuentro Internacional Virtual Educa Per\u00fa 2019 se realizar\u00e1 en el\u00a0Centro de Convenciones de Lima.<\/div>\n<div style=\"text-align: justify;\"><\/div>\n<div style=\"text-align: justify;\">El ingreso a las diferentes actividades es gratuito previa inscripci\u00f3n en la plataforma educativa Per\u00faEduca (www.perueduca.pe). De no contar con un usuario,\u00a0los interesados deber\u00e1n registrarse\u00a0en el enlace https:\/\/bit.ly\/2swSvXO<\/div>\n<\/div>\n","protected":false},"excerpt":{"rendered":"<p>Lima se convertir\u00e1 en la capital latinoamericana de la innovaci\u00f3n educativa durante el XXI Encuentro Internacional Virtual Educa Per\u00fa 2019 [&hellip;]<\/p>\n","protected":false},"author":63,"featured_media":23730,"comment_status":"open","ping_status":"open","sticky":false,"template":"","format":"standard","meta":{"spay_email":""},"categories":[125],"tags":[],"yoast_head":"<!-- This site is optimized with the Yoast SEO plugin v18.0 - https:\/\/yoast.com\/wordpress\/plugins\/seo\/ -->\n<title>Lima reunir\u00e1 a expertos internacionales en innovaci\u00f3n educativa - Red Peruana de Gestores de la Educaci\u00f3n<\/title>\n<meta name=\"robots\" content=\"index, follow, max-snippet:-1, max-image-preview:large, max-video-preview:-1\" \/>\n<link rel=\"canonical\" href=\"https:\/\/www.edugestores.pe\/?p=23729\" \/>\n<meta property=\"og:locale\" content=\"es_ES\" \/>\n<meta property=\"og:type\" content=\"article\" \/>\n<meta property=\"og:title\" content=\"Lima reunir\u00e1 a expertos internacionales en innovaci\u00f3n educativa - Red Peruana de Gestores de la Educaci\u00f3n\" \/>\n<meta property=\"og:description\" content=\"Lima se convertir\u00e1 en la capital latinoamericana de la innovaci\u00f3n educativa durante el XXI Encuentro Internacional Virtual Educa Per\u00fa 2019 [&hellip;]\" \/>\n<meta property=\"og:url\" content=\"https:\/\/www.edugestores.pe\/?p=23729\" \/>\n<meta property=\"og:site_name\" content=\"Red Peruana de Gestores de la Educaci\u00f3n\" \/>\n<meta property=\"article:published_time\" content=\"2019-11-04T04:14:42+00:00\" \/>\n<meta property=\"article:modified_time\" content=\"2019-11-11T03:54:18+00:00\" \/>\n<meta property=\"og:image\" content=\"https:\/\/www.edugestores.pe\/wp-content\/uploads\/2019\/11\/000623641W.jpg\" \/>\n\t<meta property=\"og:image:width\" content=\"1800\" \/>\n\t<meta property=\"og:image:height\" content=\"1200\" \/>\n\t<meta property=\"og:image:type\" content=\"image\/jpeg\" \/>\n<meta name=\"twitter:card\" content=\"summary_large_image\" \/>\n<meta name=\"twitter:label1\" content=\"Escrito por\" \/>\n\t<meta name=\"twitter:data1\" content=\"Administrador\" \/>\n\t<meta name=\"twitter:label2\" content=\"Tiempo de lectura\" \/>\n\t<meta name=\"twitter:data2\" content=\"1 minuto\" \/>\n<script type=\"application\/ld+json\" class=\"yoast-schema-graph\">{\"@context\":\"https:\/\/schema.org\",\"@graph\":[{\"@type\":\"WebSite\",\"@id\":\"https:\/\/www.edugestores.pe\/#website\",\"url\":\"https:\/\/www.edugestores.pe\/\",\"name\":\"Red Peruana de Gestores de la Educaci\u00f3n\",\"description\":\"Red Peruana de Gestores de la Educaci\u00f3n\",\"potentialAction\":[{\"@type\":\"SearchAction\",\"target\":{\"@type\":\"EntryPoint\",\"urlTemplate\":\"https:\/\/www.edugestores.pe\/?s={search_term_string}\"},\"query-input\":\"required name=search_term_string\"}],\"inLanguage\":\"es\"},{\"@type\":\"ImageObject\",\"@id\":\"https:\/\/www.edugestores.pe\/?p=23729#primaryimage\",\"inLanguage\":\"es\",\"url\":\"https:\/\/www.edugestores.pe\/wp-content\/uploads\/2019\/11\/000623641W.jpg\",\"contentUrl\":\"https:\/\/www.edugestores.pe\/wp-content\/uploads\/2019\/11\/000623641W.jpg\",\"width\":1800,\"height\":1200},{\"@type\":\"WebPage\",\"@id\":\"https:\/\/www.edugestores.pe\/?p=23729#webpage\",\"url\":\"https:\/\/www.edugestores.pe\/?p=23729\",\"name\":\"Lima reunir\u00e1 a expertos internacionales en innovaci\u00f3n educativa - Red Peruana de Gestores de la Educaci\u00f3n\",\"isPartOf\":{\"@id\":\"https:\/\/www.edugestores.pe\/#website\"},\"primaryImageOfPage\":{\"@id\":\"https:\/\/www.edugestores.pe\/?p=23729#primaryimage\"},\"datePublished\":\"2019-11-04T04:14:42+00:00\",\"dateModified\":\"2019-11-11T03:54:18+00:00\",\"author\":{\"@id\":\"https:\/\/www.edugestores.pe\/#\/schema\/person\/30dc82f35f5853289037a64b35c7c7d3\"},\"breadcrumb\":{\"@id\":\"https:\/\/www.edugestores.pe\/?p=23729#breadcrumb\"},\"inLanguage\":\"es\",\"potentialAction\":[{\"@type\":\"ReadAction\",\"target\":[\"https:\/\/www.edugestores.pe\/?p=23729\"]}]},{\"@type\":\"BreadcrumbList\",\"@id\":\"https:\/\/www.edugestores.pe\/?p=23729#breadcrumb\",\"itemListElement\":[{\"@type\":\"ListItem\",\"position\":1,\"name\":\"Portada\",\"item\":\"https:\/\/www.edugestores.pe\/\"},{\"@type\":\"ListItem\",\"position\":2,\"name\":\"Lima reunir\u00e1 a expertos internacionales en innovaci\u00f3n educativa\"}]},{\"@type\":\"Person\",\"@id\":\"https:\/\/www.edugestores.pe\/#\/schema\/person\/30dc82f35f5853289037a64b35c7c7d3\",\"name\":\"Administrador\",\"image\":{\"@type\":\"ImageObject\",\"@id\":\"https:\/\/www.edugestores.pe\/#personlogo\",\"inLanguage\":\"es\",\"url\":\"https:\/\/secure.gravatar.com\/avatar\/70960d1239c4d2c778bb3d2786a3c1ae?s=96&d=mm&r=g\",\"contentUrl\":\"https:\/\/secure.gravatar.com\/avatar\/70960d1239c4d2c778bb3d2786a3c1ae?s=96&d=mm&r=g\",\"caption\":\"Administrador\"},\"url\":\"https:\/\/www.edugestores.pe\/?author=63\"}]}<\/script>\n<!-- \/ Yoast SEO plugin. -->","yoast_head_json":{"title":"Lima reunir\u00e1 a expertos internacionales en innovaci\u00f3n educativa - Red Peruana de Gestores de la Educaci\u00f3n","robots":{"index":"index","follow":"follow","max-snippet":"max-snippet:-1","max-image-preview":"max-image-preview:large","max-video-preview":"max-video-preview:-1"},"canonical":"https:\/\/www.edugestores.pe\/?p=23729","og_locale":"es_ES","og_type":"article","og_title":"Lima reunir\u00e1 a expertos internacionales en innovaci\u00f3n educativa - Red Peruana de Gestores de la Educaci\u00f3n","og_description":"Lima se convertir\u00e1 en la capital latinoamericana de la innovaci\u00f3n educativa durante el XXI Encuentro Internacional Virtual Educa Per\u00fa 2019 [&hellip;]","og_url":"https:\/\/www.edugestores.pe\/?p=23729","og_site_name":"Red Peruana de Gestores de la Educaci\u00f3n","article_published_time":"2019-11-04T04:14:42+00:00","article_modified_time":"2019-11-11T03:54:18+00:00","og_image":[{"width":1800,"height":1200,"url":"https:\/\/www.edugestores.pe\/wp-content\/uploads\/2019\/11\/000623641W.jpg","type":"image\/jpeg"}],"twitter_card":"summary_large_image","twitter_misc":{"Escrito por":"Administrador","Tiempo de lectura":"1 minuto"},"schema":{"@context":"https:\/\/schema.org","@graph":[{"@type":"WebSite","@id":"https:\/\/www.edugestores.pe\/#website","url":"https:\/\/www.edugestores.pe\/","name":"Red Peruana de Gestores de la Educaci\u00f3n","description":"Red Peruana de Gestores de la Educaci\u00f3n","potentialAction":[{"@type":"SearchAction","target":{"@type":"EntryPoint","urlTemplate":"https:\/\/www.edugestores.pe\/?s={search_term_string}"},"query-input":"required name=search_term_string"}],"inLanguage":"es"},{"@type":"ImageObject","@id":"https:\/\/www.edugestores.pe\/?p=23729#primaryimage","inLanguage":"es","url":"https:\/\/www.edugestores.pe\/wp-content\/uploads\/2019\/11\/000623641W.jpg","contentUrl":"https:\/\/www.edugestores.pe\/wp-content\/uploads\/2019\/11\/000623641W.jpg","width":1800,"height":1200},{"@type":"WebPage","@id":"https:\/\/www.edugestores.pe\/?p=23729#webpage","url":"https:\/\/www.edugestores.pe\/?p=23729","name":"Lima reunir\u00e1 a expertos internacionales en innovaci\u00f3n educativa - Red Peruana de Gestores de la Educaci\u00f3n","isPartOf":{"@id":"https:\/\/www.edugestores.pe\/#website"},"primaryImageOfPage":{"@id":"https:\/\/www.edugestores.pe\/?p=23729#primaryimage"},"datePublished":"2019-11-04T04:14:42+00:00","dateModified":"2019-11-11T03:54:18+00:00","author":{"@id":"https:\/\/www.edugestores.pe\/#\/schema\/person\/30dc82f35f5853289037a64b35c7c7d3"},"breadcrumb":{"@id":"https:\/\/www.edugestores.pe\/?p=23729#breadcrumb"},"inLanguage":"es","potentialAction":[{"@type":"ReadAction","target":["https:\/\/www.edugestores.pe\/?p=23729"]}]},{"@type":"BreadcrumbList","@id":"https:\/\/www.edugestores.pe\/?p=23729#breadcrumb","itemListElement":[{"@type":"ListItem","position":1,"name":"Portada","item":"https:\/\/www.edugestores.pe\/"},{"@type":"ListItem","position":2,"name":"Lima reunir\u00e1 a expertos internacionales en innovaci\u00f3n educativa"}]},{"@type":"Person","@id":"https:\/\/www.edugestores.pe\/#\/schema\/person\/30dc82f35f5853289037a64b35c7c7d3","name":"Administrador","image":{"@type":"ImageObject","@id":"https:\/\/www.edugestores.pe\/#personlogo","inLanguage":"es","url":"https:\/\/secure.gravatar.com\/avatar\/70960d1239c4d2c778bb3d2786a3c1ae?s=96&d=mm&r=g","contentUrl":"https:\/\/secure.gravatar.com\/avatar\/70960d1239c4d2c778bb3d2786a3c1ae?s=96&d=mm&r=g","caption":"Administrador"},"url":"https:\/\/www.edugestores.pe\/?author=63"}]}},"jetpack_featured_media_url":"https:\/\/www.edugestores.pe\/wp-content\/uploads\/2019\/11\/000623641W.jpg","_links":{"self":[{"href":"https:\/\/www.edugestores.pe\/index.php?rest_route=\/wp\/v2\/posts\/23729"}],"collection":[{"href":"https:\/\/www.edugestores.pe\/index.php?rest_route=\/wp\/v2\/posts"}],"about":[{"href":"https:\/\/www.edugestores.pe\/index.php?rest_route=\/wp\/v2\/types\/post"}],"author":[{"embeddable":true,"href":"https:\/\/www.edugestores.pe\/index.php?rest_route=\/wp\/v2\/users\/63"}],"replies":[{"embeddable":true,"href":"https:\/\/www.edugestores.pe\/index.php?rest_route=%2Fwp%2Fv2%2Fcomments&post=23729"}],"version-history":[{"count":1,"href":"https:\/\/www.edugestores.pe\/index.php?rest_route=\/wp\/v2\/posts\/23729\/revisions"}],"predecessor-version":[{"id":23731,"href":"https:\/\/www.edugestores.pe\/index.php?rest_route=\/wp\/v2\/posts\/23729\/revisions\/23731"}],"wp:featuredmedia":[{"embeddable":true,"href":"https:\/\/www.edugestores.pe\/index.php?rest_route=\/wp\/v2\/media\/23730"}],"wp:attachment":[{"href":"https:\/\/www.edugestores.pe\/index.php?rest_route=%2Fwp%2Fv2%2Fmedia&parent=23729"}],"wp:term":[{"taxonomy":"category","embeddable":true,"href":"https:\/\/www.edugestores.pe\/index.php?rest_route=%2Fwp%2Fv2%2Fcategories&post=23729"},{"taxonomy":"post_tag","embeddable":true,"href":"https:\/\/www.edugestores.pe\/index.php?rest_route=%2Fwp%2Fv2%2Ftags&post=23729"}],"curies":[{"name":"wp","href":"https:\/\/api.w.org\/{rel}","templated":true}]}}