{"id":23735,"date":"2019-11-04T20:39:48","date_gmt":"2019-11-05T01:39:48","guid":{"rendered":"https:\/\/www.edugestores.pe\/?p=23735"},"modified":"2019-12-01T23:37:41","modified_gmt":"2019-12-02T04:37:41","slug":"sutep-anuncia-paro-nacional-para-el-21-de-noviembre","status":"publish","type":"post","link":"https:\/\/www.edugestores.pe\/?p=23735","title":{"rendered":"SUTEP anuncia paro nacional para el 21 de noviembre"},"content":{"rendered":"<p style=\"text-align: justify;\">El\u00a0Sindicato Unitario de Trabajadores en la Educaci\u00f3n del Per\u00fa\u00a0(SUTEP) ha anunciado para el pr\u00f3ximo 21 de noviembre un\u00a0paro nacional de 24 horas,\u00a0para exigir \u201cel incremento de la inversi\u00f3n y educaci\u00f3n a 6% del Producto Bruto Interno (PBI), el pago de la deuda social y el cierre de la brecha en infraestructura educativa\u201d.<\/p>\n<p style=\"text-align: justify;\">Esto fue acordado durante su\u00a0IV Asamblea Nacional de Delegados, luego de que la ministra de Educaci\u00f3n,\u00a0Flor Pablo, anunciara que los maestros nombrados y contratados de la educaci\u00f3n b\u00e1sica recibir\u00e1n un incremento de sueldo de S\/200, que se realizar\u00e1 en dos tramos. As\u00ed, a fines del 2020 el piso salarial de un maestro en primera escala ser\u00e1 de S\/2400.<\/p>\n<p style=\"text-align: justify;\">El\u00a0SUTEP, no obstante, ha reiterado su demanda de incrementarlo a\u00a085% de una UIT (S\/3570),\u00a0adem\u00e1s de exigir que el Gobierno cumpla con destinar el 6% del PBI al sector educaci\u00f3n, tal como fue establecido en el Acuerdo Nacional firmado en el 2008.<\/p>\n<p style=\"text-align: justify;\">\u201cCon el presupuesto destinado para el 2020 ser\u00e1 imposible cerrar la desigualdad educativa, ya que la crisis del sector es cada vez m\u00e1s evidente con problemas como la brecha en infraestructura, d\u00e9ficit de material pedag\u00f3gico, falta de psic\u00f3logos, entre otros\u201d, indic\u00f3 el secretario general del SUTEP,\u00a0Lucio Castro, y agreg\u00f3 que espera que el paro sea acatado por, al menos,\u00a0280 mil docentes.<\/p>\n<div class=\"cite-content\" style=\"text-align: justify;\"><\/div>\n<p style=\"text-align: justify;\">Cabe mencionar que, para hacer efectivo planeado en las remuneraiones, el\u00a0Ministerio de Econom\u00eda\u00a0aprob\u00f3 transferir\u00a0S\/ 388.8 millones al Ministerio de Educaci\u00f3n\u00a0a favor de los veinticinco Gobiernos Regionales.<\/p>\n<p style=\"text-align: justify;\">&#8220;Los comit\u00e9s regionales tienen que redoblar esfuerzos y contactarse con el magisterio para asegurar su participaci\u00f3n en esta medida de lucha. Las cosas est\u00e1n claras: el 21 realizaremos el paro nacional. Esta medida ser\u00e1 exitosa en favor del magisterio&#8221;, indic\u00f3 el sindicato a trav\u00e9s de su cuenta de\u00a0<em>Twitter<\/em>.<\/p>\n<p style=\"text-align: justify;\">Fuente: RPP. Foto: Andina<\/p>\n","protected":false},"excerpt":{"rendered":"<p>El\u00a0Sindicato Unitario de Trabajadores en la Educaci\u00f3n del Per\u00fa\u00a0(SUTEP) ha anunciado para el pr\u00f3ximo 21 de noviembre un\u00a0paro nacional de [&hellip;]<\/p>\n","protected":false},"author":63,"featured_media":23736,"comment_status":"open","ping_status":"open","sticky":false,"template":"","format":"standard","meta":{"spay_email":""},"categories":[125],"tags":[],"yoast_head":"<!-- This site is optimized with the Yoast SEO plugin v18.0 - https:\/\/yoast.com\/wordpress\/plugins\/seo\/ -->\n<title>SUTEP anuncia paro nacional para el 21 de noviembre - Red Peruana de Gestores de la Educaci\u00f3n<\/title>\n<meta name=\"robots\" content=\"index, follow, max-snippet:-1, max-image-preview:large, max-video-preview:-1\" \/>\n<link rel=\"canonical\" href=\"https:\/\/www.edugestores.pe\/?p=23735\" \/>\n<meta property=\"og:locale\" content=\"es_ES\" \/>\n<meta property=\"og:type\" content=\"article\" \/>\n<meta property=\"og:title\" content=\"SUTEP anuncia paro nacional para el 21 de noviembre - Red Peruana de Gestores de la Educaci\u00f3n\" \/>\n<meta property=\"og:description\" content=\"El\u00a0Sindicato Unitario de Trabajadores en la Educaci\u00f3n del Per\u00fa\u00a0(SUTEP) ha anunciado para el pr\u00f3ximo 21 de noviembre un\u00a0paro nacional de [&hellip;]\" \/>\n<meta property=\"og:url\" content=\"https:\/\/www.edugestores.pe\/?p=23735\" \/>\n<meta property=\"og:site_name\" content=\"Red Peruana de Gestores de la Educaci\u00f3n\" \/>\n<meta property=\"article:published_time\" content=\"2019-11-05T01:39:48+00:00\" \/>\n<meta property=\"article:modified_time\" content=\"2019-12-02T04:37:41+00:00\" \/>\n<meta property=\"og:image\" content=\"https:\/\/www.edugestores.pe\/wp-content\/uploads\/2019\/11\/160016_860129.jpg\" \/>\n\t<meta property=\"og:image:width\" content=\"604\" \/>\n\t<meta property=\"og:image:height\" content=\"340\" \/>\n\t<meta property=\"og:image:type\" content=\"image\/jpeg\" \/>\n<meta name=\"twitter:card\" content=\"summary_large_image\" \/>\n<meta name=\"twitter:label1\" content=\"Escrito por\" \/>\n\t<meta name=\"twitter:data1\" content=\"Administrador\" \/>\n\t<meta name=\"twitter:label2\" content=\"Tiempo de lectura\" \/>\n\t<meta name=\"twitter:data2\" content=\"2 minutos\" \/>\n<script type=\"application\/ld+json\" class=\"yoast-schema-graph\">{\"@context\":\"https:\/\/schema.org\",\"@graph\":[{\"@type\":\"WebSite\",\"@id\":\"https:\/\/www.edugestores.pe\/#website\",\"url\":\"https:\/\/www.edugestores.pe\/\",\"name\":\"Red Peruana de Gestores de la Educaci\u00f3n\",\"description\":\"Red Peruana de Gestores de la Educaci\u00f3n\",\"potentialAction\":[{\"@type\":\"SearchAction\",\"target\":{\"@type\":\"EntryPoint\",\"urlTemplate\":\"https:\/\/www.edugestores.pe\/?s={search_term_string}\"},\"query-input\":\"required name=search_term_string\"}],\"inLanguage\":\"es\"},{\"@type\":\"ImageObject\",\"@id\":\"https:\/\/www.edugestores.pe\/?p=23735#primaryimage\",\"inLanguage\":\"es\",\"url\":\"https:\/\/www.edugestores.pe\/wp-content\/uploads\/2019\/11\/160016_860129.jpg\",\"contentUrl\":\"https:\/\/www.edugestores.pe\/wp-content\/uploads\/2019\/11\/160016_860129.jpg\",\"width\":604,\"height\":340},{\"@type\":\"WebPage\",\"@id\":\"https:\/\/www.edugestores.pe\/?p=23735#webpage\",\"url\":\"https:\/\/www.edugestores.pe\/?p=23735\",\"name\":\"SUTEP anuncia paro nacional para el 21 de noviembre - Red Peruana de Gestores de la Educaci\u00f3n\",\"isPartOf\":{\"@id\":\"https:\/\/www.edugestores.pe\/#website\"},\"primaryImageOfPage\":{\"@id\":\"https:\/\/www.edugestores.pe\/?p=23735#primaryimage\"},\"datePublished\":\"2019-11-05T01:39:48+00:00\",\"dateModified\":\"2019-12-02T04:37:41+00:00\",\"author\":{\"@id\":\"https:\/\/www.edugestores.pe\/#\/schema\/person\/30dc82f35f5853289037a64b35c7c7d3\"},\"breadcrumb\":{\"@id\":\"https:\/\/www.edugestores.pe\/?p=23735#breadcrumb\"},\"inLanguage\":\"es\",\"potentialAction\":[{\"@type\":\"ReadAction\",\"target\":[\"https:\/\/www.edugestores.pe\/?p=23735\"]}]},{\"@type\":\"BreadcrumbList\",\"@id\":\"https:\/\/www.edugestores.pe\/?p=23735#breadcrumb\",\"itemListElement\":[{\"@type\":\"ListItem\",\"position\":1,\"name\":\"Portada\",\"item\":\"https:\/\/www.edugestores.pe\/\"},{\"@type\":\"ListItem\",\"position\":2,\"name\":\"SUTEP anuncia paro nacional para el 21 de noviembre\"}]},{\"@type\":\"Person\",\"@id\":\"https:\/\/www.edugestores.pe\/#\/schema\/person\/30dc82f35f5853289037a64b35c7c7d3\",\"name\":\"Administrador\",\"image\":{\"@type\":\"ImageObject\",\"@id\":\"https:\/\/www.edugestores.pe\/#personlogo\",\"inLanguage\":\"es\",\"url\":\"https:\/\/secure.gravatar.com\/avatar\/70960d1239c4d2c778bb3d2786a3c1ae?s=96&d=mm&r=g\",\"contentUrl\":\"https:\/\/secure.gravatar.com\/avatar\/70960d1239c4d2c778bb3d2786a3c1ae?s=96&d=mm&r=g\",\"caption\":\"Administrador\"},\"url\":\"https:\/\/www.edugestores.pe\/?author=63\"}]}<\/script>\n<!-- \/ Yoast SEO plugin. -->","yoast_head_json":{"title":"SUTEP anuncia paro nacional para el 21 de noviembre - Red Peruana de Gestores de la Educaci\u00f3n","robots":{"index":"index","follow":"follow","max-snippet":"max-snippet:-1","max-image-preview":"max-image-preview:large","max-video-preview":"max-video-preview:-1"},"canonical":"https:\/\/www.edugestores.pe\/?p=23735","og_locale":"es_ES","og_type":"article","og_title":"SUTEP anuncia paro nacional para el 21 de noviembre - Red Peruana de Gestores de la Educaci\u00f3n","og_description":"El\u00a0Sindicato Unitario de Trabajadores en la Educaci\u00f3n del Per\u00fa\u00a0(SUTEP) ha anunciado para el pr\u00f3ximo 21 de noviembre un\u00a0paro nacional de [&hellip;]","og_url":"https:\/\/www.edugestores.pe\/?p=23735","og_site_name":"Red Peruana de Gestores de la Educaci\u00f3n","article_published_time":"2019-11-05T01:39:48+00:00","article_modified_time":"2019-12-02T04:37:41+00:00","og_image":[{"width":604,"height":340,"url":"https:\/\/www.edugestores.pe\/wp-content\/uploads\/2019\/11\/160016_860129.jpg","type":"image\/jpeg"}],"twitter_card":"summary_large_image","twitter_misc":{"Escrito por":"Administrador","Tiempo de lectura":"2 minutos"},"schema":{"@context":"https:\/\/schema.org","@graph":[{"@type":"WebSite","@id":"https:\/\/www.edugestores.pe\/#website","url":"https:\/\/www.edugestores.pe\/","name":"Red Peruana de Gestores de la Educaci\u00f3n","description":"Red Peruana de Gestores de la Educaci\u00f3n","potentialAction":[{"@type":"SearchAction","target":{"@type":"EntryPoint","urlTemplate":"https:\/\/www.edugestores.pe\/?s={search_term_string}"},"query-input":"required name=search_term_string"}],"inLanguage":"es"},{"@type":"ImageObject","@id":"https:\/\/www.edugestores.pe\/?p=23735#primaryimage","inLanguage":"es","url":"https:\/\/www.edugestores.pe\/wp-content\/uploads\/2019\/11\/160016_860129.jpg","contentUrl":"https:\/\/www.edugestores.pe\/wp-content\/uploads\/2019\/11\/160016_860129.jpg","width":604,"height":340},{"@type":"WebPage","@id":"https:\/\/www.edugestores.pe\/?p=23735#webpage","url":"https:\/\/www.edugestores.pe\/?p=23735","name":"SUTEP anuncia paro nacional para el 21 de noviembre - Red Peruana de Gestores de la Educaci\u00f3n","isPartOf":{"@id":"https:\/\/www.edugestores.pe\/#website"},"primaryImageOfPage":{"@id":"https:\/\/www.edugestores.pe\/?p=23735#primaryimage"},"datePublished":"2019-11-05T01:39:48+00:00","dateModified":"2019-12-02T04:37:41+00:00","author":{"@id":"https:\/\/www.edugestores.pe\/#\/schema\/person\/30dc82f35f5853289037a64b35c7c7d3"},"breadcrumb":{"@id":"https:\/\/www.edugestores.pe\/?p=23735#breadcrumb"},"inLanguage":"es","potentialAction":[{"@type":"ReadAction","target":["https:\/\/www.edugestores.pe\/?p=23735"]}]},{"@type":"BreadcrumbList","@id":"https:\/\/www.edugestores.pe\/?p=23735#breadcrumb","itemListElement":[{"@type":"ListItem","position":1,"name":"Portada","item":"https:\/\/www.edugestores.pe\/"},{"@type":"ListItem","position":2,"name":"SUTEP anuncia paro nacional para el 21 de noviembre"}]},{"@type":"Person","@id":"https:\/\/www.edugestores.pe\/#\/schema\/person\/30dc82f35f5853289037a64b35c7c7d3","name":"Administrador","image":{"@type":"ImageObject","@id":"https:\/\/www.edugestores.pe\/#personlogo","inLanguage":"es","url":"https:\/\/secure.gravatar.com\/avatar\/70960d1239c4d2c778bb3d2786a3c1ae?s=96&d=mm&r=g","contentUrl":"https:\/\/secure.gravatar.com\/avatar\/70960d1239c4d2c778bb3d2786a3c1ae?s=96&d=mm&r=g","caption":"Administrador"},"url":"https:\/\/www.edugestores.pe\/?author=63"}]}},"jetpack_featured_media_url":"https:\/\/www.edugestores.pe\/wp-content\/uploads\/2019\/11\/160016_860129.jpg","_links":{"self":[{"href":"https:\/\/www.edugestores.pe\/index.php?rest_route=\/wp\/v2\/posts\/23735"}],"collection":[{"href":"https:\/\/www.edugestores.pe\/index.php?rest_route=\/wp\/v2\/posts"}],"about":[{"href":"https:\/\/www.edugestores.pe\/index.php?rest_route=\/wp\/v2\/types\/post"}],"author":[{"embeddable":true,"href":"https:\/\/www.edugestores.pe\/index.php?rest_route=\/wp\/v2\/users\/63"}],"replies":[{"embeddable":true,"href":"https:\/\/www.edugestores.pe\/index.php?rest_route=%2Fwp%2Fv2%2Fcomments&post=23735"}],"version-history":[{"count":1,"href":"https:\/\/www.edugestores.pe\/index.php?rest_route=\/wp\/v2\/posts\/23735\/revisions"}],"predecessor-version":[{"id":23737,"href":"https:\/\/www.edugestores.pe\/index.php?rest_route=\/wp\/v2\/posts\/23735\/revisions\/23737"}],"wp:featuredmedia":[{"embeddable":true,"href":"https:\/\/www.edugestores.pe\/index.php?rest_route=\/wp\/v2\/media\/23736"}],"wp:attachment":[{"href":"https:\/\/www.edugestores.pe\/index.php?rest_route=%2Fwp%2Fv2%2Fmedia&parent=23735"}],"wp:term":[{"taxonomy":"category","embeddable":true,"href":"https:\/\/www.edugestores.pe\/index.php?rest_route=%2Fwp%2Fv2%2Fcategories&post=23735"},{"taxonomy":"post_tag","embeddable":true,"href":"https:\/\/www.edugestores.pe\/index.php?rest_route=%2Fwp%2Fv2%2Ftags&post=23735"}],"curies":[{"name":"wp","href":"https:\/\/api.w.org\/{rel}","templated":true}]}}