{"id":23738,"date":"2019-11-04T20:57:52","date_gmt":"2019-11-05T01:57:52","guid":{"rendered":"https:\/\/www.edugestores.pe\/?p=23738"},"modified":"2019-11-10T22:54:38","modified_gmt":"2019-11-11T03:54:38","slug":"minedu-evaluara-a-850-mil-escolares-de-colegios-publicos-y-privados","status":"publish","type":"post","link":"https:\/\/www.edugestores.pe\/?p=23738","title":{"rendered":"Minedu evaluar\u00e1 a 850 mil escolares de colegios p\u00fablicos y privados"},"content":{"rendered":"<p style=\"text-align: justify;\">M\u00e1s de 850 mil estudiantes de escuelas p\u00fablicas y privadas ser\u00e1n evaluados en noviembre por el Ministerio de Educaci\u00f3n (Minedu) para identificar en qu\u00e9 medida el sistema educativo est\u00e1 logrando los aprendizajes definidos en el Curr\u00edculo Nacional y tomar decisiones informadas sobre pol\u00edticas educativas y estrategias pedag\u00f3gicas.<\/p>\n<div style=\"text-align: justify;\">Se espera que 534 mil escolares de 2\u00b0 grado de secundaria de todas las regiones participen los d\u00edas\u00a05, 6 y 7 de noviembre\u00a0en la Evaluaci\u00f3n Censal de Estudiantes (ECE) sobre las \u00e1reas curriculares de Lectura, Matem\u00e1tica y Ciencia y Tecnolog\u00eda. Para algunas escuelas ubicadas en zonas lejanas, las evaluaciones ser\u00e1n los d\u00edas 12,13 y 14 del mismo mes.<\/div>\n<div>\n<div style=\"text-align: justify;\"><\/div>\n<div style=\"text-align: justify;\">Asimismo, los d\u00edas\u00a027 y 28 de noviembre\u00a0se realizar\u00e1 la Evaluaci\u00f3n Muestral (EM) a 320 mil estudiantes de 2.\u00b0 y 4.\u00b0 grado de educaci\u00f3n primaria en las \u00e1reas curriculares de Comunicaci\u00f3n y Matem\u00e1tica.<\/div>\n<div style=\"text-align: justify;\"><\/div>\n<div style=\"text-align: justify;\">En la evaluaci\u00f3n tambi\u00e9n participar\u00e1n 3,768 estudiantes en condici\u00f3n de discapacidad de escuelas de educaci\u00f3n b\u00e1sica regular. Ellos recibir\u00e1n el apoyo y los recursos necesarios de acuerdo a la informaci\u00f3n proporcionada por los directores a nivel nacional y que fue validada a trav\u00e9s del Registro de Estudiantes con Discapacidad.<\/div>\n<div style=\"text-align: justify;\"><\/div>\n<div style=\"text-align: justify;\">Humberto P\u00e9rez Le\u00f3n, jefe de la Oficina de Medici\u00f3n de la Calidad de los Aprendizajes del Minedu, afirm\u00f3 que estas evaluaciones son muy importantes para establecer pol\u00edticas educativas m\u00e1s efectivas basadas en evidencias y orientadas al desarrollo educativo nacional, regional y local.<\/div>\n<div style=\"text-align: justify;\"><\/div>\n<div style=\"text-align: justify;\">El funcionario explic\u00f3 que la Evaluaci\u00f3n Censal de Estudiantes y la Evaluaci\u00f3n Muestral se elaboran sobre la base de los documentos curriculares nacionales vigentes y permiten conocer los niveles de aprendizaje de los estudiantes de los grados evaluados.<\/div>\n<div style=\"text-align: justify;\"><\/div>\n<div style=\"text-align: justify;\">Los interesados en la ECE 2019 y la EM 2019 pueden ingresar a http:\/\/umc.minedu.gob.pe\/ece2019\/ y http:\/\/umc.minedu.gob.pe\/evaluacion-muestral-2019\/.<\/div>\n<div style=\"text-align: justify;\"><\/div>\n<div style=\"text-align: justify;\"><strong>Datos<\/strong><\/div>\n<div style=\"text-align: justify;\"><strong>\u00a0<\/strong><\/div>\n<div style=\"text-align: justify;\">\u2022 Alrededor de 40 mil aplicadores contratados por el Minedu, a trav\u00e9s del Instituto Nacional de Estad\u00edstica e Inform\u00e1tica (INEI), visitar\u00e1n las escuelas para realizar las pruebas.<\/div>\n<div style=\"text-align: justify;\"><\/div>\n<div style=\"text-align: justify;\">\u2022 Los resultados de las evaluaciones que se van a aplicar en noviembre se conocer\u00e1n al inicio del a\u00f1o escolar 2020.<\/div>\n<div style=\"text-align: justify;\">Tomado de Andina. Foto: Andina.<\/div>\n<\/div>\n","protected":false},"excerpt":{"rendered":"<p>M\u00e1s de 850 mil estudiantes de escuelas p\u00fablicas y privadas ser\u00e1n evaluados en noviembre por el Ministerio de Educaci\u00f3n (Minedu) [&hellip;]<\/p>\n","protected":false},"author":63,"featured_media":23742,"comment_status":"open","ping_status":"open","sticky":false,"template":"","format":"standard","meta":{"spay_email":""},"categories":[125],"tags":[],"yoast_head":"<!-- This site is optimized with the Yoast SEO plugin v18.0 - https:\/\/yoast.com\/wordpress\/plugins\/seo\/ -->\n<title>Minedu evaluar\u00e1 a 850 mil escolares de colegios p\u00fablicos y privados - Red Peruana de Gestores de la Educaci\u00f3n<\/title>\n<meta name=\"robots\" content=\"index, follow, max-snippet:-1, max-image-preview:large, max-video-preview:-1\" \/>\n<link rel=\"canonical\" href=\"https:\/\/www.edugestores.pe\/?p=23738\" \/>\n<meta property=\"og:locale\" content=\"es_ES\" \/>\n<meta property=\"og:type\" content=\"article\" \/>\n<meta property=\"og:title\" content=\"Minedu evaluar\u00e1 a 850 mil escolares de colegios p\u00fablicos y privados - Red Peruana de Gestores de la Educaci\u00f3n\" \/>\n<meta property=\"og:description\" content=\"M\u00e1s de 850 mil estudiantes de escuelas p\u00fablicas y privadas ser\u00e1n evaluados en noviembre por el Ministerio de Educaci\u00f3n (Minedu) [&hellip;]\" \/>\n<meta property=\"og:url\" content=\"https:\/\/www.edugestores.pe\/?p=23738\" \/>\n<meta property=\"og:site_name\" content=\"Red Peruana de Gestores de la Educaci\u00f3n\" \/>\n<meta property=\"article:published_time\" content=\"2019-11-05T01:57:52+00:00\" \/>\n<meta property=\"article:modified_time\" content=\"2019-11-11T03:54:38+00:00\" \/>\n<meta property=\"og:image\" content=\"https:\/\/www.edugestores.pe\/wp-content\/uploads\/2019\/11\/000569871W.jpg\" \/>\n\t<meta property=\"og:image:width\" content=\"1800\" \/>\n\t<meta property=\"og:image:height\" content=\"1200\" \/>\n\t<meta property=\"og:image:type\" content=\"image\/jpeg\" \/>\n<meta name=\"twitter:card\" content=\"summary_large_image\" \/>\n<meta name=\"twitter:label1\" content=\"Escrito por\" \/>\n\t<meta name=\"twitter:data1\" content=\"Administrador\" \/>\n\t<meta name=\"twitter:label2\" content=\"Tiempo de lectura\" \/>\n\t<meta name=\"twitter:data2\" content=\"2 minutos\" \/>\n<script type=\"application\/ld+json\" class=\"yoast-schema-graph\">{\"@context\":\"https:\/\/schema.org\",\"@graph\":[{\"@type\":\"WebSite\",\"@id\":\"https:\/\/www.edugestores.pe\/#website\",\"url\":\"https:\/\/www.edugestores.pe\/\",\"name\":\"Red Peruana de Gestores de la Educaci\u00f3n\",\"description\":\"Red Peruana de Gestores de la Educaci\u00f3n\",\"potentialAction\":[{\"@type\":\"SearchAction\",\"target\":{\"@type\":\"EntryPoint\",\"urlTemplate\":\"https:\/\/www.edugestores.pe\/?s={search_term_string}\"},\"query-input\":\"required name=search_term_string\"}],\"inLanguage\":\"es\"},{\"@type\":\"ImageObject\",\"@id\":\"https:\/\/www.edugestores.pe\/?p=23738#primaryimage\",\"inLanguage\":\"es\",\"url\":\"https:\/\/www.edugestores.pe\/wp-content\/uploads\/2019\/11\/000569871W.jpg\",\"contentUrl\":\"https:\/\/www.edugestores.pe\/wp-content\/uploads\/2019\/11\/000569871W.jpg\",\"width\":1800,\"height\":1200},{\"@type\":\"WebPage\",\"@id\":\"https:\/\/www.edugestores.pe\/?p=23738#webpage\",\"url\":\"https:\/\/www.edugestores.pe\/?p=23738\",\"name\":\"Minedu evaluar\u00e1 a 850 mil escolares de colegios p\u00fablicos y privados - Red Peruana de Gestores de la Educaci\u00f3n\",\"isPartOf\":{\"@id\":\"https:\/\/www.edugestores.pe\/#website\"},\"primaryImageOfPage\":{\"@id\":\"https:\/\/www.edugestores.pe\/?p=23738#primaryimage\"},\"datePublished\":\"2019-11-05T01:57:52+00:00\",\"dateModified\":\"2019-11-11T03:54:38+00:00\",\"author\":{\"@id\":\"https:\/\/www.edugestores.pe\/#\/schema\/person\/30dc82f35f5853289037a64b35c7c7d3\"},\"breadcrumb\":{\"@id\":\"https:\/\/www.edugestores.pe\/?p=23738#breadcrumb\"},\"inLanguage\":\"es\",\"potentialAction\":[{\"@type\":\"ReadAction\",\"target\":[\"https:\/\/www.edugestores.pe\/?p=23738\"]}]},{\"@type\":\"BreadcrumbList\",\"@id\":\"https:\/\/www.edugestores.pe\/?p=23738#breadcrumb\",\"itemListElement\":[{\"@type\":\"ListItem\",\"position\":1,\"name\":\"Portada\",\"item\":\"https:\/\/www.edugestores.pe\/\"},{\"@type\":\"ListItem\",\"position\":2,\"name\":\"Minedu evaluar\u00e1 a 850 mil escolares de colegios p\u00fablicos y privados\"}]},{\"@type\":\"Person\",\"@id\":\"https:\/\/www.edugestores.pe\/#\/schema\/person\/30dc82f35f5853289037a64b35c7c7d3\",\"name\":\"Administrador\",\"image\":{\"@type\":\"ImageObject\",\"@id\":\"https:\/\/www.edugestores.pe\/#personlogo\",\"inLanguage\":\"es\",\"url\":\"https:\/\/secure.gravatar.com\/avatar\/70960d1239c4d2c778bb3d2786a3c1ae?s=96&d=mm&r=g\",\"contentUrl\":\"https:\/\/secure.gravatar.com\/avatar\/70960d1239c4d2c778bb3d2786a3c1ae?s=96&d=mm&r=g\",\"caption\":\"Administrador\"},\"url\":\"https:\/\/www.edugestores.pe\/?author=63\"}]}<\/script>\n<!-- \/ Yoast SEO plugin. -->","yoast_head_json":{"title":"Minedu evaluar\u00e1 a 850 mil escolares de colegios p\u00fablicos y privados - Red Peruana de Gestores de la Educaci\u00f3n","robots":{"index":"index","follow":"follow","max-snippet":"max-snippet:-1","max-image-preview":"max-image-preview:large","max-video-preview":"max-video-preview:-1"},"canonical":"https:\/\/www.edugestores.pe\/?p=23738","og_locale":"es_ES","og_type":"article","og_title":"Minedu evaluar\u00e1 a 850 mil escolares de colegios p\u00fablicos y privados - Red Peruana de Gestores de la Educaci\u00f3n","og_description":"M\u00e1s de 850 mil estudiantes de escuelas p\u00fablicas y privadas ser\u00e1n evaluados en noviembre por el Ministerio de Educaci\u00f3n (Minedu) [&hellip;]","og_url":"https:\/\/www.edugestores.pe\/?p=23738","og_site_name":"Red Peruana de Gestores de la Educaci\u00f3n","article_published_time":"2019-11-05T01:57:52+00:00","article_modified_time":"2019-11-11T03:54:38+00:00","og_image":[{"width":1800,"height":1200,"url":"https:\/\/www.edugestores.pe\/wp-content\/uploads\/2019\/11\/000569871W.jpg","type":"image\/jpeg"}],"twitter_card":"summary_large_image","twitter_misc":{"Escrito por":"Administrador","Tiempo de lectura":"2 minutos"},"schema":{"@context":"https:\/\/schema.org","@graph":[{"@type":"WebSite","@id":"https:\/\/www.edugestores.pe\/#website","url":"https:\/\/www.edugestores.pe\/","name":"Red Peruana de Gestores de la Educaci\u00f3n","description":"Red Peruana de Gestores de la Educaci\u00f3n","potentialAction":[{"@type":"SearchAction","target":{"@type":"EntryPoint","urlTemplate":"https:\/\/www.edugestores.pe\/?s={search_term_string}"},"query-input":"required name=search_term_string"}],"inLanguage":"es"},{"@type":"ImageObject","@id":"https:\/\/www.edugestores.pe\/?p=23738#primaryimage","inLanguage":"es","url":"https:\/\/www.edugestores.pe\/wp-content\/uploads\/2019\/11\/000569871W.jpg","contentUrl":"https:\/\/www.edugestores.pe\/wp-content\/uploads\/2019\/11\/000569871W.jpg","width":1800,"height":1200},{"@type":"WebPage","@id":"https:\/\/www.edugestores.pe\/?p=23738#webpage","url":"https:\/\/www.edugestores.pe\/?p=23738","name":"Minedu evaluar\u00e1 a 850 mil escolares de colegios p\u00fablicos y privados - Red Peruana de Gestores de la Educaci\u00f3n","isPartOf":{"@id":"https:\/\/www.edugestores.pe\/#website"},"primaryImageOfPage":{"@id":"https:\/\/www.edugestores.pe\/?p=23738#primaryimage"},"datePublished":"2019-11-05T01:57:52+00:00","dateModified":"2019-11-11T03:54:38+00:00","author":{"@id":"https:\/\/www.edugestores.pe\/#\/schema\/person\/30dc82f35f5853289037a64b35c7c7d3"},"breadcrumb":{"@id":"https:\/\/www.edugestores.pe\/?p=23738#breadcrumb"},"inLanguage":"es","potentialAction":[{"@type":"ReadAction","target":["https:\/\/www.edugestores.pe\/?p=23738"]}]},{"@type":"BreadcrumbList","@id":"https:\/\/www.edugestores.pe\/?p=23738#breadcrumb","itemListElement":[{"@type":"ListItem","position":1,"name":"Portada","item":"https:\/\/www.edugestores.pe\/"},{"@type":"ListItem","position":2,"name":"Minedu evaluar\u00e1 a 850 mil escolares de colegios p\u00fablicos y privados"}]},{"@type":"Person","@id":"https:\/\/www.edugestores.pe\/#\/schema\/person\/30dc82f35f5853289037a64b35c7c7d3","name":"Administrador","image":{"@type":"ImageObject","@id":"https:\/\/www.edugestores.pe\/#personlogo","inLanguage":"es","url":"https:\/\/secure.gravatar.com\/avatar\/70960d1239c4d2c778bb3d2786a3c1ae?s=96&d=mm&r=g","contentUrl":"https:\/\/secure.gravatar.com\/avatar\/70960d1239c4d2c778bb3d2786a3c1ae?s=96&d=mm&r=g","caption":"Administrador"},"url":"https:\/\/www.edugestores.pe\/?author=63"}]}},"jetpack_featured_media_url":"https:\/\/www.edugestores.pe\/wp-content\/uploads\/2019\/11\/000569871W.jpg","_links":{"self":[{"href":"https:\/\/www.edugestores.pe\/index.php?rest_route=\/wp\/v2\/posts\/23738"}],"collection":[{"href":"https:\/\/www.edugestores.pe\/index.php?rest_route=\/wp\/v2\/posts"}],"about":[{"href":"https:\/\/www.edugestores.pe\/index.php?rest_route=\/wp\/v2\/types\/post"}],"author":[{"embeddable":true,"href":"https:\/\/www.edugestores.pe\/index.php?rest_route=\/wp\/v2\/users\/63"}],"replies":[{"embeddable":true,"href":"https:\/\/www.edugestores.pe\/index.php?rest_route=%2Fwp%2Fv2%2Fcomments&post=23738"}],"version-history":[{"count":2,"href":"https:\/\/www.edugestores.pe\/index.php?rest_route=\/wp\/v2\/posts\/23738\/revisions"}],"predecessor-version":[{"id":23744,"href":"https:\/\/www.edugestores.pe\/index.php?rest_route=\/wp\/v2\/posts\/23738\/revisions\/23744"}],"wp:featuredmedia":[{"embeddable":true,"href":"https:\/\/www.edugestores.pe\/index.php?rest_route=\/wp\/v2\/media\/23742"}],"wp:attachment":[{"href":"https:\/\/www.edugestores.pe\/index.php?rest_route=%2Fwp%2Fv2%2Fmedia&parent=23738"}],"wp:term":[{"taxonomy":"category","embeddable":true,"href":"https:\/\/www.edugestores.pe\/index.php?rest_route=%2Fwp%2Fv2%2Fcategories&post=23738"},{"taxonomy":"post_tag","embeddable":true,"href":"https:\/\/www.edugestores.pe\/index.php?rest_route=%2Fwp%2Fv2%2Ftags&post=23738"}],"curies":[{"name":"wp","href":"https:\/\/api.w.org\/{rel}","templated":true}]}}