{"id":23745,"date":"2019-11-06T10:53:45","date_gmt":"2019-11-06T15:53:45","guid":{"rendered":"https:\/\/www.edugestores.pe\/?p=23745"},"modified":"2019-11-10T22:54:44","modified_gmt":"2019-11-11T03:54:44","slug":"reporte-de-octubre-2019-del-observatorio-de-politicas-educativas","status":"publish","type":"post","link":"https:\/\/www.edugestores.pe\/?p=23745","title":{"rendered":"Reporte de octubre 2019 del Observatorio de Pol\u00edticas Educativas"},"content":{"rendered":"<p style=\"font-weight: 400; text-align: justify;\">Compartimos en Edugestores, el reporte mensual del Observatorio de Pol\u00edticas Educativas, elaborado por el Instituto de Gobierno y Desarrollo Humano. Las principales pol\u00edticas a destacar son las siguientes:<\/p>\n<p style=\"font-weight: 400; text-align: justify;\"><strong>1. Desarrollo docente<\/strong><\/p>\n<p style=\"font-weight: 400; text-align: justify;\">&#8211;\u00a0\u00a0<a href=\"https:\/\/www.gob.pe\/institucion\/minedu\/normas-legales\/314018-493-2019-minedu\">R.M. N\u00ba 493-2019-MINEDU<\/a>: Modifican Anexo de la R.M. N\u00b0 049-2019-MINEDU que aprob\u00f3 el Cuadro que contiene el detalle de los concursos eventos y actividades de formaci\u00f3n y capacitaci\u00f3n a ser organizados y ejecutados por el Sector Educaci\u00f3n durante el a\u00f1o 2019 as\u00ed como la condici\u00f3n y cantidad de los participantes.<\/p>\n<p style=\"font-weight: 400; text-align: justify;\"><strong>\u00a02. Aprendizajes<\/strong><\/p>\n<p style=\"font-weight: 400; text-align: justify;\">&#8211;\u00a0<a href=\"https:\/\/www.edugestores.pe\/docs\/diseno-curricular-basico-nacional-de-la-formacion-inicial-docente-programa-de-estudios-de-educacion-primaria-intercultural-bilingue\/\">R.VM. N\u00b0 252-2019-MINEDU:<\/a> Aprueban el Dise\u00f1o Curricular B\u00e1sico Nacional de la Formaci\u00f3n Inicial Docente &#8211; Programa de Estudios de Educaci\u00f3n Inicial Intercultural Biling\u00fce y el Dise\u00f1o Curricular B\u00e1sico Nacional de la Formaci\u00f3n Inicial Docente &#8211; Programa de Estudios de Educaci\u00f3n Primaria Intercultural Biling\u00fce y dictan diversas disposiciones.<\/p>\n<p style=\"font-weight: 400; text-align: justify;\">&#8211;\u00a0<a href=\"https:\/\/www.gob.pe\/institucion\/minedu\/normas-legales\/322510-262-2019-minedu\">R.VM.N\u00ba 262-2019-MINEDU<\/a>:\u00a0Aprueban Norma T\u00e9cnica denominada Disposiciones que regulan la administraci\u00f3n y el uso del Portal S\u00edseVe en las instancias de gesti\u00f3n educativa descentralizada.<\/p>\n<p style=\"text-align: justify;\"><strong>3.\u00a0Educaci\u00f3n superior<\/strong><\/p>\n<p style=\"font-weight: 400; text-align: justify;\">&#8211;\u00a0D.S. N\u00b0 015-2019-MINEDU:<strong>\u00a0<\/strong>Aprueban los servicios prestados en exclusividad de la Superintendencia Nacional de Educaci\u00f3n Superior Universitaria \u2013 SUNEDU.<\/p>\n<p style=\"font-weight: 400; text-align: justify;\">&#8211;\u00a0<a href=\"https:\/\/busquedas.elperuano.pe\/normaslegales\/decreto-supremo-para-la-aprobacion-e-implementacion-de-un-pl-decreto-supremo-n-016-2019-minedu-1818853-1\/\">D.S. N\u00ba 016-2019-MINEDU<\/a>:\u00a0Decreto Supremo para la aprobaci\u00f3n e implementaci\u00f3n de un Plan de Emergencia para el cumplimiento de las condiciones b\u00e1sicas de calidad por parte de las universidades p\u00fablicas con licencia institucional denegada.<\/p>\n<p style=\"font-weight: 400; text-align: justify;\"><strong>\u00a04. Infraestructura:\u00a0<\/strong><\/p>\n<p style=\"font-weight: 400; text-align: justify;\">&#8211;\u00a0\u00a0R.D N\u00ba 142-2019-MINEDU\/VGI-PRONIED:\u00a0Aprueban el Manual de Acondicionamiento 2019 para la ejecuci\u00f3n de acciones de acondicionamiento del Programa de Acondicionamiento de locales educativos y la adquisici\u00f3n de materiales pedag\u00f3gicos y tecnol\u00f3gicos para el a\u00f1o 2019.<\/p>\n<p style=\"font-weight: 400; text-align: justify;\">&#8211;\u00a0 R.M. N\u00ba 517-2019-MINEDU: Aprueban actualizaci\u00f3n de la Norma T\u00e9cnica Disposiciones para la ejecuci\u00f3n del Programa de Mantenimiento de los Locales Educativos para el a\u00f1o 2019.<\/p>\n<p style=\"font-weight: 400; text-align: justify;\"><strong>\u00a0<\/strong>Para mayor informaci\u00f3n visite la web del Observatorio de Pol\u00edticas Educativas en el<a href=\"http:\/\/www.gobiernoydesarrollohumano.org\/cuadro.php?anio=2019&amp;mes=octubre\"> siguiente link<\/a>.<\/p>\n<p style=\"font-weight: 400; text-align: justify;\">Foto: Referencial<\/p>\n","protected":false},"excerpt":{"rendered":"<p>Compartimos en Edugestores, el reporte mensual del Observatorio de Pol\u00edticas Educativas, elaborado por el Instituto de Gobierno y Desarrollo Humano. [&hellip;]<\/p>\n","protected":false},"author":63,"featured_media":22553,"comment_status":"open","ping_status":"open","sticky":false,"template":"","format":"standard","meta":{"spay_email":""},"categories":[125],"tags":[],"yoast_head":"<!-- This site is optimized with the Yoast SEO plugin v18.0 - https:\/\/yoast.com\/wordpress\/plugins\/seo\/ -->\n<title>Reporte de octubre 2019 del Observatorio de Pol\u00edticas Educativas - Red Peruana de Gestores de la Educaci\u00f3n<\/title>\n<meta name=\"robots\" content=\"index, follow, max-snippet:-1, max-image-preview:large, max-video-preview:-1\" \/>\n<link rel=\"canonical\" href=\"https:\/\/www.edugestores.pe\/?p=23745\" \/>\n<meta property=\"og:locale\" content=\"es_ES\" \/>\n<meta property=\"og:type\" content=\"article\" \/>\n<meta property=\"og:title\" content=\"Reporte de octubre 2019 del Observatorio de Pol\u00edticas Educativas - Red Peruana de Gestores de la Educaci\u00f3n\" \/>\n<meta property=\"og:description\" content=\"Compartimos en Edugestores, el reporte mensual del Observatorio de Pol\u00edticas Educativas, elaborado por el Instituto de Gobierno y Desarrollo Humano. [&hellip;]\" \/>\n<meta property=\"og:url\" content=\"https:\/\/www.edugestores.pe\/?p=23745\" \/>\n<meta property=\"og:site_name\" content=\"Red Peruana de Gestores de la Educaci\u00f3n\" \/>\n<meta property=\"article:published_time\" content=\"2019-11-06T15:53:45+00:00\" \/>\n<meta property=\"article:modified_time\" content=\"2019-11-11T03:54:44+00:00\" \/>\n<meta property=\"og:image\" content=\"https:\/\/www.edugestores.pe\/wp-content\/uploads\/2019\/05\/174515-pronied-municipios-accederan-sistema-virtual-obtener-asistencia-tecnica-sus.jpg\" \/>\n\t<meta property=\"og:image:width\" content=\"851\" \/>\n\t<meta property=\"og:image:height\" content=\"444\" \/>\n\t<meta property=\"og:image:type\" content=\"image\/jpeg\" \/>\n<meta name=\"twitter:card\" content=\"summary_large_image\" \/>\n<meta name=\"twitter:label1\" content=\"Escrito por\" \/>\n\t<meta name=\"twitter:data1\" content=\"Administrador\" \/>\n\t<meta name=\"twitter:label2\" content=\"Tiempo de lectura\" \/>\n\t<meta name=\"twitter:data2\" content=\"2 minutos\" \/>\n<script type=\"application\/ld+json\" class=\"yoast-schema-graph\">{\"@context\":\"https:\/\/schema.org\",\"@graph\":[{\"@type\":\"WebSite\",\"@id\":\"https:\/\/www.edugestores.pe\/#website\",\"url\":\"https:\/\/www.edugestores.pe\/\",\"name\":\"Red Peruana de Gestores de la Educaci\u00f3n\",\"description\":\"Red Peruana de Gestores de la Educaci\u00f3n\",\"potentialAction\":[{\"@type\":\"SearchAction\",\"target\":{\"@type\":\"EntryPoint\",\"urlTemplate\":\"https:\/\/www.edugestores.pe\/?s={search_term_string}\"},\"query-input\":\"required name=search_term_string\"}],\"inLanguage\":\"es\"},{\"@type\":\"ImageObject\",\"@id\":\"https:\/\/www.edugestores.pe\/?p=23745#primaryimage\",\"inLanguage\":\"es\",\"url\":\"https:\/\/www.edugestores.pe\/wp-content\/uploads\/2019\/05\/174515-pronied-municipios-accederan-sistema-virtual-obtener-asistencia-tecnica-sus.jpg\",\"contentUrl\":\"https:\/\/www.edugestores.pe\/wp-content\/uploads\/2019\/05\/174515-pronied-municipios-accederan-sistema-virtual-obtener-asistencia-tecnica-sus.jpg\",\"width\":851,\"height\":444},{\"@type\":\"WebPage\",\"@id\":\"https:\/\/www.edugestores.pe\/?p=23745#webpage\",\"url\":\"https:\/\/www.edugestores.pe\/?p=23745\",\"name\":\"Reporte de octubre 2019 del Observatorio de Pol\u00edticas Educativas - Red Peruana de Gestores de la Educaci\u00f3n\",\"isPartOf\":{\"@id\":\"https:\/\/www.edugestores.pe\/#website\"},\"primaryImageOfPage\":{\"@id\":\"https:\/\/www.edugestores.pe\/?p=23745#primaryimage\"},\"datePublished\":\"2019-11-06T15:53:45+00:00\",\"dateModified\":\"2019-11-11T03:54:44+00:00\",\"author\":{\"@id\":\"https:\/\/www.edugestores.pe\/#\/schema\/person\/30dc82f35f5853289037a64b35c7c7d3\"},\"breadcrumb\":{\"@id\":\"https:\/\/www.edugestores.pe\/?p=23745#breadcrumb\"},\"inLanguage\":\"es\",\"potentialAction\":[{\"@type\":\"ReadAction\",\"target\":[\"https:\/\/www.edugestores.pe\/?p=23745\"]}]},{\"@type\":\"BreadcrumbList\",\"@id\":\"https:\/\/www.edugestores.pe\/?p=23745#breadcrumb\",\"itemListElement\":[{\"@type\":\"ListItem\",\"position\":1,\"name\":\"Portada\",\"item\":\"https:\/\/www.edugestores.pe\/\"},{\"@type\":\"ListItem\",\"position\":2,\"name\":\"Reporte de octubre 2019 del Observatorio de Pol\u00edticas Educativas\"}]},{\"@type\":\"Person\",\"@id\":\"https:\/\/www.edugestores.pe\/#\/schema\/person\/30dc82f35f5853289037a64b35c7c7d3\",\"name\":\"Administrador\",\"image\":{\"@type\":\"ImageObject\",\"@id\":\"https:\/\/www.edugestores.pe\/#personlogo\",\"inLanguage\":\"es\",\"url\":\"https:\/\/secure.gravatar.com\/avatar\/70960d1239c4d2c778bb3d2786a3c1ae?s=96&d=mm&r=g\",\"contentUrl\":\"https:\/\/secure.gravatar.com\/avatar\/70960d1239c4d2c778bb3d2786a3c1ae?s=96&d=mm&r=g\",\"caption\":\"Administrador\"},\"url\":\"https:\/\/www.edugestores.pe\/?author=63\"}]}<\/script>\n<!-- \/ Yoast SEO plugin. -->","yoast_head_json":{"title":"Reporte de octubre 2019 del Observatorio de Pol\u00edticas Educativas - Red Peruana de Gestores de la Educaci\u00f3n","robots":{"index":"index","follow":"follow","max-snippet":"max-snippet:-1","max-image-preview":"max-image-preview:large","max-video-preview":"max-video-preview:-1"},"canonical":"https:\/\/www.edugestores.pe\/?p=23745","og_locale":"es_ES","og_type":"article","og_title":"Reporte de octubre 2019 del Observatorio de Pol\u00edticas Educativas - Red Peruana de Gestores de la Educaci\u00f3n","og_description":"Compartimos en Edugestores, el reporte mensual del Observatorio de Pol\u00edticas Educativas, elaborado por el Instituto de Gobierno y Desarrollo Humano. [&hellip;]","og_url":"https:\/\/www.edugestores.pe\/?p=23745","og_site_name":"Red Peruana de Gestores de la Educaci\u00f3n","article_published_time":"2019-11-06T15:53:45+00:00","article_modified_time":"2019-11-11T03:54:44+00:00","og_image":[{"width":851,"height":444,"url":"https:\/\/www.edugestores.pe\/wp-content\/uploads\/2019\/05\/174515-pronied-municipios-accederan-sistema-virtual-obtener-asistencia-tecnica-sus.jpg","type":"image\/jpeg"}],"twitter_card":"summary_large_image","twitter_misc":{"Escrito por":"Administrador","Tiempo de lectura":"2 minutos"},"schema":{"@context":"https:\/\/schema.org","@graph":[{"@type":"WebSite","@id":"https:\/\/www.edugestores.pe\/#website","url":"https:\/\/www.edugestores.pe\/","name":"Red Peruana de Gestores de la Educaci\u00f3n","description":"Red Peruana de Gestores de la Educaci\u00f3n","potentialAction":[{"@type":"SearchAction","target":{"@type":"EntryPoint","urlTemplate":"https:\/\/www.edugestores.pe\/?s={search_term_string}"},"query-input":"required name=search_term_string"}],"inLanguage":"es"},{"@type":"ImageObject","@id":"https:\/\/www.edugestores.pe\/?p=23745#primaryimage","inLanguage":"es","url":"https:\/\/www.edugestores.pe\/wp-content\/uploads\/2019\/05\/174515-pronied-municipios-accederan-sistema-virtual-obtener-asistencia-tecnica-sus.jpg","contentUrl":"https:\/\/www.edugestores.pe\/wp-content\/uploads\/2019\/05\/174515-pronied-municipios-accederan-sistema-virtual-obtener-asistencia-tecnica-sus.jpg","width":851,"height":444},{"@type":"WebPage","@id":"https:\/\/www.edugestores.pe\/?p=23745#webpage","url":"https:\/\/www.edugestores.pe\/?p=23745","name":"Reporte de octubre 2019 del Observatorio de Pol\u00edticas Educativas - Red Peruana de Gestores de la Educaci\u00f3n","isPartOf":{"@id":"https:\/\/www.edugestores.pe\/#website"},"primaryImageOfPage":{"@id":"https:\/\/www.edugestores.pe\/?p=23745#primaryimage"},"datePublished":"2019-11-06T15:53:45+00:00","dateModified":"2019-11-11T03:54:44+00:00","author":{"@id":"https:\/\/www.edugestores.pe\/#\/schema\/person\/30dc82f35f5853289037a64b35c7c7d3"},"breadcrumb":{"@id":"https:\/\/www.edugestores.pe\/?p=23745#breadcrumb"},"inLanguage":"es","potentialAction":[{"@type":"ReadAction","target":["https:\/\/www.edugestores.pe\/?p=23745"]}]},{"@type":"BreadcrumbList","@id":"https:\/\/www.edugestores.pe\/?p=23745#breadcrumb","itemListElement":[{"@type":"ListItem","position":1,"name":"Portada","item":"https:\/\/www.edugestores.pe\/"},{"@type":"ListItem","position":2,"name":"Reporte de octubre 2019 del Observatorio de Pol\u00edticas Educativas"}]},{"@type":"Person","@id":"https:\/\/www.edugestores.pe\/#\/schema\/person\/30dc82f35f5853289037a64b35c7c7d3","name":"Administrador","image":{"@type":"ImageObject","@id":"https:\/\/www.edugestores.pe\/#personlogo","inLanguage":"es","url":"https:\/\/secure.gravatar.com\/avatar\/70960d1239c4d2c778bb3d2786a3c1ae?s=96&d=mm&r=g","contentUrl":"https:\/\/secure.gravatar.com\/avatar\/70960d1239c4d2c778bb3d2786a3c1ae?s=96&d=mm&r=g","caption":"Administrador"},"url":"https:\/\/www.edugestores.pe\/?author=63"}]}},"jetpack_featured_media_url":"https:\/\/www.edugestores.pe\/wp-content\/uploads\/2019\/05\/174515-pronied-municipios-accederan-sistema-virtual-obtener-asistencia-tecnica-sus.jpg","_links":{"self":[{"href":"https:\/\/www.edugestores.pe\/index.php?rest_route=\/wp\/v2\/posts\/23745"}],"collection":[{"href":"https:\/\/www.edugestores.pe\/index.php?rest_route=\/wp\/v2\/posts"}],"about":[{"href":"https:\/\/www.edugestores.pe\/index.php?rest_route=\/wp\/v2\/types\/post"}],"author":[{"embeddable":true,"href":"https:\/\/www.edugestores.pe\/index.php?rest_route=\/wp\/v2\/users\/63"}],"replies":[{"embeddable":true,"href":"https:\/\/www.edugestores.pe\/index.php?rest_route=%2Fwp%2Fv2%2Fcomments&post=23745"}],"version-history":[{"count":1,"href":"https:\/\/www.edugestores.pe\/index.php?rest_route=\/wp\/v2\/posts\/23745\/revisions"}],"predecessor-version":[{"id":23746,"href":"https:\/\/www.edugestores.pe\/index.php?rest_route=\/wp\/v2\/posts\/23745\/revisions\/23746"}],"wp:featuredmedia":[{"embeddable":true,"href":"https:\/\/www.edugestores.pe\/index.php?rest_route=\/wp\/v2\/media\/22553"}],"wp:attachment":[{"href":"https:\/\/www.edugestores.pe\/index.php?rest_route=%2Fwp%2Fv2%2Fmedia&parent=23745"}],"wp:term":[{"taxonomy":"category","embeddable":true,"href":"https:\/\/www.edugestores.pe\/index.php?rest_route=%2Fwp%2Fv2%2Fcategories&post=23745"},{"taxonomy":"post_tag","embeddable":true,"href":"https:\/\/www.edugestores.pe\/index.php?rest_route=%2Fwp%2Fv2%2Ftags&post=23745"}],"curies":[{"name":"wp","href":"https:\/\/api.w.org\/{rel}","templated":true}]}}