{"id":23758,"date":"2019-11-08T14:41:55","date_gmt":"2019-11-08T19:41:55","guid":{"rendered":"https:\/\/www.edugestores.pe\/?p=23758"},"modified":"2019-12-01T23:37:55","modified_gmt":"2019-12-02T04:37:55","slug":"flor-pablo-al-sutep-les-pido-que-replanteen-hacer-un-paro","status":"publish","type":"post","link":"https:\/\/www.edugestores.pe\/?p=23758","title":{"rendered":"Flor Pablo al Sutep: \u201cLes pido que replanteen hacer un paro\u201d"},"content":{"rendered":"<p class=\"story-content__font--secondary mb-25 title-xs line-h-md mt-20 secondary-font pr-20\" style=\"text-align: justify;\">La ministra de Educaci\u00f3n,\u00a0Flor Pablo, pidi\u00f3 al\u00a0Sindicato Unitario de Trabajadores en la Educaci\u00f3n del Per\u00fa (Sutep)\u00a0reconsiderar el paro programado para el 21 de noviembre, debido a que, seg\u00fan expres\u00f3, pondr\u00eda en riesgo el aprendizaje de los estudiantes.<\/p>\n<p class=\"story-content__font--secondary mb-25 title-xs line-h-md mt-20 secondary-font pr-20\" style=\"text-align: justify;\">Enfatiz\u00f3 en Canal N que el gobierno cumpli\u00f3 con el aumento salarial de S\/ 200 para los maestros y que para el pr\u00f3ximo a\u00f1o,\u00a0tambi\u00e9n habr\u00e1 otro aumento de S\/ 200, que est\u00e1 contemplado en el presupuesto.<\/p>\n<div id=\"ads_d_inline\" style=\"text-align: justify;\"><\/div>\n<div>\n<p class=\"story-content__font--secondary mb-25 title-xs line-h-md mt-20 secondary-font pr-20\" style=\"text-align: justify;\">Sabemos que hay desaf\u00edos mayores en educaci\u00f3n, necesitamos avanzar m\u00e1s, pero les pedir\u00eda que replanteen el tema de hacer un paro, porque creo que en todo este tiempo hemos llevado una comunicaci\u00f3n y estamos en un proceso de construcci\u00f3n juntos. Creo que lo que menos queremos es que nuestros ni\u00f1os y ni\u00f1as pierdan clases\u201d, indic\u00f3.<\/p>\n<p class=\"story-content__font--secondary mb-25 title-xs line-h-md mt-20 secondary-font pr-20\" style=\"text-align: justify;\">Asegur\u00f3 que el Ministerio de Educaci\u00f3n est\u00e1 siempre dispuesto a dialogar, \u201ccomo bien lo saben\u00a0los dirigentes\u201d.<\/p>\n<p class=\"story-content__font--secondary mb-25 title-xs line-h-md mt-20 secondary-font pr-20\" style=\"text-align: justify;\">\u201cNo podemos perder horas de clases, tampoco hacer paros ni huelgas, ni poner en riesgo el aprendizaje de los estudiantes. (\u2026) Les pedir\u00eda que reconsideren el paro, creemos que estamos en un espacio de di\u00e1logo bastante fruct\u00edfero. Tienen nuestras puertas abiertas y estamos en tiempos en que necesitamos construir\u201d, expres\u00f3.<\/p>\n<p class=\"story-content__font--secondary mb-25 title-xs line-h-md mt-20 secondary-font pr-20\" style=\"text-align: justify;\">Tomado de Gesti\u00f3n<\/p>\n<\/div>\n","protected":false},"excerpt":{"rendered":"<p>La ministra de Educaci\u00f3n,\u00a0Flor Pablo, pidi\u00f3 al\u00a0Sindicato Unitario de Trabajadores en la Educaci\u00f3n del Per\u00fa (Sutep)\u00a0reconsiderar el paro programado para [&hellip;]<\/p>\n","protected":false},"author":63,"featured_media":23759,"comment_status":"open","ping_status":"open","sticky":false,"template":"","format":"standard","meta":{"spay_email":""},"categories":[125],"tags":[],"yoast_head":"<!-- This site is optimized with the Yoast SEO plugin v18.0 - https:\/\/yoast.com\/wordpress\/plugins\/seo\/ -->\n<title>Flor Pablo al Sutep: \u201cLes pido que replanteen hacer un paro\u201d - Red Peruana de Gestores de la Educaci\u00f3n<\/title>\n<meta name=\"robots\" content=\"index, follow, max-snippet:-1, max-image-preview:large, max-video-preview:-1\" \/>\n<link rel=\"canonical\" href=\"https:\/\/www.edugestores.pe\/?p=23758\" \/>\n<meta property=\"og:locale\" content=\"es_ES\" \/>\n<meta property=\"og:type\" content=\"article\" \/>\n<meta property=\"og:title\" content=\"Flor Pablo al Sutep: \u201cLes pido que replanteen hacer un paro\u201d - Red Peruana de Gestores de la Educaci\u00f3n\" \/>\n<meta property=\"og:description\" content=\"La ministra de Educaci\u00f3n,\u00a0Flor Pablo, pidi\u00f3 al\u00a0Sindicato Unitario de Trabajadores en la Educaci\u00f3n del Per\u00fa (Sutep)\u00a0reconsiderar el paro programado para [&hellip;]\" \/>\n<meta property=\"og:url\" content=\"https:\/\/www.edugestores.pe\/?p=23758\" \/>\n<meta property=\"og:site_name\" content=\"Red Peruana de Gestores de la Educaci\u00f3n\" \/>\n<meta property=\"article:published_time\" content=\"2019-11-08T19:41:55+00:00\" \/>\n<meta property=\"article:modified_time\" content=\"2019-12-02T04:37:55+00:00\" \/>\n<meta property=\"og:image\" content=\"https:\/\/www.edugestores.pe\/wp-content\/uploads\/2019\/11\/flor-pablo-nov.jpg\" \/>\n\t<meta property=\"og:image:width\" content=\"940\" \/>\n\t<meta property=\"og:image:height\" content=\"569\" \/>\n\t<meta property=\"og:image:type\" content=\"image\/jpeg\" \/>\n<meta name=\"twitter:card\" content=\"summary_large_image\" \/>\n<meta name=\"twitter:label1\" content=\"Escrito por\" \/>\n\t<meta name=\"twitter:data1\" content=\"Administrador\" \/>\n\t<meta name=\"twitter:label2\" content=\"Tiempo de lectura\" \/>\n\t<meta name=\"twitter:data2\" content=\"1 minuto\" \/>\n<script type=\"application\/ld+json\" class=\"yoast-schema-graph\">{\"@context\":\"https:\/\/schema.org\",\"@graph\":[{\"@type\":\"WebSite\",\"@id\":\"https:\/\/www.edugestores.pe\/#website\",\"url\":\"https:\/\/www.edugestores.pe\/\",\"name\":\"Red Peruana de Gestores de la Educaci\u00f3n\",\"description\":\"Red Peruana de Gestores de la Educaci\u00f3n\",\"potentialAction\":[{\"@type\":\"SearchAction\",\"target\":{\"@type\":\"EntryPoint\",\"urlTemplate\":\"https:\/\/www.edugestores.pe\/?s={search_term_string}\"},\"query-input\":\"required name=search_term_string\"}],\"inLanguage\":\"es\"},{\"@type\":\"ImageObject\",\"@id\":\"https:\/\/www.edugestores.pe\/?p=23758#primaryimage\",\"inLanguage\":\"es\",\"url\":\"https:\/\/www.edugestores.pe\/wp-content\/uploads\/2019\/11\/flor-pablo-nov.jpg\",\"contentUrl\":\"https:\/\/www.edugestores.pe\/wp-content\/uploads\/2019\/11\/flor-pablo-nov.jpg\",\"width\":940,\"height\":569},{\"@type\":\"WebPage\",\"@id\":\"https:\/\/www.edugestores.pe\/?p=23758#webpage\",\"url\":\"https:\/\/www.edugestores.pe\/?p=23758\",\"name\":\"Flor Pablo al Sutep: \u201cLes pido que replanteen hacer un paro\u201d - Red Peruana de Gestores de la Educaci\u00f3n\",\"isPartOf\":{\"@id\":\"https:\/\/www.edugestores.pe\/#website\"},\"primaryImageOfPage\":{\"@id\":\"https:\/\/www.edugestores.pe\/?p=23758#primaryimage\"},\"datePublished\":\"2019-11-08T19:41:55+00:00\",\"dateModified\":\"2019-12-02T04:37:55+00:00\",\"author\":{\"@id\":\"https:\/\/www.edugestores.pe\/#\/schema\/person\/30dc82f35f5853289037a64b35c7c7d3\"},\"breadcrumb\":{\"@id\":\"https:\/\/www.edugestores.pe\/?p=23758#breadcrumb\"},\"inLanguage\":\"es\",\"potentialAction\":[{\"@type\":\"ReadAction\",\"target\":[\"https:\/\/www.edugestores.pe\/?p=23758\"]}]},{\"@type\":\"BreadcrumbList\",\"@id\":\"https:\/\/www.edugestores.pe\/?p=23758#breadcrumb\",\"itemListElement\":[{\"@type\":\"ListItem\",\"position\":1,\"name\":\"Portada\",\"item\":\"https:\/\/www.edugestores.pe\/\"},{\"@type\":\"ListItem\",\"position\":2,\"name\":\"Flor Pablo al Sutep: \u201cLes pido que replanteen hacer un paro\u201d\"}]},{\"@type\":\"Person\",\"@id\":\"https:\/\/www.edugestores.pe\/#\/schema\/person\/30dc82f35f5853289037a64b35c7c7d3\",\"name\":\"Administrador\",\"image\":{\"@type\":\"ImageObject\",\"@id\":\"https:\/\/www.edugestores.pe\/#personlogo\",\"inLanguage\":\"es\",\"url\":\"https:\/\/secure.gravatar.com\/avatar\/70960d1239c4d2c778bb3d2786a3c1ae?s=96&d=mm&r=g\",\"contentUrl\":\"https:\/\/secure.gravatar.com\/avatar\/70960d1239c4d2c778bb3d2786a3c1ae?s=96&d=mm&r=g\",\"caption\":\"Administrador\"},\"url\":\"https:\/\/www.edugestores.pe\/?author=63\"}]}<\/script>\n<!-- \/ Yoast SEO plugin. -->","yoast_head_json":{"title":"Flor Pablo al Sutep: \u201cLes pido que replanteen hacer un paro\u201d - Red Peruana de Gestores de la Educaci\u00f3n","robots":{"index":"index","follow":"follow","max-snippet":"max-snippet:-1","max-image-preview":"max-image-preview:large","max-video-preview":"max-video-preview:-1"},"canonical":"https:\/\/www.edugestores.pe\/?p=23758","og_locale":"es_ES","og_type":"article","og_title":"Flor Pablo al Sutep: \u201cLes pido que replanteen hacer un paro\u201d - Red Peruana de Gestores de la Educaci\u00f3n","og_description":"La ministra de Educaci\u00f3n,\u00a0Flor Pablo, pidi\u00f3 al\u00a0Sindicato Unitario de Trabajadores en la Educaci\u00f3n del Per\u00fa (Sutep)\u00a0reconsiderar el paro programado para [&hellip;]","og_url":"https:\/\/www.edugestores.pe\/?p=23758","og_site_name":"Red Peruana de Gestores de la Educaci\u00f3n","article_published_time":"2019-11-08T19:41:55+00:00","article_modified_time":"2019-12-02T04:37:55+00:00","og_image":[{"width":940,"height":569,"url":"https:\/\/www.edugestores.pe\/wp-content\/uploads\/2019\/11\/flor-pablo-nov.jpg","type":"image\/jpeg"}],"twitter_card":"summary_large_image","twitter_misc":{"Escrito por":"Administrador","Tiempo de lectura":"1 minuto"},"schema":{"@context":"https:\/\/schema.org","@graph":[{"@type":"WebSite","@id":"https:\/\/www.edugestores.pe\/#website","url":"https:\/\/www.edugestores.pe\/","name":"Red Peruana de Gestores de la Educaci\u00f3n","description":"Red Peruana de Gestores de la Educaci\u00f3n","potentialAction":[{"@type":"SearchAction","target":{"@type":"EntryPoint","urlTemplate":"https:\/\/www.edugestores.pe\/?s={search_term_string}"},"query-input":"required name=search_term_string"}],"inLanguage":"es"},{"@type":"ImageObject","@id":"https:\/\/www.edugestores.pe\/?p=23758#primaryimage","inLanguage":"es","url":"https:\/\/www.edugestores.pe\/wp-content\/uploads\/2019\/11\/flor-pablo-nov.jpg","contentUrl":"https:\/\/www.edugestores.pe\/wp-content\/uploads\/2019\/11\/flor-pablo-nov.jpg","width":940,"height":569},{"@type":"WebPage","@id":"https:\/\/www.edugestores.pe\/?p=23758#webpage","url":"https:\/\/www.edugestores.pe\/?p=23758","name":"Flor Pablo al Sutep: \u201cLes pido que replanteen hacer un paro\u201d - Red Peruana de Gestores de la Educaci\u00f3n","isPartOf":{"@id":"https:\/\/www.edugestores.pe\/#website"},"primaryImageOfPage":{"@id":"https:\/\/www.edugestores.pe\/?p=23758#primaryimage"},"datePublished":"2019-11-08T19:41:55+00:00","dateModified":"2019-12-02T04:37:55+00:00","author":{"@id":"https:\/\/www.edugestores.pe\/#\/schema\/person\/30dc82f35f5853289037a64b35c7c7d3"},"breadcrumb":{"@id":"https:\/\/www.edugestores.pe\/?p=23758#breadcrumb"},"inLanguage":"es","potentialAction":[{"@type":"ReadAction","target":["https:\/\/www.edugestores.pe\/?p=23758"]}]},{"@type":"BreadcrumbList","@id":"https:\/\/www.edugestores.pe\/?p=23758#breadcrumb","itemListElement":[{"@type":"ListItem","position":1,"name":"Portada","item":"https:\/\/www.edugestores.pe\/"},{"@type":"ListItem","position":2,"name":"Flor Pablo al Sutep: \u201cLes pido que replanteen hacer un paro\u201d"}]},{"@type":"Person","@id":"https:\/\/www.edugestores.pe\/#\/schema\/person\/30dc82f35f5853289037a64b35c7c7d3","name":"Administrador","image":{"@type":"ImageObject","@id":"https:\/\/www.edugestores.pe\/#personlogo","inLanguage":"es","url":"https:\/\/secure.gravatar.com\/avatar\/70960d1239c4d2c778bb3d2786a3c1ae?s=96&d=mm&r=g","contentUrl":"https:\/\/secure.gravatar.com\/avatar\/70960d1239c4d2c778bb3d2786a3c1ae?s=96&d=mm&r=g","caption":"Administrador"},"url":"https:\/\/www.edugestores.pe\/?author=63"}]}},"jetpack_featured_media_url":"https:\/\/www.edugestores.pe\/wp-content\/uploads\/2019\/11\/flor-pablo-nov.jpg","_links":{"self":[{"href":"https:\/\/www.edugestores.pe\/index.php?rest_route=\/wp\/v2\/posts\/23758"}],"collection":[{"href":"https:\/\/www.edugestores.pe\/index.php?rest_route=\/wp\/v2\/posts"}],"about":[{"href":"https:\/\/www.edugestores.pe\/index.php?rest_route=\/wp\/v2\/types\/post"}],"author":[{"embeddable":true,"href":"https:\/\/www.edugestores.pe\/index.php?rest_route=\/wp\/v2\/users\/63"}],"replies":[{"embeddable":true,"href":"https:\/\/www.edugestores.pe\/index.php?rest_route=%2Fwp%2Fv2%2Fcomments&post=23758"}],"version-history":[{"count":1,"href":"https:\/\/www.edugestores.pe\/index.php?rest_route=\/wp\/v2\/posts\/23758\/revisions"}],"predecessor-version":[{"id":23760,"href":"https:\/\/www.edugestores.pe\/index.php?rest_route=\/wp\/v2\/posts\/23758\/revisions\/23760"}],"wp:featuredmedia":[{"embeddable":true,"href":"https:\/\/www.edugestores.pe\/index.php?rest_route=\/wp\/v2\/media\/23759"}],"wp:attachment":[{"href":"https:\/\/www.edugestores.pe\/index.php?rest_route=%2Fwp%2Fv2%2Fmedia&parent=23758"}],"wp:term":[{"taxonomy":"category","embeddable":true,"href":"https:\/\/www.edugestores.pe\/index.php?rest_route=%2Fwp%2Fv2%2Fcategories&post=23758"},{"taxonomy":"post_tag","embeddable":true,"href":"https:\/\/www.edugestores.pe\/index.php?rest_route=%2Fwp%2Fv2%2Ftags&post=23758"}],"curies":[{"name":"wp","href":"https:\/\/api.w.org\/{rel}","templated":true}]}}