{"id":23774,"date":"2019-11-10T22:24:50","date_gmt":"2019-11-11T03:24:50","guid":{"rendered":"https:\/\/www.edugestores.pe\/?p=23774"},"modified":"2019-11-19T23:47:23","modified_gmt":"2019-11-20T04:47:23","slug":"patricia-salas-no-nos-vemos-como-un-pais-unico","status":"publish","type":"post","link":"https:\/\/www.edugestores.pe\/?p=23774","title":{"rendered":"Patricia Salas: &#8220;No nos vemos como un pa\u00eds \u00fanico&#8221;"},"content":{"rendered":"<p style=\"text-align: justify;\">El\u00a0racismo y la exclusi\u00f3n son dos aspectos que no han podido ser superados\u00a0en dos siglos de independencia. La llegada al Bicentenario Nacional, en el 2021, pone sobre el tapete la necesidad de reflexionar sobre este problema para iniciar acciones que contribuyan a su correcci\u00f3n.<\/p>\n<div id=\"\" style=\"text-align: justify;\">El conversatorio,\u00a0<em>\u201cRelatos sobre la Independencia del Per\u00fa\u201d<\/em>, en el marco de la segunda jornada del Hay Joven, reuni\u00f3n a la ex ministra de Educaci\u00f3n Patricia Salas O&#8217;Brien, el director de la Biblioteca Municipal de Arequipa, Mario Rommel Arce junto al escritor y cr\u00edtico literario, Jos\u00e9 Donayre.<\/div>\n<div style=\"text-align: justify;\"><\/div>\n<div id=\"ads_d_inline\" style=\"text-align: justify;\">\n<div id=\"div_utif_ads_d_inline\">Salas O\u2019Brien, sostuvo que en el Per\u00fa las diferencias sociales se acrecentaron y por ello las personas buscan disimular sus or\u00edgenes y esconder sus ra\u00edces para parecer cada vez m\u00e1s blancos. Cuesta concebir que todos somos iguales.\u00a0<em>\u201cNos gusta ser suavecitos y no decir las cosas por su nombre, cuando alguien enfrenta nuestra realidad, nos molesta aceptarla\u201c,<\/em>\u00a0indic\u00f3.<\/div>\n<\/div>\n<p style=\"text-align: justify;\">A la discusi\u00f3n, Rommel Arce aport\u00f3 que el Per\u00fa naci\u00f3 como rep\u00fablica \u201cFirmes y seguros en la Uni\u00f3n\u201d, pero no se ha podido evolucionar en pensamiento para la formaci\u00f3n de una Naci\u00f3n lejos del racismo, instrumento que marca la pauta para separar las clases sociales y las zonas geogr\u00e1ficas del Per\u00fa.\u00a0<em>&#8220;No nos vemos como un pa\u00eds \u00fanico&#8221;<\/em>, se\u00f1al\u00f3.<\/p>\n<p style=\"text-align: justify;\">Jos\u00e9 Donayre, sostuvo que es necesario que las personas comiencen a desarrollar el concepto de ciudadan\u00eda camino a nuestro bicentenario para lograr construir una mejor sociedad, donde la igualdad no solo est\u00e9 enmarcada en documentos, sino que vuelva una realidad que se practique a diario.<\/p>\n<p style=\"text-align: justify;\">Tomado de Correo de Arequipa<\/p>\n","protected":false},"excerpt":{"rendered":"<p>El\u00a0racismo y la exclusi\u00f3n son dos aspectos que no han podido ser superados\u00a0en dos siglos de independencia. La llegada al [&hellip;]<\/p>\n","protected":false},"author":63,"featured_media":23775,"comment_status":"open","ping_status":"open","sticky":false,"template":"","format":"standard","meta":{"spay_email":""},"categories":[125],"tags":[],"yoast_head":"<!-- This site is optimized with the Yoast SEO plugin v18.0 - https:\/\/yoast.com\/wordpress\/plugins\/seo\/ -->\n<title>Patricia Salas: &quot;No nos vemos como un pa\u00eds \u00fanico&quot; - Red Peruana de Gestores de la Educaci\u00f3n<\/title>\n<meta name=\"robots\" content=\"index, follow, max-snippet:-1, max-image-preview:large, max-video-preview:-1\" \/>\n<link rel=\"canonical\" href=\"https:\/\/www.edugestores.pe\/?p=23774\" \/>\n<meta property=\"og:locale\" content=\"es_ES\" \/>\n<meta property=\"og:type\" content=\"article\" \/>\n<meta property=\"og:title\" content=\"Patricia Salas: &quot;No nos vemos como un pa\u00eds \u00fanico&quot; - Red Peruana de Gestores de la Educaci\u00f3n\" \/>\n<meta property=\"og:description\" content=\"El\u00a0racismo y la exclusi\u00f3n son dos aspectos que no han podido ser superados\u00a0en dos siglos de independencia. La llegada al [&hellip;]\" \/>\n<meta property=\"og:url\" content=\"https:\/\/www.edugestores.pe\/?p=23774\" \/>\n<meta property=\"og:site_name\" content=\"Red Peruana de Gestores de la Educaci\u00f3n\" \/>\n<meta property=\"article:published_time\" content=\"2019-11-11T03:24:50+00:00\" \/>\n<meta property=\"article:modified_time\" content=\"2019-11-20T04:47:23+00:00\" \/>\n<meta property=\"og:image\" content=\"https:\/\/www.edugestores.pe\/wp-content\/uploads\/2019\/11\/hay-festival-patricia-salas-dijo-que-aun-el-peru-n-922179-215658-jpg_604x0.jpg\" \/>\n\t<meta property=\"og:image:width\" content=\"604\" \/>\n\t<meta property=\"og:image:height\" content=\"375\" \/>\n\t<meta property=\"og:image:type\" content=\"image\/jpeg\" \/>\n<meta name=\"twitter:card\" content=\"summary_large_image\" \/>\n<meta name=\"twitter:label1\" content=\"Escrito por\" \/>\n\t<meta name=\"twitter:data1\" content=\"Administrador\" \/>\n\t<meta name=\"twitter:label2\" content=\"Tiempo de lectura\" \/>\n\t<meta name=\"twitter:data2\" content=\"1 minuto\" \/>\n<script type=\"application\/ld+json\" class=\"yoast-schema-graph\">{\"@context\":\"https:\/\/schema.org\",\"@graph\":[{\"@type\":\"WebSite\",\"@id\":\"https:\/\/www.edugestores.pe\/#website\",\"url\":\"https:\/\/www.edugestores.pe\/\",\"name\":\"Red Peruana de Gestores de la Educaci\u00f3n\",\"description\":\"Red Peruana de Gestores de la Educaci\u00f3n\",\"potentialAction\":[{\"@type\":\"SearchAction\",\"target\":{\"@type\":\"EntryPoint\",\"urlTemplate\":\"https:\/\/www.edugestores.pe\/?s={search_term_string}\"},\"query-input\":\"required name=search_term_string\"}],\"inLanguage\":\"es\"},{\"@type\":\"ImageObject\",\"@id\":\"https:\/\/www.edugestores.pe\/?p=23774#primaryimage\",\"inLanguage\":\"es\",\"url\":\"https:\/\/www.edugestores.pe\/wp-content\/uploads\/2019\/11\/hay-festival-patricia-salas-dijo-que-aun-el-peru-n-922179-215658-jpg_604x0.jpg\",\"contentUrl\":\"https:\/\/www.edugestores.pe\/wp-content\/uploads\/2019\/11\/hay-festival-patricia-salas-dijo-que-aun-el-peru-n-922179-215658-jpg_604x0.jpg\",\"width\":604,\"height\":375},{\"@type\":\"WebPage\",\"@id\":\"https:\/\/www.edugestores.pe\/?p=23774#webpage\",\"url\":\"https:\/\/www.edugestores.pe\/?p=23774\",\"name\":\"Patricia Salas: \\\"No nos vemos como un pa\u00eds \u00fanico\\\" - Red Peruana de Gestores de la Educaci\u00f3n\",\"isPartOf\":{\"@id\":\"https:\/\/www.edugestores.pe\/#website\"},\"primaryImageOfPage\":{\"@id\":\"https:\/\/www.edugestores.pe\/?p=23774#primaryimage\"},\"datePublished\":\"2019-11-11T03:24:50+00:00\",\"dateModified\":\"2019-11-20T04:47:23+00:00\",\"author\":{\"@id\":\"https:\/\/www.edugestores.pe\/#\/schema\/person\/30dc82f35f5853289037a64b35c7c7d3\"},\"breadcrumb\":{\"@id\":\"https:\/\/www.edugestores.pe\/?p=23774#breadcrumb\"},\"inLanguage\":\"es\",\"potentialAction\":[{\"@type\":\"ReadAction\",\"target\":[\"https:\/\/www.edugestores.pe\/?p=23774\"]}]},{\"@type\":\"BreadcrumbList\",\"@id\":\"https:\/\/www.edugestores.pe\/?p=23774#breadcrumb\",\"itemListElement\":[{\"@type\":\"ListItem\",\"position\":1,\"name\":\"Portada\",\"item\":\"https:\/\/www.edugestores.pe\/\"},{\"@type\":\"ListItem\",\"position\":2,\"name\":\"Patricia Salas: \u00abNo nos vemos como un pa\u00eds \u00fanico\u00bb\"}]},{\"@type\":\"Person\",\"@id\":\"https:\/\/www.edugestores.pe\/#\/schema\/person\/30dc82f35f5853289037a64b35c7c7d3\",\"name\":\"Administrador\",\"image\":{\"@type\":\"ImageObject\",\"@id\":\"https:\/\/www.edugestores.pe\/#personlogo\",\"inLanguage\":\"es\",\"url\":\"https:\/\/secure.gravatar.com\/avatar\/70960d1239c4d2c778bb3d2786a3c1ae?s=96&d=mm&r=g\",\"contentUrl\":\"https:\/\/secure.gravatar.com\/avatar\/70960d1239c4d2c778bb3d2786a3c1ae?s=96&d=mm&r=g\",\"caption\":\"Administrador\"},\"url\":\"https:\/\/www.edugestores.pe\/?author=63\"}]}<\/script>\n<!-- \/ Yoast SEO plugin. -->","yoast_head_json":{"title":"Patricia Salas: \"No nos vemos como un pa\u00eds \u00fanico\" - Red Peruana de Gestores de la Educaci\u00f3n","robots":{"index":"index","follow":"follow","max-snippet":"max-snippet:-1","max-image-preview":"max-image-preview:large","max-video-preview":"max-video-preview:-1"},"canonical":"https:\/\/www.edugestores.pe\/?p=23774","og_locale":"es_ES","og_type":"article","og_title":"Patricia Salas: \"No nos vemos como un pa\u00eds \u00fanico\" - Red Peruana de Gestores de la Educaci\u00f3n","og_description":"El\u00a0racismo y la exclusi\u00f3n son dos aspectos que no han podido ser superados\u00a0en dos siglos de independencia. La llegada al [&hellip;]","og_url":"https:\/\/www.edugestores.pe\/?p=23774","og_site_name":"Red Peruana de Gestores de la Educaci\u00f3n","article_published_time":"2019-11-11T03:24:50+00:00","article_modified_time":"2019-11-20T04:47:23+00:00","og_image":[{"width":604,"height":375,"url":"https:\/\/www.edugestores.pe\/wp-content\/uploads\/2019\/11\/hay-festival-patricia-salas-dijo-que-aun-el-peru-n-922179-215658-jpg_604x0.jpg","type":"image\/jpeg"}],"twitter_card":"summary_large_image","twitter_misc":{"Escrito por":"Administrador","Tiempo de lectura":"1 minuto"},"schema":{"@context":"https:\/\/schema.org","@graph":[{"@type":"WebSite","@id":"https:\/\/www.edugestores.pe\/#website","url":"https:\/\/www.edugestores.pe\/","name":"Red Peruana de Gestores de la Educaci\u00f3n","description":"Red Peruana de Gestores de la Educaci\u00f3n","potentialAction":[{"@type":"SearchAction","target":{"@type":"EntryPoint","urlTemplate":"https:\/\/www.edugestores.pe\/?s={search_term_string}"},"query-input":"required name=search_term_string"}],"inLanguage":"es"},{"@type":"ImageObject","@id":"https:\/\/www.edugestores.pe\/?p=23774#primaryimage","inLanguage":"es","url":"https:\/\/www.edugestores.pe\/wp-content\/uploads\/2019\/11\/hay-festival-patricia-salas-dijo-que-aun-el-peru-n-922179-215658-jpg_604x0.jpg","contentUrl":"https:\/\/www.edugestores.pe\/wp-content\/uploads\/2019\/11\/hay-festival-patricia-salas-dijo-que-aun-el-peru-n-922179-215658-jpg_604x0.jpg","width":604,"height":375},{"@type":"WebPage","@id":"https:\/\/www.edugestores.pe\/?p=23774#webpage","url":"https:\/\/www.edugestores.pe\/?p=23774","name":"Patricia Salas: \"No nos vemos como un pa\u00eds \u00fanico\" - Red Peruana de Gestores de la Educaci\u00f3n","isPartOf":{"@id":"https:\/\/www.edugestores.pe\/#website"},"primaryImageOfPage":{"@id":"https:\/\/www.edugestores.pe\/?p=23774#primaryimage"},"datePublished":"2019-11-11T03:24:50+00:00","dateModified":"2019-11-20T04:47:23+00:00","author":{"@id":"https:\/\/www.edugestores.pe\/#\/schema\/person\/30dc82f35f5853289037a64b35c7c7d3"},"breadcrumb":{"@id":"https:\/\/www.edugestores.pe\/?p=23774#breadcrumb"},"inLanguage":"es","potentialAction":[{"@type":"ReadAction","target":["https:\/\/www.edugestores.pe\/?p=23774"]}]},{"@type":"BreadcrumbList","@id":"https:\/\/www.edugestores.pe\/?p=23774#breadcrumb","itemListElement":[{"@type":"ListItem","position":1,"name":"Portada","item":"https:\/\/www.edugestores.pe\/"},{"@type":"ListItem","position":2,"name":"Patricia Salas: \u00abNo nos vemos como un pa\u00eds \u00fanico\u00bb"}]},{"@type":"Person","@id":"https:\/\/www.edugestores.pe\/#\/schema\/person\/30dc82f35f5853289037a64b35c7c7d3","name":"Administrador","image":{"@type":"ImageObject","@id":"https:\/\/www.edugestores.pe\/#personlogo","inLanguage":"es","url":"https:\/\/secure.gravatar.com\/avatar\/70960d1239c4d2c778bb3d2786a3c1ae?s=96&d=mm&r=g","contentUrl":"https:\/\/secure.gravatar.com\/avatar\/70960d1239c4d2c778bb3d2786a3c1ae?s=96&d=mm&r=g","caption":"Administrador"},"url":"https:\/\/www.edugestores.pe\/?author=63"}]}},"jetpack_featured_media_url":"https:\/\/www.edugestores.pe\/wp-content\/uploads\/2019\/11\/hay-festival-patricia-salas-dijo-que-aun-el-peru-n-922179-215658-jpg_604x0.jpg","_links":{"self":[{"href":"https:\/\/www.edugestores.pe\/index.php?rest_route=\/wp\/v2\/posts\/23774"}],"collection":[{"href":"https:\/\/www.edugestores.pe\/index.php?rest_route=\/wp\/v2\/posts"}],"about":[{"href":"https:\/\/www.edugestores.pe\/index.php?rest_route=\/wp\/v2\/types\/post"}],"author":[{"embeddable":true,"href":"https:\/\/www.edugestores.pe\/index.php?rest_route=\/wp\/v2\/users\/63"}],"replies":[{"embeddable":true,"href":"https:\/\/www.edugestores.pe\/index.php?rest_route=%2Fwp%2Fv2%2Fcomments&post=23774"}],"version-history":[{"count":1,"href":"https:\/\/www.edugestores.pe\/index.php?rest_route=\/wp\/v2\/posts\/23774\/revisions"}],"predecessor-version":[{"id":23776,"href":"https:\/\/www.edugestores.pe\/index.php?rest_route=\/wp\/v2\/posts\/23774\/revisions\/23776"}],"wp:featuredmedia":[{"embeddable":true,"href":"https:\/\/www.edugestores.pe\/index.php?rest_route=\/wp\/v2\/media\/23775"}],"wp:attachment":[{"href":"https:\/\/www.edugestores.pe\/index.php?rest_route=%2Fwp%2Fv2%2Fmedia&parent=23774"}],"wp:term":[{"taxonomy":"category","embeddable":true,"href":"https:\/\/www.edugestores.pe\/index.php?rest_route=%2Fwp%2Fv2%2Fcategories&post=23774"},{"taxonomy":"post_tag","embeddable":true,"href":"https:\/\/www.edugestores.pe\/index.php?rest_route=%2Fwp%2Fv2%2Ftags&post=23774"}],"curies":[{"name":"wp","href":"https:\/\/api.w.org\/{rel}","templated":true}]}}