{"id":23808,"date":"2019-11-17T15:19:48","date_gmt":"2019-11-17T20:19:48","guid":{"rendered":"https:\/\/www.edugestores.pe\/?p=23808"},"modified":"2019-11-24T22:36:57","modified_gmt":"2019-11-25T03:36:57","slug":"ministra-quiere-dejar-un-sector-mas-dinamico-y-al-servicio-de-comunidad-educativa","status":"publish","type":"post","link":"https:\/\/www.edugestores.pe\/?p=23808","title":{"rendered":"Ministra quiere dejar un sector m\u00e1s din\u00e1mico y al servicio de comunidad educativa"},"content":{"rendered":"<p style=\"text-align: justify;\">La ministra de Educaci\u00f3n, Flor Pablo, remarc\u00f3 que su compromiso de gesti\u00f3n es transformar a su sector en una instituci\u00f3n m\u00e1s din\u00e1mica y al servicio de la comunidad educativa.<\/p>\n<div style=\"text-align: justify;\">\u201cMi compromiso es dejar una nueva ley de organizaci\u00f3n y funciones del Ministerio de Educaci\u00f3n que nos permita pasar de un ente tramitador y sobrecargado, como lo es ahora, a uno m\u00e1s din\u00e1mico y moderno\u201d, enfatiz\u00f3 Pablo al inaugurar el VII Congreso Pedag\u00f3gico Internacional \u201cEn escuelas ciudadanas, Lima Aprende\u201d.<\/div>\n<div>\n<div style=\"text-align: justify;\"><\/div>\n<div style=\"text-align: justify;\">Adem\u00e1s, consider\u00f3 necesario modernizar las unidades de gesti\u00f3n de educativa local y las direcciones regionales de educaci\u00f3n, comenzando por ofrecer a los maestros el buen trato que reclaman.<\/div>\n<div style=\"text-align: justify;\"><\/div>\n<div style=\"text-align: justify;\"><\/div>\n<div style=\"text-align: justify;\">La titular de Educaci\u00f3n, agreg\u00f3 que el pa\u00eds necesita de buenos ciudadanos y son las escuelas esos espacios y la oportunidad para formar peruanos que quieran cambiar el Per\u00fa. \u201cSi queremos buenas personas debemos empezar hoy el cambio desde nuestras escuelas. Es momento de hacer un punto de quiebre y desarrollar escuelas ciudadanas que tengan como centro a los estudiantes\u201d, indic\u00f3.<\/div>\n<div style=\"text-align: justify;\"><\/div>\n<div style=\"text-align: justify;\">Manifest\u00f3 que todas las escuelas deben movilizarse hacia los siete enfoques del curr\u00edculo nacional, los cuales plantea una educaci\u00f3n m\u00e1s democr\u00e1tica, human\u00edstica y liberadora.<\/div>\n<div style=\"text-align: justify;\"><\/div>\n<div style=\"text-align: justify;\">El VII Congreso Pedag\u00f3gico Internacional, organizado por la Direcci\u00f3n Regional de Educaci\u00f3n de Lima Metropolitana, es el evento anual m\u00e1s importante de la capital que reuni\u00f3 durante dos d\u00edas a m\u00e1s de 2 mil profesores interesados en fortalecer sus capacidades y compartir sus experiencias.<\/div>\n<div style=\"text-align: justify;\"><\/div>\n<div style=\"text-align: justify;\">Cabe resaltar, que los participantes\u00a0han accedido a los Laboratorios de Buenas Pr\u00e1cticas, donde docentes y directivos de Lima compartieron las estrategias que han implementado a nivel pedag\u00f3gico e institucional, con el fin de mejorar la calidad de los aprendizajes de estudiantes de los niveles de inicial, primaria y secundaria, as\u00ed como de las modalidades de B\u00e1sica Alternativa, Especial y T\u00e9cnico Productiva.<\/div>\n<div style=\"text-align: justify;\">Tomado de Andina.<\/div>\n<\/div>\n","protected":false},"excerpt":{"rendered":"<p>La ministra de Educaci\u00f3n, Flor Pablo, remarc\u00f3 que su compromiso de gesti\u00f3n es transformar a su sector en una instituci\u00f3n [&hellip;]<\/p>\n","protected":false},"author":63,"featured_media":23809,"comment_status":"open","ping_status":"open","sticky":false,"template":"","format":"standard","meta":{"spay_email":""},"categories":[125],"tags":[],"yoast_head":"<!-- This site is optimized with the Yoast SEO plugin v18.0 - https:\/\/yoast.com\/wordpress\/plugins\/seo\/ -->\n<title>Ministra quiere dejar un sector m\u00e1s din\u00e1mico y al servicio de comunidad educativa - Red Peruana de Gestores de la Educaci\u00f3n<\/title>\n<meta name=\"robots\" content=\"index, follow, max-snippet:-1, max-image-preview:large, max-video-preview:-1\" \/>\n<link rel=\"canonical\" href=\"https:\/\/www.edugestores.pe\/?p=23808\" \/>\n<meta property=\"og:locale\" content=\"es_ES\" \/>\n<meta property=\"og:type\" content=\"article\" \/>\n<meta property=\"og:title\" content=\"Ministra quiere dejar un sector m\u00e1s din\u00e1mico y al servicio de comunidad educativa - Red Peruana de Gestores de la Educaci\u00f3n\" \/>\n<meta property=\"og:description\" content=\"La ministra de Educaci\u00f3n, Flor Pablo, remarc\u00f3 que su compromiso de gesti\u00f3n es transformar a su sector en una instituci\u00f3n [&hellip;]\" \/>\n<meta property=\"og:url\" content=\"https:\/\/www.edugestores.pe\/?p=23808\" \/>\n<meta property=\"og:site_name\" content=\"Red Peruana de Gestores de la Educaci\u00f3n\" \/>\n<meta property=\"article:published_time\" content=\"2019-11-17T20:19:48+00:00\" \/>\n<meta property=\"article:modified_time\" content=\"2019-11-25T03:36:57+00:00\" \/>\n<meta property=\"og:image\" content=\"https:\/\/www.edugestores.pe\/wp-content\/uploads\/2019\/11\/000633403W.jpg\" \/>\n\t<meta property=\"og:image:width\" content=\"1800\" \/>\n\t<meta property=\"og:image:height\" content=\"1200\" \/>\n\t<meta property=\"og:image:type\" content=\"image\/jpeg\" \/>\n<meta name=\"twitter:card\" content=\"summary_large_image\" \/>\n<meta name=\"twitter:label1\" content=\"Escrito por\" \/>\n\t<meta name=\"twitter:data1\" content=\"Administrador\" \/>\n\t<meta name=\"twitter:label2\" content=\"Tiempo de lectura\" \/>\n\t<meta name=\"twitter:data2\" content=\"2 minutos\" \/>\n<script type=\"application\/ld+json\" class=\"yoast-schema-graph\">{\"@context\":\"https:\/\/schema.org\",\"@graph\":[{\"@type\":\"WebSite\",\"@id\":\"https:\/\/www.edugestores.pe\/#website\",\"url\":\"https:\/\/www.edugestores.pe\/\",\"name\":\"Red Peruana de Gestores de la Educaci\u00f3n\",\"description\":\"Red Peruana de Gestores de la Educaci\u00f3n\",\"potentialAction\":[{\"@type\":\"SearchAction\",\"target\":{\"@type\":\"EntryPoint\",\"urlTemplate\":\"https:\/\/www.edugestores.pe\/?s={search_term_string}\"},\"query-input\":\"required name=search_term_string\"}],\"inLanguage\":\"es\"},{\"@type\":\"ImageObject\",\"@id\":\"https:\/\/www.edugestores.pe\/?p=23808#primaryimage\",\"inLanguage\":\"es\",\"url\":\"https:\/\/www.edugestores.pe\/wp-content\/uploads\/2019\/11\/000633403W.jpg\",\"contentUrl\":\"https:\/\/www.edugestores.pe\/wp-content\/uploads\/2019\/11\/000633403W.jpg\",\"width\":1800,\"height\":1200},{\"@type\":\"WebPage\",\"@id\":\"https:\/\/www.edugestores.pe\/?p=23808#webpage\",\"url\":\"https:\/\/www.edugestores.pe\/?p=23808\",\"name\":\"Ministra quiere dejar un sector m\u00e1s din\u00e1mico y al servicio de comunidad educativa - Red Peruana de Gestores de la Educaci\u00f3n\",\"isPartOf\":{\"@id\":\"https:\/\/www.edugestores.pe\/#website\"},\"primaryImageOfPage\":{\"@id\":\"https:\/\/www.edugestores.pe\/?p=23808#primaryimage\"},\"datePublished\":\"2019-11-17T20:19:48+00:00\",\"dateModified\":\"2019-11-25T03:36:57+00:00\",\"author\":{\"@id\":\"https:\/\/www.edugestores.pe\/#\/schema\/person\/30dc82f35f5853289037a64b35c7c7d3\"},\"breadcrumb\":{\"@id\":\"https:\/\/www.edugestores.pe\/?p=23808#breadcrumb\"},\"inLanguage\":\"es\",\"potentialAction\":[{\"@type\":\"ReadAction\",\"target\":[\"https:\/\/www.edugestores.pe\/?p=23808\"]}]},{\"@type\":\"BreadcrumbList\",\"@id\":\"https:\/\/www.edugestores.pe\/?p=23808#breadcrumb\",\"itemListElement\":[{\"@type\":\"ListItem\",\"position\":1,\"name\":\"Portada\",\"item\":\"https:\/\/www.edugestores.pe\/\"},{\"@type\":\"ListItem\",\"position\":2,\"name\":\"Ministra quiere dejar un sector m\u00e1s din\u00e1mico y al servicio de comunidad educativa\"}]},{\"@type\":\"Person\",\"@id\":\"https:\/\/www.edugestores.pe\/#\/schema\/person\/30dc82f35f5853289037a64b35c7c7d3\",\"name\":\"Administrador\",\"image\":{\"@type\":\"ImageObject\",\"@id\":\"https:\/\/www.edugestores.pe\/#personlogo\",\"inLanguage\":\"es\",\"url\":\"https:\/\/secure.gravatar.com\/avatar\/70960d1239c4d2c778bb3d2786a3c1ae?s=96&d=mm&r=g\",\"contentUrl\":\"https:\/\/secure.gravatar.com\/avatar\/70960d1239c4d2c778bb3d2786a3c1ae?s=96&d=mm&r=g\",\"caption\":\"Administrador\"},\"url\":\"https:\/\/www.edugestores.pe\/?author=63\"}]}<\/script>\n<!-- \/ Yoast SEO plugin. -->","yoast_head_json":{"title":"Ministra quiere dejar un sector m\u00e1s din\u00e1mico y al servicio de comunidad educativa - Red Peruana de Gestores de la Educaci\u00f3n","robots":{"index":"index","follow":"follow","max-snippet":"max-snippet:-1","max-image-preview":"max-image-preview:large","max-video-preview":"max-video-preview:-1"},"canonical":"https:\/\/www.edugestores.pe\/?p=23808","og_locale":"es_ES","og_type":"article","og_title":"Ministra quiere dejar un sector m\u00e1s din\u00e1mico y al servicio de comunidad educativa - Red Peruana de Gestores de la Educaci\u00f3n","og_description":"La ministra de Educaci\u00f3n, Flor Pablo, remarc\u00f3 que su compromiso de gesti\u00f3n es transformar a su sector en una instituci\u00f3n [&hellip;]","og_url":"https:\/\/www.edugestores.pe\/?p=23808","og_site_name":"Red Peruana de Gestores de la Educaci\u00f3n","article_published_time":"2019-11-17T20:19:48+00:00","article_modified_time":"2019-11-25T03:36:57+00:00","og_image":[{"width":1800,"height":1200,"url":"https:\/\/www.edugestores.pe\/wp-content\/uploads\/2019\/11\/000633403W.jpg","type":"image\/jpeg"}],"twitter_card":"summary_large_image","twitter_misc":{"Escrito por":"Administrador","Tiempo de lectura":"2 minutos"},"schema":{"@context":"https:\/\/schema.org","@graph":[{"@type":"WebSite","@id":"https:\/\/www.edugestores.pe\/#website","url":"https:\/\/www.edugestores.pe\/","name":"Red Peruana de Gestores de la Educaci\u00f3n","description":"Red Peruana de Gestores de la Educaci\u00f3n","potentialAction":[{"@type":"SearchAction","target":{"@type":"EntryPoint","urlTemplate":"https:\/\/www.edugestores.pe\/?s={search_term_string}"},"query-input":"required name=search_term_string"}],"inLanguage":"es"},{"@type":"ImageObject","@id":"https:\/\/www.edugestores.pe\/?p=23808#primaryimage","inLanguage":"es","url":"https:\/\/www.edugestores.pe\/wp-content\/uploads\/2019\/11\/000633403W.jpg","contentUrl":"https:\/\/www.edugestores.pe\/wp-content\/uploads\/2019\/11\/000633403W.jpg","width":1800,"height":1200},{"@type":"WebPage","@id":"https:\/\/www.edugestores.pe\/?p=23808#webpage","url":"https:\/\/www.edugestores.pe\/?p=23808","name":"Ministra quiere dejar un sector m\u00e1s din\u00e1mico y al servicio de comunidad educativa - Red Peruana de Gestores de la Educaci\u00f3n","isPartOf":{"@id":"https:\/\/www.edugestores.pe\/#website"},"primaryImageOfPage":{"@id":"https:\/\/www.edugestores.pe\/?p=23808#primaryimage"},"datePublished":"2019-11-17T20:19:48+00:00","dateModified":"2019-11-25T03:36:57+00:00","author":{"@id":"https:\/\/www.edugestores.pe\/#\/schema\/person\/30dc82f35f5853289037a64b35c7c7d3"},"breadcrumb":{"@id":"https:\/\/www.edugestores.pe\/?p=23808#breadcrumb"},"inLanguage":"es","potentialAction":[{"@type":"ReadAction","target":["https:\/\/www.edugestores.pe\/?p=23808"]}]},{"@type":"BreadcrumbList","@id":"https:\/\/www.edugestores.pe\/?p=23808#breadcrumb","itemListElement":[{"@type":"ListItem","position":1,"name":"Portada","item":"https:\/\/www.edugestores.pe\/"},{"@type":"ListItem","position":2,"name":"Ministra quiere dejar un sector m\u00e1s din\u00e1mico y al servicio de comunidad educativa"}]},{"@type":"Person","@id":"https:\/\/www.edugestores.pe\/#\/schema\/person\/30dc82f35f5853289037a64b35c7c7d3","name":"Administrador","image":{"@type":"ImageObject","@id":"https:\/\/www.edugestores.pe\/#personlogo","inLanguage":"es","url":"https:\/\/secure.gravatar.com\/avatar\/70960d1239c4d2c778bb3d2786a3c1ae?s=96&d=mm&r=g","contentUrl":"https:\/\/secure.gravatar.com\/avatar\/70960d1239c4d2c778bb3d2786a3c1ae?s=96&d=mm&r=g","caption":"Administrador"},"url":"https:\/\/www.edugestores.pe\/?author=63"}]}},"jetpack_featured_media_url":"https:\/\/www.edugestores.pe\/wp-content\/uploads\/2019\/11\/000633403W.jpg","_links":{"self":[{"href":"https:\/\/www.edugestores.pe\/index.php?rest_route=\/wp\/v2\/posts\/23808"}],"collection":[{"href":"https:\/\/www.edugestores.pe\/index.php?rest_route=\/wp\/v2\/posts"}],"about":[{"href":"https:\/\/www.edugestores.pe\/index.php?rest_route=\/wp\/v2\/types\/post"}],"author":[{"embeddable":true,"href":"https:\/\/www.edugestores.pe\/index.php?rest_route=\/wp\/v2\/users\/63"}],"replies":[{"embeddable":true,"href":"https:\/\/www.edugestores.pe\/index.php?rest_route=%2Fwp%2Fv2%2Fcomments&post=23808"}],"version-history":[{"count":1,"href":"https:\/\/www.edugestores.pe\/index.php?rest_route=\/wp\/v2\/posts\/23808\/revisions"}],"predecessor-version":[{"id":23810,"href":"https:\/\/www.edugestores.pe\/index.php?rest_route=\/wp\/v2\/posts\/23808\/revisions\/23810"}],"wp:featuredmedia":[{"embeddable":true,"href":"https:\/\/www.edugestores.pe\/index.php?rest_route=\/wp\/v2\/media\/23809"}],"wp:attachment":[{"href":"https:\/\/www.edugestores.pe\/index.php?rest_route=%2Fwp%2Fv2%2Fmedia&parent=23808"}],"wp:term":[{"taxonomy":"category","embeddable":true,"href":"https:\/\/www.edugestores.pe\/index.php?rest_route=%2Fwp%2Fv2%2Fcategories&post=23808"},{"taxonomy":"post_tag","embeddable":true,"href":"https:\/\/www.edugestores.pe\/index.php?rest_route=%2Fwp%2Fv2%2Ftags&post=23808"}],"curies":[{"name":"wp","href":"https:\/\/api.w.org\/{rel}","templated":true}]}}