{"id":23811,"date":"2019-11-17T15:22:20","date_gmt":"2019-11-17T20:22:20","guid":{"rendered":"https:\/\/www.edugestores.pe\/?p=23811"},"modified":"2019-11-17T15:22:20","modified_gmt":"2019-11-17T20:22:20","slug":"proyecto-educativo-nacional-al-2036-sera-debatido-en-encuentro-nacional","status":"publish","type":"post","link":"https:\/\/www.edugestores.pe\/?p=23811","title":{"rendered":"Proyecto Educativo Nacional al 2036 ser\u00e1 debatido en encuentro nacional"},"content":{"rendered":"<p style=\"text-align: justify;\">M\u00e1s de 500 personas de diversos partes del Per\u00fa se reunir\u00e1n en Lima para realizar el aporte final a la propuesta preliminar del Proyecto Educativo Nacional al 2036, documento que pretende convertirse en el marco estrat\u00e9gico multisectorial de la educaci\u00f3n peruana.<\/p>\n<div style=\"text-align: justify;\">Ser\u00e1 durante el Encuentro Nacional de Educaci\u00f3n que se desarrollar\u00e1 el 19 y 20 de noviembre en el Centro de Convenciones de Lima, ubicado en el distrito de San Borja<\/div>\n<div style=\"text-align: justify;\"><\/div>\n<div style=\"text-align: justify;\">Durante esta actividad, promovida por el Consejo Nacional de Educaci\u00f3n (CNE), se reflexionar\u00e1 sobre la visi\u00f3n, los prop\u00f3sitos y las orientaciones estrat\u00e9gicas de la propuesta del Proyecto Educativo Nacional al 2036.<\/div>\n<div>\n<div style=\"text-align: justify;\">Dicho proyecto ha recogido aportes de miles de peruanos y peruanas de todas las regiones del pa\u00eds a trav\u00e9s de la consulta ciudadana \u201cTodos Somos Educadores\u201d y que constituye un insumo importante para su formulaci\u00f3n.<\/div>\n<div style=\"text-align: justify;\"><\/div>\n<div style=\"text-align: justify;\">La ceremonia de inauguraci\u00f3n de este encuentro titulado \u201cEduc\u00e1ndonos como ciudadanos de hoy y del futuro\u201d estar\u00e1 a cargo de la ministra de Educaci\u00f3n, Flor Pablo.<\/div>\n<div style=\"text-align: justify;\"><\/div>\n<div style=\"text-align: justify;\">La agenda iniciar\u00e1 con un panel sobre la educaci\u00f3n de futuro, al responder a la pregunta \u00bfc\u00f3mo educar para la vida en democracia y para el bienestar personal y colectivo?<\/div>\n<div style=\"text-align: justify;\"><\/div>\n<div style=\"text-align: justify;\">Como panelistas se presentar\u00e1n la historiadora Carmen McEvoy; el psicoanalista Max Hern\u00e1ndez; la arte educadora y psic\u00f3loga Liliana Galv\u00e1n; el soci\u00f3logo Miguel Cruzado y el f\u00edsico Alberto Gago.<\/div>\n<div style=\"text-align: justify;\"><\/div>\n<div style=\"text-align: justify;\">La jornada se reanudar\u00e1 con la exposici\u00f3n de la propuesta de visi\u00f3n, prop\u00f3sitos y alcances del Proyecto Educativo Nacional al 2036 por el presidente del CNE, C\u00e9sar Guadalupe.<\/div>\n<div style=\"text-align: justify;\"><\/div>\n<div style=\"text-align: justify;\">Luego se desarrollar\u00e1 un panel con gobernadores de las regiones de Huancavelica, Maciste D\u00edaz; de Cajamarca, Mes\u00edas Guevara y de La Libertad, Manuel Llemp\u00e9n, moderado por la consejera Patricia Arregui.<\/div>\n<div style=\"text-align: justify;\"><\/div>\n<div style=\"text-align: justify;\">El primer d\u00eda concluir\u00e1 con seis sesiones simult\u00e1neas a cargo de los consejeros del CNE, en las cuales los participantes realizar\u00e1n aportes finales a la construcci\u00f3n de esta pol\u00edtica de Estado.<\/div>\n<div style=\"text-align: justify;\"><\/div>\n<div style=\"text-align: justify;\">El segundo d\u00eda comenzar\u00e1 con la exposici\u00f3n de la consejera Juana Scarsi, que incluir\u00e1 los comentarios de las sesiones del d\u00eda anterior y tratar\u00e1 el tema sobre las orientaciones estrat\u00e9gicas del Proyecto Educativo Nacional al 2036.<\/div>\n<div style=\"text-align: justify;\"><\/div>\n<div style=\"text-align: justify;\">Esto servir\u00e1 de est\u00edmulo para el siguiente panel conformado por la joven l\u00edder Margareth Velazco; la docente ganadora del Maestro que Deja Huella 2019, Melissa Mendieta; el rector de la Universidad del Pac\u00edfico, Felipe Portocarrero; adem\u00e1s de Hugo Coya, presidente ejecutivo del Instituto de Radio y Televisi\u00f3n del Per\u00fa (IRTP) y el empresario, Ricardo M\u00e1rquez.<\/div>\n<div style=\"text-align: justify;\"><\/div>\n<div style=\"text-align: justify;\">Ellos responder\u00e1n a la pregunta \u00bfA qu\u00e9 nos comprometen las orientaciones estrat\u00e9gicas del Proyecto Educativo Nacional? El panel estar\u00e1 moderado por el consejero Dante C\u00f3rdova.<\/div>\n<div style=\"text-align: justify;\"><\/div>\n<div style=\"text-align: justify;\">Las exposiciones concluir\u00e1n con la intervenci\u00f3n del investigador y profesor universitario, Alberto Vergara, con el tema La construcci\u00f3n de la rep\u00fablica y sus desaf\u00edos para el futuro. Tras ello se pasar\u00e1 a las reflexiones finales.<\/div>\n<div style=\"text-align: justify;\"><\/div>\n<div style=\"text-align: justify;\">Los participantes tendr\u00e1n la oportunidad de visitar una serie de exposiciones audiovisuales y multimedia que les permitir\u00e1n conectarse con un prop\u00f3sito en com\u00fan a favor de la educaci\u00f3n peruana.<\/div>\n<div style=\"text-align: justify;\"><\/div>\n<div style=\"text-align: justify;\">Este evento se realizar\u00e1 desde las 08.40 horas con autoridades p\u00fablicas de los diversos sectores del Estado; as\u00ed como la comunidad educativa, representantes de instituciones y organizaciones de la sociedad civil, l\u00edderes de opini\u00f3n, medios de comunicaci\u00f3n, entre otros.<\/div>\n<div style=\"text-align: justify;\">Tomado de Andina<\/div>\n<\/div>\n","protected":false},"excerpt":{"rendered":"<p>M\u00e1s de 500 personas de diversos partes del Per\u00fa se reunir\u00e1n en Lima para realizar el aporte final a la [&hellip;]<\/p>\n","protected":false},"author":63,"featured_media":23812,"comment_status":"open","ping_status":"open","sticky":false,"template":"","format":"standard","meta":{"spay_email":""},"categories":[1],"tags":[],"yoast_head":"<!-- This site is optimized with the Yoast SEO plugin v18.0 - https:\/\/yoast.com\/wordpress\/plugins\/seo\/ -->\n<title>Proyecto Educativo Nacional al 2036 ser\u00e1 debatido en encuentro nacional - Red Peruana de Gestores de la Educaci\u00f3n<\/title>\n<meta name=\"robots\" content=\"index, follow, max-snippet:-1, max-image-preview:large, max-video-preview:-1\" \/>\n<link rel=\"canonical\" href=\"https:\/\/www.edugestores.pe\/?p=23811\" \/>\n<meta property=\"og:locale\" content=\"es_ES\" \/>\n<meta property=\"og:type\" content=\"article\" \/>\n<meta property=\"og:title\" content=\"Proyecto Educativo Nacional al 2036 ser\u00e1 debatido en encuentro nacional - Red Peruana de Gestores de la Educaci\u00f3n\" \/>\n<meta property=\"og:description\" content=\"M\u00e1s de 500 personas de diversos partes del Per\u00fa se reunir\u00e1n en Lima para realizar el aporte final a la [&hellip;]\" \/>\n<meta property=\"og:url\" content=\"https:\/\/www.edugestores.pe\/?p=23811\" \/>\n<meta property=\"og:site_name\" content=\"Red Peruana de Gestores de la Educaci\u00f3n\" \/>\n<meta property=\"article:published_time\" content=\"2019-11-17T20:22:20+00:00\" \/>\n<meta property=\"og:image\" content=\"https:\/\/www.edugestores.pe\/wp-content\/uploads\/2019\/11\/000599897W.jpg\" \/>\n\t<meta property=\"og:image:width\" content=\"1800\" \/>\n\t<meta property=\"og:image:height\" content=\"1199\" \/>\n\t<meta property=\"og:image:type\" content=\"image\/jpeg\" \/>\n<meta name=\"twitter:card\" content=\"summary_large_image\" \/>\n<meta name=\"twitter:label1\" content=\"Escrito por\" \/>\n\t<meta name=\"twitter:data1\" content=\"Administrador\" \/>\n\t<meta name=\"twitter:label2\" content=\"Tiempo de lectura\" \/>\n\t<meta name=\"twitter:data2\" content=\"3 minutos\" \/>\n<script type=\"application\/ld+json\" class=\"yoast-schema-graph\">{\"@context\":\"https:\/\/schema.org\",\"@graph\":[{\"@type\":\"WebSite\",\"@id\":\"https:\/\/www.edugestores.pe\/#website\",\"url\":\"https:\/\/www.edugestores.pe\/\",\"name\":\"Red Peruana de Gestores de la Educaci\u00f3n\",\"description\":\"Red Peruana de Gestores de la Educaci\u00f3n\",\"potentialAction\":[{\"@type\":\"SearchAction\",\"target\":{\"@type\":\"EntryPoint\",\"urlTemplate\":\"https:\/\/www.edugestores.pe\/?s={search_term_string}\"},\"query-input\":\"required name=search_term_string\"}],\"inLanguage\":\"es\"},{\"@type\":\"ImageObject\",\"@id\":\"https:\/\/www.edugestores.pe\/?p=23811#primaryimage\",\"inLanguage\":\"es\",\"url\":\"https:\/\/www.edugestores.pe\/wp-content\/uploads\/2019\/11\/000599897W.jpg\",\"contentUrl\":\"https:\/\/www.edugestores.pe\/wp-content\/uploads\/2019\/11\/000599897W.jpg\",\"width\":1800,\"height\":1199},{\"@type\":\"WebPage\",\"@id\":\"https:\/\/www.edugestores.pe\/?p=23811#webpage\",\"url\":\"https:\/\/www.edugestores.pe\/?p=23811\",\"name\":\"Proyecto Educativo Nacional al 2036 ser\u00e1 debatido en encuentro nacional - Red Peruana de Gestores de la Educaci\u00f3n\",\"isPartOf\":{\"@id\":\"https:\/\/www.edugestores.pe\/#website\"},\"primaryImageOfPage\":{\"@id\":\"https:\/\/www.edugestores.pe\/?p=23811#primaryimage\"},\"datePublished\":\"2019-11-17T20:22:20+00:00\",\"dateModified\":\"2019-11-17T20:22:20+00:00\",\"author\":{\"@id\":\"https:\/\/www.edugestores.pe\/#\/schema\/person\/30dc82f35f5853289037a64b35c7c7d3\"},\"breadcrumb\":{\"@id\":\"https:\/\/www.edugestores.pe\/?p=23811#breadcrumb\"},\"inLanguage\":\"es\",\"potentialAction\":[{\"@type\":\"ReadAction\",\"target\":[\"https:\/\/www.edugestores.pe\/?p=23811\"]}]},{\"@type\":\"BreadcrumbList\",\"@id\":\"https:\/\/www.edugestores.pe\/?p=23811#breadcrumb\",\"itemListElement\":[{\"@type\":\"ListItem\",\"position\":1,\"name\":\"Portada\",\"item\":\"https:\/\/www.edugestores.pe\/\"},{\"@type\":\"ListItem\",\"position\":2,\"name\":\"Proyecto Educativo Nacional al 2036 ser\u00e1 debatido en encuentro nacional\"}]},{\"@type\":\"Person\",\"@id\":\"https:\/\/www.edugestores.pe\/#\/schema\/person\/30dc82f35f5853289037a64b35c7c7d3\",\"name\":\"Administrador\",\"image\":{\"@type\":\"ImageObject\",\"@id\":\"https:\/\/www.edugestores.pe\/#personlogo\",\"inLanguage\":\"es\",\"url\":\"https:\/\/secure.gravatar.com\/avatar\/70960d1239c4d2c778bb3d2786a3c1ae?s=96&d=mm&r=g\",\"contentUrl\":\"https:\/\/secure.gravatar.com\/avatar\/70960d1239c4d2c778bb3d2786a3c1ae?s=96&d=mm&r=g\",\"caption\":\"Administrador\"},\"url\":\"https:\/\/www.edugestores.pe\/?author=63\"}]}<\/script>\n<!-- \/ Yoast SEO plugin. -->","yoast_head_json":{"title":"Proyecto Educativo Nacional al 2036 ser\u00e1 debatido en encuentro nacional - Red Peruana de Gestores de la Educaci\u00f3n","robots":{"index":"index","follow":"follow","max-snippet":"max-snippet:-1","max-image-preview":"max-image-preview:large","max-video-preview":"max-video-preview:-1"},"canonical":"https:\/\/www.edugestores.pe\/?p=23811","og_locale":"es_ES","og_type":"article","og_title":"Proyecto Educativo Nacional al 2036 ser\u00e1 debatido en encuentro nacional - Red Peruana de Gestores de la Educaci\u00f3n","og_description":"M\u00e1s de 500 personas de diversos partes del Per\u00fa se reunir\u00e1n en Lima para realizar el aporte final a la [&hellip;]","og_url":"https:\/\/www.edugestores.pe\/?p=23811","og_site_name":"Red Peruana de Gestores de la Educaci\u00f3n","article_published_time":"2019-11-17T20:22:20+00:00","og_image":[{"width":1800,"height":1199,"url":"https:\/\/www.edugestores.pe\/wp-content\/uploads\/2019\/11\/000599897W.jpg","type":"image\/jpeg"}],"twitter_card":"summary_large_image","twitter_misc":{"Escrito por":"Administrador","Tiempo de lectura":"3 minutos"},"schema":{"@context":"https:\/\/schema.org","@graph":[{"@type":"WebSite","@id":"https:\/\/www.edugestores.pe\/#website","url":"https:\/\/www.edugestores.pe\/","name":"Red Peruana de Gestores de la Educaci\u00f3n","description":"Red Peruana de Gestores de la Educaci\u00f3n","potentialAction":[{"@type":"SearchAction","target":{"@type":"EntryPoint","urlTemplate":"https:\/\/www.edugestores.pe\/?s={search_term_string}"},"query-input":"required name=search_term_string"}],"inLanguage":"es"},{"@type":"ImageObject","@id":"https:\/\/www.edugestores.pe\/?p=23811#primaryimage","inLanguage":"es","url":"https:\/\/www.edugestores.pe\/wp-content\/uploads\/2019\/11\/000599897W.jpg","contentUrl":"https:\/\/www.edugestores.pe\/wp-content\/uploads\/2019\/11\/000599897W.jpg","width":1800,"height":1199},{"@type":"WebPage","@id":"https:\/\/www.edugestores.pe\/?p=23811#webpage","url":"https:\/\/www.edugestores.pe\/?p=23811","name":"Proyecto Educativo Nacional al 2036 ser\u00e1 debatido en encuentro nacional - Red Peruana de Gestores de la Educaci\u00f3n","isPartOf":{"@id":"https:\/\/www.edugestores.pe\/#website"},"primaryImageOfPage":{"@id":"https:\/\/www.edugestores.pe\/?p=23811#primaryimage"},"datePublished":"2019-11-17T20:22:20+00:00","dateModified":"2019-11-17T20:22:20+00:00","author":{"@id":"https:\/\/www.edugestores.pe\/#\/schema\/person\/30dc82f35f5853289037a64b35c7c7d3"},"breadcrumb":{"@id":"https:\/\/www.edugestores.pe\/?p=23811#breadcrumb"},"inLanguage":"es","potentialAction":[{"@type":"ReadAction","target":["https:\/\/www.edugestores.pe\/?p=23811"]}]},{"@type":"BreadcrumbList","@id":"https:\/\/www.edugestores.pe\/?p=23811#breadcrumb","itemListElement":[{"@type":"ListItem","position":1,"name":"Portada","item":"https:\/\/www.edugestores.pe\/"},{"@type":"ListItem","position":2,"name":"Proyecto Educativo Nacional al 2036 ser\u00e1 debatido en encuentro nacional"}]},{"@type":"Person","@id":"https:\/\/www.edugestores.pe\/#\/schema\/person\/30dc82f35f5853289037a64b35c7c7d3","name":"Administrador","image":{"@type":"ImageObject","@id":"https:\/\/www.edugestores.pe\/#personlogo","inLanguage":"es","url":"https:\/\/secure.gravatar.com\/avatar\/70960d1239c4d2c778bb3d2786a3c1ae?s=96&d=mm&r=g","contentUrl":"https:\/\/secure.gravatar.com\/avatar\/70960d1239c4d2c778bb3d2786a3c1ae?s=96&d=mm&r=g","caption":"Administrador"},"url":"https:\/\/www.edugestores.pe\/?author=63"}]}},"jetpack_featured_media_url":"https:\/\/www.edugestores.pe\/wp-content\/uploads\/2019\/11\/000599897W.jpg","_links":{"self":[{"href":"https:\/\/www.edugestores.pe\/index.php?rest_route=\/wp\/v2\/posts\/23811"}],"collection":[{"href":"https:\/\/www.edugestores.pe\/index.php?rest_route=\/wp\/v2\/posts"}],"about":[{"href":"https:\/\/www.edugestores.pe\/index.php?rest_route=\/wp\/v2\/types\/post"}],"author":[{"embeddable":true,"href":"https:\/\/www.edugestores.pe\/index.php?rest_route=\/wp\/v2\/users\/63"}],"replies":[{"embeddable":true,"href":"https:\/\/www.edugestores.pe\/index.php?rest_route=%2Fwp%2Fv2%2Fcomments&post=23811"}],"version-history":[{"count":1,"href":"https:\/\/www.edugestores.pe\/index.php?rest_route=\/wp\/v2\/posts\/23811\/revisions"}],"predecessor-version":[{"id":23813,"href":"https:\/\/www.edugestores.pe\/index.php?rest_route=\/wp\/v2\/posts\/23811\/revisions\/23813"}],"wp:featuredmedia":[{"embeddable":true,"href":"https:\/\/www.edugestores.pe\/index.php?rest_route=\/wp\/v2\/media\/23812"}],"wp:attachment":[{"href":"https:\/\/www.edugestores.pe\/index.php?rest_route=%2Fwp%2Fv2%2Fmedia&parent=23811"}],"wp:term":[{"taxonomy":"category","embeddable":true,"href":"https:\/\/www.edugestores.pe\/index.php?rest_route=%2Fwp%2Fv2%2Fcategories&post=23811"},{"taxonomy":"post_tag","embeddable":true,"href":"https:\/\/www.edugestores.pe\/index.php?rest_route=%2Fwp%2Fv2%2Ftags&post=23811"}],"curies":[{"name":"wp","href":"https:\/\/api.w.org\/{rel}","templated":true}]}}