{"id":23814,"date":"2019-11-19T22:45:14","date_gmt":"2019-11-20T03:45:14","guid":{"rendered":"https:\/\/www.edugestores.pe\/?p=23814"},"modified":"2019-11-24T22:37:06","modified_gmt":"2019-11-25T03:37:06","slug":"minedu-y-gobiernos-regionales-coordinan-para-garantizar-el-buen-inicio-del-ano-escolar-2020","status":"publish","type":"post","link":"https:\/\/www.edugestores.pe\/?p=23814","title":{"rendered":"Minedu y gobiernos regionales coordinan para garantizar el Buen Inicio del A\u00f1o Escolar 2020"},"content":{"rendered":"<p style=\"text-align: justify;\">Con la finalidad de garantizar el Buen Inicio del A\u00f1o Escolar 2020 en los colegios p\u00fablicos del pa\u00eds, el Ministerio de Educaci\u00f3n (Minedu) coordina con los gobiernos regionales acciones referentes al mantenimiento de locales escolares, contrataci\u00f3n docente y el proceso de distribuci\u00f3n de materiales educativos, en beneficio de los casi 6 millones de escolares.<\/p>\n<p style=\"text-align: justify;\">Estos di\u00e1logos intergubernamentales, con las direcciones regionales de educaci\u00f3n (DRE) y las unidades de gesti\u00f3n educativa local (UGEL), se desarrollar\u00e1n a trav\u00e9s de las 25 Comisiones de Gesti\u00f3n Intergubernamental en Educaci\u00f3n (CGIE).<\/p>\n<p style=\"text-align: justify;\">Este espacio, que tiene un car\u00e1cter pol\u00edtico-t\u00e9cnico entre el Minedu y los gobiernos regionales, se ha iniciado esta semana y concluir\u00e1n el pr\u00f3ximo 11 de diciembre.<\/p>\n<p style=\"text-align: justify;\">\u201cEl objetivo de la CGIE 2019 es garantizar en cada regi\u00f3n las condiciones b\u00e1sicas para el buen inicio y desarrollo del a\u00f1o escolar 2020, considerando las prioridades de pol\u00edtica educativa y la agenda intergubernamental que cada regi\u00f3n ha establecido con el Minedu\u201d, resalt\u00f3 la ministra de Educaci\u00f3n, Flor Pablo.<\/p>\n<p style=\"text-align: justify;\">La CGIE, en su segunda ronda de reuniones en lo que va del a\u00f1o, convoca alrededor de 350 servidores p\u00fablicos de regiones, entre gerentes de desarrollo social, directores y gerentes regionales de educaci\u00f3n, directores de UGEL, entre otros funcionarios del sector educaci\u00f3n.<\/p>\n<p style=\"text-align: justify;\">Adem\u00e1s de la CGIE, el Minedu, a trav\u00e9s de la Direcci\u00f3n General de Gesti\u00f3n Descentralizada (DIGEGED), cuenta con otros dos espacios de relacionamiento intergubernamental: la Comisi\u00f3n Intergubernamental del Sector Educaci\u00f3n (CI) y el Directorio de la Alta Direcci\u00f3n Minedu, Directores\/Gerentes Regionales de Educaci\u00f3n y Gerentes de Desarrollo Social.<\/p>\n<p style=\"text-align: justify;\">Foto y texto: Web Minedu<\/p>\n","protected":false},"excerpt":{"rendered":"<p>Con la finalidad de garantizar el Buen Inicio del A\u00f1o Escolar 2020 en los colegios p\u00fablicos del pa\u00eds, el Ministerio [&hellip;]<\/p>\n","protected":false},"author":63,"featured_media":23815,"comment_status":"open","ping_status":"open","sticky":false,"template":"","format":"standard","meta":{"spay_email":""},"categories":[125],"tags":[],"yoast_head":"<!-- This site is optimized with the Yoast SEO plugin v18.0 - https:\/\/yoast.com\/wordpress\/plugins\/seo\/ -->\n<title>Minedu y gobiernos regionales coordinan para garantizar el Buen Inicio del A\u00f1o Escolar 2020 - Red Peruana de Gestores de la Educaci\u00f3n<\/title>\n<meta name=\"robots\" content=\"index, follow, max-snippet:-1, max-image-preview:large, max-video-preview:-1\" \/>\n<link rel=\"canonical\" href=\"https:\/\/www.edugestores.pe\/?p=23814\" \/>\n<meta property=\"og:locale\" content=\"es_ES\" \/>\n<meta property=\"og:type\" content=\"article\" \/>\n<meta property=\"og:title\" content=\"Minedu y gobiernos regionales coordinan para garantizar el Buen Inicio del A\u00f1o Escolar 2020 - Red Peruana de Gestores de la Educaci\u00f3n\" \/>\n<meta property=\"og:description\" content=\"Con la finalidad de garantizar el Buen Inicio del A\u00f1o Escolar 2020 en los colegios p\u00fablicos del pa\u00eds, el Ministerio [&hellip;]\" \/>\n<meta property=\"og:url\" content=\"https:\/\/www.edugestores.pe\/?p=23814\" \/>\n<meta property=\"og:site_name\" content=\"Red Peruana de Gestores de la Educaci\u00f3n\" \/>\n<meta property=\"article:published_time\" content=\"2019-11-20T03:45:14+00:00\" \/>\n<meta property=\"article:modified_time\" content=\"2019-11-25T03:37:06+00:00\" \/>\n<meta property=\"og:image\" content=\"https:\/\/www.edugestores.pe\/wp-content\/uploads\/2019\/11\/standard_bueniniciodelanoescolarcolegios3.jpg\" \/>\n\t<meta property=\"og:image:width\" content=\"645\" \/>\n\t<meta property=\"og:image:height\" content=\"363\" \/>\n\t<meta property=\"og:image:type\" content=\"image\/jpeg\" \/>\n<meta name=\"twitter:card\" content=\"summary_large_image\" \/>\n<meta name=\"twitter:label1\" content=\"Escrito por\" \/>\n\t<meta name=\"twitter:data1\" content=\"Administrador\" \/>\n\t<meta name=\"twitter:label2\" content=\"Tiempo de lectura\" \/>\n\t<meta name=\"twitter:data2\" content=\"1 minuto\" \/>\n<script type=\"application\/ld+json\" class=\"yoast-schema-graph\">{\"@context\":\"https:\/\/schema.org\",\"@graph\":[{\"@type\":\"WebSite\",\"@id\":\"https:\/\/www.edugestores.pe\/#website\",\"url\":\"https:\/\/www.edugestores.pe\/\",\"name\":\"Red Peruana de Gestores de la Educaci\u00f3n\",\"description\":\"Red Peruana de Gestores de la Educaci\u00f3n\",\"potentialAction\":[{\"@type\":\"SearchAction\",\"target\":{\"@type\":\"EntryPoint\",\"urlTemplate\":\"https:\/\/www.edugestores.pe\/?s={search_term_string}\"},\"query-input\":\"required name=search_term_string\"}],\"inLanguage\":\"es\"},{\"@type\":\"ImageObject\",\"@id\":\"https:\/\/www.edugestores.pe\/?p=23814#primaryimage\",\"inLanguage\":\"es\",\"url\":\"https:\/\/www.edugestores.pe\/wp-content\/uploads\/2019\/11\/standard_bueniniciodelanoescolarcolegios3.jpg\",\"contentUrl\":\"https:\/\/www.edugestores.pe\/wp-content\/uploads\/2019\/11\/standard_bueniniciodelanoescolarcolegios3.jpg\",\"width\":645,\"height\":363},{\"@type\":\"WebPage\",\"@id\":\"https:\/\/www.edugestores.pe\/?p=23814#webpage\",\"url\":\"https:\/\/www.edugestores.pe\/?p=23814\",\"name\":\"Minedu y gobiernos regionales coordinan para garantizar el Buen Inicio del A\u00f1o Escolar 2020 - Red Peruana de Gestores de la Educaci\u00f3n\",\"isPartOf\":{\"@id\":\"https:\/\/www.edugestores.pe\/#website\"},\"primaryImageOfPage\":{\"@id\":\"https:\/\/www.edugestores.pe\/?p=23814#primaryimage\"},\"datePublished\":\"2019-11-20T03:45:14+00:00\",\"dateModified\":\"2019-11-25T03:37:06+00:00\",\"author\":{\"@id\":\"https:\/\/www.edugestores.pe\/#\/schema\/person\/30dc82f35f5853289037a64b35c7c7d3\"},\"breadcrumb\":{\"@id\":\"https:\/\/www.edugestores.pe\/?p=23814#breadcrumb\"},\"inLanguage\":\"es\",\"potentialAction\":[{\"@type\":\"ReadAction\",\"target\":[\"https:\/\/www.edugestores.pe\/?p=23814\"]}]},{\"@type\":\"BreadcrumbList\",\"@id\":\"https:\/\/www.edugestores.pe\/?p=23814#breadcrumb\",\"itemListElement\":[{\"@type\":\"ListItem\",\"position\":1,\"name\":\"Portada\",\"item\":\"https:\/\/www.edugestores.pe\/\"},{\"@type\":\"ListItem\",\"position\":2,\"name\":\"Minedu y gobiernos regionales coordinan para garantizar el Buen Inicio del A\u00f1o Escolar 2020\"}]},{\"@type\":\"Person\",\"@id\":\"https:\/\/www.edugestores.pe\/#\/schema\/person\/30dc82f35f5853289037a64b35c7c7d3\",\"name\":\"Administrador\",\"image\":{\"@type\":\"ImageObject\",\"@id\":\"https:\/\/www.edugestores.pe\/#personlogo\",\"inLanguage\":\"es\",\"url\":\"https:\/\/secure.gravatar.com\/avatar\/70960d1239c4d2c778bb3d2786a3c1ae?s=96&d=mm&r=g\",\"contentUrl\":\"https:\/\/secure.gravatar.com\/avatar\/70960d1239c4d2c778bb3d2786a3c1ae?s=96&d=mm&r=g\",\"caption\":\"Administrador\"},\"url\":\"https:\/\/www.edugestores.pe\/?author=63\"}]}<\/script>\n<!-- \/ Yoast SEO plugin. -->","yoast_head_json":{"title":"Minedu y gobiernos regionales coordinan para garantizar el Buen Inicio del A\u00f1o Escolar 2020 - Red Peruana de Gestores de la Educaci\u00f3n","robots":{"index":"index","follow":"follow","max-snippet":"max-snippet:-1","max-image-preview":"max-image-preview:large","max-video-preview":"max-video-preview:-1"},"canonical":"https:\/\/www.edugestores.pe\/?p=23814","og_locale":"es_ES","og_type":"article","og_title":"Minedu y gobiernos regionales coordinan para garantizar el Buen Inicio del A\u00f1o Escolar 2020 - Red Peruana de Gestores de la Educaci\u00f3n","og_description":"Con la finalidad de garantizar el Buen Inicio del A\u00f1o Escolar 2020 en los colegios p\u00fablicos del pa\u00eds, el Ministerio [&hellip;]","og_url":"https:\/\/www.edugestores.pe\/?p=23814","og_site_name":"Red Peruana de Gestores de la Educaci\u00f3n","article_published_time":"2019-11-20T03:45:14+00:00","article_modified_time":"2019-11-25T03:37:06+00:00","og_image":[{"width":645,"height":363,"url":"https:\/\/www.edugestores.pe\/wp-content\/uploads\/2019\/11\/standard_bueniniciodelanoescolarcolegios3.jpg","type":"image\/jpeg"}],"twitter_card":"summary_large_image","twitter_misc":{"Escrito por":"Administrador","Tiempo de lectura":"1 minuto"},"schema":{"@context":"https:\/\/schema.org","@graph":[{"@type":"WebSite","@id":"https:\/\/www.edugestores.pe\/#website","url":"https:\/\/www.edugestores.pe\/","name":"Red Peruana de Gestores de la Educaci\u00f3n","description":"Red Peruana de Gestores de la Educaci\u00f3n","potentialAction":[{"@type":"SearchAction","target":{"@type":"EntryPoint","urlTemplate":"https:\/\/www.edugestores.pe\/?s={search_term_string}"},"query-input":"required name=search_term_string"}],"inLanguage":"es"},{"@type":"ImageObject","@id":"https:\/\/www.edugestores.pe\/?p=23814#primaryimage","inLanguage":"es","url":"https:\/\/www.edugestores.pe\/wp-content\/uploads\/2019\/11\/standard_bueniniciodelanoescolarcolegios3.jpg","contentUrl":"https:\/\/www.edugestores.pe\/wp-content\/uploads\/2019\/11\/standard_bueniniciodelanoescolarcolegios3.jpg","width":645,"height":363},{"@type":"WebPage","@id":"https:\/\/www.edugestores.pe\/?p=23814#webpage","url":"https:\/\/www.edugestores.pe\/?p=23814","name":"Minedu y gobiernos regionales coordinan para garantizar el Buen Inicio del A\u00f1o Escolar 2020 - Red Peruana de Gestores de la Educaci\u00f3n","isPartOf":{"@id":"https:\/\/www.edugestores.pe\/#website"},"primaryImageOfPage":{"@id":"https:\/\/www.edugestores.pe\/?p=23814#primaryimage"},"datePublished":"2019-11-20T03:45:14+00:00","dateModified":"2019-11-25T03:37:06+00:00","author":{"@id":"https:\/\/www.edugestores.pe\/#\/schema\/person\/30dc82f35f5853289037a64b35c7c7d3"},"breadcrumb":{"@id":"https:\/\/www.edugestores.pe\/?p=23814#breadcrumb"},"inLanguage":"es","potentialAction":[{"@type":"ReadAction","target":["https:\/\/www.edugestores.pe\/?p=23814"]}]},{"@type":"BreadcrumbList","@id":"https:\/\/www.edugestores.pe\/?p=23814#breadcrumb","itemListElement":[{"@type":"ListItem","position":1,"name":"Portada","item":"https:\/\/www.edugestores.pe\/"},{"@type":"ListItem","position":2,"name":"Minedu y gobiernos regionales coordinan para garantizar el Buen Inicio del A\u00f1o Escolar 2020"}]},{"@type":"Person","@id":"https:\/\/www.edugestores.pe\/#\/schema\/person\/30dc82f35f5853289037a64b35c7c7d3","name":"Administrador","image":{"@type":"ImageObject","@id":"https:\/\/www.edugestores.pe\/#personlogo","inLanguage":"es","url":"https:\/\/secure.gravatar.com\/avatar\/70960d1239c4d2c778bb3d2786a3c1ae?s=96&d=mm&r=g","contentUrl":"https:\/\/secure.gravatar.com\/avatar\/70960d1239c4d2c778bb3d2786a3c1ae?s=96&d=mm&r=g","caption":"Administrador"},"url":"https:\/\/www.edugestores.pe\/?author=63"}]}},"jetpack_featured_media_url":"https:\/\/www.edugestores.pe\/wp-content\/uploads\/2019\/11\/standard_bueniniciodelanoescolarcolegios3.jpg","_links":{"self":[{"href":"https:\/\/www.edugestores.pe\/index.php?rest_route=\/wp\/v2\/posts\/23814"}],"collection":[{"href":"https:\/\/www.edugestores.pe\/index.php?rest_route=\/wp\/v2\/posts"}],"about":[{"href":"https:\/\/www.edugestores.pe\/index.php?rest_route=\/wp\/v2\/types\/post"}],"author":[{"embeddable":true,"href":"https:\/\/www.edugestores.pe\/index.php?rest_route=\/wp\/v2\/users\/63"}],"replies":[{"embeddable":true,"href":"https:\/\/www.edugestores.pe\/index.php?rest_route=%2Fwp%2Fv2%2Fcomments&post=23814"}],"version-history":[{"count":1,"href":"https:\/\/www.edugestores.pe\/index.php?rest_route=\/wp\/v2\/posts\/23814\/revisions"}],"predecessor-version":[{"id":23816,"href":"https:\/\/www.edugestores.pe\/index.php?rest_route=\/wp\/v2\/posts\/23814\/revisions\/23816"}],"wp:featuredmedia":[{"embeddable":true,"href":"https:\/\/www.edugestores.pe\/index.php?rest_route=\/wp\/v2\/media\/23815"}],"wp:attachment":[{"href":"https:\/\/www.edugestores.pe\/index.php?rest_route=%2Fwp%2Fv2%2Fmedia&parent=23814"}],"wp:term":[{"taxonomy":"category","embeddable":true,"href":"https:\/\/www.edugestores.pe\/index.php?rest_route=%2Fwp%2Fv2%2Fcategories&post=23814"},{"taxonomy":"post_tag","embeddable":true,"href":"https:\/\/www.edugestores.pe\/index.php?rest_route=%2Fwp%2Fv2%2Ftags&post=23814"}],"curies":[{"name":"wp","href":"https:\/\/api.w.org\/{rel}","templated":true}]}}