{"id":23829,"date":"2019-11-22T21:23:02","date_gmt":"2019-11-23T02:23:02","guid":{"rendered":"https:\/\/www.edugestores.pe\/?p=23829"},"modified":"2019-12-01T23:31:28","modified_gmt":"2019-12-02T04:31:28","slug":"presidente-vizcarra-la-educacion-es-un-instrumento-poderoso-para-eliminar-la-desigualdad","status":"publish","type":"post","link":"https:\/\/www.edugestores.pe\/?p=23829","title":{"rendered":"Presidente Vizcarra: &#8220;La educaci\u00f3n es un instrumento poderoso para eliminar la desigualdad&#8221;"},"content":{"rendered":"<p style=\"text-align: justify;\">Con la participaci\u00f3n del presidente de la Rep\u00fablica, Mart\u00edn Vizcarra, la ministra de Educaci\u00f3n, Flor Pablo y el presidente del Consejo Nacional de Educaci\u00f3n, C\u00e9sar Guadalupe, se clausur\u00f3 el Encuentro Nacional de Educaci\u00f3n \u201cEduc\u00e1ndonos como ciudadanos de hoy y del futuro\u201d, evento organizado por el Consejo Nacional de Educaci\u00f3n, y que congreg\u00f3 a m\u00e1s de 500 asistentes de todo el pa\u00eds.<\/p>\n<p style=\"text-align: justify;\">El Jefe de Estado afirm\u00f3 que la educaci\u00f3n es un instrumento poderoso para eliminar la desigualdad, y construir una sociedad m\u00e1s justa, sostenible e inclusiva. \u00a0\u201cLa educaci\u00f3n es fundamental para el desarrollo de un pa\u00eds. No podemos hablar de crecimiento sino existe una educaci\u00f3n de calidad, pues esta es la base para acabar con la pobreza y las desigualdades\u201d enfatiz\u00f3.<\/p>\n<p style=\"text-align: justify;\">Durante su participaci\u00f3n, el mandatario indic\u00f3 tambi\u00e9n que la propuesta del Proyecto Educativo Nacional al 2036 es un importante instrumento que se convertir\u00e1 en el marco estrat\u00e9gico de la educaci\u00f3n peruana. \u201cEste documento ser\u00e1 la herramienta que nos permitir\u00e1 romper con el c\u00edrculo vicioso de la pobreza. Es una gu\u00eda que se orienta a implementar una educaci\u00f3n con formaci\u00f3n integral, pues el reto actual no s\u00f3lo es promover conocimiento en los estudiantes, sino tambi\u00e9n formar personas de bien\u201d, se\u00f1al\u00f3.<\/p>\n<p style=\"text-align: justify;\">A su turno, la ministra de Educaci\u00f3n, Flor Pablo\u00a0reafirm\u00f3 el compromiso del Gobierno de aprobar el nuevo Proyecto Educativo Nacional con miras al a\u00f1o 2036. Recalc\u00f3, adem\u00e1s, que el documento ser\u00e1 aprobado mediante decreto supremo para convertirse en la base de las nuevas pol\u00edticas educativas. \u201cEl Proyecto Educativo Nacional se va a convertir en el norte estrat\u00e9gico de la educaci\u00f3n que queremos construir para nuestro pa\u00eds y buscar\u00e1 la generaci\u00f3n de oportunidades para todos. Estamos seguros de que marcar\u00e1 un hito con miras al bicentenario\u201d.<\/p>\n<p style=\"text-align: justify;\">El Encuentro Nacional de Educaci\u00f3n congreg\u00f3 a connotados expositores y panelistas como la historiadora Carmen Mc Evoy, el psicoanalista Max Hern\u00e1ndez, la arte educadora Liliana Galv\u00e1n, el soci\u00f3logo Miguel Cruzado y el f\u00edsico Alberto Gago, quienes reflexionaron sobre la educaci\u00f3n que se requiere para lograr una vida en democracia, el bien personal y el colectivo.<\/p>\n<p style=\"text-align: justify;\">Adem\u00e1s, se desarrollaron talleres simult\u00e1neos con los asistentes y dos paneles, el primero sobre los desaf\u00edos del Proyecto Educativo Nacional con los gobernadores de Huancavelica, Maciste D\u00edaz; de Cajamarca, Mes\u00edas Guevara y de La Libertad, Manuel Llemp\u00e9n. Y el segundo, orientado a las orientaciones estrat\u00e9gicas de esta pol\u00edtica multisectorial con la joven l\u00edder Margareth Velazco; la docente Melissa Mendieta, el rector Felipe Portocarrero, el periodista Hugo Coya y el empresario Ricardo M\u00e1rquez. El encuentro finaliz\u00f3 con la ponencia del profesor investigador, Alberto Vergara.<\/p>\n<p style=\"text-align: justify;\">Este evento se realiz\u00f3 en las instalaciones del Centro de Convenciones de Lima en la sala \u201c27 de enero\u201d, el 19 y 20 de noviembre y cierra una serie de encuentros a nivel nacional, realizados por el CNE durante el a\u00f1o 2019 y que ha contado con la participaci\u00f3n de peruanos y peruanas con el objetivo de contribuir a la formulaci\u00f3n del Proyecto Educativo Nacional de Educaci\u00f3n al 2036.<\/p>\n<p style=\"text-align: justify;\">Nota de prensa del CNE<\/p>\n","protected":false},"excerpt":{"rendered":"<p>Con la participaci\u00f3n del presidente de la Rep\u00fablica, Mart\u00edn Vizcarra, la ministra de Educaci\u00f3n, Flor Pablo y el presidente del [&hellip;]<\/p>\n","protected":false},"author":63,"featured_media":23830,"comment_status":"open","ping_status":"open","sticky":false,"template":"","format":"standard","meta":{"spay_email":""},"categories":[125],"tags":[],"yoast_head":"<!-- This site is optimized with the Yoast SEO plugin v18.0 - https:\/\/yoast.com\/wordpress\/plugins\/seo\/ -->\n<title>Presidente Vizcarra: &quot;La educaci\u00f3n es un instrumento poderoso para eliminar la desigualdad&quot; - Red Peruana de Gestores de la Educaci\u00f3n<\/title>\n<meta name=\"robots\" content=\"index, follow, max-snippet:-1, max-image-preview:large, max-video-preview:-1\" \/>\n<link rel=\"canonical\" href=\"https:\/\/www.edugestores.pe\/?p=23829\" \/>\n<meta property=\"og:locale\" content=\"es_ES\" \/>\n<meta property=\"og:type\" content=\"article\" \/>\n<meta property=\"og:title\" content=\"Presidente Vizcarra: &quot;La educaci\u00f3n es un instrumento poderoso para eliminar la desigualdad&quot; - Red Peruana de Gestores de la Educaci\u00f3n\" \/>\n<meta property=\"og:description\" content=\"Con la participaci\u00f3n del presidente de la Rep\u00fablica, Mart\u00edn Vizcarra, la ministra de Educaci\u00f3n, Flor Pablo y el presidente del [&hellip;]\" \/>\n<meta property=\"og:url\" content=\"https:\/\/www.edugestores.pe\/?p=23829\" \/>\n<meta property=\"og:site_name\" content=\"Red Peruana de Gestores de la Educaci\u00f3n\" \/>\n<meta property=\"article:published_time\" content=\"2019-11-23T02:23:02+00:00\" \/>\n<meta property=\"article:modified_time\" content=\"2019-12-02T04:31:28+00:00\" \/>\n<meta property=\"og:image\" content=\"https:\/\/www.edugestores.pe\/wp-content\/uploads\/2019\/11\/vizcarraene2019.png\" \/>\n\t<meta property=\"og:image:width\" content=\"603\" \/>\n\t<meta property=\"og:image:height\" content=\"343\" \/>\n\t<meta property=\"og:image:type\" content=\"image\/png\" \/>\n<meta name=\"twitter:card\" content=\"summary_large_image\" \/>\n<meta name=\"twitter:label1\" content=\"Escrito por\" \/>\n\t<meta name=\"twitter:data1\" content=\"Administrador\" \/>\n\t<meta name=\"twitter:label2\" content=\"Tiempo de lectura\" \/>\n\t<meta name=\"twitter:data2\" content=\"3 minutos\" \/>\n<script type=\"application\/ld+json\" class=\"yoast-schema-graph\">{\"@context\":\"https:\/\/schema.org\",\"@graph\":[{\"@type\":\"WebSite\",\"@id\":\"https:\/\/www.edugestores.pe\/#website\",\"url\":\"https:\/\/www.edugestores.pe\/\",\"name\":\"Red Peruana de Gestores de la Educaci\u00f3n\",\"description\":\"Red Peruana de Gestores de la Educaci\u00f3n\",\"potentialAction\":[{\"@type\":\"SearchAction\",\"target\":{\"@type\":\"EntryPoint\",\"urlTemplate\":\"https:\/\/www.edugestores.pe\/?s={search_term_string}\"},\"query-input\":\"required name=search_term_string\"}],\"inLanguage\":\"es\"},{\"@type\":\"ImageObject\",\"@id\":\"https:\/\/www.edugestores.pe\/?p=23829#primaryimage\",\"inLanguage\":\"es\",\"url\":\"https:\/\/www.edugestores.pe\/wp-content\/uploads\/2019\/11\/vizcarraene2019.png\",\"contentUrl\":\"https:\/\/www.edugestores.pe\/wp-content\/uploads\/2019\/11\/vizcarraene2019.png\",\"width\":603,\"height\":343},{\"@type\":\"WebPage\",\"@id\":\"https:\/\/www.edugestores.pe\/?p=23829#webpage\",\"url\":\"https:\/\/www.edugestores.pe\/?p=23829\",\"name\":\"Presidente Vizcarra: \\\"La educaci\u00f3n es un instrumento poderoso para eliminar la desigualdad\\\" - Red Peruana de Gestores de la Educaci\u00f3n\",\"isPartOf\":{\"@id\":\"https:\/\/www.edugestores.pe\/#website\"},\"primaryImageOfPage\":{\"@id\":\"https:\/\/www.edugestores.pe\/?p=23829#primaryimage\"},\"datePublished\":\"2019-11-23T02:23:02+00:00\",\"dateModified\":\"2019-12-02T04:31:28+00:00\",\"author\":{\"@id\":\"https:\/\/www.edugestores.pe\/#\/schema\/person\/30dc82f35f5853289037a64b35c7c7d3\"},\"breadcrumb\":{\"@id\":\"https:\/\/www.edugestores.pe\/?p=23829#breadcrumb\"},\"inLanguage\":\"es\",\"potentialAction\":[{\"@type\":\"ReadAction\",\"target\":[\"https:\/\/www.edugestores.pe\/?p=23829\"]}]},{\"@type\":\"BreadcrumbList\",\"@id\":\"https:\/\/www.edugestores.pe\/?p=23829#breadcrumb\",\"itemListElement\":[{\"@type\":\"ListItem\",\"position\":1,\"name\":\"Portada\",\"item\":\"https:\/\/www.edugestores.pe\/\"},{\"@type\":\"ListItem\",\"position\":2,\"name\":\"Presidente Vizcarra: \u00abLa educaci\u00f3n es un instrumento poderoso para eliminar la desigualdad\u00bb\"}]},{\"@type\":\"Person\",\"@id\":\"https:\/\/www.edugestores.pe\/#\/schema\/person\/30dc82f35f5853289037a64b35c7c7d3\",\"name\":\"Administrador\",\"image\":{\"@type\":\"ImageObject\",\"@id\":\"https:\/\/www.edugestores.pe\/#personlogo\",\"inLanguage\":\"es\",\"url\":\"https:\/\/secure.gravatar.com\/avatar\/70960d1239c4d2c778bb3d2786a3c1ae?s=96&d=mm&r=g\",\"contentUrl\":\"https:\/\/secure.gravatar.com\/avatar\/70960d1239c4d2c778bb3d2786a3c1ae?s=96&d=mm&r=g\",\"caption\":\"Administrador\"},\"url\":\"https:\/\/www.edugestores.pe\/?author=63\"}]}<\/script>\n<!-- \/ Yoast SEO plugin. -->","yoast_head_json":{"title":"Presidente Vizcarra: \"La educaci\u00f3n es un instrumento poderoso para eliminar la desigualdad\" - Red Peruana de Gestores de la Educaci\u00f3n","robots":{"index":"index","follow":"follow","max-snippet":"max-snippet:-1","max-image-preview":"max-image-preview:large","max-video-preview":"max-video-preview:-1"},"canonical":"https:\/\/www.edugestores.pe\/?p=23829","og_locale":"es_ES","og_type":"article","og_title":"Presidente Vizcarra: \"La educaci\u00f3n es un instrumento poderoso para eliminar la desigualdad\" - Red Peruana de Gestores de la Educaci\u00f3n","og_description":"Con la participaci\u00f3n del presidente de la Rep\u00fablica, Mart\u00edn Vizcarra, la ministra de Educaci\u00f3n, Flor Pablo y el presidente del [&hellip;]","og_url":"https:\/\/www.edugestores.pe\/?p=23829","og_site_name":"Red Peruana de Gestores de la Educaci\u00f3n","article_published_time":"2019-11-23T02:23:02+00:00","article_modified_time":"2019-12-02T04:31:28+00:00","og_image":[{"width":603,"height":343,"url":"https:\/\/www.edugestores.pe\/wp-content\/uploads\/2019\/11\/vizcarraene2019.png","type":"image\/png"}],"twitter_card":"summary_large_image","twitter_misc":{"Escrito por":"Administrador","Tiempo de lectura":"3 minutos"},"schema":{"@context":"https:\/\/schema.org","@graph":[{"@type":"WebSite","@id":"https:\/\/www.edugestores.pe\/#website","url":"https:\/\/www.edugestores.pe\/","name":"Red Peruana de Gestores de la Educaci\u00f3n","description":"Red Peruana de Gestores de la Educaci\u00f3n","potentialAction":[{"@type":"SearchAction","target":{"@type":"EntryPoint","urlTemplate":"https:\/\/www.edugestores.pe\/?s={search_term_string}"},"query-input":"required name=search_term_string"}],"inLanguage":"es"},{"@type":"ImageObject","@id":"https:\/\/www.edugestores.pe\/?p=23829#primaryimage","inLanguage":"es","url":"https:\/\/www.edugestores.pe\/wp-content\/uploads\/2019\/11\/vizcarraene2019.png","contentUrl":"https:\/\/www.edugestores.pe\/wp-content\/uploads\/2019\/11\/vizcarraene2019.png","width":603,"height":343},{"@type":"WebPage","@id":"https:\/\/www.edugestores.pe\/?p=23829#webpage","url":"https:\/\/www.edugestores.pe\/?p=23829","name":"Presidente Vizcarra: \"La educaci\u00f3n es un instrumento poderoso para eliminar la desigualdad\" - Red Peruana de Gestores de la Educaci\u00f3n","isPartOf":{"@id":"https:\/\/www.edugestores.pe\/#website"},"primaryImageOfPage":{"@id":"https:\/\/www.edugestores.pe\/?p=23829#primaryimage"},"datePublished":"2019-11-23T02:23:02+00:00","dateModified":"2019-12-02T04:31:28+00:00","author":{"@id":"https:\/\/www.edugestores.pe\/#\/schema\/person\/30dc82f35f5853289037a64b35c7c7d3"},"breadcrumb":{"@id":"https:\/\/www.edugestores.pe\/?p=23829#breadcrumb"},"inLanguage":"es","potentialAction":[{"@type":"ReadAction","target":["https:\/\/www.edugestores.pe\/?p=23829"]}]},{"@type":"BreadcrumbList","@id":"https:\/\/www.edugestores.pe\/?p=23829#breadcrumb","itemListElement":[{"@type":"ListItem","position":1,"name":"Portada","item":"https:\/\/www.edugestores.pe\/"},{"@type":"ListItem","position":2,"name":"Presidente Vizcarra: \u00abLa educaci\u00f3n es un instrumento poderoso para eliminar la desigualdad\u00bb"}]},{"@type":"Person","@id":"https:\/\/www.edugestores.pe\/#\/schema\/person\/30dc82f35f5853289037a64b35c7c7d3","name":"Administrador","image":{"@type":"ImageObject","@id":"https:\/\/www.edugestores.pe\/#personlogo","inLanguage":"es","url":"https:\/\/secure.gravatar.com\/avatar\/70960d1239c4d2c778bb3d2786a3c1ae?s=96&d=mm&r=g","contentUrl":"https:\/\/secure.gravatar.com\/avatar\/70960d1239c4d2c778bb3d2786a3c1ae?s=96&d=mm&r=g","caption":"Administrador"},"url":"https:\/\/www.edugestores.pe\/?author=63"}]}},"jetpack_featured_media_url":"https:\/\/www.edugestores.pe\/wp-content\/uploads\/2019\/11\/vizcarraene2019.png","_links":{"self":[{"href":"https:\/\/www.edugestores.pe\/index.php?rest_route=\/wp\/v2\/posts\/23829"}],"collection":[{"href":"https:\/\/www.edugestores.pe\/index.php?rest_route=\/wp\/v2\/posts"}],"about":[{"href":"https:\/\/www.edugestores.pe\/index.php?rest_route=\/wp\/v2\/types\/post"}],"author":[{"embeddable":true,"href":"https:\/\/www.edugestores.pe\/index.php?rest_route=\/wp\/v2\/users\/63"}],"replies":[{"embeddable":true,"href":"https:\/\/www.edugestores.pe\/index.php?rest_route=%2Fwp%2Fv2%2Fcomments&post=23829"}],"version-history":[{"count":1,"href":"https:\/\/www.edugestores.pe\/index.php?rest_route=\/wp\/v2\/posts\/23829\/revisions"}],"predecessor-version":[{"id":23831,"href":"https:\/\/www.edugestores.pe\/index.php?rest_route=\/wp\/v2\/posts\/23829\/revisions\/23831"}],"wp:featuredmedia":[{"embeddable":true,"href":"https:\/\/www.edugestores.pe\/index.php?rest_route=\/wp\/v2\/media\/23830"}],"wp:attachment":[{"href":"https:\/\/www.edugestores.pe\/index.php?rest_route=%2Fwp%2Fv2%2Fmedia&parent=23829"}],"wp:term":[{"taxonomy":"category","embeddable":true,"href":"https:\/\/www.edugestores.pe\/index.php?rest_route=%2Fwp%2Fv2%2Fcategories&post=23829"},{"taxonomy":"post_tag","embeddable":true,"href":"https:\/\/www.edugestores.pe\/index.php?rest_route=%2Fwp%2Fv2%2Ftags&post=23829"}],"curies":[{"name":"wp","href":"https:\/\/api.w.org\/{rel}","templated":true}]}}