{"id":23839,"date":"2019-11-24T22:02:14","date_gmt":"2019-11-25T03:02:14","guid":{"rendered":"https:\/\/www.edugestores.pe\/?p=23839"},"modified":"2019-12-01T23:38:03","modified_gmt":"2019-12-02T04:38:03","slug":"expertos-analizan-sobre-brechas-en-educacion","status":"publish","type":"post","link":"https:\/\/www.edugestores.pe\/?p=23839","title":{"rendered":"Expertos analizan sobre brechas en educaci\u00f3n"},"content":{"rendered":"<p class=\"fr-tag\" style=\"text-align: justify;\">Las brechas en materia educativa en el pa\u00eds son varias y latentes y afectan a millones de escolares, en especial a los de zonas rurales. Manuel Bello, decano de la facultad de Educaci\u00f3n de la Universidad Cayetano Heredia (UPCH), y la educadora Mar\u00eda Palacios, adem\u00e1s coordinadora de Gesti\u00f3n del Conocimiento de Edugestores, analizaron algunas de ellas, en el programa Di\u00e1logo abierto de Salgal\u00fa Tv.<\/p>\n<p class=\"fr-tag\" style=\"text-align: justify;\">Seg\u00fan el primer especialista, los sentidos expresados en los documentos como el plan para la mejora educativa, est\u00e1n hechas pero no se ven en la pr\u00e1ctica. \u201cHoy estamos volviendo a debatir los mismos sentidos de la educaci\u00f3n que ya se hab\u00edan tocado mucho antes, lo cual hace que no estemos caminando en una misma direcci\u00f3n. Estamos individualismos. Por ello mantenemos esa distancia que nos impide hacer la transformaci\u00f3n\u201d, anot\u00f3 Bello.<\/p>\n<p class=\"fr-tag\" style=\"text-align: justify;\">De acuerdo con el decano de Educaci\u00f3n de la UPCH, uno de los casos fue el Proyecto Educativo Nacional, que se suscribi\u00f3 en el 2007, durante el gobierno del ex presidente Alan Garc\u00eda, pero se archiv\u00f3, despu\u00e9s de varias consultas y eventos a nivel nacional.<\/p>\n<p class=\"fr-tag\" style=\"text-align: justify;\">Por su parte, Mar\u00eda Palacios indic\u00f3 que el sistema educativo no est\u00e1 llegando a todos, que la situaci\u00f3n del sector es preocupante, puesto que ocho millones de j\u00f3venes y adultos no terminaron su educaci\u00f3n primaria y secundaria, y que este no llega con frecuencia a las mujeres.<\/p>\n<p class=\"fr-tag\" style=\"text-align: justify;\">\u201cEl estado debe representar las necesidades de la poblaci\u00f3n y estar abierto a las demandas y necesidades para garantizar sus derechos, como los de materia educativa\u201d, sostuvo la especialista.<\/p>\n<p class=\"fr-tag\" style=\"text-align: justify;\">De otro lado, Palacios consider\u00f3 importante humanizar a los ni\u00f1os por medio de una educaci\u00f3n verdadera e igualitaria para ser dignos y justos.<\/p>\n<p class=\"fr-tag\" style=\"text-align: justify;\">Por \u00faltimo, advirti\u00f3 que la educaci\u00f3n p\u00fablica es responsabilidad del gobierno, pero la sociedad tambi\u00e9n debe vigilar que se cumplan las pol\u00edticas que promuevan su mejora. \u201cSi decimos que vamos a cambiar la educaci\u00f3n solo desde la sociedad o el gobierno estamos equivocados\u201d, concluy\u00f3 Palacios.<\/p>\n<p class=\"fr-tag\" style=\"text-align: justify;\">Tomado de Salgal\u00fa TV<\/p>\n","protected":false},"excerpt":{"rendered":"<p>Las brechas en materia educativa en el pa\u00eds son varias y latentes y afectan a millones de escolares, en especial [&hellip;]<\/p>\n","protected":false},"author":63,"featured_media":23840,"comment_status":"open","ping_status":"open","sticky":false,"template":"","format":"standard","meta":{"spay_email":""},"categories":[125],"tags":[],"yoast_head":"<!-- This site is optimized with the Yoast SEO plugin v18.0 - https:\/\/yoast.com\/wordpress\/plugins\/seo\/ -->\n<title>Expertos analizan sobre brechas en educaci\u00f3n - Red Peruana de Gestores de la Educaci\u00f3n<\/title>\n<meta name=\"robots\" content=\"index, follow, max-snippet:-1, max-image-preview:large, max-video-preview:-1\" \/>\n<link rel=\"canonical\" href=\"https:\/\/www.edugestores.pe\/?p=23839\" \/>\n<meta property=\"og:locale\" content=\"es_ES\" \/>\n<meta property=\"og:type\" content=\"article\" \/>\n<meta property=\"og:title\" content=\"Expertos analizan sobre brechas en educaci\u00f3n - Red Peruana de Gestores de la Educaci\u00f3n\" \/>\n<meta property=\"og:description\" content=\"Las brechas en materia educativa en el pa\u00eds son varias y latentes y afectan a millones de escolares, en especial [&hellip;]\" \/>\n<meta property=\"og:url\" content=\"https:\/\/www.edugestores.pe\/?p=23839\" \/>\n<meta property=\"og:site_name\" content=\"Red Peruana de Gestores de la Educaci\u00f3n\" \/>\n<meta property=\"article:published_time\" content=\"2019-11-25T03:02:14+00:00\" \/>\n<meta property=\"article:modified_time\" content=\"2019-12-02T04:38:03+00:00\" \/>\n<meta property=\"og:image\" content=\"https:\/\/www.edugestores.pe\/wp-content\/uploads\/2019\/11\/dialogo.png\" \/>\n\t<meta property=\"og:image:width\" content=\"794\" \/>\n\t<meta property=\"og:image:height\" content=\"417\" \/>\n\t<meta property=\"og:image:type\" content=\"image\/png\" \/>\n<meta name=\"twitter:card\" content=\"summary_large_image\" \/>\n<meta name=\"twitter:label1\" content=\"Escrito por\" \/>\n\t<meta name=\"twitter:data1\" content=\"Administrador\" \/>\n\t<meta name=\"twitter:label2\" content=\"Tiempo de lectura\" \/>\n\t<meta name=\"twitter:data2\" content=\"2 minutos\" \/>\n<script type=\"application\/ld+json\" class=\"yoast-schema-graph\">{\"@context\":\"https:\/\/schema.org\",\"@graph\":[{\"@type\":\"WebSite\",\"@id\":\"https:\/\/www.edugestores.pe\/#website\",\"url\":\"https:\/\/www.edugestores.pe\/\",\"name\":\"Red Peruana de Gestores de la Educaci\u00f3n\",\"description\":\"Red Peruana de Gestores de la Educaci\u00f3n\",\"potentialAction\":[{\"@type\":\"SearchAction\",\"target\":{\"@type\":\"EntryPoint\",\"urlTemplate\":\"https:\/\/www.edugestores.pe\/?s={search_term_string}\"},\"query-input\":\"required name=search_term_string\"}],\"inLanguage\":\"es\"},{\"@type\":\"ImageObject\",\"@id\":\"https:\/\/www.edugestores.pe\/?p=23839#primaryimage\",\"inLanguage\":\"es\",\"url\":\"https:\/\/www.edugestores.pe\/wp-content\/uploads\/2019\/11\/dialogo.png\",\"contentUrl\":\"https:\/\/www.edugestores.pe\/wp-content\/uploads\/2019\/11\/dialogo.png\",\"width\":794,\"height\":417},{\"@type\":\"WebPage\",\"@id\":\"https:\/\/www.edugestores.pe\/?p=23839#webpage\",\"url\":\"https:\/\/www.edugestores.pe\/?p=23839\",\"name\":\"Expertos analizan sobre brechas en educaci\u00f3n - Red Peruana de Gestores de la Educaci\u00f3n\",\"isPartOf\":{\"@id\":\"https:\/\/www.edugestores.pe\/#website\"},\"primaryImageOfPage\":{\"@id\":\"https:\/\/www.edugestores.pe\/?p=23839#primaryimage\"},\"datePublished\":\"2019-11-25T03:02:14+00:00\",\"dateModified\":\"2019-12-02T04:38:03+00:00\",\"author\":{\"@id\":\"https:\/\/www.edugestores.pe\/#\/schema\/person\/30dc82f35f5853289037a64b35c7c7d3\"},\"breadcrumb\":{\"@id\":\"https:\/\/www.edugestores.pe\/?p=23839#breadcrumb\"},\"inLanguage\":\"es\",\"potentialAction\":[{\"@type\":\"ReadAction\",\"target\":[\"https:\/\/www.edugestores.pe\/?p=23839\"]}]},{\"@type\":\"BreadcrumbList\",\"@id\":\"https:\/\/www.edugestores.pe\/?p=23839#breadcrumb\",\"itemListElement\":[{\"@type\":\"ListItem\",\"position\":1,\"name\":\"Portada\",\"item\":\"https:\/\/www.edugestores.pe\/\"},{\"@type\":\"ListItem\",\"position\":2,\"name\":\"Expertos analizan sobre brechas en educaci\u00f3n\"}]},{\"@type\":\"Person\",\"@id\":\"https:\/\/www.edugestores.pe\/#\/schema\/person\/30dc82f35f5853289037a64b35c7c7d3\",\"name\":\"Administrador\",\"image\":{\"@type\":\"ImageObject\",\"@id\":\"https:\/\/www.edugestores.pe\/#personlogo\",\"inLanguage\":\"es\",\"url\":\"https:\/\/secure.gravatar.com\/avatar\/70960d1239c4d2c778bb3d2786a3c1ae?s=96&d=mm&r=g\",\"contentUrl\":\"https:\/\/secure.gravatar.com\/avatar\/70960d1239c4d2c778bb3d2786a3c1ae?s=96&d=mm&r=g\",\"caption\":\"Administrador\"},\"url\":\"https:\/\/www.edugestores.pe\/?author=63\"}]}<\/script>\n<!-- \/ Yoast SEO plugin. -->","yoast_head_json":{"title":"Expertos analizan sobre brechas en educaci\u00f3n - Red Peruana de Gestores de la Educaci\u00f3n","robots":{"index":"index","follow":"follow","max-snippet":"max-snippet:-1","max-image-preview":"max-image-preview:large","max-video-preview":"max-video-preview:-1"},"canonical":"https:\/\/www.edugestores.pe\/?p=23839","og_locale":"es_ES","og_type":"article","og_title":"Expertos analizan sobre brechas en educaci\u00f3n - Red Peruana de Gestores de la Educaci\u00f3n","og_description":"Las brechas en materia educativa en el pa\u00eds son varias y latentes y afectan a millones de escolares, en especial [&hellip;]","og_url":"https:\/\/www.edugestores.pe\/?p=23839","og_site_name":"Red Peruana de Gestores de la Educaci\u00f3n","article_published_time":"2019-11-25T03:02:14+00:00","article_modified_time":"2019-12-02T04:38:03+00:00","og_image":[{"width":794,"height":417,"url":"https:\/\/www.edugestores.pe\/wp-content\/uploads\/2019\/11\/dialogo.png","type":"image\/png"}],"twitter_card":"summary_large_image","twitter_misc":{"Escrito por":"Administrador","Tiempo de lectura":"2 minutos"},"schema":{"@context":"https:\/\/schema.org","@graph":[{"@type":"WebSite","@id":"https:\/\/www.edugestores.pe\/#website","url":"https:\/\/www.edugestores.pe\/","name":"Red Peruana de Gestores de la Educaci\u00f3n","description":"Red Peruana de Gestores de la Educaci\u00f3n","potentialAction":[{"@type":"SearchAction","target":{"@type":"EntryPoint","urlTemplate":"https:\/\/www.edugestores.pe\/?s={search_term_string}"},"query-input":"required name=search_term_string"}],"inLanguage":"es"},{"@type":"ImageObject","@id":"https:\/\/www.edugestores.pe\/?p=23839#primaryimage","inLanguage":"es","url":"https:\/\/www.edugestores.pe\/wp-content\/uploads\/2019\/11\/dialogo.png","contentUrl":"https:\/\/www.edugestores.pe\/wp-content\/uploads\/2019\/11\/dialogo.png","width":794,"height":417},{"@type":"WebPage","@id":"https:\/\/www.edugestores.pe\/?p=23839#webpage","url":"https:\/\/www.edugestores.pe\/?p=23839","name":"Expertos analizan sobre brechas en educaci\u00f3n - Red Peruana de Gestores de la Educaci\u00f3n","isPartOf":{"@id":"https:\/\/www.edugestores.pe\/#website"},"primaryImageOfPage":{"@id":"https:\/\/www.edugestores.pe\/?p=23839#primaryimage"},"datePublished":"2019-11-25T03:02:14+00:00","dateModified":"2019-12-02T04:38:03+00:00","author":{"@id":"https:\/\/www.edugestores.pe\/#\/schema\/person\/30dc82f35f5853289037a64b35c7c7d3"},"breadcrumb":{"@id":"https:\/\/www.edugestores.pe\/?p=23839#breadcrumb"},"inLanguage":"es","potentialAction":[{"@type":"ReadAction","target":["https:\/\/www.edugestores.pe\/?p=23839"]}]},{"@type":"BreadcrumbList","@id":"https:\/\/www.edugestores.pe\/?p=23839#breadcrumb","itemListElement":[{"@type":"ListItem","position":1,"name":"Portada","item":"https:\/\/www.edugestores.pe\/"},{"@type":"ListItem","position":2,"name":"Expertos analizan sobre brechas en educaci\u00f3n"}]},{"@type":"Person","@id":"https:\/\/www.edugestores.pe\/#\/schema\/person\/30dc82f35f5853289037a64b35c7c7d3","name":"Administrador","image":{"@type":"ImageObject","@id":"https:\/\/www.edugestores.pe\/#personlogo","inLanguage":"es","url":"https:\/\/secure.gravatar.com\/avatar\/70960d1239c4d2c778bb3d2786a3c1ae?s=96&d=mm&r=g","contentUrl":"https:\/\/secure.gravatar.com\/avatar\/70960d1239c4d2c778bb3d2786a3c1ae?s=96&d=mm&r=g","caption":"Administrador"},"url":"https:\/\/www.edugestores.pe\/?author=63"}]}},"jetpack_featured_media_url":"https:\/\/www.edugestores.pe\/wp-content\/uploads\/2019\/11\/dialogo.png","_links":{"self":[{"href":"https:\/\/www.edugestores.pe\/index.php?rest_route=\/wp\/v2\/posts\/23839"}],"collection":[{"href":"https:\/\/www.edugestores.pe\/index.php?rest_route=\/wp\/v2\/posts"}],"about":[{"href":"https:\/\/www.edugestores.pe\/index.php?rest_route=\/wp\/v2\/types\/post"}],"author":[{"embeddable":true,"href":"https:\/\/www.edugestores.pe\/index.php?rest_route=\/wp\/v2\/users\/63"}],"replies":[{"embeddable":true,"href":"https:\/\/www.edugestores.pe\/index.php?rest_route=%2Fwp%2Fv2%2Fcomments&post=23839"}],"version-history":[{"count":1,"href":"https:\/\/www.edugestores.pe\/index.php?rest_route=\/wp\/v2\/posts\/23839\/revisions"}],"predecessor-version":[{"id":23841,"href":"https:\/\/www.edugestores.pe\/index.php?rest_route=\/wp\/v2\/posts\/23839\/revisions\/23841"}],"wp:featuredmedia":[{"embeddable":true,"href":"https:\/\/www.edugestores.pe\/index.php?rest_route=\/wp\/v2\/media\/23840"}],"wp:attachment":[{"href":"https:\/\/www.edugestores.pe\/index.php?rest_route=%2Fwp%2Fv2%2Fmedia&parent=23839"}],"wp:term":[{"taxonomy":"category","embeddable":true,"href":"https:\/\/www.edugestores.pe\/index.php?rest_route=%2Fwp%2Fv2%2Fcategories&post=23839"},{"taxonomy":"post_tag","embeddable":true,"href":"https:\/\/www.edugestores.pe\/index.php?rest_route=%2Fwp%2Fv2%2Ftags&post=23839"}],"curies":[{"name":"wp","href":"https:\/\/api.w.org\/{rel}","templated":true}]}}