{"id":23981,"date":"2019-12-18T09:33:01","date_gmt":"2019-12-18T14:33:01","guid":{"rendered":"https:\/\/www.edugestores.pe\/?p=23981"},"modified":"2019-12-30T07:40:24","modified_gmt":"2019-12-30T12:40:24","slug":"lima-y-la-libertad-son-las-regiones-con-mayor-desigualdad","status":"publish","type":"post","link":"https:\/\/www.edugestores.pe\/?p=23981","title":{"rendered":"Lima y La Libertad son las regiones con mayor desigualdad"},"content":{"rendered":"<p class=\"\" style=\"text-align: justify;\">Lima, pese a ser la regi\u00f3n mejor ubicada en el\u00a0\u00cdndice de Desarrollo Humano\u00a0(IDH) 2019, no ha logrado que toda su poblaci\u00f3n acceda a las mismas capacidades y condiciones de vida. De hecho, la capital, junto con\u00a0Piura\u00a0y\u00a0La Libertad, son las regiones con mayor desigualdad en el pa\u00eds.<\/p>\n<div style=\"text-align: justify;\">Esta es una de las conclusiones a la que llega el estudio \u201cEl reto de la igualdad\u201d, elaborado por el\u00a0Programa de las Naciones Unidas para el desarrollo\u00a0(PNUD), en el que se analiza el grado de desigualdad a nivel territorial para transparentar el \u201creal desarrollo humano\u201d.<\/div>\n<div style=\"text-align: justify;\"><\/div>\n<div style=\"text-align: justify;\">As\u00ed, seg\u00fan el documento, de los 30 distritos con menor IDH del pa\u00eds, 7 est\u00e1n en La Libertad, 4 en la sierra de Lima y 3 en la sierra de Piura. Esto a pesar de que cada una de estas regiones &#8220;tiene dadas las condiciones a nivel de conectividad y concentraci\u00f3n urbana para la aceleraci\u00f3n del desarrollo&#8221;.<\/div>\n<div style=\"text-align: justify;\"><\/div>\n<div style=\"text-align: justify;\">Si bien el PNUD destaca que Per\u00fa haya mejorado siete puestos en el r\u00e1nking de Desarrollo Humano 2019 (puesto 82), advierte diferencias abismales en el pa\u00eds. Aqu\u00ed algunos casos:\u00a0hay ingresos familiares per c\u00e1pita menores de S\/100 en 19 de los distritos con menor IDH en el pa\u00eds.\u00a0Es decir, casos expl\u00edcitos de extrema\u00a0pobreza. Asimismo, se observa que el 4,9% de distritos del pa\u00eds tiene poblaci\u00f3n mayor de 25 a\u00f1os que cuenta con solo cuatro a\u00f1os de estudio.<\/div>\n<p class=\"\" style=\"text-align: justify;\">No es todo. El informe tambi\u00e9n revela que a mayor nivel altitudinal, &#8220;sistem\u00e1ticamente&#8221;, el nivel de desarrollo humano se reduce. Por ejemplo, la sierra baja, alta y selva tienen menor ingreso familiar, menos a\u00f1os de educaci\u00f3n y est\u00e1n peor ubicados en el IDH 2019 (Ver infograf\u00eda).<\/p>\n<p class=\"\" style=\"text-align: justify;\"><strong>Reto en la agricultura<\/strong>. Si bien las provincias con alta actividad manufacturera tienen mejores avances de calidad de vida e ingresos, no se puede decir lo mismo de aquellas que viven de la agricultura de subsistencia, pues en dichas regiones el IDH cae.<\/p>\n<p class=\"\" style=\"text-align: justify;\">\u201cEn el caso de la miner\u00eda, no encontramos ninguna relaci\u00f3n. Hay zonas mineras con alto desarrollo humano, pero tambi\u00e9n hay regiones con alta presencia minera y bajo desarrollo humano como\u00a0Cajamarca\u00a0y\u00a0Apurimac, de tal manera que no es posible establecer una relaci\u00f3n definitiva\u201d, afirma Francisco Santa Cruz, coordinador de proyectos del PNUD.<\/p>\n<p style=\"text-align: justify;\">Por su parte, Maria del Carmen Sacasa, tambi\u00e9n del PNUD, destaca que las mujeres altoandinas que viven de la agricultura son las m\u00e1s afectadas por la desigualdad y las m\u00e1s rezagadas para acceder al desarrollo.<\/p>\n<p class=\"\" style=\"text-align: justify;\"><strong>Compromisos<\/strong>. El informe fue presentado en el marco del\u00a0Acuerdo Nacional\u00a0que reuni\u00f3 a los principales representantes de los partidos pol\u00edticos. El presidente de la Rep\u00fablica,\u00a0Mart\u00edn Vizcarra, estuvo presente y resalt\u00f3 que existe consenso en el pa\u00eds para luchar a favor de la igualdad y combate contra la corrupci\u00f3n. Por su parte, el premier\u00a0Vicente Zeballos\u00a0inform\u00f3 que el Gobierno ha contratado a consultores para analizar todo el proceso de descentralizaci\u00f3n con el objetivo de conocer cu\u00e1les son los retos pendientes y cu\u00e1les han sido los avances reales.<\/p>\n<p class=\"\" style=\"text-align: justify;\">\u201c\u00bfMayor riqueza significa mayor desarrollo? La respuesta es no. Y hay un elemento que debe comprometerse: la planificaci\u00f3n, para priorizar las inversiones\u201d, se\u00f1al\u00f3.<\/p>\n<p class=\"\" style=\"text-align: justify;\"><a href=\"https:\/\/www.edugestores.pe\/wp-content\/uploads\/2019\/12\/6GBODIKZ3VCPHNI77FSUKLROIE.jpg\"><img decoding=\"async\" loading=\"lazy\" class=\" size-full wp-image-23982 aligncenter\" src=\"https:\/\/www.edugestores.pe\/wp-content\/uploads\/2019\/12\/6GBODIKZ3VCPHNI77FSUKLROIE.jpg\" alt=\"6GBODIKZ3VCPHNI77FSUKLROIE\" width=\"538\" height=\"814\" srcset=\"https:\/\/www.edugestores.pe\/wp-content\/uploads\/2019\/12\/6GBODIKZ3VCPHNI77FSUKLROIE.jpg 538w, https:\/\/www.edugestores.pe\/wp-content\/uploads\/2019\/12\/6GBODIKZ3VCPHNI77FSUKLROIE-198x300.jpg 198w, https:\/\/www.edugestores.pe\/wp-content\/uploads\/2019\/12\/6GBODIKZ3VCPHNI77FSUKLROIE-66x100.jpg 66w\" sizes=\"(max-width: 538px) 100vw, 538px\" \/><\/a><\/p>\n<p class=\"\" style=\"text-align: justify;\">Tomado del diario La Rep\u00fablica<\/p>\n","protected":false},"excerpt":{"rendered":"<p>Lima, pese a ser la regi\u00f3n mejor ubicada en el\u00a0\u00cdndice de Desarrollo Humano\u00a0(IDH) 2019, no ha logrado que toda su [&hellip;]<\/p>\n","protected":false},"author":63,"featured_media":23983,"comment_status":"open","ping_status":"open","sticky":false,"template":"","format":"standard","meta":{"spay_email":""},"categories":[125],"tags":[],"yoast_head":"<!-- This site is optimized with the Yoast SEO plugin v18.0 - https:\/\/yoast.com\/wordpress\/plugins\/seo\/ -->\n<title>Lima y La Libertad son las regiones con mayor desigualdad - Red Peruana de Gestores de la Educaci\u00f3n<\/title>\n<meta name=\"robots\" content=\"index, follow, max-snippet:-1, max-image-preview:large, max-video-preview:-1\" \/>\n<link rel=\"canonical\" href=\"https:\/\/www.edugestores.pe\/?p=23981\" \/>\n<meta property=\"og:locale\" content=\"es_ES\" \/>\n<meta property=\"og:type\" content=\"article\" \/>\n<meta property=\"og:title\" content=\"Lima y La Libertad son las regiones con mayor desigualdad - Red Peruana de Gestores de la Educaci\u00f3n\" \/>\n<meta property=\"og:description\" content=\"Lima, pese a ser la regi\u00f3n mejor ubicada en el\u00a0\u00cdndice de Desarrollo Humano\u00a0(IDH) 2019, no ha logrado que toda su [&hellip;]\" \/>\n<meta property=\"og:url\" content=\"https:\/\/www.edugestores.pe\/?p=23981\" \/>\n<meta property=\"og:site_name\" content=\"Red Peruana de Gestores de la Educaci\u00f3n\" \/>\n<meta property=\"article:published_time\" content=\"2019-12-18T14:33:01+00:00\" \/>\n<meta property=\"article:modified_time\" content=\"2019-12-30T12:40:24+00:00\" \/>\n<meta property=\"og:image\" content=\"https:\/\/www.edugestores.pe\/wp-content\/uploads\/2019\/12\/Lima-y-La-Libertad-son-las-regiones-con-mayor-desigualdad.jpg\" \/>\n\t<meta property=\"og:image:width\" content=\"646\" \/>\n\t<meta property=\"og:image:height\" content=\"380\" \/>\n\t<meta property=\"og:image:type\" content=\"image\/jpeg\" \/>\n<meta name=\"twitter:card\" content=\"summary_large_image\" \/>\n<meta name=\"twitter:label1\" content=\"Escrito por\" \/>\n\t<meta name=\"twitter:data1\" content=\"Administrador\" \/>\n\t<meta name=\"twitter:label2\" content=\"Tiempo de lectura\" \/>\n\t<meta name=\"twitter:data2\" content=\"3 minutos\" \/>\n<script type=\"application\/ld+json\" class=\"yoast-schema-graph\">{\"@context\":\"https:\/\/schema.org\",\"@graph\":[{\"@type\":\"WebSite\",\"@id\":\"https:\/\/www.edugestores.pe\/#website\",\"url\":\"https:\/\/www.edugestores.pe\/\",\"name\":\"Red Peruana de Gestores de la Educaci\u00f3n\",\"description\":\"Red Peruana de Gestores de la Educaci\u00f3n\",\"potentialAction\":[{\"@type\":\"SearchAction\",\"target\":{\"@type\":\"EntryPoint\",\"urlTemplate\":\"https:\/\/www.edugestores.pe\/?s={search_term_string}\"},\"query-input\":\"required name=search_term_string\"}],\"inLanguage\":\"es\"},{\"@type\":\"ImageObject\",\"@id\":\"https:\/\/www.edugestores.pe\/?p=23981#primaryimage\",\"inLanguage\":\"es\",\"url\":\"https:\/\/www.edugestores.pe\/wp-content\/uploads\/2019\/12\/Lima-y-La-Libertad-son-las-regiones-con-mayor-desigualdad.jpg\",\"contentUrl\":\"https:\/\/www.edugestores.pe\/wp-content\/uploads\/2019\/12\/Lima-y-La-Libertad-son-las-regiones-con-mayor-desigualdad.jpg\",\"width\":646,\"height\":380},{\"@type\":\"WebPage\",\"@id\":\"https:\/\/www.edugestores.pe\/?p=23981#webpage\",\"url\":\"https:\/\/www.edugestores.pe\/?p=23981\",\"name\":\"Lima y La Libertad son las regiones con mayor desigualdad - Red Peruana de Gestores de la Educaci\u00f3n\",\"isPartOf\":{\"@id\":\"https:\/\/www.edugestores.pe\/#website\"},\"primaryImageOfPage\":{\"@id\":\"https:\/\/www.edugestores.pe\/?p=23981#primaryimage\"},\"datePublished\":\"2019-12-18T14:33:01+00:00\",\"dateModified\":\"2019-12-30T12:40:24+00:00\",\"author\":{\"@id\":\"https:\/\/www.edugestores.pe\/#\/schema\/person\/30dc82f35f5853289037a64b35c7c7d3\"},\"breadcrumb\":{\"@id\":\"https:\/\/www.edugestores.pe\/?p=23981#breadcrumb\"},\"inLanguage\":\"es\",\"potentialAction\":[{\"@type\":\"ReadAction\",\"target\":[\"https:\/\/www.edugestores.pe\/?p=23981\"]}]},{\"@type\":\"BreadcrumbList\",\"@id\":\"https:\/\/www.edugestores.pe\/?p=23981#breadcrumb\",\"itemListElement\":[{\"@type\":\"ListItem\",\"position\":1,\"name\":\"Portada\",\"item\":\"https:\/\/www.edugestores.pe\/\"},{\"@type\":\"ListItem\",\"position\":2,\"name\":\"Lima y La Libertad son las regiones con mayor desigualdad\"}]},{\"@type\":\"Person\",\"@id\":\"https:\/\/www.edugestores.pe\/#\/schema\/person\/30dc82f35f5853289037a64b35c7c7d3\",\"name\":\"Administrador\",\"image\":{\"@type\":\"ImageObject\",\"@id\":\"https:\/\/www.edugestores.pe\/#personlogo\",\"inLanguage\":\"es\",\"url\":\"https:\/\/secure.gravatar.com\/avatar\/70960d1239c4d2c778bb3d2786a3c1ae?s=96&d=mm&r=g\",\"contentUrl\":\"https:\/\/secure.gravatar.com\/avatar\/70960d1239c4d2c778bb3d2786a3c1ae?s=96&d=mm&r=g\",\"caption\":\"Administrador\"},\"url\":\"https:\/\/www.edugestores.pe\/?author=63\"}]}<\/script>\n<!-- \/ Yoast SEO plugin. -->","yoast_head_json":{"title":"Lima y La Libertad son las regiones con mayor desigualdad - Red Peruana de Gestores de la Educaci\u00f3n","robots":{"index":"index","follow":"follow","max-snippet":"max-snippet:-1","max-image-preview":"max-image-preview:large","max-video-preview":"max-video-preview:-1"},"canonical":"https:\/\/www.edugestores.pe\/?p=23981","og_locale":"es_ES","og_type":"article","og_title":"Lima y La Libertad son las regiones con mayor desigualdad - Red Peruana de Gestores de la Educaci\u00f3n","og_description":"Lima, pese a ser la regi\u00f3n mejor ubicada en el\u00a0\u00cdndice de Desarrollo Humano\u00a0(IDH) 2019, no ha logrado que toda su [&hellip;]","og_url":"https:\/\/www.edugestores.pe\/?p=23981","og_site_name":"Red Peruana de Gestores de la Educaci\u00f3n","article_published_time":"2019-12-18T14:33:01+00:00","article_modified_time":"2019-12-30T12:40:24+00:00","og_image":[{"width":646,"height":380,"url":"https:\/\/www.edugestores.pe\/wp-content\/uploads\/2019\/12\/Lima-y-La-Libertad-son-las-regiones-con-mayor-desigualdad.jpg","type":"image\/jpeg"}],"twitter_card":"summary_large_image","twitter_misc":{"Escrito por":"Administrador","Tiempo de lectura":"3 minutos"},"schema":{"@context":"https:\/\/schema.org","@graph":[{"@type":"WebSite","@id":"https:\/\/www.edugestores.pe\/#website","url":"https:\/\/www.edugestores.pe\/","name":"Red Peruana de Gestores de la Educaci\u00f3n","description":"Red Peruana de Gestores de la Educaci\u00f3n","potentialAction":[{"@type":"SearchAction","target":{"@type":"EntryPoint","urlTemplate":"https:\/\/www.edugestores.pe\/?s={search_term_string}"},"query-input":"required name=search_term_string"}],"inLanguage":"es"},{"@type":"ImageObject","@id":"https:\/\/www.edugestores.pe\/?p=23981#primaryimage","inLanguage":"es","url":"https:\/\/www.edugestores.pe\/wp-content\/uploads\/2019\/12\/Lima-y-La-Libertad-son-las-regiones-con-mayor-desigualdad.jpg","contentUrl":"https:\/\/www.edugestores.pe\/wp-content\/uploads\/2019\/12\/Lima-y-La-Libertad-son-las-regiones-con-mayor-desigualdad.jpg","width":646,"height":380},{"@type":"WebPage","@id":"https:\/\/www.edugestores.pe\/?p=23981#webpage","url":"https:\/\/www.edugestores.pe\/?p=23981","name":"Lima y La Libertad son las regiones con mayor desigualdad - Red Peruana de Gestores de la Educaci\u00f3n","isPartOf":{"@id":"https:\/\/www.edugestores.pe\/#website"},"primaryImageOfPage":{"@id":"https:\/\/www.edugestores.pe\/?p=23981#primaryimage"},"datePublished":"2019-12-18T14:33:01+00:00","dateModified":"2019-12-30T12:40:24+00:00","author":{"@id":"https:\/\/www.edugestores.pe\/#\/schema\/person\/30dc82f35f5853289037a64b35c7c7d3"},"breadcrumb":{"@id":"https:\/\/www.edugestores.pe\/?p=23981#breadcrumb"},"inLanguage":"es","potentialAction":[{"@type":"ReadAction","target":["https:\/\/www.edugestores.pe\/?p=23981"]}]},{"@type":"BreadcrumbList","@id":"https:\/\/www.edugestores.pe\/?p=23981#breadcrumb","itemListElement":[{"@type":"ListItem","position":1,"name":"Portada","item":"https:\/\/www.edugestores.pe\/"},{"@type":"ListItem","position":2,"name":"Lima y La Libertad son las regiones con mayor desigualdad"}]},{"@type":"Person","@id":"https:\/\/www.edugestores.pe\/#\/schema\/person\/30dc82f35f5853289037a64b35c7c7d3","name":"Administrador","image":{"@type":"ImageObject","@id":"https:\/\/www.edugestores.pe\/#personlogo","inLanguage":"es","url":"https:\/\/secure.gravatar.com\/avatar\/70960d1239c4d2c778bb3d2786a3c1ae?s=96&d=mm&r=g","contentUrl":"https:\/\/secure.gravatar.com\/avatar\/70960d1239c4d2c778bb3d2786a3c1ae?s=96&d=mm&r=g","caption":"Administrador"},"url":"https:\/\/www.edugestores.pe\/?author=63"}]}},"jetpack_featured_media_url":"https:\/\/www.edugestores.pe\/wp-content\/uploads\/2019\/12\/Lima-y-La-Libertad-son-las-regiones-con-mayor-desigualdad.jpg","_links":{"self":[{"href":"https:\/\/www.edugestores.pe\/index.php?rest_route=\/wp\/v2\/posts\/23981"}],"collection":[{"href":"https:\/\/www.edugestores.pe\/index.php?rest_route=\/wp\/v2\/posts"}],"about":[{"href":"https:\/\/www.edugestores.pe\/index.php?rest_route=\/wp\/v2\/types\/post"}],"author":[{"embeddable":true,"href":"https:\/\/www.edugestores.pe\/index.php?rest_route=\/wp\/v2\/users\/63"}],"replies":[{"embeddable":true,"href":"https:\/\/www.edugestores.pe\/index.php?rest_route=%2Fwp%2Fv2%2Fcomments&post=23981"}],"version-history":[{"count":2,"href":"https:\/\/www.edugestores.pe\/index.php?rest_route=\/wp\/v2\/posts\/23981\/revisions"}],"predecessor-version":[{"id":23985,"href":"https:\/\/www.edugestores.pe\/index.php?rest_route=\/wp\/v2\/posts\/23981\/revisions\/23985"}],"wp:featuredmedia":[{"embeddable":true,"href":"https:\/\/www.edugestores.pe\/index.php?rest_route=\/wp\/v2\/media\/23983"}],"wp:attachment":[{"href":"https:\/\/www.edugestores.pe\/index.php?rest_route=%2Fwp%2Fv2%2Fmedia&parent=23981"}],"wp:term":[{"taxonomy":"category","embeddable":true,"href":"https:\/\/www.edugestores.pe\/index.php?rest_route=%2Fwp%2Fv2%2Fcategories&post=23981"},{"taxonomy":"post_tag","embeddable":true,"href":"https:\/\/www.edugestores.pe\/index.php?rest_route=%2Fwp%2Fv2%2Ftags&post=23981"}],"curies":[{"name":"wp","href":"https:\/\/api.w.org\/{rel}","templated":true}]}}