{"id":23995,"date":"2019-12-20T17:09:18","date_gmt":"2019-12-20T22:09:18","guid":{"rendered":"https:\/\/www.edugestores.pe\/?p=23995"},"modified":"2019-12-30T07:40:36","modified_gmt":"2019-12-30T12:40:36","slug":"piura-mas-de-35-mil-ninos-con-habilidades-diferentes-no-reciben-educacion","status":"publish","type":"post","link":"https:\/\/www.edugestores.pe\/?p=23995","title":{"rendered":"Piura: M\u00e1s de 35 mil ni\u00f1os con habilidades diferentes no reciben educaci\u00f3n"},"content":{"rendered":"<p style=\"text-align: justify;\">Piura tiene un presupuesto de S\/9 millones para atender la educaci\u00f3n de estas personas. La educaci\u00f3n es un derecho fundamental de todas las personas y hacerlo efectivo exige garantizar que todos los ni\u00f1os y j\u00f3venes tengan acceso a una educaci\u00f3n de calidad en igualdad de oportunidades. Sin embargo, eso no se cumple con los ni\u00f1os con habilidades diferentes, pues de las 41.518 personas con discapacidad en edad escolar solo el 86%; es decir 35.839, o no son enviados o no se les da las facilidades en las instituciones educativas de Piura, seg\u00fan su condici\u00f3n.<\/p>\n<p style=\"text-align: justify;\">Estas\u00a0 dificultades\u00a0las instituciones no es el \u00fanico problema. De acuerdo al informe de Defensor\u00eda del Pueblo, se ha constat\u00f3 que en Piura hay solo 59 profesionales del Servicio de Apoyo y Asesoramiento para la atenci\u00f3n de las Necesidades Educativas Especiales para 1.067 colegios.<\/p>\n<p style=\"text-align: justify;\">El jefe de la oficina de Defensor\u00eda del Pueblo, C\u00e9sar Orrego, dio a conocer que el 80,26% de las instituciones de educaci\u00f3n b\u00e1sica regular no tienen estudiantes con discapacidad matriculados.<\/p>\n<p style=\"text-align: justify;\"><strong>Presupuesto.<\/strong> C\u00e9sar Orrego tambi\u00e9n manifest\u00f3 que a nivel nacional, el Gobierno invierte en educaci\u00f3n unos 30 mil 500 millones de soles, de los cuales solo 0,62% es destinado a la discapacidad en el Per\u00fa en torno a la educaci\u00f3n. Aqu\u00ed estamos hablando de S\/183 millones.\u00a0\u201cDe esta \u00faltima cifra, a la regi\u00f3n se destina 9 millones de soles, monto del cual se est\u00e1 ejecutando un 62%\u201d, explic\u00f3 Orrego. Al respecto, se mostr\u00f3 preocupado porque el presupuesto de la regi\u00f3n es insuficiente para brindar una educaci\u00f3n de calidad, pues al dividir el n\u00famero de personas con discapacidad y los S\/9 millones, se obtiene que el Estado solo invierte 18 soles mensuales.<\/p>\n<p style=\"text-align: justify;\">\u201cEs la obligaci\u00f3n del Estado brindar una educaci\u00f3n de calidad a todos los ni\u00f1os, ni\u00f1as y adolescentes; pero las normas internacionales indican que hay una prioridad para aquellas personas que tiene discapacidad y multidiscapacidad. Con estas cifras, queda claro que no se les est\u00e1 dando prioridad\u201d, precis\u00f3 el funcionario.<\/p>\n<p style=\"text-align: justify;\"><strong>Inclusi\u00f3n.<\/strong> Seg\u00fan el director regional de Educaci\u00f3n, Dionisio Pintado, a nivel regional hay 2.500 escolares incluidos en los colegios de Educaci\u00f3n B\u00e1sica Regular. Ellos est\u00e1n distribuidos en las doce UGEL, siendo Piura, La Uni\u00f3n y Sullana las ejecutoras con m\u00e1s casos de inclusi\u00f3n.<\/p>\n<p style=\"text-align: justify;\">Adem\u00e1s inform\u00f3 que existen 34 centros de Educaci\u00f3n B\u00e1sica Especial (CEBE) que son instituciones que brindan una educaci\u00f3n especializada a los ni\u00f1os con discapacidad severa.<\/p>\n<div class=\"google-auto-placed ap_container\" style=\"text-align: justify;\">Para Orrego, no basta s\u00f3lo con tener centros especializados, si no se tiene al personal capacitado. A esto se suma que en nueve de cada diez escuelas no hay acceso para estos ni\u00f1os y ni\u00f1as, pues no tienen ba\u00f1os adecuados para su discapacidad, tampoco hay rampas, ni cuentan con \u00e1rea de entretenimiento.\u00a0\u201cTenemos problemas con materiales educativos, con profesores capacitados, con accebilidad en las escuelas. Es una realidad nacional y regional. Recordemos que en Piura tenemos 5 mil colegios y casi 22 mil docentes. De estos maestros, 62 han sido capacitados para atender a este sector vulnerable de escolares, tenemos una enorme brecha que debemos superar\u201d, asever\u00f3 Orrego.<\/div>\n<div class=\"google-auto-placed ap_container\" style=\"text-align: justify;\"><\/div>\n<div class=\"google-auto-placed ap_container\" style=\"text-align: justify;\">Por su parte, Pintado, dijo que implementar\u00e1n un plan regional para buscar soluci\u00f3n a todos los problemas encontrados en la educaci\u00f3n inclusiva. Asimismo, dijo que a la fecha no ha recibido ninguna denuncia de alg\u00fan padre de familia en que hayan rechazado su hijo en las escuelas.\u00a0\u201cLas vacantes de inclusi\u00f3n escolar cuando son ocupadas se registran en un programa del Minedu. Los maestros tambi\u00e9n est\u00e1n siendo capacitados, para desarrollen estrategias did\u00e1cticas. Ello con la finalidad de que el ni\u00f1o no est\u00e9 aislado. Somos conscientes de que no basta con recibir al escolar para que haya inclusi\u00f3n\u201d, dijo Pintado.<\/div>\n<p style=\"text-align: justify;\">Discriminaci\u00f3n, aislamiento y frustraci\u00f3n, ser\u00edan las consecuencias cuando un ni\u00f1o o niu\u00f1a con habilidades diferentes no es incluido en la educaci\u00f3n y la sociedad. As\u00ed lo dio a conocer el exdecano del Colegio de Psic\u00f3logos, Marco Magan.\u00a0\u201cLamentablemente no hay decisi\u00f3n pol\u00edtica para hacer algo por el bienestar de este grupo de la ciudadan\u00eda\u201d, dijo Magan.<\/p>\n<div class=\"google-auto-placed ap_container\" style=\"text-align: justify;\">Asimismo, mencion\u00f3 que la depresi\u00f3n se da tambi\u00e9n en los padres de familia por sentirse presionados en brindar una atenci\u00f3n de calidad a sus hijos.\u00a0\u201cLos padres de familia asumen responsabilidades m\u00e1s all\u00e1 de la que pueden, pues deben, en algunos casos renunciar a su trabajo\u201d, indic\u00f3 el m\u00e9dico.<\/div>\n","protected":false},"excerpt":{"rendered":"<p>Piura tiene un presupuesto de S\/9 millones para atender la educaci\u00f3n de estas personas. La educaci\u00f3n es un derecho fundamental [&hellip;]<\/p>\n","protected":false},"author":63,"featured_media":23996,"comment_status":"open","ping_status":"open","sticky":false,"template":"","format":"standard","meta":{"spay_email":""},"categories":[125],"tags":[],"yoast_head":"<!-- This site is optimized with the Yoast SEO plugin v18.0 - https:\/\/yoast.com\/wordpress\/plugins\/seo\/ -->\n<title>Piura: M\u00e1s de 35 mil ni\u00f1os con habilidades diferentes no reciben educaci\u00f3n - Red Peruana de Gestores de la Educaci\u00f3n<\/title>\n<meta name=\"robots\" content=\"index, follow, max-snippet:-1, max-image-preview:large, max-video-preview:-1\" \/>\n<link rel=\"canonical\" href=\"https:\/\/www.edugestores.pe\/?p=23995\" \/>\n<meta property=\"og:locale\" content=\"es_ES\" \/>\n<meta property=\"og:type\" content=\"article\" \/>\n<meta property=\"og:title\" content=\"Piura: M\u00e1s de 35 mil ni\u00f1os con habilidades diferentes no reciben educaci\u00f3n - Red Peruana de Gestores de la Educaci\u00f3n\" \/>\n<meta property=\"og:description\" content=\"Piura tiene un presupuesto de S\/9 millones para atender la educaci\u00f3n de estas personas. La educaci\u00f3n es un derecho fundamental [&hellip;]\" \/>\n<meta property=\"og:url\" content=\"https:\/\/www.edugestores.pe\/?p=23995\" \/>\n<meta property=\"og:site_name\" content=\"Red Peruana de Gestores de la Educaci\u00f3n\" \/>\n<meta property=\"article:published_time\" content=\"2019-12-20T22:09:18+00:00\" \/>\n<meta property=\"article:modified_time\" content=\"2019-12-30T12:40:36+00:00\" \/>\n<meta property=\"og:image\" content=\"https:\/\/www.edugestores.pe\/wp-content\/uploads\/2019\/12\/educaci\u00f3n-inclusiva-776x437.jpg\" \/>\n\t<meta property=\"og:image:width\" content=\"776\" \/>\n\t<meta property=\"og:image:height\" content=\"437\" \/>\n\t<meta property=\"og:image:type\" content=\"image\/jpeg\" \/>\n<meta name=\"twitter:card\" content=\"summary_large_image\" \/>\n<meta name=\"twitter:label1\" content=\"Escrito por\" \/>\n\t<meta name=\"twitter:data1\" content=\"Administrador\" \/>\n\t<meta name=\"twitter:label2\" content=\"Tiempo de lectura\" \/>\n\t<meta name=\"twitter:data2\" content=\"4 minutos\" \/>\n<script type=\"application\/ld+json\" class=\"yoast-schema-graph\">{\"@context\":\"https:\/\/schema.org\",\"@graph\":[{\"@type\":\"WebSite\",\"@id\":\"https:\/\/www.edugestores.pe\/#website\",\"url\":\"https:\/\/www.edugestores.pe\/\",\"name\":\"Red Peruana de Gestores de la Educaci\u00f3n\",\"description\":\"Red Peruana de Gestores de la Educaci\u00f3n\",\"potentialAction\":[{\"@type\":\"SearchAction\",\"target\":{\"@type\":\"EntryPoint\",\"urlTemplate\":\"https:\/\/www.edugestores.pe\/?s={search_term_string}\"},\"query-input\":\"required name=search_term_string\"}],\"inLanguage\":\"es\"},{\"@type\":\"ImageObject\",\"@id\":\"https:\/\/www.edugestores.pe\/?p=23995#primaryimage\",\"inLanguage\":\"es\",\"url\":\"https:\/\/www.edugestores.pe\/wp-content\/uploads\/2019\/12\/educaci\u00f3n-inclusiva-776x437.jpg\",\"contentUrl\":\"https:\/\/www.edugestores.pe\/wp-content\/uploads\/2019\/12\/educaci\u00f3n-inclusiva-776x437.jpg\",\"width\":776,\"height\":437},{\"@type\":\"WebPage\",\"@id\":\"https:\/\/www.edugestores.pe\/?p=23995#webpage\",\"url\":\"https:\/\/www.edugestores.pe\/?p=23995\",\"name\":\"Piura: M\u00e1s de 35 mil ni\u00f1os con habilidades diferentes no reciben educaci\u00f3n - Red Peruana de Gestores de la Educaci\u00f3n\",\"isPartOf\":{\"@id\":\"https:\/\/www.edugestores.pe\/#website\"},\"primaryImageOfPage\":{\"@id\":\"https:\/\/www.edugestores.pe\/?p=23995#primaryimage\"},\"datePublished\":\"2019-12-20T22:09:18+00:00\",\"dateModified\":\"2019-12-30T12:40:36+00:00\",\"author\":{\"@id\":\"https:\/\/www.edugestores.pe\/#\/schema\/person\/30dc82f35f5853289037a64b35c7c7d3\"},\"breadcrumb\":{\"@id\":\"https:\/\/www.edugestores.pe\/?p=23995#breadcrumb\"},\"inLanguage\":\"es\",\"potentialAction\":[{\"@type\":\"ReadAction\",\"target\":[\"https:\/\/www.edugestores.pe\/?p=23995\"]}]},{\"@type\":\"BreadcrumbList\",\"@id\":\"https:\/\/www.edugestores.pe\/?p=23995#breadcrumb\",\"itemListElement\":[{\"@type\":\"ListItem\",\"position\":1,\"name\":\"Portada\",\"item\":\"https:\/\/www.edugestores.pe\/\"},{\"@type\":\"ListItem\",\"position\":2,\"name\":\"Piura: M\u00e1s de 35 mil ni\u00f1os con habilidades diferentes no reciben educaci\u00f3n\"}]},{\"@type\":\"Person\",\"@id\":\"https:\/\/www.edugestores.pe\/#\/schema\/person\/30dc82f35f5853289037a64b35c7c7d3\",\"name\":\"Administrador\",\"image\":{\"@type\":\"ImageObject\",\"@id\":\"https:\/\/www.edugestores.pe\/#personlogo\",\"inLanguage\":\"es\",\"url\":\"https:\/\/secure.gravatar.com\/avatar\/70960d1239c4d2c778bb3d2786a3c1ae?s=96&d=mm&r=g\",\"contentUrl\":\"https:\/\/secure.gravatar.com\/avatar\/70960d1239c4d2c778bb3d2786a3c1ae?s=96&d=mm&r=g\",\"caption\":\"Administrador\"},\"url\":\"https:\/\/www.edugestores.pe\/?author=63\"}]}<\/script>\n<!-- \/ Yoast SEO plugin. -->","yoast_head_json":{"title":"Piura: M\u00e1s de 35 mil ni\u00f1os con habilidades diferentes no reciben educaci\u00f3n - Red Peruana de Gestores de la Educaci\u00f3n","robots":{"index":"index","follow":"follow","max-snippet":"max-snippet:-1","max-image-preview":"max-image-preview:large","max-video-preview":"max-video-preview:-1"},"canonical":"https:\/\/www.edugestores.pe\/?p=23995","og_locale":"es_ES","og_type":"article","og_title":"Piura: M\u00e1s de 35 mil ni\u00f1os con habilidades diferentes no reciben educaci\u00f3n - Red Peruana de Gestores de la Educaci\u00f3n","og_description":"Piura tiene un presupuesto de S\/9 millones para atender la educaci\u00f3n de estas personas. La educaci\u00f3n es un derecho fundamental [&hellip;]","og_url":"https:\/\/www.edugestores.pe\/?p=23995","og_site_name":"Red Peruana de Gestores de la Educaci\u00f3n","article_published_time":"2019-12-20T22:09:18+00:00","article_modified_time":"2019-12-30T12:40:36+00:00","og_image":[{"width":776,"height":437,"url":"https:\/\/www.edugestores.pe\/wp-content\/uploads\/2019\/12\/educaci\u00f3n-inclusiva-776x437.jpg","type":"image\/jpeg"}],"twitter_card":"summary_large_image","twitter_misc":{"Escrito por":"Administrador","Tiempo de lectura":"4 minutos"},"schema":{"@context":"https:\/\/schema.org","@graph":[{"@type":"WebSite","@id":"https:\/\/www.edugestores.pe\/#website","url":"https:\/\/www.edugestores.pe\/","name":"Red Peruana de Gestores de la Educaci\u00f3n","description":"Red Peruana de Gestores de la Educaci\u00f3n","potentialAction":[{"@type":"SearchAction","target":{"@type":"EntryPoint","urlTemplate":"https:\/\/www.edugestores.pe\/?s={search_term_string}"},"query-input":"required name=search_term_string"}],"inLanguage":"es"},{"@type":"ImageObject","@id":"https:\/\/www.edugestores.pe\/?p=23995#primaryimage","inLanguage":"es","url":"https:\/\/www.edugestores.pe\/wp-content\/uploads\/2019\/12\/educaci\u00f3n-inclusiva-776x437.jpg","contentUrl":"https:\/\/www.edugestores.pe\/wp-content\/uploads\/2019\/12\/educaci\u00f3n-inclusiva-776x437.jpg","width":776,"height":437},{"@type":"WebPage","@id":"https:\/\/www.edugestores.pe\/?p=23995#webpage","url":"https:\/\/www.edugestores.pe\/?p=23995","name":"Piura: M\u00e1s de 35 mil ni\u00f1os con habilidades diferentes no reciben educaci\u00f3n - Red Peruana de Gestores de la Educaci\u00f3n","isPartOf":{"@id":"https:\/\/www.edugestores.pe\/#website"},"primaryImageOfPage":{"@id":"https:\/\/www.edugestores.pe\/?p=23995#primaryimage"},"datePublished":"2019-12-20T22:09:18+00:00","dateModified":"2019-12-30T12:40:36+00:00","author":{"@id":"https:\/\/www.edugestores.pe\/#\/schema\/person\/30dc82f35f5853289037a64b35c7c7d3"},"breadcrumb":{"@id":"https:\/\/www.edugestores.pe\/?p=23995#breadcrumb"},"inLanguage":"es","potentialAction":[{"@type":"ReadAction","target":["https:\/\/www.edugestores.pe\/?p=23995"]}]},{"@type":"BreadcrumbList","@id":"https:\/\/www.edugestores.pe\/?p=23995#breadcrumb","itemListElement":[{"@type":"ListItem","position":1,"name":"Portada","item":"https:\/\/www.edugestores.pe\/"},{"@type":"ListItem","position":2,"name":"Piura: M\u00e1s de 35 mil ni\u00f1os con habilidades diferentes no reciben educaci\u00f3n"}]},{"@type":"Person","@id":"https:\/\/www.edugestores.pe\/#\/schema\/person\/30dc82f35f5853289037a64b35c7c7d3","name":"Administrador","image":{"@type":"ImageObject","@id":"https:\/\/www.edugestores.pe\/#personlogo","inLanguage":"es","url":"https:\/\/secure.gravatar.com\/avatar\/70960d1239c4d2c778bb3d2786a3c1ae?s=96&d=mm&r=g","contentUrl":"https:\/\/secure.gravatar.com\/avatar\/70960d1239c4d2c778bb3d2786a3c1ae?s=96&d=mm&r=g","caption":"Administrador"},"url":"https:\/\/www.edugestores.pe\/?author=63"}]}},"jetpack_featured_media_url":"https:\/\/www.edugestores.pe\/wp-content\/uploads\/2019\/12\/educaci\u00f3n-inclusiva-776x437.jpg","_links":{"self":[{"href":"https:\/\/www.edugestores.pe\/index.php?rest_route=\/wp\/v2\/posts\/23995"}],"collection":[{"href":"https:\/\/www.edugestores.pe\/index.php?rest_route=\/wp\/v2\/posts"}],"about":[{"href":"https:\/\/www.edugestores.pe\/index.php?rest_route=\/wp\/v2\/types\/post"}],"author":[{"embeddable":true,"href":"https:\/\/www.edugestores.pe\/index.php?rest_route=\/wp\/v2\/users\/63"}],"replies":[{"embeddable":true,"href":"https:\/\/www.edugestores.pe\/index.php?rest_route=%2Fwp%2Fv2%2Fcomments&post=23995"}],"version-history":[{"count":1,"href":"https:\/\/www.edugestores.pe\/index.php?rest_route=\/wp\/v2\/posts\/23995\/revisions"}],"predecessor-version":[{"id":23997,"href":"https:\/\/www.edugestores.pe\/index.php?rest_route=\/wp\/v2\/posts\/23995\/revisions\/23997"}],"wp:featuredmedia":[{"embeddable":true,"href":"https:\/\/www.edugestores.pe\/index.php?rest_route=\/wp\/v2\/media\/23996"}],"wp:attachment":[{"href":"https:\/\/www.edugestores.pe\/index.php?rest_route=%2Fwp%2Fv2%2Fmedia&parent=23995"}],"wp:term":[{"taxonomy":"category","embeddable":true,"href":"https:\/\/www.edugestores.pe\/index.php?rest_route=%2Fwp%2Fv2%2Fcategories&post=23995"},{"taxonomy":"post_tag","embeddable":true,"href":"https:\/\/www.edugestores.pe\/index.php?rest_route=%2Fwp%2Fv2%2Ftags&post=23995"}],"curies":[{"name":"wp","href":"https:\/\/api.w.org\/{rel}","templated":true}]}}