{"id":24087,"date":"2020-01-13T23:14:06","date_gmt":"2020-01-14T04:14:06","guid":{"rendered":"https:\/\/www.edugestores.pe\/?p=24087"},"modified":"2020-02-11T11:36:02","modified_gmt":"2020-02-11T16:36:02","slug":"abren-inscripciones-a-programa-regional-de-formacion-en-planeamiento-y-gestion-de-politicas-educativas","status":"publish","type":"post","link":"https:\/\/www.edugestores.pe\/?p=24087","title":{"rendered":"Abren inscripciones a Programa Regional de Formaci\u00f3n en Planeamiento y Gesti\u00f3n de Pol\u00edticas Educativas"},"content":{"rendered":"<p style=\"text-align: justify;\">Se han abierto las inscripciones para el\u00a0<a href=\"https:\/\/www.buenosaires.iiep.unesco.org\/es\/formacion\/proyectos\/programa-regional-de-formacion-en-planeamiento-y-gestion-de-politicas\">Programa Regional de Formaci\u00f3n en Planeamiento y Gesti\u00f3n de Pol\u00edticas Educativas<\/a>, que organiza el Instituto Internacional de Planeamiento de la Educaci\u00f3n (IIPE) de la Organizaci\u00f3n de las Naciones Unidas para la Educaci\u00f3n, la Ciencia y la Cultura (UNESCO), con sede en Buenos Aires.<\/p>\n<p style=\"text-align: justify;\">Este programa est\u00e1 dirigido a funcionarios\u00a0que realicen actividades de generaci\u00f3n de informaci\u00f3n, an\u00e1lisis de datos, formulaci\u00f3n, planificaci\u00f3n, implementaci\u00f3n y evaluaci\u00f3n de programas, planes y pol\u00edticas de educaci\u00f3n. Tambi\u00e9n a profesionales que trabajen en las \u00e1reas de investigaci\u00f3n educativa, estad\u00edstica de la educaci\u00f3n, planificaci\u00f3n educativa, evaluaci\u00f3n educativa, curr\u00edculo y desarrollo profesional docente. Y a l\u00edderes sociales, parlamentarios o sindicales con reconocida trayectoria, interesados en la planificaci\u00f3n y la gesti\u00f3n de sistemas educativos.<\/p>\n<p style=\"font-weight: 400; text-align: justify;\">El curso consiste en dos etapas, de formaci\u00f3n (20 semanas de cursada y 3 semanas libres), que se desarrolla en los lugares de residencia de los participantes, quienes durante 20 semanas toman cinco cursos de formaci\u00f3n a trav\u00e9s del Campus Virtual. Y la etapa de encuentro presencial (1 semana), que se desarrolla en el\u00a0<em>pa\u00eds anfitri\u00f3n (por definir)<\/em>, e incluye conferencias, talleres participativos y visitas de observaci\u00f3n territorial al sistema educativo de ese pa\u00eds.<\/p>\n<p class=\"text-align-justify\" style=\"text-align: justify;\">El Programa Regional es un espacio de formaci\u00f3n realizado anualmente desde los inicios de IIPE UNESCO en Am\u00e9rica Latina, al cual han asistido funcionarios y profesionales de la educaci\u00f3n de diferentes niveles de gobierno, provenientes de numerosos pa\u00edses de Am\u00e9rica Latina y de pa\u00edses africanos hispano y lusoparlantes.<\/p>\n<p class=\"text-align-justify\" dir=\"ltr\" style=\"text-align: justify;\">Hasta el a\u00f1o 2019, 542 profesionales y funcionarios han egresado exitosamente de este programa.<\/p>\n<p class=\"text-align-justify\" dir=\"ltr\" style=\"text-align: justify;\">Las inscripciones estar\u00e1n abiertas hasta el 26 de marzo. <a href=\"https:\/\/www.buenosaires.iiep.unesco.org\/es\/formacion\/proyectos\/programa-regional-de-formacion-en-planeamiento-y-gestion-de-politicas\">Aqu\u00ed la p\u00e1gina<\/a>.<\/p>\n<p class=\"text-align-justify\" dir=\"ltr\" style=\"text-align: justify;\">Para m\u00e1s informaci\u00f3n sobre los programas, puede escribir a:\u00a0<a href=\"https:\/\/emailpanel.net\/l\/892cXEZwk8JNryZYb892k3Tafw\/fL9SBylsw9esGBC4r763X4892A\/CL7636ttm7c6JM763dRVSZAUSg\" target=\"_blank\" rel=\"noreferrer\" data-saferedirecturl=\"https:\/\/www.google.com\/url?q=https:\/\/emailpanel.net\/l\/892cXEZwk8JNryZYb892k3Tafw\/fL9SBylsw9esGBC4r763X4892A\/CL7636ttm7c6JM763dRVSZAUSg&amp;source=gmail&amp;ust=1578854022462000&amp;usg=AFQjCNESEi1uqV4V3BIQa5-d8ggDrLCT0A\">pvf@iiep.unesco.org<\/a>\u00a0o\u00a0<a href=\"https:\/\/emailpanel.net\/l\/892cXEZwk8JNryZYb892k3Tafw\/mThc6lNl4oY892nCVlW4OZ1g\/CL7636ttm7c6JM763dRVSZAUSg\" target=\"_blank\" rel=\"noreferrer\" data-saferedirecturl=\"https:\/\/www.google.com\/url?q=https:\/\/emailpanel.net\/l\/892cXEZwk8JNryZYb892k3Tafw\/mThc6lNl4oY892nCVlW4OZ1g\/CL7636ttm7c6JM763dRVSZAUSg&amp;source=gmail&amp;ust=1578854022462000&amp;usg=AFQjCNGSEUfPXlr6gaR2viXHCvRNKKwuIQ\">programaregional@iiep.unesco.<wbr \/>org<\/a><\/p>\n","protected":false},"excerpt":{"rendered":"<p>Se han abierto las inscripciones para el\u00a0Programa Regional de Formaci\u00f3n en Planeamiento y Gesti\u00f3n de Pol\u00edticas Educativas, que organiza el [&hellip;]<\/p>\n","protected":false},"author":63,"featured_media":24114,"comment_status":"open","ping_status":"open","sticky":false,"template":"","format":"standard","meta":{"spay_email":""},"categories":[125,1413],"tags":[],"yoast_head":"<!-- This site is optimized with the Yoast SEO plugin v18.0 - https:\/\/yoast.com\/wordpress\/plugins\/seo\/ -->\n<title>Abren inscripciones a Programa Regional de Formaci\u00f3n en Planeamiento y Gesti\u00f3n de Pol\u00edticas Educativas - Red Peruana de Gestores de la Educaci\u00f3n<\/title>\n<meta name=\"robots\" content=\"index, follow, max-snippet:-1, max-image-preview:large, max-video-preview:-1\" \/>\n<link rel=\"canonical\" href=\"https:\/\/www.edugestores.pe\/?p=24087\" \/>\n<meta property=\"og:locale\" content=\"es_ES\" \/>\n<meta property=\"og:type\" content=\"article\" \/>\n<meta property=\"og:title\" content=\"Abren inscripciones a Programa Regional de Formaci\u00f3n en Planeamiento y Gesti\u00f3n de Pol\u00edticas Educativas - Red Peruana de Gestores de la Educaci\u00f3n\" \/>\n<meta property=\"og:description\" content=\"Se han abierto las inscripciones para el\u00a0Programa Regional de Formaci\u00f3n en Planeamiento y Gesti\u00f3n de Pol\u00edticas Educativas, que organiza el [&hellip;]\" \/>\n<meta property=\"og:url\" content=\"https:\/\/www.edugestores.pe\/?p=24087\" \/>\n<meta property=\"og:site_name\" content=\"Red Peruana de Gestores de la Educaci\u00f3n\" \/>\n<meta property=\"article:published_time\" content=\"2020-01-14T04:14:06+00:00\" \/>\n<meta property=\"article:modified_time\" content=\"2020-02-11T16:36:02+00:00\" \/>\n<meta property=\"og:image\" content=\"https:\/\/www.edugestores.pe\/wp-content\/uploads\/2020\/01\/pr-2019-06_11.png\" \/>\n\t<meta property=\"og:image:width\" content=\"1440\" \/>\n\t<meta property=\"og:image:height\" content=\"450\" \/>\n\t<meta property=\"og:image:type\" content=\"image\/png\" \/>\n<meta name=\"twitter:card\" content=\"summary_large_image\" \/>\n<meta name=\"twitter:label1\" content=\"Escrito por\" \/>\n\t<meta name=\"twitter:data1\" content=\"Administrador\" \/>\n\t<meta name=\"twitter:label2\" content=\"Tiempo de lectura\" \/>\n\t<meta name=\"twitter:data2\" content=\"2 minutos\" \/>\n<script type=\"application\/ld+json\" class=\"yoast-schema-graph\">{\"@context\":\"https:\/\/schema.org\",\"@graph\":[{\"@type\":\"WebSite\",\"@id\":\"https:\/\/www.edugestores.pe\/#website\",\"url\":\"https:\/\/www.edugestores.pe\/\",\"name\":\"Red Peruana de Gestores de la Educaci\u00f3n\",\"description\":\"Red Peruana de Gestores de la Educaci\u00f3n\",\"potentialAction\":[{\"@type\":\"SearchAction\",\"target\":{\"@type\":\"EntryPoint\",\"urlTemplate\":\"https:\/\/www.edugestores.pe\/?s={search_term_string}\"},\"query-input\":\"required name=search_term_string\"}],\"inLanguage\":\"es\"},{\"@type\":\"ImageObject\",\"@id\":\"https:\/\/www.edugestores.pe\/?p=24087#primaryimage\",\"inLanguage\":\"es\",\"url\":\"https:\/\/www.edugestores.pe\/wp-content\/uploads\/2020\/01\/pr-2019-06_11.png\",\"contentUrl\":\"https:\/\/www.edugestores.pe\/wp-content\/uploads\/2020\/01\/pr-2019-06_11.png\",\"width\":1440,\"height\":450},{\"@type\":\"WebPage\",\"@id\":\"https:\/\/www.edugestores.pe\/?p=24087#webpage\",\"url\":\"https:\/\/www.edugestores.pe\/?p=24087\",\"name\":\"Abren inscripciones a Programa Regional de Formaci\u00f3n en Planeamiento y Gesti\u00f3n de Pol\u00edticas Educativas - Red Peruana de Gestores de la Educaci\u00f3n\",\"isPartOf\":{\"@id\":\"https:\/\/www.edugestores.pe\/#website\"},\"primaryImageOfPage\":{\"@id\":\"https:\/\/www.edugestores.pe\/?p=24087#primaryimage\"},\"datePublished\":\"2020-01-14T04:14:06+00:00\",\"dateModified\":\"2020-02-11T16:36:02+00:00\",\"author\":{\"@id\":\"https:\/\/www.edugestores.pe\/#\/schema\/person\/30dc82f35f5853289037a64b35c7c7d3\"},\"breadcrumb\":{\"@id\":\"https:\/\/www.edugestores.pe\/?p=24087#breadcrumb\"},\"inLanguage\":\"es\",\"potentialAction\":[{\"@type\":\"ReadAction\",\"target\":[\"https:\/\/www.edugestores.pe\/?p=24087\"]}]},{\"@type\":\"BreadcrumbList\",\"@id\":\"https:\/\/www.edugestores.pe\/?p=24087#breadcrumb\",\"itemListElement\":[{\"@type\":\"ListItem\",\"position\":1,\"name\":\"Portada\",\"item\":\"https:\/\/www.edugestores.pe\/\"},{\"@type\":\"ListItem\",\"position\":2,\"name\":\"Abren inscripciones a Programa Regional de Formaci\u00f3n en Planeamiento y Gesti\u00f3n de Pol\u00edticas Educativas\"}]},{\"@type\":\"Person\",\"@id\":\"https:\/\/www.edugestores.pe\/#\/schema\/person\/30dc82f35f5853289037a64b35c7c7d3\",\"name\":\"Administrador\",\"image\":{\"@type\":\"ImageObject\",\"@id\":\"https:\/\/www.edugestores.pe\/#personlogo\",\"inLanguage\":\"es\",\"url\":\"https:\/\/secure.gravatar.com\/avatar\/70960d1239c4d2c778bb3d2786a3c1ae?s=96&d=mm&r=g\",\"contentUrl\":\"https:\/\/secure.gravatar.com\/avatar\/70960d1239c4d2c778bb3d2786a3c1ae?s=96&d=mm&r=g\",\"caption\":\"Administrador\"},\"url\":\"https:\/\/www.edugestores.pe\/?author=63\"}]}<\/script>\n<!-- \/ Yoast SEO plugin. -->","yoast_head_json":{"title":"Abren inscripciones a Programa Regional de Formaci\u00f3n en Planeamiento y Gesti\u00f3n de Pol\u00edticas Educativas - Red Peruana de Gestores de la Educaci\u00f3n","robots":{"index":"index","follow":"follow","max-snippet":"max-snippet:-1","max-image-preview":"max-image-preview:large","max-video-preview":"max-video-preview:-1"},"canonical":"https:\/\/www.edugestores.pe\/?p=24087","og_locale":"es_ES","og_type":"article","og_title":"Abren inscripciones a Programa Regional de Formaci\u00f3n en Planeamiento y Gesti\u00f3n de Pol\u00edticas Educativas - Red Peruana de Gestores de la Educaci\u00f3n","og_description":"Se han abierto las inscripciones para el\u00a0Programa Regional de Formaci\u00f3n en Planeamiento y Gesti\u00f3n de Pol\u00edticas Educativas, que organiza el [&hellip;]","og_url":"https:\/\/www.edugestores.pe\/?p=24087","og_site_name":"Red Peruana de Gestores de la Educaci\u00f3n","article_published_time":"2020-01-14T04:14:06+00:00","article_modified_time":"2020-02-11T16:36:02+00:00","og_image":[{"width":1440,"height":450,"url":"https:\/\/www.edugestores.pe\/wp-content\/uploads\/2020\/01\/pr-2019-06_11.png","type":"image\/png"}],"twitter_card":"summary_large_image","twitter_misc":{"Escrito por":"Administrador","Tiempo de lectura":"2 minutos"},"schema":{"@context":"https:\/\/schema.org","@graph":[{"@type":"WebSite","@id":"https:\/\/www.edugestores.pe\/#website","url":"https:\/\/www.edugestores.pe\/","name":"Red Peruana de Gestores de la Educaci\u00f3n","description":"Red Peruana de Gestores de la Educaci\u00f3n","potentialAction":[{"@type":"SearchAction","target":{"@type":"EntryPoint","urlTemplate":"https:\/\/www.edugestores.pe\/?s={search_term_string}"},"query-input":"required name=search_term_string"}],"inLanguage":"es"},{"@type":"ImageObject","@id":"https:\/\/www.edugestores.pe\/?p=24087#primaryimage","inLanguage":"es","url":"https:\/\/www.edugestores.pe\/wp-content\/uploads\/2020\/01\/pr-2019-06_11.png","contentUrl":"https:\/\/www.edugestores.pe\/wp-content\/uploads\/2020\/01\/pr-2019-06_11.png","width":1440,"height":450},{"@type":"WebPage","@id":"https:\/\/www.edugestores.pe\/?p=24087#webpage","url":"https:\/\/www.edugestores.pe\/?p=24087","name":"Abren inscripciones a Programa Regional de Formaci\u00f3n en Planeamiento y Gesti\u00f3n de Pol\u00edticas Educativas - Red Peruana de Gestores de la Educaci\u00f3n","isPartOf":{"@id":"https:\/\/www.edugestores.pe\/#website"},"primaryImageOfPage":{"@id":"https:\/\/www.edugestores.pe\/?p=24087#primaryimage"},"datePublished":"2020-01-14T04:14:06+00:00","dateModified":"2020-02-11T16:36:02+00:00","author":{"@id":"https:\/\/www.edugestores.pe\/#\/schema\/person\/30dc82f35f5853289037a64b35c7c7d3"},"breadcrumb":{"@id":"https:\/\/www.edugestores.pe\/?p=24087#breadcrumb"},"inLanguage":"es","potentialAction":[{"@type":"ReadAction","target":["https:\/\/www.edugestores.pe\/?p=24087"]}]},{"@type":"BreadcrumbList","@id":"https:\/\/www.edugestores.pe\/?p=24087#breadcrumb","itemListElement":[{"@type":"ListItem","position":1,"name":"Portada","item":"https:\/\/www.edugestores.pe\/"},{"@type":"ListItem","position":2,"name":"Abren inscripciones a Programa Regional de Formaci\u00f3n en Planeamiento y Gesti\u00f3n de Pol\u00edticas Educativas"}]},{"@type":"Person","@id":"https:\/\/www.edugestores.pe\/#\/schema\/person\/30dc82f35f5853289037a64b35c7c7d3","name":"Administrador","image":{"@type":"ImageObject","@id":"https:\/\/www.edugestores.pe\/#personlogo","inLanguage":"es","url":"https:\/\/secure.gravatar.com\/avatar\/70960d1239c4d2c778bb3d2786a3c1ae?s=96&d=mm&r=g","contentUrl":"https:\/\/secure.gravatar.com\/avatar\/70960d1239c4d2c778bb3d2786a3c1ae?s=96&d=mm&r=g","caption":"Administrador"},"url":"https:\/\/www.edugestores.pe\/?author=63"}]}},"jetpack_featured_media_url":"https:\/\/www.edugestores.pe\/wp-content\/uploads\/2020\/01\/pr-2019-06_11.png","_links":{"self":[{"href":"https:\/\/www.edugestores.pe\/index.php?rest_route=\/wp\/v2\/posts\/24087"}],"collection":[{"href":"https:\/\/www.edugestores.pe\/index.php?rest_route=\/wp\/v2\/posts"}],"about":[{"href":"https:\/\/www.edugestores.pe\/index.php?rest_route=\/wp\/v2\/types\/post"}],"author":[{"embeddable":true,"href":"https:\/\/www.edugestores.pe\/index.php?rest_route=\/wp\/v2\/users\/63"}],"replies":[{"embeddable":true,"href":"https:\/\/www.edugestores.pe\/index.php?rest_route=%2Fwp%2Fv2%2Fcomments&post=24087"}],"version-history":[{"count":1,"href":"https:\/\/www.edugestores.pe\/index.php?rest_route=\/wp\/v2\/posts\/24087\/revisions"}],"predecessor-version":[{"id":24115,"href":"https:\/\/www.edugestores.pe\/index.php?rest_route=\/wp\/v2\/posts\/24087\/revisions\/24115"}],"wp:featuredmedia":[{"embeddable":true,"href":"https:\/\/www.edugestores.pe\/index.php?rest_route=\/wp\/v2\/media\/24114"}],"wp:attachment":[{"href":"https:\/\/www.edugestores.pe\/index.php?rest_route=%2Fwp%2Fv2%2Fmedia&parent=24087"}],"wp:term":[{"taxonomy":"category","embeddable":true,"href":"https:\/\/www.edugestores.pe\/index.php?rest_route=%2Fwp%2Fv2%2Fcategories&post=24087"},{"taxonomy":"post_tag","embeddable":true,"href":"https:\/\/www.edugestores.pe\/index.php?rest_route=%2Fwp%2Fv2%2Ftags&post=24087"}],"curies":[{"name":"wp","href":"https:\/\/api.w.org\/{rel}","templated":true}]}}