{"id":24293,"date":"2020-02-14T09:00:16","date_gmt":"2020-02-14T14:00:16","guid":{"rendered":"https:\/\/www.edugestores.pe\/?p=24293"},"modified":"2020-03-03T09:46:35","modified_gmt":"2020-03-03T14:46:35","slug":"comunidad-educativa-agradece-labor-a-exministra-flor-pablo","status":"publish","type":"post","link":"https:\/\/www.edugestores.pe\/?p=24293","title":{"rendered":"Comunidad educativa agradece labor a exministra Flor Pablo"},"content":{"rendered":"<p style=\"text-align: justify;\">Tras el anuncio de la salida del cargo de la\u00a0ministra de Educaci\u00f3n,\u00a0Flor Pablo Medina, quien renunci\u00f3 este jueves, la comunidad educativa manifest\u00f3 a trav\u00e9s de las redes sociales su sorpresa y tambi\u00e9n mostr\u00f3 su agradecimiento por el rol desarrollado en este a\u00f1o de gesti\u00f3n. El Gobierno acept\u00f3 la dimisi\u00f3n de la titular del Minedu, quien permaneci\u00f3 en dicho puesto desde el 11 de marzo del 2019. Mart\u00edn Benavides, quien hasta ayer fue superintendente de Sunedu, asumi\u00f3 el cargo.<\/p>\n<p class=\"story-content__font--secondary mb-25 title-xs line-h-md mt-20 secondary-font pr-20\" style=\"text-align: justify;\">\n<p style=\"text-align: justify;\">En Edugestores, hemos constatado que Flor Pablo fue una ministra cercana a los docentes y a los principales actores del sector. En estos meses, enfrent\u00f3 con firmeza conflictos, como los presentado apenas asumi\u00f3 el cargo en torno a las cr\u00edticas a la equidad de g\u00e9nero en el Curr\u00edculo Nacional, la corrupci\u00f3n en el sector, la informalidad en la educaci\u00f3n privada, por ejemplo.\u00a0 La comunidad de gestores de la educaci\u00f3n agradece\u00a0su gesti\u00f3n al frente del Minedu, ya que afirm\u00f3 una relaci\u00f3n intergubernamental donde acentu\u00f3 la relaci\u00f3n con los gobiernos regionales, en los t\u00e9rminos que varios de nuestros miembros en\u00a0Edugestores\u00a0han compartido.<\/p>\n<p style=\"text-align: justify;\">Ayer, la UGEL Chep\u00e9n agradeci\u00f3 a la ministra Flor Pablo por su trabajo en mejora de la educaci\u00f3n, y le desearon los mejores \u00e9xitos. Por su parte, la UGEL Pacasmayo expres\u00f3 su agradecimiento por su apoyo en la gesti\u00f3n educativa durante el tiempo como ministra &#8220;Damos recocimiento y gratitud a la se\u00f1ora Flor Pablo, ex ministra de Educaci\u00f3n, por su ejemplar desempe\u00f1o en la conducci\u00f3n del ministerio y que inspira a todo el sector Educaci\u00f3n&#8221;. Desde\u00a0Loreto,\u00a0se le enviaron mensajes de\u00a0confianza y compromiso para trabajar de manera participativa mirando el territorio.<\/p>\n<div style=\"text-align: justify;\">\n<div class=\"css-1dbjc4n r-my5ep6 r-qklmqi r-1adg3ll\">\n<article class=\"css-1dbjc4n r-1udh08x\" tabindex=\"0\" data-focusable=\"true\">\n<div class=\"css-1dbjc4n r-1j3t67a\">\n<div class=\"css-901oao r-hkyrab r-1qd0xha r-1blvdjr r-16dba41 r-ad9z0x r-bcqeeo r-19yat4t r-bnwqim r-qvutc0\" dir=\"auto\" lang=\"es\"><span class=\"css-901oao css-16my406 r-1qd0xha r-ad9z0x r-bcqeeo r-qvutc0\">En su cuenta de Twitter, Flor Pablo agradeci\u00f3 al presidente Mart\u00edn Vizcarra por darle<\/span><span class=\"css-901oao css-16my406 r-1qd0xha r-ad9z0x r-bcqeeo r-qvutc0\">\u00a0la oportunidad de servir al pa\u00eds como ministra de Educaci\u00f3n; &#8220;al equipo profesional comprometido que me acompa\u00f1\u00f3 en el Minedu,\u00a0<\/span><span class=\"css-901oao css-16my406 r-1qd0xha r-ad9z0x r-bcqeeo r-qvutc0\">con quienes trabajamos para que nuestros estudiantes sean cada d\u00eda mejores ciudadanos, y<\/span>\u00a0puedan hacer realidad sus proyectos de vida, especialmente aquellos de nuestras zonas m\u00e1s empobrecidas. Todo mi respeto y reconocimiento a mis colegas docentes, por quienes encaminamos mejoras en la carrera magisterial y cumplimos los compromisos asumidos&#8221;.<\/div>\n<\/div>\n<\/article>\n<\/div>\n<\/div>\n<div style=\"text-align: justify;\"><\/div>\n<div>\n<div class=\"css-1dbjc4n r-my5ep6 r-qklmqi r-1adg3ll\">\n<article class=\"css-1dbjc4n r-1loqt21 r-1udh08x r-o7ynqc r-1j63xyz\" tabindex=\"0\" data-focusable=\"true\">\n<div class=\"css-1dbjc4n r-1j3t67a\">\n<div class=\"css-1dbjc4n r-18u37iz r-thb0q2\" style=\"text-align: justify;\" data-testid=\"tweet\">\n<div class=\"css-1dbjc4n r-1iusvr4 r-16y2uox r-1777fci r-5f2r5o r-1mi0q7o\">\n<div id=\"tweet-text\" class=\"css-901oao r-hkyrab r-1qd0xha r-a023e6 r-16dba41 r-ad9z0x r-bcqeeo r-bnwqim r-qvutc0\" dir=\"auto\" lang=\"es\"><span class=\"css-901oao css-16my406 r-1qd0xha r-ad9z0x r-bcqeeo r-qvutc0\">Dijo, adem\u00e1s, que &#8220;Los avances en estos meses son producto del trabajo conjunto con los gobiernos regionales, aliados y ciudadanos comprometidos. Como maestra, mi lugar siempre fue y ser\u00e1 la educaci\u00f3n&#8221;.<\/span><\/div>\n<div class=\"css-901oao r-hkyrab r-1qd0xha r-a023e6 r-16dba41 r-ad9z0x r-bcqeeo r-bnwqim r-qvutc0\" dir=\"auto\" lang=\"es\"><\/div>\n<\/div>\n<\/div>\n<div class=\"css-901oao r-hkyrab r-1qd0xha r-a023e6 r-16dba41 r-ad9z0x r-bcqeeo r-bnwqim r-qvutc0\" dir=\"auto\" lang=\"es\" style=\"text-align: justify;\">Desde Edugestores confiamos en que las apuestas que orien<span class=\"text_exposed_show\">taron la gesti\u00f3n de Flor Pablo (fortalecimiento de la educaci\u00f3n publica, condiciones m\u00ednimas de calidad en las instituciones educativas p\u00fablicas y privadas, entre otras) y que sus viceministros y directores generales se encargaron de plasmar en planes, normas, gu\u00edas y otros dispositivos, contin\u00faen vigentes y sean perfeccionadas, si eso fuera necesario, por la actual gesti\u00f3n.<\/span><\/div>\n<\/div>\n<\/article>\n<\/div>\n<\/div>\n","protected":false},"excerpt":{"rendered":"<p>Tras el anuncio de la salida del cargo de la\u00a0ministra de Educaci\u00f3n,\u00a0Flor Pablo Medina, quien renunci\u00f3 este jueves, la comunidad [&hellip;]<\/p>\n","protected":false},"author":63,"featured_media":24294,"comment_status":"open","ping_status":"open","sticky":false,"template":"","format":"standard","meta":{"spay_email":""},"categories":[125,1413],"tags":[],"yoast_head":"<!-- This site is optimized with the Yoast SEO plugin v18.0 - https:\/\/yoast.com\/wordpress\/plugins\/seo\/ -->\n<title>Comunidad educativa agradece labor a exministra Flor Pablo - Red Peruana de Gestores de la Educaci\u00f3n<\/title>\n<meta name=\"robots\" content=\"index, follow, max-snippet:-1, max-image-preview:large, max-video-preview:-1\" \/>\n<link rel=\"canonical\" href=\"https:\/\/www.edugestores.pe\/?p=24293\" \/>\n<meta property=\"og:locale\" content=\"es_ES\" \/>\n<meta property=\"og:type\" content=\"article\" \/>\n<meta property=\"og:title\" content=\"Comunidad educativa agradece labor a exministra Flor Pablo - Red Peruana de Gestores de la Educaci\u00f3n\" \/>\n<meta property=\"og:description\" content=\"Tras el anuncio de la salida del cargo de la\u00a0ministra de Educaci\u00f3n,\u00a0Flor Pablo Medina, quien renunci\u00f3 este jueves, la comunidad [&hellip;]\" \/>\n<meta property=\"og:url\" content=\"https:\/\/www.edugestores.pe\/?p=24293\" \/>\n<meta property=\"og:site_name\" content=\"Red Peruana de Gestores de la Educaci\u00f3n\" \/>\n<meta property=\"article:published_time\" content=\"2020-02-14T14:00:16+00:00\" \/>\n<meta property=\"article:modified_time\" content=\"2020-03-03T14:46:35+00:00\" \/>\n<meta property=\"og:image\" content=\"https:\/\/www.edugestores.pe\/wp-content\/uploads\/2020\/02\/flor-pablo-ministra.jpg\" \/>\n\t<meta property=\"og:image:width\" content=\"980\" \/>\n\t<meta property=\"og:image:height\" content=\"528\" \/>\n\t<meta property=\"og:image:type\" content=\"image\/jpeg\" \/>\n<meta name=\"twitter:card\" content=\"summary_large_image\" \/>\n<meta name=\"twitter:label1\" content=\"Escrito por\" \/>\n\t<meta name=\"twitter:data1\" content=\"Administrador\" \/>\n\t<meta name=\"twitter:label2\" content=\"Tiempo de lectura\" \/>\n\t<meta name=\"twitter:data2\" content=\"2 minutos\" \/>\n<script type=\"application\/ld+json\" class=\"yoast-schema-graph\">{\"@context\":\"https:\/\/schema.org\",\"@graph\":[{\"@type\":\"WebSite\",\"@id\":\"https:\/\/www.edugestores.pe\/#website\",\"url\":\"https:\/\/www.edugestores.pe\/\",\"name\":\"Red Peruana de Gestores de la Educaci\u00f3n\",\"description\":\"Red Peruana de Gestores de la Educaci\u00f3n\",\"potentialAction\":[{\"@type\":\"SearchAction\",\"target\":{\"@type\":\"EntryPoint\",\"urlTemplate\":\"https:\/\/www.edugestores.pe\/?s={search_term_string}\"},\"query-input\":\"required name=search_term_string\"}],\"inLanguage\":\"es\"},{\"@type\":\"ImageObject\",\"@id\":\"https:\/\/www.edugestores.pe\/?p=24293#primaryimage\",\"inLanguage\":\"es\",\"url\":\"https:\/\/www.edugestores.pe\/wp-content\/uploads\/2020\/02\/flor-pablo-ministra.jpg\",\"contentUrl\":\"https:\/\/www.edugestores.pe\/wp-content\/uploads\/2020\/02\/flor-pablo-ministra.jpg\",\"width\":980,\"height\":528},{\"@type\":\"WebPage\",\"@id\":\"https:\/\/www.edugestores.pe\/?p=24293#webpage\",\"url\":\"https:\/\/www.edugestores.pe\/?p=24293\",\"name\":\"Comunidad educativa agradece labor a exministra Flor Pablo - Red Peruana de Gestores de la Educaci\u00f3n\",\"isPartOf\":{\"@id\":\"https:\/\/www.edugestores.pe\/#website\"},\"primaryImageOfPage\":{\"@id\":\"https:\/\/www.edugestores.pe\/?p=24293#primaryimage\"},\"datePublished\":\"2020-02-14T14:00:16+00:00\",\"dateModified\":\"2020-03-03T14:46:35+00:00\",\"author\":{\"@id\":\"https:\/\/www.edugestores.pe\/#\/schema\/person\/30dc82f35f5853289037a64b35c7c7d3\"},\"breadcrumb\":{\"@id\":\"https:\/\/www.edugestores.pe\/?p=24293#breadcrumb\"},\"inLanguage\":\"es\",\"potentialAction\":[{\"@type\":\"ReadAction\",\"target\":[\"https:\/\/www.edugestores.pe\/?p=24293\"]}]},{\"@type\":\"BreadcrumbList\",\"@id\":\"https:\/\/www.edugestores.pe\/?p=24293#breadcrumb\",\"itemListElement\":[{\"@type\":\"ListItem\",\"position\":1,\"name\":\"Portada\",\"item\":\"https:\/\/www.edugestores.pe\/\"},{\"@type\":\"ListItem\",\"position\":2,\"name\":\"Comunidad educativa agradece labor a exministra Flor Pablo\"}]},{\"@type\":\"Person\",\"@id\":\"https:\/\/www.edugestores.pe\/#\/schema\/person\/30dc82f35f5853289037a64b35c7c7d3\",\"name\":\"Administrador\",\"image\":{\"@type\":\"ImageObject\",\"@id\":\"https:\/\/www.edugestores.pe\/#personlogo\",\"inLanguage\":\"es\",\"url\":\"https:\/\/secure.gravatar.com\/avatar\/70960d1239c4d2c778bb3d2786a3c1ae?s=96&d=mm&r=g\",\"contentUrl\":\"https:\/\/secure.gravatar.com\/avatar\/70960d1239c4d2c778bb3d2786a3c1ae?s=96&d=mm&r=g\",\"caption\":\"Administrador\"},\"url\":\"https:\/\/www.edugestores.pe\/?author=63\"}]}<\/script>\n<!-- \/ Yoast SEO plugin. -->","yoast_head_json":{"title":"Comunidad educativa agradece labor a exministra Flor Pablo - Red Peruana de Gestores de la Educaci\u00f3n","robots":{"index":"index","follow":"follow","max-snippet":"max-snippet:-1","max-image-preview":"max-image-preview:large","max-video-preview":"max-video-preview:-1"},"canonical":"https:\/\/www.edugestores.pe\/?p=24293","og_locale":"es_ES","og_type":"article","og_title":"Comunidad educativa agradece labor a exministra Flor Pablo - Red Peruana de Gestores de la Educaci\u00f3n","og_description":"Tras el anuncio de la salida del cargo de la\u00a0ministra de Educaci\u00f3n,\u00a0Flor Pablo Medina, quien renunci\u00f3 este jueves, la comunidad [&hellip;]","og_url":"https:\/\/www.edugestores.pe\/?p=24293","og_site_name":"Red Peruana de Gestores de la Educaci\u00f3n","article_published_time":"2020-02-14T14:00:16+00:00","article_modified_time":"2020-03-03T14:46:35+00:00","og_image":[{"width":980,"height":528,"url":"https:\/\/www.edugestores.pe\/wp-content\/uploads\/2020\/02\/flor-pablo-ministra.jpg","type":"image\/jpeg"}],"twitter_card":"summary_large_image","twitter_misc":{"Escrito por":"Administrador","Tiempo de lectura":"2 minutos"},"schema":{"@context":"https:\/\/schema.org","@graph":[{"@type":"WebSite","@id":"https:\/\/www.edugestores.pe\/#website","url":"https:\/\/www.edugestores.pe\/","name":"Red Peruana de Gestores de la Educaci\u00f3n","description":"Red Peruana de Gestores de la Educaci\u00f3n","potentialAction":[{"@type":"SearchAction","target":{"@type":"EntryPoint","urlTemplate":"https:\/\/www.edugestores.pe\/?s={search_term_string}"},"query-input":"required name=search_term_string"}],"inLanguage":"es"},{"@type":"ImageObject","@id":"https:\/\/www.edugestores.pe\/?p=24293#primaryimage","inLanguage":"es","url":"https:\/\/www.edugestores.pe\/wp-content\/uploads\/2020\/02\/flor-pablo-ministra.jpg","contentUrl":"https:\/\/www.edugestores.pe\/wp-content\/uploads\/2020\/02\/flor-pablo-ministra.jpg","width":980,"height":528},{"@type":"WebPage","@id":"https:\/\/www.edugestores.pe\/?p=24293#webpage","url":"https:\/\/www.edugestores.pe\/?p=24293","name":"Comunidad educativa agradece labor a exministra Flor Pablo - Red Peruana de Gestores de la Educaci\u00f3n","isPartOf":{"@id":"https:\/\/www.edugestores.pe\/#website"},"primaryImageOfPage":{"@id":"https:\/\/www.edugestores.pe\/?p=24293#primaryimage"},"datePublished":"2020-02-14T14:00:16+00:00","dateModified":"2020-03-03T14:46:35+00:00","author":{"@id":"https:\/\/www.edugestores.pe\/#\/schema\/person\/30dc82f35f5853289037a64b35c7c7d3"},"breadcrumb":{"@id":"https:\/\/www.edugestores.pe\/?p=24293#breadcrumb"},"inLanguage":"es","potentialAction":[{"@type":"ReadAction","target":["https:\/\/www.edugestores.pe\/?p=24293"]}]},{"@type":"BreadcrumbList","@id":"https:\/\/www.edugestores.pe\/?p=24293#breadcrumb","itemListElement":[{"@type":"ListItem","position":1,"name":"Portada","item":"https:\/\/www.edugestores.pe\/"},{"@type":"ListItem","position":2,"name":"Comunidad educativa agradece labor a exministra Flor Pablo"}]},{"@type":"Person","@id":"https:\/\/www.edugestores.pe\/#\/schema\/person\/30dc82f35f5853289037a64b35c7c7d3","name":"Administrador","image":{"@type":"ImageObject","@id":"https:\/\/www.edugestores.pe\/#personlogo","inLanguage":"es","url":"https:\/\/secure.gravatar.com\/avatar\/70960d1239c4d2c778bb3d2786a3c1ae?s=96&d=mm&r=g","contentUrl":"https:\/\/secure.gravatar.com\/avatar\/70960d1239c4d2c778bb3d2786a3c1ae?s=96&d=mm&r=g","caption":"Administrador"},"url":"https:\/\/www.edugestores.pe\/?author=63"}]}},"jetpack_featured_media_url":"https:\/\/www.edugestores.pe\/wp-content\/uploads\/2020\/02\/flor-pablo-ministra.jpg","_links":{"self":[{"href":"https:\/\/www.edugestores.pe\/index.php?rest_route=\/wp\/v2\/posts\/24293"}],"collection":[{"href":"https:\/\/www.edugestores.pe\/index.php?rest_route=\/wp\/v2\/posts"}],"about":[{"href":"https:\/\/www.edugestores.pe\/index.php?rest_route=\/wp\/v2\/types\/post"}],"author":[{"embeddable":true,"href":"https:\/\/www.edugestores.pe\/index.php?rest_route=\/wp\/v2\/users\/63"}],"replies":[{"embeddable":true,"href":"https:\/\/www.edugestores.pe\/index.php?rest_route=%2Fwp%2Fv2%2Fcomments&post=24293"}],"version-history":[{"count":1,"href":"https:\/\/www.edugestores.pe\/index.php?rest_route=\/wp\/v2\/posts\/24293\/revisions"}],"predecessor-version":[{"id":24295,"href":"https:\/\/www.edugestores.pe\/index.php?rest_route=\/wp\/v2\/posts\/24293\/revisions\/24295"}],"wp:featuredmedia":[{"embeddable":true,"href":"https:\/\/www.edugestores.pe\/index.php?rest_route=\/wp\/v2\/media\/24294"}],"wp:attachment":[{"href":"https:\/\/www.edugestores.pe\/index.php?rest_route=%2Fwp%2Fv2%2Fmedia&parent=24293"}],"wp:term":[{"taxonomy":"category","embeddable":true,"href":"https:\/\/www.edugestores.pe\/index.php?rest_route=%2Fwp%2Fv2%2Fcategories&post=24293"},{"taxonomy":"post_tag","embeddable":true,"href":"https:\/\/www.edugestores.pe\/index.php?rest_route=%2Fwp%2Fv2%2Ftags&post=24293"}],"curies":[{"name":"wp","href":"https:\/\/api.w.org\/{rel}","templated":true}]}}