{"id":24317,"date":"2020-02-16T23:36:31","date_gmt":"2020-02-17T04:36:31","guid":{"rendered":"https:\/\/www.edugestores.pe\/?p=24317"},"modified":"2020-02-18T13:25:18","modified_gmt":"2020-02-18T18:25:18","slug":"flor-pablo-el-gobierno-va-a-seguir-respaldando-el-enfoque-de-igualdad-de-genero","status":"publish","type":"post","link":"https:\/\/www.edugestores.pe\/?p=24317","title":{"rendered":"Flor Pablo: &#8220;El gobierno va a seguir respaldando el enfoque de igualdad de g\u00e9nero&#8221;"},"content":{"rendered":"<p style=\"text-align: justify;\">Flor Pablo Medina,\u00a0ex titular de la cartera de Educaci\u00f3n, descart\u00f3 que su separaci\u00f3n del cargo haya sido motivada por la crisis pol\u00edtica originada por una\u00a0reuni\u00f3n entre representantes de Odebrecht, ministros y funcionarios peruanos.<\/p>\n<p style=\"text-align: justify;\">&#8220;Estos cargos son pol\u00edticos y desde que uno ingresa pone su cargo a disposici\u00f3n y siempre la posibilidad de seguir o no est\u00e1 sujeta a decisi\u00f3n del presidente y del premier. Eso es un poco lo que ha pasado.\u00a0Como explic\u00f3 el presidente, han querido hacer una recomposici\u00f3n del gabinete de cara a lo que viene con la instalaci\u00f3n del nuevo Congreso&#8221;, asever\u00f3 en\u00a0<em>Nada Est\u00e1 Dicho por RPP Noticias.<\/em><\/p>\n<p style=\"text-align: justify;\">Tambi\u00e9n, neg\u00f3 que tenga que ver con un posible rechazo al\u00a0enfoque de igualdad de g\u00e9nero\u00a0de parte de grupos conservadores en el nuevo Parlamento. Es m\u00e1s, asegur\u00f3 que la administraci\u00f3n de\u00a0Mart\u00edn Vizcarra\u00a0continuar\u00e1 &#8220;respaldando&#8221; esta pol\u00edtica.<\/p>\n<p style=\"text-align: justify;\">&#8220;Creo que no va por ah\u00ed, hay una pol\u00edtica que hemos aprobado, est\u00e1 el curr\u00edculo nacional&#8230; Si esa hubiese sido la situaci\u00f3n, mi retiro hubiera sido antes. Creo que el enfoque ha sido respaldado, es una pol\u00edtica de Estado y\u00a0estoy convencida que este Gobierno va a seguir respaldando esa educaci\u00f3n integral y ciudadana&#8221;.<\/p>\n<p style=\"text-align: justify;\">La exministra rechaz\u00f3, adem\u00e1s, haber realizado un trabajo deficiente. &#8220;Est\u00e1bamos haciendo un buen trabajo, hay razones de orden de evaluaci\u00f3n pol\u00edtica [para mi separaci\u00f3n]&#8230;. Tengo la tranquilidad de que mi salida no fue por hacer un mal trabajo&#8221;, expres\u00f3.<\/p>\n<h3 style=\"text-align: justify;\">Renuncias y cambios en el gabinete<\/h3>\n<p style=\"text-align: justify;\">El \u00faltimo jueves,\u00a0todos los\u00a0integrantes del\u00a0Gabinete Ministerial\u00a0que preside\u00a0Vicente Zeballos\u00a0pusieron sus cargos a disposici\u00f3n en medio del\u00a0esc\u00e1ndalo generado por el caso Gasoducto Sur.<\/p>\n<p style=\"text-align: justify;\">Alrededor del mediod\u00eda se conoci\u00f3 que la\u00a0titular de la cartera de Justicia y Derechos Humanos,\u00a0Ana Teresa Revilla,\u00a0renunci\u00f3 poco despu\u00e9s de\u00a0la imprevista destituci\u00f3n de\u00a0Jorge Ram\u00edrez\u00a0del cargo de procurador ad hoc del\u00a0caso Lava Jato\u00a0y de la salida de\u00a0Juan Carlos Liu Yonsen\u00a0del portafolio de Energ\u00eda y Minas. Ambos cuestionados por participar de una reuni\u00f3n con representantes de la compa\u00f1\u00eda\u00a0Odebrecht.<\/p>\n<p style=\"text-align: justify;\">Horas despu\u00e9s, el ministro de Transportes y Comunicaciones,\u00a0Edmer Trujillo, tambi\u00e9n present\u00f3 su renuncia. Se desconoce hasta el momento las razones.<\/p>\n<p style=\"text-align: justify;\">Por la noche, se conoci\u00f3 que los nuevos titulares de las tres carteras, adem\u00e1s del portafolio de Educaci\u00f3n,\u00a0jurar\u00edan ante el presidente\u00a0Vizcarra\u00a0en un ceremonia en Palacio de Gobierno.\u00a0Mart\u00edn Benavides,\u00a0titular de la Superintendencia Nacional de Educaci\u00f3n Superior Universitaria (Sunedu),\u00a0asumi\u00f3 el sector que dej\u00f3 Flor Pablo.<\/p>\n<p style=\"text-align: justify;\">Tomado de RPP<\/p>\n","protected":false},"excerpt":{"rendered":"<p>Flor Pablo Medina,\u00a0ex titular de la cartera de Educaci\u00f3n, descart\u00f3 que su separaci\u00f3n del cargo haya sido motivada por la [&hellip;]<\/p>\n","protected":false},"author":63,"featured_media":24318,"comment_status":"open","ping_status":"open","sticky":false,"template":"","format":"standard","meta":{"spay_email":""},"categories":[125],"tags":[],"yoast_head":"<!-- This site is optimized with the Yoast SEO plugin v18.0 - https:\/\/yoast.com\/wordpress\/plugins\/seo\/ -->\n<title>Flor Pablo: &quot;El gobierno va a seguir respaldando el enfoque de igualdad de g\u00e9nero&quot; - Red Peruana de Gestores de la Educaci\u00f3n<\/title>\n<meta name=\"robots\" content=\"index, follow, max-snippet:-1, max-image-preview:large, max-video-preview:-1\" \/>\n<link rel=\"canonical\" href=\"https:\/\/www.edugestores.pe\/?p=24317\" \/>\n<meta property=\"og:locale\" content=\"es_ES\" \/>\n<meta property=\"og:type\" content=\"article\" \/>\n<meta property=\"og:title\" content=\"Flor Pablo: &quot;El gobierno va a seguir respaldando el enfoque de igualdad de g\u00e9nero&quot; - Red Peruana de Gestores de la Educaci\u00f3n\" \/>\n<meta property=\"og:description\" content=\"Flor Pablo Medina,\u00a0ex titular de la cartera de Educaci\u00f3n, descart\u00f3 que su separaci\u00f3n del cargo haya sido motivada por la [&hellip;]\" \/>\n<meta property=\"og:url\" content=\"https:\/\/www.edugestores.pe\/?p=24317\" \/>\n<meta property=\"og:site_name\" content=\"Red Peruana de Gestores de la Educaci\u00f3n\" \/>\n<meta property=\"article:published_time\" content=\"2020-02-17T04:36:31+00:00\" \/>\n<meta property=\"article:modified_time\" content=\"2020-02-18T18:25:18+00:00\" \/>\n<meta property=\"og:image\" content=\"https:\/\/www.edugestores.pe\/wp-content\/uploads\/2020\/02\/304830_901273.jpg\" \/>\n\t<meta property=\"og:image:width\" content=\"604\" \/>\n\t<meta property=\"og:image:height\" content=\"340\" \/>\n\t<meta property=\"og:image:type\" content=\"image\/jpeg\" \/>\n<meta name=\"twitter:card\" content=\"summary_large_image\" \/>\n<meta name=\"twitter:label1\" content=\"Escrito por\" \/>\n\t<meta name=\"twitter:data1\" content=\"Administrador\" \/>\n\t<meta name=\"twitter:label2\" content=\"Tiempo de lectura\" \/>\n\t<meta name=\"twitter:data2\" content=\"2 minutos\" \/>\n<script type=\"application\/ld+json\" class=\"yoast-schema-graph\">{\"@context\":\"https:\/\/schema.org\",\"@graph\":[{\"@type\":\"WebSite\",\"@id\":\"https:\/\/www.edugestores.pe\/#website\",\"url\":\"https:\/\/www.edugestores.pe\/\",\"name\":\"Red Peruana de Gestores de la Educaci\u00f3n\",\"description\":\"Red Peruana de Gestores de la Educaci\u00f3n\",\"potentialAction\":[{\"@type\":\"SearchAction\",\"target\":{\"@type\":\"EntryPoint\",\"urlTemplate\":\"https:\/\/www.edugestores.pe\/?s={search_term_string}\"},\"query-input\":\"required name=search_term_string\"}],\"inLanguage\":\"es\"},{\"@type\":\"ImageObject\",\"@id\":\"https:\/\/www.edugestores.pe\/?p=24317#primaryimage\",\"inLanguage\":\"es\",\"url\":\"https:\/\/www.edugestores.pe\/wp-content\/uploads\/2020\/02\/304830_901273.jpg\",\"contentUrl\":\"https:\/\/www.edugestores.pe\/wp-content\/uploads\/2020\/02\/304830_901273.jpg\",\"width\":604,\"height\":340},{\"@type\":\"WebPage\",\"@id\":\"https:\/\/www.edugestores.pe\/?p=24317#webpage\",\"url\":\"https:\/\/www.edugestores.pe\/?p=24317\",\"name\":\"Flor Pablo: \\\"El gobierno va a seguir respaldando el enfoque de igualdad de g\u00e9nero\\\" - Red Peruana de Gestores de la Educaci\u00f3n\",\"isPartOf\":{\"@id\":\"https:\/\/www.edugestores.pe\/#website\"},\"primaryImageOfPage\":{\"@id\":\"https:\/\/www.edugestores.pe\/?p=24317#primaryimage\"},\"datePublished\":\"2020-02-17T04:36:31+00:00\",\"dateModified\":\"2020-02-18T18:25:18+00:00\",\"author\":{\"@id\":\"https:\/\/www.edugestores.pe\/#\/schema\/person\/30dc82f35f5853289037a64b35c7c7d3\"},\"breadcrumb\":{\"@id\":\"https:\/\/www.edugestores.pe\/?p=24317#breadcrumb\"},\"inLanguage\":\"es\",\"potentialAction\":[{\"@type\":\"ReadAction\",\"target\":[\"https:\/\/www.edugestores.pe\/?p=24317\"]}]},{\"@type\":\"BreadcrumbList\",\"@id\":\"https:\/\/www.edugestores.pe\/?p=24317#breadcrumb\",\"itemListElement\":[{\"@type\":\"ListItem\",\"position\":1,\"name\":\"Portada\",\"item\":\"https:\/\/www.edugestores.pe\/\"},{\"@type\":\"ListItem\",\"position\":2,\"name\":\"Flor Pablo: \u00abEl gobierno va a seguir respaldando el enfoque de igualdad de g\u00e9nero\u00bb\"}]},{\"@type\":\"Person\",\"@id\":\"https:\/\/www.edugestores.pe\/#\/schema\/person\/30dc82f35f5853289037a64b35c7c7d3\",\"name\":\"Administrador\",\"image\":{\"@type\":\"ImageObject\",\"@id\":\"https:\/\/www.edugestores.pe\/#personlogo\",\"inLanguage\":\"es\",\"url\":\"https:\/\/secure.gravatar.com\/avatar\/70960d1239c4d2c778bb3d2786a3c1ae?s=96&d=mm&r=g\",\"contentUrl\":\"https:\/\/secure.gravatar.com\/avatar\/70960d1239c4d2c778bb3d2786a3c1ae?s=96&d=mm&r=g\",\"caption\":\"Administrador\"},\"url\":\"https:\/\/www.edugestores.pe\/?author=63\"}]}<\/script>\n<!-- \/ Yoast SEO plugin. -->","yoast_head_json":{"title":"Flor Pablo: \"El gobierno va a seguir respaldando el enfoque de igualdad de g\u00e9nero\" - Red Peruana de Gestores de la Educaci\u00f3n","robots":{"index":"index","follow":"follow","max-snippet":"max-snippet:-1","max-image-preview":"max-image-preview:large","max-video-preview":"max-video-preview:-1"},"canonical":"https:\/\/www.edugestores.pe\/?p=24317","og_locale":"es_ES","og_type":"article","og_title":"Flor Pablo: \"El gobierno va a seguir respaldando el enfoque de igualdad de g\u00e9nero\" - Red Peruana de Gestores de la Educaci\u00f3n","og_description":"Flor Pablo Medina,\u00a0ex titular de la cartera de Educaci\u00f3n, descart\u00f3 que su separaci\u00f3n del cargo haya sido motivada por la [&hellip;]","og_url":"https:\/\/www.edugestores.pe\/?p=24317","og_site_name":"Red Peruana de Gestores de la Educaci\u00f3n","article_published_time":"2020-02-17T04:36:31+00:00","article_modified_time":"2020-02-18T18:25:18+00:00","og_image":[{"width":604,"height":340,"url":"https:\/\/www.edugestores.pe\/wp-content\/uploads\/2020\/02\/304830_901273.jpg","type":"image\/jpeg"}],"twitter_card":"summary_large_image","twitter_misc":{"Escrito por":"Administrador","Tiempo de lectura":"2 minutos"},"schema":{"@context":"https:\/\/schema.org","@graph":[{"@type":"WebSite","@id":"https:\/\/www.edugestores.pe\/#website","url":"https:\/\/www.edugestores.pe\/","name":"Red Peruana de Gestores de la Educaci\u00f3n","description":"Red Peruana de Gestores de la Educaci\u00f3n","potentialAction":[{"@type":"SearchAction","target":{"@type":"EntryPoint","urlTemplate":"https:\/\/www.edugestores.pe\/?s={search_term_string}"},"query-input":"required name=search_term_string"}],"inLanguage":"es"},{"@type":"ImageObject","@id":"https:\/\/www.edugestores.pe\/?p=24317#primaryimage","inLanguage":"es","url":"https:\/\/www.edugestores.pe\/wp-content\/uploads\/2020\/02\/304830_901273.jpg","contentUrl":"https:\/\/www.edugestores.pe\/wp-content\/uploads\/2020\/02\/304830_901273.jpg","width":604,"height":340},{"@type":"WebPage","@id":"https:\/\/www.edugestores.pe\/?p=24317#webpage","url":"https:\/\/www.edugestores.pe\/?p=24317","name":"Flor Pablo: \"El gobierno va a seguir respaldando el enfoque de igualdad de g\u00e9nero\" - Red Peruana de Gestores de la Educaci\u00f3n","isPartOf":{"@id":"https:\/\/www.edugestores.pe\/#website"},"primaryImageOfPage":{"@id":"https:\/\/www.edugestores.pe\/?p=24317#primaryimage"},"datePublished":"2020-02-17T04:36:31+00:00","dateModified":"2020-02-18T18:25:18+00:00","author":{"@id":"https:\/\/www.edugestores.pe\/#\/schema\/person\/30dc82f35f5853289037a64b35c7c7d3"},"breadcrumb":{"@id":"https:\/\/www.edugestores.pe\/?p=24317#breadcrumb"},"inLanguage":"es","potentialAction":[{"@type":"ReadAction","target":["https:\/\/www.edugestores.pe\/?p=24317"]}]},{"@type":"BreadcrumbList","@id":"https:\/\/www.edugestores.pe\/?p=24317#breadcrumb","itemListElement":[{"@type":"ListItem","position":1,"name":"Portada","item":"https:\/\/www.edugestores.pe\/"},{"@type":"ListItem","position":2,"name":"Flor Pablo: \u00abEl gobierno va a seguir respaldando el enfoque de igualdad de g\u00e9nero\u00bb"}]},{"@type":"Person","@id":"https:\/\/www.edugestores.pe\/#\/schema\/person\/30dc82f35f5853289037a64b35c7c7d3","name":"Administrador","image":{"@type":"ImageObject","@id":"https:\/\/www.edugestores.pe\/#personlogo","inLanguage":"es","url":"https:\/\/secure.gravatar.com\/avatar\/70960d1239c4d2c778bb3d2786a3c1ae?s=96&d=mm&r=g","contentUrl":"https:\/\/secure.gravatar.com\/avatar\/70960d1239c4d2c778bb3d2786a3c1ae?s=96&d=mm&r=g","caption":"Administrador"},"url":"https:\/\/www.edugestores.pe\/?author=63"}]}},"jetpack_featured_media_url":"https:\/\/www.edugestores.pe\/wp-content\/uploads\/2020\/02\/304830_901273.jpg","_links":{"self":[{"href":"https:\/\/www.edugestores.pe\/index.php?rest_route=\/wp\/v2\/posts\/24317"}],"collection":[{"href":"https:\/\/www.edugestores.pe\/index.php?rest_route=\/wp\/v2\/posts"}],"about":[{"href":"https:\/\/www.edugestores.pe\/index.php?rest_route=\/wp\/v2\/types\/post"}],"author":[{"embeddable":true,"href":"https:\/\/www.edugestores.pe\/index.php?rest_route=\/wp\/v2\/users\/63"}],"replies":[{"embeddable":true,"href":"https:\/\/www.edugestores.pe\/index.php?rest_route=%2Fwp%2Fv2%2Fcomments&post=24317"}],"version-history":[{"count":2,"href":"https:\/\/www.edugestores.pe\/index.php?rest_route=\/wp\/v2\/posts\/24317\/revisions"}],"predecessor-version":[{"id":24320,"href":"https:\/\/www.edugestores.pe\/index.php?rest_route=\/wp\/v2\/posts\/24317\/revisions\/24320"}],"wp:featuredmedia":[{"embeddable":true,"href":"https:\/\/www.edugestores.pe\/index.php?rest_route=\/wp\/v2\/media\/24318"}],"wp:attachment":[{"href":"https:\/\/www.edugestores.pe\/index.php?rest_route=%2Fwp%2Fv2%2Fmedia&parent=24317"}],"wp:term":[{"taxonomy":"category","embeddable":true,"href":"https:\/\/www.edugestores.pe\/index.php?rest_route=%2Fwp%2Fv2%2Fcategories&post=24317"},{"taxonomy":"post_tag","embeddable":true,"href":"https:\/\/www.edugestores.pe\/index.php?rest_route=%2Fwp%2Fv2%2Ftags&post=24317"}],"curies":[{"name":"wp","href":"https:\/\/api.w.org\/{rel}","templated":true}]}}