{"id":24388,"date":"2020-03-04T21:58:48","date_gmt":"2020-03-05T02:58:48","guid":{"rendered":"https:\/\/www.edugestores.pe\/?p=24388"},"modified":"2020-03-17T18:52:47","modified_gmt":"2020-03-17T23:52:47","slug":"vicente-zeballos-anuncia-el-aumento-de-sueldo-a-maestros","status":"publish","type":"post","link":"https:\/\/www.edugestores.pe\/?p=24388","title":{"rendered":"Vicente Zeballos anuncia el aumento de sueldo a maestros"},"content":{"rendered":"<p class=\"\" style=\"text-align: justify;\">En una conferencia de prensa, el titular del\u00a0Gabinete Ministerial,\u00a0Vicente Zeballos, dio a conocer que el\u00a0sueldo\u00a0a los\u00a0maestros\u00a0a nivel nacional aumentar\u00e1 en 100 nuevos soles.<\/p>\n<div style=\"text-align: justify;\">Este nuevo incremento beneficiar\u00e1 a 384.000 docentes nombrados y contratados, inform\u00f3 el ministro de Educaci\u00f3n,\u00a0Mart\u00edn Benavides. En el mes de noviembre del a\u00f1o pasado, m\u00e1s de 400 000 docentes tambi\u00e9n recibieron un aumento significativo por parte del\u00a0Minedu.<\/div>\n<p class=\"\" style=\"text-align: justify;\">Esta nueva medida por parte del gobierno de\u00a0Mart\u00edn Vizcarra\u00a0forma parte de los incrementos tambi\u00e9n anunciados el a\u00f1o pasado. El aumento del\u00a0salario\u00a0implica una inversi\u00f3n de 493 millones de soles por parte del Estado, seg\u00fan el titular del sector.<\/p>\n<p class=\"\" style=\"text-align: justify;\">A partir del reciente incremento de los\u00a0docentes, estos pasar\u00edan a tener una\u00a0remuneraci\u00f3n\u00a0de S\/ 2300 para los que tengan jornada laboral de 30 horas pedag\u00f3gicas y S\/ 3067, los de 40 horas.<\/p>\n<p class=\"\" style=\"text-align: justify;\">Tambi\u00e9n se notific\u00f3 el aumento del\u00a0salario\u00a0de los profesores auxiliares contratados. Empezar\u00e1n a ganar S\/1 430, 200 soles m\u00e1s que lo que vienen percibiendo. Los\u00a0auxiliares\u00a0nombrados dejar\u00e1n de ganar S\/1 330 para recibir S\/1 430. Para el\u00a0Ministerio de Educaci\u00f3n, la mejora de las condiciones laborales de los auxiliares de educaci\u00f3n ha significado un presupuesto adicional de 27 millones de soles para el presente a\u00f1o<\/p>\n<p class=\"\" style=\"text-align: justify;\">Vicente Zeballos\u00a0aclar\u00f3 que el aumento se concretar\u00e1 en dos momentos. El primer incremento se realizar\u00e1 ma\u00f1ana y el segundo, entre junio y julio.<\/p>\n<p class=\"\" style=\"text-align: justify;\">Tomado de La Rep\u00fablica<\/p>\n<div class=\"\" data-oembed-type=\"twitter\"><\/div>\n","protected":false},"excerpt":{"rendered":"<p>En una conferencia de prensa, el titular del\u00a0Gabinete Ministerial,\u00a0Vicente Zeballos, dio a conocer que el\u00a0sueldo\u00a0a los\u00a0maestros\u00a0a nivel nacional aumentar\u00e1 en [&hellip;]<\/p>\n","protected":false},"author":63,"featured_media":24389,"comment_status":"open","ping_status":"open","sticky":false,"template":"","format":"standard","meta":{"spay_email":""},"categories":[125],"tags":[],"yoast_head":"<!-- This site is optimized with the Yoast SEO plugin v18.0 - https:\/\/yoast.com\/wordpress\/plugins\/seo\/ -->\n<title>Vicente Zeballos anuncia el aumento de sueldo a maestros - Red Peruana de Gestores de la Educaci\u00f3n<\/title>\n<meta name=\"robots\" content=\"index, follow, max-snippet:-1, max-image-preview:large, max-video-preview:-1\" \/>\n<link rel=\"canonical\" href=\"https:\/\/www.edugestores.pe\/?p=24388\" \/>\n<meta property=\"og:locale\" content=\"es_ES\" \/>\n<meta property=\"og:type\" content=\"article\" \/>\n<meta property=\"og:title\" content=\"Vicente Zeballos anuncia el aumento de sueldo a maestros - Red Peruana de Gestores de la Educaci\u00f3n\" \/>\n<meta property=\"og:description\" content=\"En una conferencia de prensa, el titular del\u00a0Gabinete Ministerial,\u00a0Vicente Zeballos, dio a conocer que el\u00a0sueldo\u00a0a los\u00a0maestros\u00a0a nivel nacional aumentar\u00e1 en [&hellip;]\" \/>\n<meta property=\"og:url\" content=\"https:\/\/www.edugestores.pe\/?p=24388\" \/>\n<meta property=\"og:site_name\" content=\"Red Peruana de Gestores de la Educaci\u00f3n\" \/>\n<meta property=\"article:published_time\" content=\"2020-03-05T02:58:48+00:00\" \/>\n<meta property=\"article:modified_time\" content=\"2020-03-17T23:52:47+00:00\" \/>\n<meta property=\"og:image\" content=\"https:\/\/www.edugestores.pe\/wp-content\/uploads\/2020\/03\/zeballos.png\" \/>\n\t<meta property=\"og:image:width\" content=\"600\" \/>\n\t<meta property=\"og:image:height\" content=\"400\" \/>\n\t<meta property=\"og:image:type\" content=\"image\/png\" \/>\n<meta name=\"twitter:card\" content=\"summary_large_image\" \/>\n<meta name=\"twitter:label1\" content=\"Escrito por\" \/>\n\t<meta name=\"twitter:data1\" content=\"Administrador\" \/>\n\t<meta name=\"twitter:label2\" content=\"Tiempo de lectura\" \/>\n\t<meta name=\"twitter:data2\" content=\"1 minuto\" \/>\n<script type=\"application\/ld+json\" class=\"yoast-schema-graph\">{\"@context\":\"https:\/\/schema.org\",\"@graph\":[{\"@type\":\"WebSite\",\"@id\":\"https:\/\/www.edugestores.pe\/#website\",\"url\":\"https:\/\/www.edugestores.pe\/\",\"name\":\"Red Peruana de Gestores de la Educaci\u00f3n\",\"description\":\"Red Peruana de Gestores de la Educaci\u00f3n\",\"potentialAction\":[{\"@type\":\"SearchAction\",\"target\":{\"@type\":\"EntryPoint\",\"urlTemplate\":\"https:\/\/www.edugestores.pe\/?s={search_term_string}\"},\"query-input\":\"required name=search_term_string\"}],\"inLanguage\":\"es\"},{\"@type\":\"ImageObject\",\"@id\":\"https:\/\/www.edugestores.pe\/?p=24388#primaryimage\",\"inLanguage\":\"es\",\"url\":\"https:\/\/www.edugestores.pe\/wp-content\/uploads\/2020\/03\/zeballos.png\",\"contentUrl\":\"https:\/\/www.edugestores.pe\/wp-content\/uploads\/2020\/03\/zeballos.png\",\"width\":600,\"height\":400},{\"@type\":\"WebPage\",\"@id\":\"https:\/\/www.edugestores.pe\/?p=24388#webpage\",\"url\":\"https:\/\/www.edugestores.pe\/?p=24388\",\"name\":\"Vicente Zeballos anuncia el aumento de sueldo a maestros - Red Peruana de Gestores de la Educaci\u00f3n\",\"isPartOf\":{\"@id\":\"https:\/\/www.edugestores.pe\/#website\"},\"primaryImageOfPage\":{\"@id\":\"https:\/\/www.edugestores.pe\/?p=24388#primaryimage\"},\"datePublished\":\"2020-03-05T02:58:48+00:00\",\"dateModified\":\"2020-03-17T23:52:47+00:00\",\"author\":{\"@id\":\"https:\/\/www.edugestores.pe\/#\/schema\/person\/30dc82f35f5853289037a64b35c7c7d3\"},\"breadcrumb\":{\"@id\":\"https:\/\/www.edugestores.pe\/?p=24388#breadcrumb\"},\"inLanguage\":\"es\",\"potentialAction\":[{\"@type\":\"ReadAction\",\"target\":[\"https:\/\/www.edugestores.pe\/?p=24388\"]}]},{\"@type\":\"BreadcrumbList\",\"@id\":\"https:\/\/www.edugestores.pe\/?p=24388#breadcrumb\",\"itemListElement\":[{\"@type\":\"ListItem\",\"position\":1,\"name\":\"Portada\",\"item\":\"https:\/\/www.edugestores.pe\/\"},{\"@type\":\"ListItem\",\"position\":2,\"name\":\"Vicente Zeballos anuncia el aumento de sueldo a maestros\"}]},{\"@type\":\"Person\",\"@id\":\"https:\/\/www.edugestores.pe\/#\/schema\/person\/30dc82f35f5853289037a64b35c7c7d3\",\"name\":\"Administrador\",\"image\":{\"@type\":\"ImageObject\",\"@id\":\"https:\/\/www.edugestores.pe\/#personlogo\",\"inLanguage\":\"es\",\"url\":\"https:\/\/secure.gravatar.com\/avatar\/70960d1239c4d2c778bb3d2786a3c1ae?s=96&d=mm&r=g\",\"contentUrl\":\"https:\/\/secure.gravatar.com\/avatar\/70960d1239c4d2c778bb3d2786a3c1ae?s=96&d=mm&r=g\",\"caption\":\"Administrador\"},\"url\":\"https:\/\/www.edugestores.pe\/?author=63\"}]}<\/script>\n<!-- \/ Yoast SEO plugin. -->","yoast_head_json":{"title":"Vicente Zeballos anuncia el aumento de sueldo a maestros - Red Peruana de Gestores de la Educaci\u00f3n","robots":{"index":"index","follow":"follow","max-snippet":"max-snippet:-1","max-image-preview":"max-image-preview:large","max-video-preview":"max-video-preview:-1"},"canonical":"https:\/\/www.edugestores.pe\/?p=24388","og_locale":"es_ES","og_type":"article","og_title":"Vicente Zeballos anuncia el aumento de sueldo a maestros - Red Peruana de Gestores de la Educaci\u00f3n","og_description":"En una conferencia de prensa, el titular del\u00a0Gabinete Ministerial,\u00a0Vicente Zeballos, dio a conocer que el\u00a0sueldo\u00a0a los\u00a0maestros\u00a0a nivel nacional aumentar\u00e1 en [&hellip;]","og_url":"https:\/\/www.edugestores.pe\/?p=24388","og_site_name":"Red Peruana de Gestores de la Educaci\u00f3n","article_published_time":"2020-03-05T02:58:48+00:00","article_modified_time":"2020-03-17T23:52:47+00:00","og_image":[{"width":600,"height":400,"url":"https:\/\/www.edugestores.pe\/wp-content\/uploads\/2020\/03\/zeballos.png","type":"image\/png"}],"twitter_card":"summary_large_image","twitter_misc":{"Escrito por":"Administrador","Tiempo de lectura":"1 minuto"},"schema":{"@context":"https:\/\/schema.org","@graph":[{"@type":"WebSite","@id":"https:\/\/www.edugestores.pe\/#website","url":"https:\/\/www.edugestores.pe\/","name":"Red Peruana de Gestores de la Educaci\u00f3n","description":"Red Peruana de Gestores de la Educaci\u00f3n","potentialAction":[{"@type":"SearchAction","target":{"@type":"EntryPoint","urlTemplate":"https:\/\/www.edugestores.pe\/?s={search_term_string}"},"query-input":"required name=search_term_string"}],"inLanguage":"es"},{"@type":"ImageObject","@id":"https:\/\/www.edugestores.pe\/?p=24388#primaryimage","inLanguage":"es","url":"https:\/\/www.edugestores.pe\/wp-content\/uploads\/2020\/03\/zeballos.png","contentUrl":"https:\/\/www.edugestores.pe\/wp-content\/uploads\/2020\/03\/zeballos.png","width":600,"height":400},{"@type":"WebPage","@id":"https:\/\/www.edugestores.pe\/?p=24388#webpage","url":"https:\/\/www.edugestores.pe\/?p=24388","name":"Vicente Zeballos anuncia el aumento de sueldo a maestros - Red Peruana de Gestores de la Educaci\u00f3n","isPartOf":{"@id":"https:\/\/www.edugestores.pe\/#website"},"primaryImageOfPage":{"@id":"https:\/\/www.edugestores.pe\/?p=24388#primaryimage"},"datePublished":"2020-03-05T02:58:48+00:00","dateModified":"2020-03-17T23:52:47+00:00","author":{"@id":"https:\/\/www.edugestores.pe\/#\/schema\/person\/30dc82f35f5853289037a64b35c7c7d3"},"breadcrumb":{"@id":"https:\/\/www.edugestores.pe\/?p=24388#breadcrumb"},"inLanguage":"es","potentialAction":[{"@type":"ReadAction","target":["https:\/\/www.edugestores.pe\/?p=24388"]}]},{"@type":"BreadcrumbList","@id":"https:\/\/www.edugestores.pe\/?p=24388#breadcrumb","itemListElement":[{"@type":"ListItem","position":1,"name":"Portada","item":"https:\/\/www.edugestores.pe\/"},{"@type":"ListItem","position":2,"name":"Vicente Zeballos anuncia el aumento de sueldo a maestros"}]},{"@type":"Person","@id":"https:\/\/www.edugestores.pe\/#\/schema\/person\/30dc82f35f5853289037a64b35c7c7d3","name":"Administrador","image":{"@type":"ImageObject","@id":"https:\/\/www.edugestores.pe\/#personlogo","inLanguage":"es","url":"https:\/\/secure.gravatar.com\/avatar\/70960d1239c4d2c778bb3d2786a3c1ae?s=96&d=mm&r=g","contentUrl":"https:\/\/secure.gravatar.com\/avatar\/70960d1239c4d2c778bb3d2786a3c1ae?s=96&d=mm&r=g","caption":"Administrador"},"url":"https:\/\/www.edugestores.pe\/?author=63"}]}},"jetpack_featured_media_url":"https:\/\/www.edugestores.pe\/wp-content\/uploads\/2020\/03\/zeballos.png","_links":{"self":[{"href":"https:\/\/www.edugestores.pe\/index.php?rest_route=\/wp\/v2\/posts\/24388"}],"collection":[{"href":"https:\/\/www.edugestores.pe\/index.php?rest_route=\/wp\/v2\/posts"}],"about":[{"href":"https:\/\/www.edugestores.pe\/index.php?rest_route=\/wp\/v2\/types\/post"}],"author":[{"embeddable":true,"href":"https:\/\/www.edugestores.pe\/index.php?rest_route=\/wp\/v2\/users\/63"}],"replies":[{"embeddable":true,"href":"https:\/\/www.edugestores.pe\/index.php?rest_route=%2Fwp%2Fv2%2Fcomments&post=24388"}],"version-history":[{"count":1,"href":"https:\/\/www.edugestores.pe\/index.php?rest_route=\/wp\/v2\/posts\/24388\/revisions"}],"predecessor-version":[{"id":24390,"href":"https:\/\/www.edugestores.pe\/index.php?rest_route=\/wp\/v2\/posts\/24388\/revisions\/24390"}],"wp:featuredmedia":[{"embeddable":true,"href":"https:\/\/www.edugestores.pe\/index.php?rest_route=\/wp\/v2\/media\/24389"}],"wp:attachment":[{"href":"https:\/\/www.edugestores.pe\/index.php?rest_route=%2Fwp%2Fv2%2Fmedia&parent=24388"}],"wp:term":[{"taxonomy":"category","embeddable":true,"href":"https:\/\/www.edugestores.pe\/index.php?rest_route=%2Fwp%2Fv2%2Fcategories&post=24388"},{"taxonomy":"post_tag","embeddable":true,"href":"https:\/\/www.edugestores.pe\/index.php?rest_route=%2Fwp%2Fv2%2Ftags&post=24388"}],"curies":[{"name":"wp","href":"https:\/\/api.w.org\/{rel}","templated":true}]}}