{"id":24573,"date":"2020-04-03T17:49:43","date_gmt":"2020-04-03T22:49:43","guid":{"rendered":"https:\/\/www.edugestores.pe\/?p=24573"},"modified":"2020-05-26T10:42:14","modified_gmt":"2020-05-26T15:42:14","slug":"aporte-edugestor-educacion-a-distancia-en-los-tiempos-de-brecha-tecnologica","status":"publish","type":"post","link":"https:\/\/www.edugestores.pe\/?p=24573","title":{"rendered":"Aporte edugestor: Educaci\u00f3n a distancia en los tiempos de brecha tecnol\u00f3gica"},"content":{"rendered":"<p style=\"text-align: justify;\">Por\u00a0Wilver G\u00f3mez Castillo, edugestor y director de gesti\u00f3n pedag\u00f3gica en Arequipa<\/p>\n<p style=\"text-align: justify;\">Un primer diagn\u00f3stico de las condiciones para implementar la modalidad de educaci\u00f3n a distancia, en la regi\u00f3n Arequipa, nos revela que el 44% de II.EE. p\u00fablicas y privadas cuenta con alg\u00fan recurso institucional de comunicaci\u00f3n virtual para implementar este proceso con las familias de su comunidad, y de estos, el 25% estar\u00eda desarrollando alguna actividad a distancia.<\/p>\n<p style=\"text-align: justify;\">A su vez, el 48% de maestras y maestros cuenta con computadora o laptop en casa con acceso a internet; el 42% de las y los docentes cuenta con alguna forma de comunicaci\u00f3n con\u00a0padres y madres de familia y el 35% cuenta con\u00a0 alg\u00fan recurso similar a los que utilizan sus estudiantes; adem\u00e1s que el 33% de ellas y ellos cuenta con Smartphone con plan de datos de internet.<\/p>\n<p style=\"text-align: justify;\">Si seguimos analizando los porcentajes recogidos r\u00e1pidamente, a trav\u00e9s de un formulario electr\u00f3nico por casi el 50% de directivos de instituciones educativas p\u00fablicas y privadas de la regi\u00f3n en los anteriores d\u00edas, nos daremos cuenta que deberemos separar la \u201cpaja del trigo\u201d; es decir, examinar estas condiciones espec\u00edficas de la escuela p\u00fablica y de la privada, las de \u00e1mbito rural y urbano; y\u00a0 dentro de ambas,\u00a0 a aquellas que se desarrollan en contextos de mayor acceso a conectividad y con condiciones de infraestructura digital. Esto nos obliga a reflexionar sobre lo m\u00e1s importante, la situaci\u00f3n docente y el nivel de dominio para la integraci\u00f3n de tecnolog\u00edas en su intervenci\u00f3n pedag\u00f3gica puesta en pr\u00e1ctica en \u201ccondiciones normales\u201d y en el contexto de escolarizaci\u00f3n, para darnos cuenta que hemos avanzado muy poco. M\u00e1s a\u00fan si estas iniciativas, desarrolladas incipientemente, no han sido acompa\u00f1adas con el prop\u00f3sito de deslindar que la educaci\u00f3n tradicional sea digitalizada. Es decir, que se utilice con el prop\u00f3sito de transmitir exclusivamente conocimientos en lugar de desarrollar competencias; lucha encarnizada de la pr\u00e1ctica docente en maestras y maestros de todo nivel, modalidad y etapa del sistema educativo peruano.<\/p>\n<p style=\"text-align: justify;\">De no deslindar este prop\u00f3sito, todo el esfuerzo que hagamos como\u00a0Minedu en la educaci\u00f3n a distancia, ser\u00e1 en vano. Por ello, nuestra primera recomendaci\u00f3n centrada en el desarrollo de las personas, es priorizar el proceso formativo para docentes con el prop\u00f3sito de empoderar pr\u00e1cticas de integraci\u00f3n digital y enfrentar la brecha de nuestro colectivo magisterial, siendo necesario en este contexto, recurrir al uso creativo e innovador de las diversas herramientas y recursos tecnol\u00f3gico.<\/p>\n<p style=\"text-align: justify;\">La segunda recomendaci\u00f3n, en este contexto de emergencia sanitaria y aislamiento social para la prevenci\u00f3n del COVID19, es tener claro que la utilizaci\u00f3n de todo recurso para la educaci\u00f3n a distancia est\u00e1 orientado a fortalecer el rol de los padres y madres de familia. Para la formaci\u00f3n de\u00a0nuestros hijos e hijas en el contexto de las pr\u00e1cticas familiares, desde donde en forma espont\u00e1nea y creativa el equipo de docentes de la IE de cada \u00e1mbito territorial orienta, asiste, acompa\u00f1a ese proceso con las herramientas que est\u00e1n a su alcance sin\u00a0pretender escolarizar el \u00e1mbito familiar.<\/p>\n<p style=\"text-align: justify;\">Esta es la oportunidad que esper\u00e1bamos todas las maestras y maestros: construir comunidades de aprendizaje involucrando a la familia, autoridades y medios de comunicaci\u00f3n. Agradecer que los padres de familia fortalezcan sus lazos afectivos y como producto de esta convivencia, construyendo desde lo m\u00e1s sencillo de la cotidianidad los sue\u00f1os de los m\u00e1s peque\u00f1os, que tambi\u00e9n son los sue\u00f1os de los padres y madres. Hacer que nuestra pr\u00e1ctica educativa trascienda las paredes de la escuela y comprometa todos los medios y agentes para ejercer una sincera ciudadan\u00eda. Sentir que acortamos las distancias de enormes desigualdades, permitiendo ahora disfrutar de la sonrisa, de la fe, que podemos transformar el presente con el concurso y la vocaci\u00f3n de todas y todos.<\/p>\n","protected":false},"excerpt":{"rendered":"<p>Por\u00a0Wilver G\u00f3mez Castillo, edugestor y director de gesti\u00f3n pedag\u00f3gica en Arequipa Un primer diagn\u00f3stico de las condiciones para implementar la [&hellip;]<\/p>\n","protected":false},"author":63,"featured_media":24574,"comment_status":"open","ping_status":"open","sticky":false,"template":"","format":"standard","meta":{"spay_email":""},"categories":[125,1413],"tags":[],"yoast_head":"<!-- This site is optimized with the Yoast SEO plugin v18.0 - https:\/\/yoast.com\/wordpress\/plugins\/seo\/ -->\n<title>Aporte edugestor: Educaci\u00f3n a distancia en los tiempos de brecha tecnol\u00f3gica - Red Peruana de Gestores de la Educaci\u00f3n<\/title>\n<meta name=\"robots\" content=\"index, follow, max-snippet:-1, max-image-preview:large, max-video-preview:-1\" \/>\n<link rel=\"canonical\" href=\"https:\/\/www.edugestores.pe\/?p=24573\" \/>\n<meta property=\"og:locale\" content=\"es_ES\" \/>\n<meta property=\"og:type\" content=\"article\" \/>\n<meta property=\"og:title\" content=\"Aporte edugestor: Educaci\u00f3n a distancia en los tiempos de brecha tecnol\u00f3gica - Red Peruana de Gestores de la Educaci\u00f3n\" \/>\n<meta property=\"og:description\" content=\"Por\u00a0Wilver G\u00f3mez Castillo, edugestor y director de gesti\u00f3n pedag\u00f3gica en Arequipa Un primer diagn\u00f3stico de las condiciones para implementar la [&hellip;]\" \/>\n<meta property=\"og:url\" content=\"https:\/\/www.edugestores.pe\/?p=24573\" \/>\n<meta property=\"og:site_name\" content=\"Red Peruana de Gestores de la Educaci\u00f3n\" \/>\n<meta property=\"article:published_time\" content=\"2020-04-03T22:49:43+00:00\" \/>\n<meta property=\"article:modified_time\" content=\"2020-05-26T15:42:14+00:00\" \/>\n<meta property=\"og:image\" content=\"https:\/\/www.edugestores.pe\/wp-content\/uploads\/2020\/04\/brecha-tecnologica.jpg\" \/>\n\t<meta property=\"og:image:width\" content=\"702\" \/>\n\t<meta property=\"og:image:height\" content=\"528\" \/>\n\t<meta property=\"og:image:type\" content=\"image\/jpeg\" \/>\n<meta name=\"twitter:card\" content=\"summary_large_image\" \/>\n<meta name=\"twitter:label1\" content=\"Escrito por\" \/>\n\t<meta name=\"twitter:data1\" content=\"Administrador\" \/>\n\t<meta name=\"twitter:label2\" content=\"Tiempo de lectura\" \/>\n\t<meta name=\"twitter:data2\" content=\"3 minutos\" \/>\n<script type=\"application\/ld+json\" class=\"yoast-schema-graph\">{\"@context\":\"https:\/\/schema.org\",\"@graph\":[{\"@type\":\"WebSite\",\"@id\":\"https:\/\/www.edugestores.pe\/#website\",\"url\":\"https:\/\/www.edugestores.pe\/\",\"name\":\"Red Peruana de Gestores de la Educaci\u00f3n\",\"description\":\"Red Peruana de Gestores de la Educaci\u00f3n\",\"potentialAction\":[{\"@type\":\"SearchAction\",\"target\":{\"@type\":\"EntryPoint\",\"urlTemplate\":\"https:\/\/www.edugestores.pe\/?s={search_term_string}\"},\"query-input\":\"required name=search_term_string\"}],\"inLanguage\":\"es\"},{\"@type\":\"ImageObject\",\"@id\":\"https:\/\/www.edugestores.pe\/?p=24573#primaryimage\",\"inLanguage\":\"es\",\"url\":\"https:\/\/www.edugestores.pe\/wp-content\/uploads\/2020\/04\/brecha-tecnologica.jpg\",\"contentUrl\":\"https:\/\/www.edugestores.pe\/wp-content\/uploads\/2020\/04\/brecha-tecnologica.jpg\",\"width\":702,\"height\":528},{\"@type\":\"WebPage\",\"@id\":\"https:\/\/www.edugestores.pe\/?p=24573#webpage\",\"url\":\"https:\/\/www.edugestores.pe\/?p=24573\",\"name\":\"Aporte edugestor: Educaci\u00f3n a distancia en los tiempos de brecha tecnol\u00f3gica - Red Peruana de Gestores de la Educaci\u00f3n\",\"isPartOf\":{\"@id\":\"https:\/\/www.edugestores.pe\/#website\"},\"primaryImageOfPage\":{\"@id\":\"https:\/\/www.edugestores.pe\/?p=24573#primaryimage\"},\"datePublished\":\"2020-04-03T22:49:43+00:00\",\"dateModified\":\"2020-05-26T15:42:14+00:00\",\"author\":{\"@id\":\"https:\/\/www.edugestores.pe\/#\/schema\/person\/30dc82f35f5853289037a64b35c7c7d3\"},\"breadcrumb\":{\"@id\":\"https:\/\/www.edugestores.pe\/?p=24573#breadcrumb\"},\"inLanguage\":\"es\",\"potentialAction\":[{\"@type\":\"ReadAction\",\"target\":[\"https:\/\/www.edugestores.pe\/?p=24573\"]}]},{\"@type\":\"BreadcrumbList\",\"@id\":\"https:\/\/www.edugestores.pe\/?p=24573#breadcrumb\",\"itemListElement\":[{\"@type\":\"ListItem\",\"position\":1,\"name\":\"Portada\",\"item\":\"https:\/\/www.edugestores.pe\/\"},{\"@type\":\"ListItem\",\"position\":2,\"name\":\"Aporte edugestor: Educaci\u00f3n a distancia en los tiempos de brecha tecnol\u00f3gica\"}]},{\"@type\":\"Person\",\"@id\":\"https:\/\/www.edugestores.pe\/#\/schema\/person\/30dc82f35f5853289037a64b35c7c7d3\",\"name\":\"Administrador\",\"image\":{\"@type\":\"ImageObject\",\"@id\":\"https:\/\/www.edugestores.pe\/#personlogo\",\"inLanguage\":\"es\",\"url\":\"https:\/\/secure.gravatar.com\/avatar\/70960d1239c4d2c778bb3d2786a3c1ae?s=96&d=mm&r=g\",\"contentUrl\":\"https:\/\/secure.gravatar.com\/avatar\/70960d1239c4d2c778bb3d2786a3c1ae?s=96&d=mm&r=g\",\"caption\":\"Administrador\"},\"url\":\"https:\/\/www.edugestores.pe\/?author=63\"}]}<\/script>\n<!-- \/ Yoast SEO plugin. -->","yoast_head_json":{"title":"Aporte edugestor: Educaci\u00f3n a distancia en los tiempos de brecha tecnol\u00f3gica - Red Peruana de Gestores de la Educaci\u00f3n","robots":{"index":"index","follow":"follow","max-snippet":"max-snippet:-1","max-image-preview":"max-image-preview:large","max-video-preview":"max-video-preview:-1"},"canonical":"https:\/\/www.edugestores.pe\/?p=24573","og_locale":"es_ES","og_type":"article","og_title":"Aporte edugestor: Educaci\u00f3n a distancia en los tiempos de brecha tecnol\u00f3gica - Red Peruana de Gestores de la Educaci\u00f3n","og_description":"Por\u00a0Wilver G\u00f3mez Castillo, edugestor y director de gesti\u00f3n pedag\u00f3gica en Arequipa Un primer diagn\u00f3stico de las condiciones para implementar la [&hellip;]","og_url":"https:\/\/www.edugestores.pe\/?p=24573","og_site_name":"Red Peruana de Gestores de la Educaci\u00f3n","article_published_time":"2020-04-03T22:49:43+00:00","article_modified_time":"2020-05-26T15:42:14+00:00","og_image":[{"width":702,"height":528,"url":"https:\/\/www.edugestores.pe\/wp-content\/uploads\/2020\/04\/brecha-tecnologica.jpg","type":"image\/jpeg"}],"twitter_card":"summary_large_image","twitter_misc":{"Escrito por":"Administrador","Tiempo de lectura":"3 minutos"},"schema":{"@context":"https:\/\/schema.org","@graph":[{"@type":"WebSite","@id":"https:\/\/www.edugestores.pe\/#website","url":"https:\/\/www.edugestores.pe\/","name":"Red Peruana de Gestores de la Educaci\u00f3n","description":"Red Peruana de Gestores de la Educaci\u00f3n","potentialAction":[{"@type":"SearchAction","target":{"@type":"EntryPoint","urlTemplate":"https:\/\/www.edugestores.pe\/?s={search_term_string}"},"query-input":"required name=search_term_string"}],"inLanguage":"es"},{"@type":"ImageObject","@id":"https:\/\/www.edugestores.pe\/?p=24573#primaryimage","inLanguage":"es","url":"https:\/\/www.edugestores.pe\/wp-content\/uploads\/2020\/04\/brecha-tecnologica.jpg","contentUrl":"https:\/\/www.edugestores.pe\/wp-content\/uploads\/2020\/04\/brecha-tecnologica.jpg","width":702,"height":528},{"@type":"WebPage","@id":"https:\/\/www.edugestores.pe\/?p=24573#webpage","url":"https:\/\/www.edugestores.pe\/?p=24573","name":"Aporte edugestor: Educaci\u00f3n a distancia en los tiempos de brecha tecnol\u00f3gica - Red Peruana de Gestores de la Educaci\u00f3n","isPartOf":{"@id":"https:\/\/www.edugestores.pe\/#website"},"primaryImageOfPage":{"@id":"https:\/\/www.edugestores.pe\/?p=24573#primaryimage"},"datePublished":"2020-04-03T22:49:43+00:00","dateModified":"2020-05-26T15:42:14+00:00","author":{"@id":"https:\/\/www.edugestores.pe\/#\/schema\/person\/30dc82f35f5853289037a64b35c7c7d3"},"breadcrumb":{"@id":"https:\/\/www.edugestores.pe\/?p=24573#breadcrumb"},"inLanguage":"es","potentialAction":[{"@type":"ReadAction","target":["https:\/\/www.edugestores.pe\/?p=24573"]}]},{"@type":"BreadcrumbList","@id":"https:\/\/www.edugestores.pe\/?p=24573#breadcrumb","itemListElement":[{"@type":"ListItem","position":1,"name":"Portada","item":"https:\/\/www.edugestores.pe\/"},{"@type":"ListItem","position":2,"name":"Aporte edugestor: Educaci\u00f3n a distancia en los tiempos de brecha tecnol\u00f3gica"}]},{"@type":"Person","@id":"https:\/\/www.edugestores.pe\/#\/schema\/person\/30dc82f35f5853289037a64b35c7c7d3","name":"Administrador","image":{"@type":"ImageObject","@id":"https:\/\/www.edugestores.pe\/#personlogo","inLanguage":"es","url":"https:\/\/secure.gravatar.com\/avatar\/70960d1239c4d2c778bb3d2786a3c1ae?s=96&d=mm&r=g","contentUrl":"https:\/\/secure.gravatar.com\/avatar\/70960d1239c4d2c778bb3d2786a3c1ae?s=96&d=mm&r=g","caption":"Administrador"},"url":"https:\/\/www.edugestores.pe\/?author=63"}]}},"jetpack_featured_media_url":"https:\/\/www.edugestores.pe\/wp-content\/uploads\/2020\/04\/brecha-tecnologica.jpg","_links":{"self":[{"href":"https:\/\/www.edugestores.pe\/index.php?rest_route=\/wp\/v2\/posts\/24573"}],"collection":[{"href":"https:\/\/www.edugestores.pe\/index.php?rest_route=\/wp\/v2\/posts"}],"about":[{"href":"https:\/\/www.edugestores.pe\/index.php?rest_route=\/wp\/v2\/types\/post"}],"author":[{"embeddable":true,"href":"https:\/\/www.edugestores.pe\/index.php?rest_route=\/wp\/v2\/users\/63"}],"replies":[{"embeddable":true,"href":"https:\/\/www.edugestores.pe\/index.php?rest_route=%2Fwp%2Fv2%2Fcomments&post=24573"}],"version-history":[{"count":1,"href":"https:\/\/www.edugestores.pe\/index.php?rest_route=\/wp\/v2\/posts\/24573\/revisions"}],"predecessor-version":[{"id":24575,"href":"https:\/\/www.edugestores.pe\/index.php?rest_route=\/wp\/v2\/posts\/24573\/revisions\/24575"}],"wp:featuredmedia":[{"embeddable":true,"href":"https:\/\/www.edugestores.pe\/index.php?rest_route=\/wp\/v2\/media\/24574"}],"wp:attachment":[{"href":"https:\/\/www.edugestores.pe\/index.php?rest_route=%2Fwp%2Fv2%2Fmedia&parent=24573"}],"wp:term":[{"taxonomy":"category","embeddable":true,"href":"https:\/\/www.edugestores.pe\/index.php?rest_route=%2Fwp%2Fv2%2Fcategories&post=24573"},{"taxonomy":"post_tag","embeddable":true,"href":"https:\/\/www.edugestores.pe\/index.php?rest_route=%2Fwp%2Fv2%2Ftags&post=24573"}],"curies":[{"name":"wp","href":"https:\/\/api.w.org\/{rel}","templated":true}]}}