{"id":24576,"date":"2020-04-05T19:30:46","date_gmt":"2020-04-06T00:30:46","guid":{"rendered":"https:\/\/www.edugestores.pe\/?p=24576"},"modified":"2020-04-11T23:40:14","modified_gmt":"2020-04-12T04:40:14","slug":"estamos-preparados-para-aprender-y-ensenar-con-recursos-digitales","status":"publish","type":"post","link":"https:\/\/www.edugestores.pe\/?p=24576","title":{"rendered":"\u00bfEstamos preparados para aprender y ense\u00f1ar con recursos digitales?"},"content":{"rendered":"<p style=\"text-align: justify;\">Por\u00a0Jes\u00fas Marisol Yba\u00f1ez Haro, edugestora y asesora pedag\u00f3gica, Lima Metropolitana<\/p>\n<p style=\"text-align: justify;\">Este tiempo en cuarentena, para evitar la propagaci\u00f3n del coronavirus, COVID- 19, ha sorprendido a los peruanos de manera definitivamente dura. En el sector Educaci\u00f3n se observa escepticismo frente a la determinaci\u00f3n del Estado de iniciar las clases escolares empleando medios virtuales, la radio y la televisi\u00f3n. \u00bfEstamos todos los docentes preparados para acompa\u00f1ar a los estudiantes en su proceso de aprendizaje usando estos medios? Mis colegas se preguntan: \u00bfqu\u00e9 haremos con los estudiantes que no tienen internet en casa? \u00bfQu\u00e9 haremos con los ni\u00f1os cuyos padres est\u00e1n trabajando y no podr\u00e1n acompa\u00f1ar a sus hijos en sus actividades de aprendizaje? \u00bfY los hogares que no cuentan con televisi\u00f3n? \u00a0No todos mis estudiantes tienen una computadora y si la tienen no todos tienen acceso a internet. Sus celulares no cuentan con aplicativos ni servicios b\u00e1sicos. Por lo tanto no todos los escolares se podr\u00e1n beneficiar de los recursos educativos que el Minedu pondr\u00e1 a disposici\u00f3n en la plataforma virtual Aprendo en Casa.<\/p>\n<p style=\"text-align: justify;\">Por otro lado, hay \u00a0maestros de la generaci\u00f3n de los 70 y 80 que no han participado de procesos de alfabetizaci\u00f3n digital. El Minedu ha capacitado a docentes en \u00a0el uso de las\u00a0 TIC o recursos tecnol\u00f3gicos pero no ha logrado llegar a la mayor\u00eda\u00a0 de la poblaci\u00f3n docente.<\/p>\n<p style=\"text-align: justify;\">La infraestructura tecnol\u00f3gica en las escuelas es tambi\u00e9n deficiente. Si uno visita el Centro de Recursos Tecnol\u00f3gicos (CRT) o aula de innovaci\u00f3n \u00a0de las II.EE., encontrar\u00e1 muchas carencias. Computadoras desfasadas que no permiten trabajar con software y aplicativos actuales, equipos sin buen mantenimiento y servicio de internet muy lento con un m\u00e1ximo de 2 Mb en su banda ancha. \u00a0Todav\u00eda hay II.EE. en Lima Metropolitana sin acceso \u00a0a internet y por ende sin conexi\u00f3n. Los encargados del CRT o aula de innovaci\u00f3n pedag\u00f3gica, que cambian todos los a\u00f1os porque son personal contratado, no suelen dar el mantenimiento debido a las computadoras y mucho menos capacitar al personal docente. \u00a0Nos hace pensar \u00bfc\u00f3mo consiguieron su t\u00edtulo t\u00e9cnico? Los equipos en las aulas de CRT y aulas de innovaci\u00f3n tienen procesadores Pentium 1 a Pentium 4 en p\u00e9simas condiciones. Se implement\u00f3 a los colegios con kits de rob\u00f3tica, pero muchos docentes no saben c\u00f3mo usarlos y mucho menos \u00a0integrarlos en sus sesiones \u00a0para lograr los aprendizajes de los estudiantes.<\/p>\n<p style=\"text-align: justify;\">Otro problema es que el n\u00famero de computadoras no se corresponde con el n\u00famero de estudiantes en cada escuela y no se pueden utilizar software actualizado. Por todo lo expuesto el aprendizaje digital es dejado de lado y los equipos\u00a0 solamente se usan para observar videos sin sacar provecho a las potencialidades de estas tecnolog\u00edas para el aprendizaje.<\/p>\n<p style=\"text-align: justify;\">Seg\u00fan la Encuesta Nacional a Instituciones Educativas de nivel Inicial, Primaria y Secundaria de 2017, un 48 % de los colegios p\u00fablicos cuenta con conexi\u00f3n a internet.<\/p>\n<p style=\"text-align: justify;\">Si se puede promover la expansi\u00f3n del aprendizaje digital en las escuelas p\u00fablicas en el mediano y largo plazo\u00a0 con un plan que prepare a todos los docentes para usar las TIC e integrarlas a los procesos de aprendizaje de sus estudiantes. La \u00a0producci\u00f3n digital nos lleva largamente la delantera y que los docentes de la escuela p\u00fablica no est\u00e9n actualizados en su uso en favor de los aprendizajes es sin duda una debilidad.<\/p>\n<p style=\"text-align: justify;\">Siendo la interacci\u00f3n docente &#8211; alumno de vital importancia para el aprendizaje, no ser\u00eda prudente reemplazar al maestro por la tecnolog\u00eda. Es como si te preguntaran \u00bfcambiar\u00edas tus piernas por un autom\u00f3vil? \u00bfMaestros por tecnolog\u00eda? Son preguntas irrelevantes porque no es necesario elegir, ambos tecnolog\u00eda y docentes son importantes. \u00a0Los ni\u00f1os necesitan el toque creativo de la conexi\u00f3n humana para alcanzar su potencial \u00fanico. Y esa conexi\u00f3n humana la proporciona un maestro, un padre, un adulto significativo, o todos ellos. \u00a0Lo que proponemos hacer es empoderar a los maestros para \u00a0dominar la tecnolog\u00eda y dominar la competencia: &#8220;Se desenvuelve en los entornos virtuales generados por las TIC&#8221; para mejorar la \u00a0calidad en el servicio educativo.<\/p>\n<p style=\"text-align: justify;\">El Minedu est\u00e1 dando un impulso importante a la educaci\u00f3n virtual, pero requiere invertir mucho m\u00e1s en recursos tecnol\u00f3gicos en las escuelas y empoderar a los docentes en el uso pedag\u00f3gico de estos recursos. Se requiere el apoyo decidido de las\u00a0 organizaciones no gubernamentales (ONG) y del empresariado, para \u00a0lograr que todas las escuelas p\u00fablicas est\u00e9n conectadas y equipadas al 100% y sus docentes capacitados, dos condiciones indispensables para desarrollar un aprendizaje digital de calidad.<\/p>\n","protected":false},"excerpt":{"rendered":"<p>Por\u00a0Jes\u00fas Marisol Yba\u00f1ez Haro, edugestora y asesora pedag\u00f3gica, Lima Metropolitana Este tiempo en cuarentena, para evitar la propagaci\u00f3n del coronavirus, [&hellip;]<\/p>\n","protected":false},"author":63,"featured_media":24577,"comment_status":"open","ping_status":"open","sticky":false,"template":"","format":"standard","meta":{"spay_email":""},"categories":[908,125],"tags":[],"yoast_head":"<!-- This site is optimized with the Yoast SEO plugin v18.0 - https:\/\/yoast.com\/wordpress\/plugins\/seo\/ -->\n<title>\u00bfEstamos preparados para aprender y ense\u00f1ar con recursos digitales? - Red Peruana de Gestores de la Educaci\u00f3n<\/title>\n<meta name=\"robots\" content=\"index, follow, max-snippet:-1, max-image-preview:large, max-video-preview:-1\" \/>\n<link rel=\"canonical\" href=\"https:\/\/www.edugestores.pe\/?p=24576\" \/>\n<meta property=\"og:locale\" content=\"es_ES\" \/>\n<meta property=\"og:type\" content=\"article\" \/>\n<meta property=\"og:title\" content=\"\u00bfEstamos preparados para aprender y ense\u00f1ar con recursos digitales? - Red Peruana de Gestores de la Educaci\u00f3n\" \/>\n<meta property=\"og:description\" content=\"Por\u00a0Jes\u00fas Marisol Yba\u00f1ez Haro, edugestora y asesora pedag\u00f3gica, Lima Metropolitana Este tiempo en cuarentena, para evitar la propagaci\u00f3n del coronavirus, [&hellip;]\" \/>\n<meta property=\"og:url\" content=\"https:\/\/www.edugestores.pe\/?p=24576\" \/>\n<meta property=\"og:site_name\" content=\"Red Peruana de Gestores de la Educaci\u00f3n\" \/>\n<meta property=\"article:published_time\" content=\"2020-04-06T00:30:46+00:00\" \/>\n<meta property=\"article:modified_time\" content=\"2020-04-12T04:40:14+00:00\" \/>\n<meta property=\"og:image\" content=\"https:\/\/www.edugestores.pe\/wp-content\/uploads\/2020\/04\/000494267W.jpg\" \/>\n\t<meta property=\"og:image:width\" content=\"1800\" \/>\n\t<meta property=\"og:image:height\" content=\"1200\" \/>\n\t<meta property=\"og:image:type\" content=\"image\/jpeg\" \/>\n<meta name=\"twitter:card\" content=\"summary_large_image\" \/>\n<meta name=\"twitter:label1\" content=\"Escrito por\" \/>\n\t<meta name=\"twitter:data1\" content=\"Administrador\" \/>\n\t<meta name=\"twitter:label2\" content=\"Tiempo de lectura\" \/>\n\t<meta name=\"twitter:data2\" content=\"4 minutos\" \/>\n<script type=\"application\/ld+json\" class=\"yoast-schema-graph\">{\"@context\":\"https:\/\/schema.org\",\"@graph\":[{\"@type\":\"WebSite\",\"@id\":\"https:\/\/www.edugestores.pe\/#website\",\"url\":\"https:\/\/www.edugestores.pe\/\",\"name\":\"Red Peruana de Gestores de la Educaci\u00f3n\",\"description\":\"Red Peruana de Gestores de la Educaci\u00f3n\",\"potentialAction\":[{\"@type\":\"SearchAction\",\"target\":{\"@type\":\"EntryPoint\",\"urlTemplate\":\"https:\/\/www.edugestores.pe\/?s={search_term_string}\"},\"query-input\":\"required name=search_term_string\"}],\"inLanguage\":\"es\"},{\"@type\":\"ImageObject\",\"@id\":\"https:\/\/www.edugestores.pe\/?p=24576#primaryimage\",\"inLanguage\":\"es\",\"url\":\"https:\/\/www.edugestores.pe\/wp-content\/uploads\/2020\/04\/000494267W.jpg\",\"contentUrl\":\"https:\/\/www.edugestores.pe\/wp-content\/uploads\/2020\/04\/000494267W.jpg\",\"width\":1800,\"height\":1200},{\"@type\":\"WebPage\",\"@id\":\"https:\/\/www.edugestores.pe\/?p=24576#webpage\",\"url\":\"https:\/\/www.edugestores.pe\/?p=24576\",\"name\":\"\u00bfEstamos preparados para aprender y ense\u00f1ar con recursos digitales? - Red Peruana de Gestores de la Educaci\u00f3n\",\"isPartOf\":{\"@id\":\"https:\/\/www.edugestores.pe\/#website\"},\"primaryImageOfPage\":{\"@id\":\"https:\/\/www.edugestores.pe\/?p=24576#primaryimage\"},\"datePublished\":\"2020-04-06T00:30:46+00:00\",\"dateModified\":\"2020-04-12T04:40:14+00:00\",\"author\":{\"@id\":\"https:\/\/www.edugestores.pe\/#\/schema\/person\/30dc82f35f5853289037a64b35c7c7d3\"},\"breadcrumb\":{\"@id\":\"https:\/\/www.edugestores.pe\/?p=24576#breadcrumb\"},\"inLanguage\":\"es\",\"potentialAction\":[{\"@type\":\"ReadAction\",\"target\":[\"https:\/\/www.edugestores.pe\/?p=24576\"]}]},{\"@type\":\"BreadcrumbList\",\"@id\":\"https:\/\/www.edugestores.pe\/?p=24576#breadcrumb\",\"itemListElement\":[{\"@type\":\"ListItem\",\"position\":1,\"name\":\"Portada\",\"item\":\"https:\/\/www.edugestores.pe\/\"},{\"@type\":\"ListItem\",\"position\":2,\"name\":\"\u00bfEstamos preparados para aprender y ense\u00f1ar con recursos digitales?\"}]},{\"@type\":\"Person\",\"@id\":\"https:\/\/www.edugestores.pe\/#\/schema\/person\/30dc82f35f5853289037a64b35c7c7d3\",\"name\":\"Administrador\",\"image\":{\"@type\":\"ImageObject\",\"@id\":\"https:\/\/www.edugestores.pe\/#personlogo\",\"inLanguage\":\"es\",\"url\":\"https:\/\/secure.gravatar.com\/avatar\/70960d1239c4d2c778bb3d2786a3c1ae?s=96&d=mm&r=g\",\"contentUrl\":\"https:\/\/secure.gravatar.com\/avatar\/70960d1239c4d2c778bb3d2786a3c1ae?s=96&d=mm&r=g\",\"caption\":\"Administrador\"},\"url\":\"https:\/\/www.edugestores.pe\/?author=63\"}]}<\/script>\n<!-- \/ Yoast SEO plugin. -->","yoast_head_json":{"title":"\u00bfEstamos preparados para aprender y ense\u00f1ar con recursos digitales? - Red Peruana de Gestores de la Educaci\u00f3n","robots":{"index":"index","follow":"follow","max-snippet":"max-snippet:-1","max-image-preview":"max-image-preview:large","max-video-preview":"max-video-preview:-1"},"canonical":"https:\/\/www.edugestores.pe\/?p=24576","og_locale":"es_ES","og_type":"article","og_title":"\u00bfEstamos preparados para aprender y ense\u00f1ar con recursos digitales? - Red Peruana de Gestores de la Educaci\u00f3n","og_description":"Por\u00a0Jes\u00fas Marisol Yba\u00f1ez Haro, edugestora y asesora pedag\u00f3gica, Lima Metropolitana Este tiempo en cuarentena, para evitar la propagaci\u00f3n del coronavirus, [&hellip;]","og_url":"https:\/\/www.edugestores.pe\/?p=24576","og_site_name":"Red Peruana de Gestores de la Educaci\u00f3n","article_published_time":"2020-04-06T00:30:46+00:00","article_modified_time":"2020-04-12T04:40:14+00:00","og_image":[{"width":1800,"height":1200,"url":"https:\/\/www.edugestores.pe\/wp-content\/uploads\/2020\/04\/000494267W.jpg","type":"image\/jpeg"}],"twitter_card":"summary_large_image","twitter_misc":{"Escrito por":"Administrador","Tiempo de lectura":"4 minutos"},"schema":{"@context":"https:\/\/schema.org","@graph":[{"@type":"WebSite","@id":"https:\/\/www.edugestores.pe\/#website","url":"https:\/\/www.edugestores.pe\/","name":"Red Peruana de Gestores de la Educaci\u00f3n","description":"Red Peruana de Gestores de la Educaci\u00f3n","potentialAction":[{"@type":"SearchAction","target":{"@type":"EntryPoint","urlTemplate":"https:\/\/www.edugestores.pe\/?s={search_term_string}"},"query-input":"required name=search_term_string"}],"inLanguage":"es"},{"@type":"ImageObject","@id":"https:\/\/www.edugestores.pe\/?p=24576#primaryimage","inLanguage":"es","url":"https:\/\/www.edugestores.pe\/wp-content\/uploads\/2020\/04\/000494267W.jpg","contentUrl":"https:\/\/www.edugestores.pe\/wp-content\/uploads\/2020\/04\/000494267W.jpg","width":1800,"height":1200},{"@type":"WebPage","@id":"https:\/\/www.edugestores.pe\/?p=24576#webpage","url":"https:\/\/www.edugestores.pe\/?p=24576","name":"\u00bfEstamos preparados para aprender y ense\u00f1ar con recursos digitales? - Red Peruana de Gestores de la Educaci\u00f3n","isPartOf":{"@id":"https:\/\/www.edugestores.pe\/#website"},"primaryImageOfPage":{"@id":"https:\/\/www.edugestores.pe\/?p=24576#primaryimage"},"datePublished":"2020-04-06T00:30:46+00:00","dateModified":"2020-04-12T04:40:14+00:00","author":{"@id":"https:\/\/www.edugestores.pe\/#\/schema\/person\/30dc82f35f5853289037a64b35c7c7d3"},"breadcrumb":{"@id":"https:\/\/www.edugestores.pe\/?p=24576#breadcrumb"},"inLanguage":"es","potentialAction":[{"@type":"ReadAction","target":["https:\/\/www.edugestores.pe\/?p=24576"]}]},{"@type":"BreadcrumbList","@id":"https:\/\/www.edugestores.pe\/?p=24576#breadcrumb","itemListElement":[{"@type":"ListItem","position":1,"name":"Portada","item":"https:\/\/www.edugestores.pe\/"},{"@type":"ListItem","position":2,"name":"\u00bfEstamos preparados para aprender y ense\u00f1ar con recursos digitales?"}]},{"@type":"Person","@id":"https:\/\/www.edugestores.pe\/#\/schema\/person\/30dc82f35f5853289037a64b35c7c7d3","name":"Administrador","image":{"@type":"ImageObject","@id":"https:\/\/www.edugestores.pe\/#personlogo","inLanguage":"es","url":"https:\/\/secure.gravatar.com\/avatar\/70960d1239c4d2c778bb3d2786a3c1ae?s=96&d=mm&r=g","contentUrl":"https:\/\/secure.gravatar.com\/avatar\/70960d1239c4d2c778bb3d2786a3c1ae?s=96&d=mm&r=g","caption":"Administrador"},"url":"https:\/\/www.edugestores.pe\/?author=63"}]}},"jetpack_featured_media_url":"https:\/\/www.edugestores.pe\/wp-content\/uploads\/2020\/04\/000494267W.jpg","_links":{"self":[{"href":"https:\/\/www.edugestores.pe\/index.php?rest_route=\/wp\/v2\/posts\/24576"}],"collection":[{"href":"https:\/\/www.edugestores.pe\/index.php?rest_route=\/wp\/v2\/posts"}],"about":[{"href":"https:\/\/www.edugestores.pe\/index.php?rest_route=\/wp\/v2\/types\/post"}],"author":[{"embeddable":true,"href":"https:\/\/www.edugestores.pe\/index.php?rest_route=\/wp\/v2\/users\/63"}],"replies":[{"embeddable":true,"href":"https:\/\/www.edugestores.pe\/index.php?rest_route=%2Fwp%2Fv2%2Fcomments&post=24576"}],"version-history":[{"count":1,"href":"https:\/\/www.edugestores.pe\/index.php?rest_route=\/wp\/v2\/posts\/24576\/revisions"}],"predecessor-version":[{"id":24578,"href":"https:\/\/www.edugestores.pe\/index.php?rest_route=\/wp\/v2\/posts\/24576\/revisions\/24578"}],"wp:featuredmedia":[{"embeddable":true,"href":"https:\/\/www.edugestores.pe\/index.php?rest_route=\/wp\/v2\/media\/24577"}],"wp:attachment":[{"href":"https:\/\/www.edugestores.pe\/index.php?rest_route=%2Fwp%2Fv2%2Fmedia&parent=24576"}],"wp:term":[{"taxonomy":"category","embeddable":true,"href":"https:\/\/www.edugestores.pe\/index.php?rest_route=%2Fwp%2Fv2%2Fcategories&post=24576"},{"taxonomy":"post_tag","embeddable":true,"href":"https:\/\/www.edugestores.pe\/index.php?rest_route=%2Fwp%2Fv2%2Ftags&post=24576"}],"curies":[{"name":"wp","href":"https:\/\/api.w.org\/{rel}","templated":true}]}}