{"id":24615,"date":"2020-04-13T17:49:28","date_gmt":"2020-04-13T22:49:28","guid":{"rendered":"https:\/\/www.edugestores.pe\/?p=24615"},"modified":"2020-05-26T10:42:30","modified_gmt":"2020-05-26T15:42:30","slug":"edugestores-realizo-sesion-virtual-sobre-gestion-educativa-y-acciones-ante-emergencia-sanitaria","status":"publish","type":"post","link":"https:\/\/www.edugestores.pe\/?p=24615","title":{"rendered":"Edugestores realiz\u00f3 sesi\u00f3n virtual sobre gesti\u00f3n educativa y acciones ante emergencia sanitaria"},"content":{"rendered":"<p style=\"text-align: justify;\">En el contexto actual y en el marco de las medidas dadas por el Ejecutivo y el Ministerio de Educaci\u00f3n para garantizar la continuidad del servicio educativo, algunos miembros de la Red Peruana de Gestores de la Educaci\u00f3n participaron de una reuni\u00f3n previa al inicio de clases v\u00eda Aprendo en Casa.\u00a0 La reuni\u00f3n se realiz\u00f3 el pasado viernes 3 de abril, a trav\u00e9s de la plataforma Zoom, y cont\u00f3 con la participaci\u00f3n de 22 edugestores de nuestro grupo consultivo.<\/p>\n<p style=\"text-align: justify;\">La agenda propuesta fue intercambiar informaci\u00f3n e iniciativas que se vienen asumiendo desde las regiones para brindar condiciones para la educaci\u00f3n a distancia. Para ello, se organiz\u00f3 la reuni\u00f3n en tres momentos: 1) desaf\u00edos que se presentan a las\u00a0instancias de gesti\u00f3n educativa en el contexto de crisis; 2) Iniciativas propuestas o desarrolladas por las regiones; y 3) propuestas y acciones a realizar desde Edugestores.<\/p>\n<p style=\"text-align: justify;\">Se indic\u00f3 que al Minedu le corresponde dar pautas generales y a las DRE y UGEL pautas regionales, de acuerdo a las particularidades de su territorio. Es responsabilidad de las DRE y UGEL encontrar respuestas a las necesidades espec\u00edficas de la poblaci\u00f3n asentada en su territorio. Tambi\u00e9n se mencion\u00f3 que la diversidad de los estudiantes y los territorios puede ser el eje que oriente el dise\u00f1o e implementaci\u00f3n de estrategias durante la crisis sanitaria.<\/p>\n<p style=\"text-align: justify;\">Los edugestores de las regiones tambi\u00e9n indicaron que la educaci\u00f3n comunitaria con participaci\u00f3n de todos los agentes de la comunidad, sobre todo las familias, se vuelve capital en este momento.\u00a0Se dijo que urge pensar en generar mecanismos de mayor control de la salud desde las comunidades, y para ello, la educaci\u00f3n y la participaci\u00f3n se vuelven capitales.<\/p>\n<p style=\"text-align: justify;\">Se desarrollar\u00e1 una segunda reuni\u00f3n para acordar las acciones a realizar desde nuestra plataforma, y ya en el marco de las primeras semanas de Aprendo en Casa.<\/p>\n<p style=\"text-align: justify;\">En el evento estuvieron presentes gestores de Arequipa, Ayacucho, Apur\u00edmac, Cajamarca, Lima, Loreto, Piura, San Mart\u00edn y Ucayali. Participaron 23 gestores, sobre todo directivos de DRE y UGEL.<\/p>\n","protected":false},"excerpt":{"rendered":"<p>En el contexto actual y en el marco de las medidas dadas por el Ejecutivo y el Ministerio de Educaci\u00f3n [&hellip;]<\/p>\n","protected":false},"author":63,"featured_media":24616,"comment_status":"open","ping_status":"open","sticky":false,"template":"","format":"standard","meta":{"spay_email":""},"categories":[125,1413],"tags":[],"yoast_head":"<!-- This site is optimized with the Yoast SEO plugin v18.0 - https:\/\/yoast.com\/wordpress\/plugins\/seo\/ -->\n<title>Edugestores realiz\u00f3 sesi\u00f3n virtual sobre gesti\u00f3n educativa y acciones ante emergencia sanitaria - Red Peruana de Gestores de la Educaci\u00f3n<\/title>\n<meta name=\"robots\" content=\"index, follow, max-snippet:-1, max-image-preview:large, max-video-preview:-1\" \/>\n<link rel=\"canonical\" href=\"https:\/\/www.edugestores.pe\/?p=24615\" \/>\n<meta property=\"og:locale\" content=\"es_ES\" \/>\n<meta property=\"og:type\" content=\"article\" \/>\n<meta property=\"og:title\" content=\"Edugestores realiz\u00f3 sesi\u00f3n virtual sobre gesti\u00f3n educativa y acciones ante emergencia sanitaria - Red Peruana de Gestores de la Educaci\u00f3n\" \/>\n<meta property=\"og:description\" content=\"En el contexto actual y en el marco de las medidas dadas por el Ejecutivo y el Ministerio de Educaci\u00f3n [&hellip;]\" \/>\n<meta property=\"og:url\" content=\"https:\/\/www.edugestores.pe\/?p=24615\" \/>\n<meta property=\"og:site_name\" content=\"Red Peruana de Gestores de la Educaci\u00f3n\" \/>\n<meta property=\"article:published_time\" content=\"2020-04-13T22:49:28+00:00\" \/>\n<meta property=\"article:modified_time\" content=\"2020-05-26T15:42:30+00:00\" \/>\n<meta property=\"og:image\" content=\"https:\/\/www.edugestores.pe\/wp-content\/uploads\/2020\/04\/edugestores.png\" \/>\n\t<meta property=\"og:image:width\" content=\"1005\" \/>\n\t<meta property=\"og:image:height\" content=\"619\" \/>\n\t<meta property=\"og:image:type\" content=\"image\/png\" \/>\n<meta name=\"twitter:card\" content=\"summary_large_image\" \/>\n<meta name=\"twitter:label1\" content=\"Escrito por\" \/>\n\t<meta name=\"twitter:data1\" content=\"Administrador\" \/>\n\t<meta name=\"twitter:label2\" content=\"Tiempo de lectura\" \/>\n\t<meta name=\"twitter:data2\" content=\"2 minutos\" \/>\n<script type=\"application\/ld+json\" class=\"yoast-schema-graph\">{\"@context\":\"https:\/\/schema.org\",\"@graph\":[{\"@type\":\"WebSite\",\"@id\":\"https:\/\/www.edugestores.pe\/#website\",\"url\":\"https:\/\/www.edugestores.pe\/\",\"name\":\"Red Peruana de Gestores de la Educaci\u00f3n\",\"description\":\"Red Peruana de Gestores de la Educaci\u00f3n\",\"potentialAction\":[{\"@type\":\"SearchAction\",\"target\":{\"@type\":\"EntryPoint\",\"urlTemplate\":\"https:\/\/www.edugestores.pe\/?s={search_term_string}\"},\"query-input\":\"required name=search_term_string\"}],\"inLanguage\":\"es\"},{\"@type\":\"ImageObject\",\"@id\":\"https:\/\/www.edugestores.pe\/?p=24615#primaryimage\",\"inLanguage\":\"es\",\"url\":\"https:\/\/www.edugestores.pe\/wp-content\/uploads\/2020\/04\/edugestores.png\",\"contentUrl\":\"https:\/\/www.edugestores.pe\/wp-content\/uploads\/2020\/04\/edugestores.png\",\"width\":1005,\"height\":619},{\"@type\":\"WebPage\",\"@id\":\"https:\/\/www.edugestores.pe\/?p=24615#webpage\",\"url\":\"https:\/\/www.edugestores.pe\/?p=24615\",\"name\":\"Edugestores realiz\u00f3 sesi\u00f3n virtual sobre gesti\u00f3n educativa y acciones ante emergencia sanitaria - Red Peruana de Gestores de la Educaci\u00f3n\",\"isPartOf\":{\"@id\":\"https:\/\/www.edugestores.pe\/#website\"},\"primaryImageOfPage\":{\"@id\":\"https:\/\/www.edugestores.pe\/?p=24615#primaryimage\"},\"datePublished\":\"2020-04-13T22:49:28+00:00\",\"dateModified\":\"2020-05-26T15:42:30+00:00\",\"author\":{\"@id\":\"https:\/\/www.edugestores.pe\/#\/schema\/person\/30dc82f35f5853289037a64b35c7c7d3\"},\"breadcrumb\":{\"@id\":\"https:\/\/www.edugestores.pe\/?p=24615#breadcrumb\"},\"inLanguage\":\"es\",\"potentialAction\":[{\"@type\":\"ReadAction\",\"target\":[\"https:\/\/www.edugestores.pe\/?p=24615\"]}]},{\"@type\":\"BreadcrumbList\",\"@id\":\"https:\/\/www.edugestores.pe\/?p=24615#breadcrumb\",\"itemListElement\":[{\"@type\":\"ListItem\",\"position\":1,\"name\":\"Portada\",\"item\":\"https:\/\/www.edugestores.pe\/\"},{\"@type\":\"ListItem\",\"position\":2,\"name\":\"Edugestores realiz\u00f3 sesi\u00f3n virtual sobre gesti\u00f3n educativa y acciones ante emergencia sanitaria\"}]},{\"@type\":\"Person\",\"@id\":\"https:\/\/www.edugestores.pe\/#\/schema\/person\/30dc82f35f5853289037a64b35c7c7d3\",\"name\":\"Administrador\",\"image\":{\"@type\":\"ImageObject\",\"@id\":\"https:\/\/www.edugestores.pe\/#personlogo\",\"inLanguage\":\"es\",\"url\":\"https:\/\/secure.gravatar.com\/avatar\/70960d1239c4d2c778bb3d2786a3c1ae?s=96&d=mm&r=g\",\"contentUrl\":\"https:\/\/secure.gravatar.com\/avatar\/70960d1239c4d2c778bb3d2786a3c1ae?s=96&d=mm&r=g\",\"caption\":\"Administrador\"},\"url\":\"https:\/\/www.edugestores.pe\/?author=63\"}]}<\/script>\n<!-- \/ Yoast SEO plugin. -->","yoast_head_json":{"title":"Edugestores realiz\u00f3 sesi\u00f3n virtual sobre gesti\u00f3n educativa y acciones ante emergencia sanitaria - Red Peruana de Gestores de la Educaci\u00f3n","robots":{"index":"index","follow":"follow","max-snippet":"max-snippet:-1","max-image-preview":"max-image-preview:large","max-video-preview":"max-video-preview:-1"},"canonical":"https:\/\/www.edugestores.pe\/?p=24615","og_locale":"es_ES","og_type":"article","og_title":"Edugestores realiz\u00f3 sesi\u00f3n virtual sobre gesti\u00f3n educativa y acciones ante emergencia sanitaria - Red Peruana de Gestores de la Educaci\u00f3n","og_description":"En el contexto actual y en el marco de las medidas dadas por el Ejecutivo y el Ministerio de Educaci\u00f3n [&hellip;]","og_url":"https:\/\/www.edugestores.pe\/?p=24615","og_site_name":"Red Peruana de Gestores de la Educaci\u00f3n","article_published_time":"2020-04-13T22:49:28+00:00","article_modified_time":"2020-05-26T15:42:30+00:00","og_image":[{"width":1005,"height":619,"url":"https:\/\/www.edugestores.pe\/wp-content\/uploads\/2020\/04\/edugestores.png","type":"image\/png"}],"twitter_card":"summary_large_image","twitter_misc":{"Escrito por":"Administrador","Tiempo de lectura":"2 minutos"},"schema":{"@context":"https:\/\/schema.org","@graph":[{"@type":"WebSite","@id":"https:\/\/www.edugestores.pe\/#website","url":"https:\/\/www.edugestores.pe\/","name":"Red Peruana de Gestores de la Educaci\u00f3n","description":"Red Peruana de Gestores de la Educaci\u00f3n","potentialAction":[{"@type":"SearchAction","target":{"@type":"EntryPoint","urlTemplate":"https:\/\/www.edugestores.pe\/?s={search_term_string}"},"query-input":"required name=search_term_string"}],"inLanguage":"es"},{"@type":"ImageObject","@id":"https:\/\/www.edugestores.pe\/?p=24615#primaryimage","inLanguage":"es","url":"https:\/\/www.edugestores.pe\/wp-content\/uploads\/2020\/04\/edugestores.png","contentUrl":"https:\/\/www.edugestores.pe\/wp-content\/uploads\/2020\/04\/edugestores.png","width":1005,"height":619},{"@type":"WebPage","@id":"https:\/\/www.edugestores.pe\/?p=24615#webpage","url":"https:\/\/www.edugestores.pe\/?p=24615","name":"Edugestores realiz\u00f3 sesi\u00f3n virtual sobre gesti\u00f3n educativa y acciones ante emergencia sanitaria - Red Peruana de Gestores de la Educaci\u00f3n","isPartOf":{"@id":"https:\/\/www.edugestores.pe\/#website"},"primaryImageOfPage":{"@id":"https:\/\/www.edugestores.pe\/?p=24615#primaryimage"},"datePublished":"2020-04-13T22:49:28+00:00","dateModified":"2020-05-26T15:42:30+00:00","author":{"@id":"https:\/\/www.edugestores.pe\/#\/schema\/person\/30dc82f35f5853289037a64b35c7c7d3"},"breadcrumb":{"@id":"https:\/\/www.edugestores.pe\/?p=24615#breadcrumb"},"inLanguage":"es","potentialAction":[{"@type":"ReadAction","target":["https:\/\/www.edugestores.pe\/?p=24615"]}]},{"@type":"BreadcrumbList","@id":"https:\/\/www.edugestores.pe\/?p=24615#breadcrumb","itemListElement":[{"@type":"ListItem","position":1,"name":"Portada","item":"https:\/\/www.edugestores.pe\/"},{"@type":"ListItem","position":2,"name":"Edugestores realiz\u00f3 sesi\u00f3n virtual sobre gesti\u00f3n educativa y acciones ante emergencia sanitaria"}]},{"@type":"Person","@id":"https:\/\/www.edugestores.pe\/#\/schema\/person\/30dc82f35f5853289037a64b35c7c7d3","name":"Administrador","image":{"@type":"ImageObject","@id":"https:\/\/www.edugestores.pe\/#personlogo","inLanguage":"es","url":"https:\/\/secure.gravatar.com\/avatar\/70960d1239c4d2c778bb3d2786a3c1ae?s=96&d=mm&r=g","contentUrl":"https:\/\/secure.gravatar.com\/avatar\/70960d1239c4d2c778bb3d2786a3c1ae?s=96&d=mm&r=g","caption":"Administrador"},"url":"https:\/\/www.edugestores.pe\/?author=63"}]}},"jetpack_featured_media_url":"https:\/\/www.edugestores.pe\/wp-content\/uploads\/2020\/04\/edugestores.png","_links":{"self":[{"href":"https:\/\/www.edugestores.pe\/index.php?rest_route=\/wp\/v2\/posts\/24615"}],"collection":[{"href":"https:\/\/www.edugestores.pe\/index.php?rest_route=\/wp\/v2\/posts"}],"about":[{"href":"https:\/\/www.edugestores.pe\/index.php?rest_route=\/wp\/v2\/types\/post"}],"author":[{"embeddable":true,"href":"https:\/\/www.edugestores.pe\/index.php?rest_route=\/wp\/v2\/users\/63"}],"replies":[{"embeddable":true,"href":"https:\/\/www.edugestores.pe\/index.php?rest_route=%2Fwp%2Fv2%2Fcomments&post=24615"}],"version-history":[{"count":2,"href":"https:\/\/www.edugestores.pe\/index.php?rest_route=\/wp\/v2\/posts\/24615\/revisions"}],"predecessor-version":[{"id":24618,"href":"https:\/\/www.edugestores.pe\/index.php?rest_route=\/wp\/v2\/posts\/24615\/revisions\/24618"}],"wp:featuredmedia":[{"embeddable":true,"href":"https:\/\/www.edugestores.pe\/index.php?rest_route=\/wp\/v2\/media\/24616"}],"wp:attachment":[{"href":"https:\/\/www.edugestores.pe\/index.php?rest_route=%2Fwp%2Fv2%2Fmedia&parent=24615"}],"wp:term":[{"taxonomy":"category","embeddable":true,"href":"https:\/\/www.edugestores.pe\/index.php?rest_route=%2Fwp%2Fv2%2Fcategories&post=24615"},{"taxonomy":"post_tag","embeddable":true,"href":"https:\/\/www.edugestores.pe\/index.php?rest_route=%2Fwp%2Fv2%2Ftags&post=24615"}],"curies":[{"name":"wp","href":"https:\/\/api.w.org\/{rel}","templated":true}]}}