{"id":24694,"date":"2020-04-27T15:11:09","date_gmt":"2020-04-27T20:11:09","guid":{"rendered":"https:\/\/www.edugestores.pe\/?p=24694"},"modified":"2020-05-09T16:47:29","modified_gmt":"2020-05-09T21:47:29","slug":"educacion-publica-de-calidad-para-todos-cambios-en-tiempos-de-pandemia","status":"publish","type":"post","link":"https:\/\/www.edugestores.pe\/?p=24694","title":{"rendered":"Educaci\u00f3n p\u00fablica de calidad para todos: cambios en tiempos de pandemia, un art\u00edculo de Wilfredo Rimari"},"content":{"rendered":"<p style=\"text-align: justify;\">Por Wilfredo Rimari Arias<\/p>\n<p style=\"text-align: justify;\">El 18 de abril de 2020, el presidente Mart\u00edn Vizcarra anunci\u00f3 que se comprar\u00e1n 840 tablets con Internet m\u00f3vil para estudiantes de las zonas rurales y de los quintiles 1 y 2 de pobreza ubicados en las zonas urbano marginales, y m\u00e1s 97 mil tablets para docentes. Enhorabuena. Hace siete a\u00f1os propon\u00edamos que en lugar de dotar de libros se dote de tablets a los estudiantes como ya se ven\u00eda haciendo en Corea del Sur. Si se hubiera hecho entonces, cu\u00e1nto habr\u00edamos avanzado hasta hoy.<\/p>\n<p style=\"text-align: justify;\"><strong>Mientras haya educaci\u00f3n privada de \u00e9lite no habr\u00e1 equidad educativa<\/strong><\/p>\n<p style=\"text-align: justify;\">El presidente Vizcarra aspira, con la dotaci\u00f3n de tablets, acortar la brecha digital que separa a los estudiantes m\u00e1s desfavorecidos de nuestro pa\u00eds. Es un buen gesto del presidente y su equipo de gobierno, pero insuficiente e ineficaz para cerrar la brecha de desigualdad en nuestro pa\u00eds. El apartheid educativo y la brecha entre pobres y ricos en el Per\u00fa y otros pa\u00edses no se cierra con m\u00e1s tecnolog\u00eda en las manos de los estudiantes. Implica cambios profundos en la cultura nacional y en las pol\u00edticas educativas y sociales.<\/p>\n<p style=\"text-align: justify;\">Mientras tengamos escuelas privadas de alta calidad a las que s\u00f3lo pueden acceder el 2% de la poblaci\u00f3n m\u00e1s rica del Per\u00fa (1), junto con escuelas del sector p\u00fablico y privado que funcionan con muy pocos presupuestos y que, en consecuencia, s\u00f3lo pueden acceder a muy pocos recursos tecnol\u00f3gicos y capacitaci\u00f3n permanente de sus profesores, ser\u00e1 imposible cerrar las brechas de inequidad en educaci\u00f3n y, por tanto, las brechas en la econom\u00eda. \u00bfPor qu\u00e9? Porque mientras el 2% recibe una educaci\u00f3n con mejores condiciones, orientada a forjarlos como los l\u00edderes que manejar\u00e1n el pa\u00eds desde la econom\u00eda y la pol\u00edtica, al resto solo se le conceder\u00e1 una educaci\u00f3n para ocupar los puestos de empleados y subordinados de ese 2% privilegiado.<\/p>\n<p style=\"text-align: justify;\">Por cierto, para que el sistema funcione y se eliminen los reclamos y exigencias de una Educaci\u00f3n de Calidad para Todos, sin exclusiones, se necesitan excusas potentes y responsables directos. Nada mejor que culpar a los pobres de su pobreza creando las justificaciones necesarias e incuestionables para ello. Las becas y los COAR (Colegios de Alto Rendimiento Acad\u00e9mico) son los mejores ant\u00eddotos para ahogar los reclamos por la inequidad educativa, que m\u00e1s luego se traduce en m\u00e1s inequidad econ\u00f3mica y social. El mensaje es: puedes triunfar si eres pobre, pues si te esfuerzas, estudias y eres talentoso puedes acceder a una beca o a un COAR en tu regi\u00f3n y recibir una educaci\u00f3n privilegiada parecida a la que recibe el 2% privilegiado y escapar de la pobreza. Si no lo haces es por tu propia responsabilidad, flojera y falta de esfuerzo. Entonces, hay una gran competencia por salir del mont\u00f3n a trav\u00e9s de este ticket hacia la prosperidad que ofrece el gobierno, convirtiendo en una verdad incuestionable el hecho de que todos pueden acceder a una buena educaci\u00f3n, y a una mejor calidad de vida, si son competentes y competitivos. La excusa perfecta para no operar las grandes transformaciones que se requieren con vistas a una educaci\u00f3n p\u00fablica de calidad para todos, y, m\u00e1s adelante una sociedad justa y sostenible.<\/p>\n<p style=\"text-align: justify;\">En un pr\u00f3ximo art\u00edculo en Edugestores estar\u00e9 se\u00f1alando algunos puntos para lograr una educaci\u00f3n de calidad para todos.<\/p>\n<p style=\"text-align: justify;\">1 Ver Los colegios privados m\u00e1s caros de Lima. En Revista \u201cSan Jer\u00f3nimo\u201d N\u00b0 169: 17s, de marzo de 2020.<\/p>\n<p style=\"text-align: justify;\">Foto referencial: Sineace<\/p>\n","protected":false},"excerpt":{"rendered":"<p>Por Wilfredo Rimari Arias El 18 de abril de 2020, el presidente Mart\u00edn Vizcarra anunci\u00f3 que se comprar\u00e1n 840 tablets [&hellip;]<\/p>\n","protected":false},"author":63,"featured_media":24695,"comment_status":"open","ping_status":"open","sticky":false,"template":"","format":"standard","meta":{"spay_email":""},"categories":[1032,125],"tags":[],"yoast_head":"<!-- This site is optimized with the Yoast SEO plugin v18.0 - https:\/\/yoast.com\/wordpress\/plugins\/seo\/ -->\n<title>Educaci\u00f3n p\u00fablica de calidad para todos: cambios en tiempos de pandemia, un art\u00edculo de Wilfredo Rimari - Red Peruana de Gestores de la Educaci\u00f3n<\/title>\n<meta name=\"robots\" content=\"index, follow, max-snippet:-1, max-image-preview:large, max-video-preview:-1\" \/>\n<link rel=\"canonical\" href=\"https:\/\/www.edugestores.pe\/?p=24694\" \/>\n<meta property=\"og:locale\" content=\"es_ES\" \/>\n<meta property=\"og:type\" content=\"article\" \/>\n<meta property=\"og:title\" content=\"Educaci\u00f3n p\u00fablica de calidad para todos: cambios en tiempos de pandemia, un art\u00edculo de Wilfredo Rimari - Red Peruana de Gestores de la Educaci\u00f3n\" \/>\n<meta property=\"og:description\" content=\"Por Wilfredo Rimari Arias El 18 de abril de 2020, el presidente Mart\u00edn Vizcarra anunci\u00f3 que se comprar\u00e1n 840 tablets [&hellip;]\" \/>\n<meta property=\"og:url\" content=\"https:\/\/www.edugestores.pe\/?p=24694\" \/>\n<meta property=\"og:site_name\" content=\"Red Peruana de Gestores de la Educaci\u00f3n\" \/>\n<meta property=\"article:published_time\" content=\"2020-04-27T20:11:09+00:00\" \/>\n<meta property=\"article:modified_time\" content=\"2020-05-09T21:47:29+00:00\" \/>\n<meta property=\"og:image\" content=\"https:\/\/www.edugestores.pe\/wp-content\/uploads\/2020\/04\/educaci\u00f3n-b\u00e1sica-calidad-educativa-Sineace-encuentro-chile-colombia-ecuador.jpg\" \/>\n\t<meta property=\"og:image:width\" content=\"900\" \/>\n\t<meta property=\"og:image:height\" content=\"500\" \/>\n\t<meta property=\"og:image:type\" content=\"image\/jpeg\" \/>\n<meta name=\"twitter:card\" content=\"summary_large_image\" \/>\n<meta name=\"twitter:label1\" content=\"Escrito por\" \/>\n\t<meta name=\"twitter:data1\" content=\"Administrador\" \/>\n\t<meta name=\"twitter:label2\" content=\"Tiempo de lectura\" \/>\n\t<meta name=\"twitter:data2\" content=\"3 minutos\" \/>\n<script type=\"application\/ld+json\" class=\"yoast-schema-graph\">{\"@context\":\"https:\/\/schema.org\",\"@graph\":[{\"@type\":\"WebSite\",\"@id\":\"https:\/\/www.edugestores.pe\/#website\",\"url\":\"https:\/\/www.edugestores.pe\/\",\"name\":\"Red Peruana de Gestores de la Educaci\u00f3n\",\"description\":\"Red Peruana de Gestores de la Educaci\u00f3n\",\"potentialAction\":[{\"@type\":\"SearchAction\",\"target\":{\"@type\":\"EntryPoint\",\"urlTemplate\":\"https:\/\/www.edugestores.pe\/?s={search_term_string}\"},\"query-input\":\"required name=search_term_string\"}],\"inLanguage\":\"es\"},{\"@type\":\"ImageObject\",\"@id\":\"https:\/\/www.edugestores.pe\/?p=24694#primaryimage\",\"inLanguage\":\"es\",\"url\":\"https:\/\/www.edugestores.pe\/wp-content\/uploads\/2020\/04\/educaci\u00f3n-b\u00e1sica-calidad-educativa-Sineace-encuentro-chile-colombia-ecuador.jpg\",\"contentUrl\":\"https:\/\/www.edugestores.pe\/wp-content\/uploads\/2020\/04\/educaci\u00f3n-b\u00e1sica-calidad-educativa-Sineace-encuentro-chile-colombia-ecuador.jpg\",\"width\":900,\"height\":500},{\"@type\":\"WebPage\",\"@id\":\"https:\/\/www.edugestores.pe\/?p=24694#webpage\",\"url\":\"https:\/\/www.edugestores.pe\/?p=24694\",\"name\":\"Educaci\u00f3n p\u00fablica de calidad para todos: cambios en tiempos de pandemia, un art\u00edculo de Wilfredo Rimari - Red Peruana de Gestores de la Educaci\u00f3n\",\"isPartOf\":{\"@id\":\"https:\/\/www.edugestores.pe\/#website\"},\"primaryImageOfPage\":{\"@id\":\"https:\/\/www.edugestores.pe\/?p=24694#primaryimage\"},\"datePublished\":\"2020-04-27T20:11:09+00:00\",\"dateModified\":\"2020-05-09T21:47:29+00:00\",\"author\":{\"@id\":\"https:\/\/www.edugestores.pe\/#\/schema\/person\/30dc82f35f5853289037a64b35c7c7d3\"},\"breadcrumb\":{\"@id\":\"https:\/\/www.edugestores.pe\/?p=24694#breadcrumb\"},\"inLanguage\":\"es\",\"potentialAction\":[{\"@type\":\"ReadAction\",\"target\":[\"https:\/\/www.edugestores.pe\/?p=24694\"]}]},{\"@type\":\"BreadcrumbList\",\"@id\":\"https:\/\/www.edugestores.pe\/?p=24694#breadcrumb\",\"itemListElement\":[{\"@type\":\"ListItem\",\"position\":1,\"name\":\"Portada\",\"item\":\"https:\/\/www.edugestores.pe\/\"},{\"@type\":\"ListItem\",\"position\":2,\"name\":\"Educaci\u00f3n p\u00fablica de calidad para todos: cambios en tiempos de pandemia, un art\u00edculo de Wilfredo Rimari\"}]},{\"@type\":\"Person\",\"@id\":\"https:\/\/www.edugestores.pe\/#\/schema\/person\/30dc82f35f5853289037a64b35c7c7d3\",\"name\":\"Administrador\",\"image\":{\"@type\":\"ImageObject\",\"@id\":\"https:\/\/www.edugestores.pe\/#personlogo\",\"inLanguage\":\"es\",\"url\":\"https:\/\/secure.gravatar.com\/avatar\/70960d1239c4d2c778bb3d2786a3c1ae?s=96&d=mm&r=g\",\"contentUrl\":\"https:\/\/secure.gravatar.com\/avatar\/70960d1239c4d2c778bb3d2786a3c1ae?s=96&d=mm&r=g\",\"caption\":\"Administrador\"},\"url\":\"https:\/\/www.edugestores.pe\/?author=63\"}]}<\/script>\n<!-- \/ Yoast SEO plugin. -->","yoast_head_json":{"title":"Educaci\u00f3n p\u00fablica de calidad para todos: cambios en tiempos de pandemia, un art\u00edculo de Wilfredo Rimari - Red Peruana de Gestores de la Educaci\u00f3n","robots":{"index":"index","follow":"follow","max-snippet":"max-snippet:-1","max-image-preview":"max-image-preview:large","max-video-preview":"max-video-preview:-1"},"canonical":"https:\/\/www.edugestores.pe\/?p=24694","og_locale":"es_ES","og_type":"article","og_title":"Educaci\u00f3n p\u00fablica de calidad para todos: cambios en tiempos de pandemia, un art\u00edculo de Wilfredo Rimari - Red Peruana de Gestores de la Educaci\u00f3n","og_description":"Por Wilfredo Rimari Arias El 18 de abril de 2020, el presidente Mart\u00edn Vizcarra anunci\u00f3 que se comprar\u00e1n 840 tablets [&hellip;]","og_url":"https:\/\/www.edugestores.pe\/?p=24694","og_site_name":"Red Peruana de Gestores de la Educaci\u00f3n","article_published_time":"2020-04-27T20:11:09+00:00","article_modified_time":"2020-05-09T21:47:29+00:00","og_image":[{"width":900,"height":500,"url":"https:\/\/www.edugestores.pe\/wp-content\/uploads\/2020\/04\/educaci\u00f3n-b\u00e1sica-calidad-educativa-Sineace-encuentro-chile-colombia-ecuador.jpg","type":"image\/jpeg"}],"twitter_card":"summary_large_image","twitter_misc":{"Escrito por":"Administrador","Tiempo de lectura":"3 minutos"},"schema":{"@context":"https:\/\/schema.org","@graph":[{"@type":"WebSite","@id":"https:\/\/www.edugestores.pe\/#website","url":"https:\/\/www.edugestores.pe\/","name":"Red Peruana de Gestores de la Educaci\u00f3n","description":"Red Peruana de Gestores de la Educaci\u00f3n","potentialAction":[{"@type":"SearchAction","target":{"@type":"EntryPoint","urlTemplate":"https:\/\/www.edugestores.pe\/?s={search_term_string}"},"query-input":"required name=search_term_string"}],"inLanguage":"es"},{"@type":"ImageObject","@id":"https:\/\/www.edugestores.pe\/?p=24694#primaryimage","inLanguage":"es","url":"https:\/\/www.edugestores.pe\/wp-content\/uploads\/2020\/04\/educaci\u00f3n-b\u00e1sica-calidad-educativa-Sineace-encuentro-chile-colombia-ecuador.jpg","contentUrl":"https:\/\/www.edugestores.pe\/wp-content\/uploads\/2020\/04\/educaci\u00f3n-b\u00e1sica-calidad-educativa-Sineace-encuentro-chile-colombia-ecuador.jpg","width":900,"height":500},{"@type":"WebPage","@id":"https:\/\/www.edugestores.pe\/?p=24694#webpage","url":"https:\/\/www.edugestores.pe\/?p=24694","name":"Educaci\u00f3n p\u00fablica de calidad para todos: cambios en tiempos de pandemia, un art\u00edculo de Wilfredo Rimari - Red Peruana de Gestores de la Educaci\u00f3n","isPartOf":{"@id":"https:\/\/www.edugestores.pe\/#website"},"primaryImageOfPage":{"@id":"https:\/\/www.edugestores.pe\/?p=24694#primaryimage"},"datePublished":"2020-04-27T20:11:09+00:00","dateModified":"2020-05-09T21:47:29+00:00","author":{"@id":"https:\/\/www.edugestores.pe\/#\/schema\/person\/30dc82f35f5853289037a64b35c7c7d3"},"breadcrumb":{"@id":"https:\/\/www.edugestores.pe\/?p=24694#breadcrumb"},"inLanguage":"es","potentialAction":[{"@type":"ReadAction","target":["https:\/\/www.edugestores.pe\/?p=24694"]}]},{"@type":"BreadcrumbList","@id":"https:\/\/www.edugestores.pe\/?p=24694#breadcrumb","itemListElement":[{"@type":"ListItem","position":1,"name":"Portada","item":"https:\/\/www.edugestores.pe\/"},{"@type":"ListItem","position":2,"name":"Educaci\u00f3n p\u00fablica de calidad para todos: cambios en tiempos de pandemia, un art\u00edculo de Wilfredo Rimari"}]},{"@type":"Person","@id":"https:\/\/www.edugestores.pe\/#\/schema\/person\/30dc82f35f5853289037a64b35c7c7d3","name":"Administrador","image":{"@type":"ImageObject","@id":"https:\/\/www.edugestores.pe\/#personlogo","inLanguage":"es","url":"https:\/\/secure.gravatar.com\/avatar\/70960d1239c4d2c778bb3d2786a3c1ae?s=96&d=mm&r=g","contentUrl":"https:\/\/secure.gravatar.com\/avatar\/70960d1239c4d2c778bb3d2786a3c1ae?s=96&d=mm&r=g","caption":"Administrador"},"url":"https:\/\/www.edugestores.pe\/?author=63"}]}},"jetpack_featured_media_url":"https:\/\/www.edugestores.pe\/wp-content\/uploads\/2020\/04\/educaci\u00f3n-b\u00e1sica-calidad-educativa-Sineace-encuentro-chile-colombia-ecuador.jpg","_links":{"self":[{"href":"https:\/\/www.edugestores.pe\/index.php?rest_route=\/wp\/v2\/posts\/24694"}],"collection":[{"href":"https:\/\/www.edugestores.pe\/index.php?rest_route=\/wp\/v2\/posts"}],"about":[{"href":"https:\/\/www.edugestores.pe\/index.php?rest_route=\/wp\/v2\/types\/post"}],"author":[{"embeddable":true,"href":"https:\/\/www.edugestores.pe\/index.php?rest_route=\/wp\/v2\/users\/63"}],"replies":[{"embeddable":true,"href":"https:\/\/www.edugestores.pe\/index.php?rest_route=%2Fwp%2Fv2%2Fcomments&post=24694"}],"version-history":[{"count":1,"href":"https:\/\/www.edugestores.pe\/index.php?rest_route=\/wp\/v2\/posts\/24694\/revisions"}],"predecessor-version":[{"id":24696,"href":"https:\/\/www.edugestores.pe\/index.php?rest_route=\/wp\/v2\/posts\/24694\/revisions\/24696"}],"wp:featuredmedia":[{"embeddable":true,"href":"https:\/\/www.edugestores.pe\/index.php?rest_route=\/wp\/v2\/media\/24695"}],"wp:attachment":[{"href":"https:\/\/www.edugestores.pe\/index.php?rest_route=%2Fwp%2Fv2%2Fmedia&parent=24694"}],"wp:term":[{"taxonomy":"category","embeddable":true,"href":"https:\/\/www.edugestores.pe\/index.php?rest_route=%2Fwp%2Fv2%2Fcategories&post=24694"},{"taxonomy":"post_tag","embeddable":true,"href":"https:\/\/www.edugestores.pe\/index.php?rest_route=%2Fwp%2Fv2%2Ftags&post=24694"}],"curies":[{"name":"wp","href":"https:\/\/api.w.org\/{rel}","templated":true}]}}