{"id":24725,"date":"2020-05-03T22:07:56","date_gmt":"2020-05-04T03:07:56","guid":{"rendered":"https:\/\/www.edugestores.pe\/?p=24725"},"modified":"2020-05-09T16:47:55","modified_gmt":"2020-05-09T21:47:55","slug":"piura-designan-a-nuevo-director-regional-de-educacion","status":"publish","type":"post","link":"https:\/\/www.edugestores.pe\/?p=24725","title":{"rendered":"Piura: designan a nuevo director regional de Educaci\u00f3n"},"content":{"rendered":"<p style=\"text-align: justify;\">El profesor y abogado\u00a0Elvis Bonifaz L\u00f3pez, es el flamante Director Regional de Educaci\u00f3n de Piura, quien reemplazar\u00e1 al renunciante Arnulfo Sandoval Cornejo. El designado es docente de Biolog\u00eda y Qu\u00edmica titulado en el 2008 en la Universidad Nacional de Piura, adem\u00e1s, tiene estudios de derecho realizados en la Universidad Cat\u00f3lica Los \u00c1ngeles de Chimbote, donde se titul\u00f3 en el 2012.<\/p>\n<section class=\"article-content\">\n<p style=\"text-align: justify;\">Bonifaz se convierte en el cuarto Director desde que Servando Garc\u00eda Correa asumi\u00f3 el cargo de Gobernador el 1 de enero del 2019. Su experiencia como profesor y su formaci\u00f3n complementaria de abogado, podr\u00eda brindarle una mirada m\u00e1s t\u00e9cnica a un sector, que se encuentra en un proceso de reconversi\u00f3n para el presente a\u00f1o, debido a la pandemoa y la casi imposibilidad que hayan clases presenciales.<\/p>\n<p style=\"text-align: justify;\">Fuente: diario El Regional<\/p>\n<\/section>\n","protected":false},"excerpt":{"rendered":"<p>El profesor y abogado\u00a0Elvis Bonifaz L\u00f3pez, es el flamante Director Regional de Educaci\u00f3n de Piura, quien reemplazar\u00e1 al renunciante Arnulfo [&hellip;]<\/p>\n","protected":false},"author":63,"featured_media":24726,"comment_status":"open","ping_status":"open","sticky":false,"template":"","format":"standard","meta":{"spay_email":""},"categories":[125],"tags":[],"yoast_head":"<!-- This site is optimized with the Yoast SEO plugin v18.0 - https:\/\/yoast.com\/wordpress\/plugins\/seo\/ -->\n<title>Piura: designan a nuevo director regional de Educaci\u00f3n - Red Peruana de Gestores de la Educaci\u00f3n<\/title>\n<meta name=\"robots\" content=\"index, follow, max-snippet:-1, max-image-preview:large, max-video-preview:-1\" \/>\n<link rel=\"canonical\" href=\"https:\/\/www.edugestores.pe\/?p=24725\" \/>\n<meta property=\"og:locale\" content=\"es_ES\" \/>\n<meta property=\"og:type\" content=\"article\" \/>\n<meta property=\"og:title\" content=\"Piura: designan a nuevo director regional de Educaci\u00f3n - Red Peruana de Gestores de la Educaci\u00f3n\" \/>\n<meta property=\"og:description\" content=\"El profesor y abogado\u00a0Elvis Bonifaz L\u00f3pez, es el flamante Director Regional de Educaci\u00f3n de Piura, quien reemplazar\u00e1 al renunciante Arnulfo [&hellip;]\" \/>\n<meta property=\"og:url\" content=\"https:\/\/www.edugestores.pe\/?p=24725\" \/>\n<meta property=\"og:site_name\" content=\"Red Peruana de Gestores de la Educaci\u00f3n\" \/>\n<meta property=\"article:published_time\" content=\"2020-05-04T03:07:56+00:00\" \/>\n<meta property=\"article:modified_time\" content=\"2020-05-09T21:47:55+00:00\" \/>\n<meta property=\"og:image\" content=\"https:\/\/www.edugestores.pe\/wp-content\/uploads\/2020\/05\/Director-Educacion-Bonifaz.jpg\" \/>\n\t<meta property=\"og:image:width\" content=\"1889\" \/>\n\t<meta property=\"og:image:height\" content=\"1125\" \/>\n\t<meta property=\"og:image:type\" content=\"image\/jpeg\" \/>\n<meta name=\"twitter:card\" content=\"summary_large_image\" \/>\n<meta name=\"twitter:label1\" content=\"Escrito por\" \/>\n\t<meta name=\"twitter:data1\" content=\"Administrador\" \/>\n\t<meta name=\"twitter:label2\" content=\"Tiempo de lectura\" \/>\n\t<meta name=\"twitter:data2\" content=\"1 minuto\" \/>\n<script type=\"application\/ld+json\" class=\"yoast-schema-graph\">{\"@context\":\"https:\/\/schema.org\",\"@graph\":[{\"@type\":\"WebSite\",\"@id\":\"https:\/\/www.edugestores.pe\/#website\",\"url\":\"https:\/\/www.edugestores.pe\/\",\"name\":\"Red Peruana de Gestores de la Educaci\u00f3n\",\"description\":\"Red Peruana de Gestores de la Educaci\u00f3n\",\"potentialAction\":[{\"@type\":\"SearchAction\",\"target\":{\"@type\":\"EntryPoint\",\"urlTemplate\":\"https:\/\/www.edugestores.pe\/?s={search_term_string}\"},\"query-input\":\"required name=search_term_string\"}],\"inLanguage\":\"es\"},{\"@type\":\"ImageObject\",\"@id\":\"https:\/\/www.edugestores.pe\/?p=24725#primaryimage\",\"inLanguage\":\"es\",\"url\":\"https:\/\/www.edugestores.pe\/wp-content\/uploads\/2020\/05\/Director-Educacion-Bonifaz.jpg\",\"contentUrl\":\"https:\/\/www.edugestores.pe\/wp-content\/uploads\/2020\/05\/Director-Educacion-Bonifaz.jpg\",\"width\":1889,\"height\":1125},{\"@type\":\"WebPage\",\"@id\":\"https:\/\/www.edugestores.pe\/?p=24725#webpage\",\"url\":\"https:\/\/www.edugestores.pe\/?p=24725\",\"name\":\"Piura: designan a nuevo director regional de Educaci\u00f3n - Red Peruana de Gestores de la Educaci\u00f3n\",\"isPartOf\":{\"@id\":\"https:\/\/www.edugestores.pe\/#website\"},\"primaryImageOfPage\":{\"@id\":\"https:\/\/www.edugestores.pe\/?p=24725#primaryimage\"},\"datePublished\":\"2020-05-04T03:07:56+00:00\",\"dateModified\":\"2020-05-09T21:47:55+00:00\",\"author\":{\"@id\":\"https:\/\/www.edugestores.pe\/#\/schema\/person\/30dc82f35f5853289037a64b35c7c7d3\"},\"breadcrumb\":{\"@id\":\"https:\/\/www.edugestores.pe\/?p=24725#breadcrumb\"},\"inLanguage\":\"es\",\"potentialAction\":[{\"@type\":\"ReadAction\",\"target\":[\"https:\/\/www.edugestores.pe\/?p=24725\"]}]},{\"@type\":\"BreadcrumbList\",\"@id\":\"https:\/\/www.edugestores.pe\/?p=24725#breadcrumb\",\"itemListElement\":[{\"@type\":\"ListItem\",\"position\":1,\"name\":\"Portada\",\"item\":\"https:\/\/www.edugestores.pe\/\"},{\"@type\":\"ListItem\",\"position\":2,\"name\":\"Piura: designan a nuevo director regional de Educaci\u00f3n\"}]},{\"@type\":\"Person\",\"@id\":\"https:\/\/www.edugestores.pe\/#\/schema\/person\/30dc82f35f5853289037a64b35c7c7d3\",\"name\":\"Administrador\",\"image\":{\"@type\":\"ImageObject\",\"@id\":\"https:\/\/www.edugestores.pe\/#personlogo\",\"inLanguage\":\"es\",\"url\":\"https:\/\/secure.gravatar.com\/avatar\/70960d1239c4d2c778bb3d2786a3c1ae?s=96&d=mm&r=g\",\"contentUrl\":\"https:\/\/secure.gravatar.com\/avatar\/70960d1239c4d2c778bb3d2786a3c1ae?s=96&d=mm&r=g\",\"caption\":\"Administrador\"},\"url\":\"https:\/\/www.edugestores.pe\/?author=63\"}]}<\/script>\n<!-- \/ Yoast SEO plugin. -->","yoast_head_json":{"title":"Piura: designan a nuevo director regional de Educaci\u00f3n - Red Peruana de Gestores de la Educaci\u00f3n","robots":{"index":"index","follow":"follow","max-snippet":"max-snippet:-1","max-image-preview":"max-image-preview:large","max-video-preview":"max-video-preview:-1"},"canonical":"https:\/\/www.edugestores.pe\/?p=24725","og_locale":"es_ES","og_type":"article","og_title":"Piura: designan a nuevo director regional de Educaci\u00f3n - Red Peruana de Gestores de la Educaci\u00f3n","og_description":"El profesor y abogado\u00a0Elvis Bonifaz L\u00f3pez, es el flamante Director Regional de Educaci\u00f3n de Piura, quien reemplazar\u00e1 al renunciante Arnulfo [&hellip;]","og_url":"https:\/\/www.edugestores.pe\/?p=24725","og_site_name":"Red Peruana de Gestores de la Educaci\u00f3n","article_published_time":"2020-05-04T03:07:56+00:00","article_modified_time":"2020-05-09T21:47:55+00:00","og_image":[{"width":1889,"height":1125,"url":"https:\/\/www.edugestores.pe\/wp-content\/uploads\/2020\/05\/Director-Educacion-Bonifaz.jpg","type":"image\/jpeg"}],"twitter_card":"summary_large_image","twitter_misc":{"Escrito por":"Administrador","Tiempo de lectura":"1 minuto"},"schema":{"@context":"https:\/\/schema.org","@graph":[{"@type":"WebSite","@id":"https:\/\/www.edugestores.pe\/#website","url":"https:\/\/www.edugestores.pe\/","name":"Red Peruana de Gestores de la Educaci\u00f3n","description":"Red Peruana de Gestores de la Educaci\u00f3n","potentialAction":[{"@type":"SearchAction","target":{"@type":"EntryPoint","urlTemplate":"https:\/\/www.edugestores.pe\/?s={search_term_string}"},"query-input":"required name=search_term_string"}],"inLanguage":"es"},{"@type":"ImageObject","@id":"https:\/\/www.edugestores.pe\/?p=24725#primaryimage","inLanguage":"es","url":"https:\/\/www.edugestores.pe\/wp-content\/uploads\/2020\/05\/Director-Educacion-Bonifaz.jpg","contentUrl":"https:\/\/www.edugestores.pe\/wp-content\/uploads\/2020\/05\/Director-Educacion-Bonifaz.jpg","width":1889,"height":1125},{"@type":"WebPage","@id":"https:\/\/www.edugestores.pe\/?p=24725#webpage","url":"https:\/\/www.edugestores.pe\/?p=24725","name":"Piura: designan a nuevo director regional de Educaci\u00f3n - Red Peruana de Gestores de la Educaci\u00f3n","isPartOf":{"@id":"https:\/\/www.edugestores.pe\/#website"},"primaryImageOfPage":{"@id":"https:\/\/www.edugestores.pe\/?p=24725#primaryimage"},"datePublished":"2020-05-04T03:07:56+00:00","dateModified":"2020-05-09T21:47:55+00:00","author":{"@id":"https:\/\/www.edugestores.pe\/#\/schema\/person\/30dc82f35f5853289037a64b35c7c7d3"},"breadcrumb":{"@id":"https:\/\/www.edugestores.pe\/?p=24725#breadcrumb"},"inLanguage":"es","potentialAction":[{"@type":"ReadAction","target":["https:\/\/www.edugestores.pe\/?p=24725"]}]},{"@type":"BreadcrumbList","@id":"https:\/\/www.edugestores.pe\/?p=24725#breadcrumb","itemListElement":[{"@type":"ListItem","position":1,"name":"Portada","item":"https:\/\/www.edugestores.pe\/"},{"@type":"ListItem","position":2,"name":"Piura: designan a nuevo director regional de Educaci\u00f3n"}]},{"@type":"Person","@id":"https:\/\/www.edugestores.pe\/#\/schema\/person\/30dc82f35f5853289037a64b35c7c7d3","name":"Administrador","image":{"@type":"ImageObject","@id":"https:\/\/www.edugestores.pe\/#personlogo","inLanguage":"es","url":"https:\/\/secure.gravatar.com\/avatar\/70960d1239c4d2c778bb3d2786a3c1ae?s=96&d=mm&r=g","contentUrl":"https:\/\/secure.gravatar.com\/avatar\/70960d1239c4d2c778bb3d2786a3c1ae?s=96&d=mm&r=g","caption":"Administrador"},"url":"https:\/\/www.edugestores.pe\/?author=63"}]}},"jetpack_featured_media_url":"https:\/\/www.edugestores.pe\/wp-content\/uploads\/2020\/05\/Director-Educacion-Bonifaz.jpg","_links":{"self":[{"href":"https:\/\/www.edugestores.pe\/index.php?rest_route=\/wp\/v2\/posts\/24725"}],"collection":[{"href":"https:\/\/www.edugestores.pe\/index.php?rest_route=\/wp\/v2\/posts"}],"about":[{"href":"https:\/\/www.edugestores.pe\/index.php?rest_route=\/wp\/v2\/types\/post"}],"author":[{"embeddable":true,"href":"https:\/\/www.edugestores.pe\/index.php?rest_route=\/wp\/v2\/users\/63"}],"replies":[{"embeddable":true,"href":"https:\/\/www.edugestores.pe\/index.php?rest_route=%2Fwp%2Fv2%2Fcomments&post=24725"}],"version-history":[{"count":1,"href":"https:\/\/www.edugestores.pe\/index.php?rest_route=\/wp\/v2\/posts\/24725\/revisions"}],"predecessor-version":[{"id":24727,"href":"https:\/\/www.edugestores.pe\/index.php?rest_route=\/wp\/v2\/posts\/24725\/revisions\/24727"}],"wp:featuredmedia":[{"embeddable":true,"href":"https:\/\/www.edugestores.pe\/index.php?rest_route=\/wp\/v2\/media\/24726"}],"wp:attachment":[{"href":"https:\/\/www.edugestores.pe\/index.php?rest_route=%2Fwp%2Fv2%2Fmedia&parent=24725"}],"wp:term":[{"taxonomy":"category","embeddable":true,"href":"https:\/\/www.edugestores.pe\/index.php?rest_route=%2Fwp%2Fv2%2Fcategories&post=24725"},{"taxonomy":"post_tag","embeddable":true,"href":"https:\/\/www.edugestores.pe\/index.php?rest_route=%2Fwp%2Fv2%2Ftags&post=24725"}],"curies":[{"name":"wp","href":"https:\/\/api.w.org\/{rel}","templated":true}]}}