{"id":24745,"date":"2020-05-05T21:44:57","date_gmt":"2020-05-06T02:44:57","guid":{"rendered":"https:\/\/www.edugestores.pe\/?p=24745"},"modified":"2020-05-09T16:48:11","modified_gmt":"2020-05-09T21:48:11","slug":"martin-vizcarra-sobre-reinicio-de-clases-por-un-buen-tiempo-sera-a-distancia","status":"publish","type":"post","link":"https:\/\/www.edugestores.pe\/?p=24745","title":{"rendered":"Mart\u00edn Vizcarra: \u201cPor un buen tiempo las clases ser\u00e1n a distancia\u201d"},"content":{"rendered":"<p class=\"story-content__font--secondary mb-25 title-xs line-h-md mt-20 secondary-font pr-20\" style=\"text-align: justify;\">Desde la Base de Centro de Operaciones de Emergencia Nacional, el presidente\u00a0Mart\u00edn Vizcarra\u00a0se\u00f1al\u00f3 este martes que el reinicio de clases presenciales est\u00e1 lejos de retomarse en el pa\u00eds.<\/p>\n<p style=\"text-align: justify;\">El mandatario indic\u00f3 que \u201cen corto y mediano plazo\u201d estas no se podr\u00e1n realizar. De acuerdo al Jefe de Estado, los alumnos deber\u00e1n continuar realizando clases a distancia.<\/p>\n<p class=\"story-content__font--secondary mb-25 title-xs line-h-md mt-20 secondary-font pr-20\" style=\"text-align: justify;\">\u201cHemos aprobado un decreto de urgencia referido a la educaci\u00f3n privada. Lo que queda absolutamente claro es que en el corto y mediano plazo las clases no pueden ser presenciales.\u00a0Los alumnos de inicial, primaria, secundaria, educaci\u00f3n t\u00e9cnica superior, universitario, tendr\u00e1n que hacer todav\u00eda, por un buen tiempo, clases a distancia.\u00a0Hemos hecho un gran esfuerzo, a trav\u00e9s del Ministerio de Educaci\u00f3n, para que estas clases, en todas las instituciones p\u00fablicas, se haga a trav\u00e9s de Aprendo en Casa. Hemos visto los mecanismo y estamos trabajando con los docentes\u201d, asever\u00f3.<\/p>\n<div id=\"gpt_caja4\" class=\"flex justify-center\" style=\"text-align: justify;\">Asimismo,\u00a0Vizcarra\u00a0se\u00f1al\u00f3 que el decreto de urgencia publicado hoy est\u00e1 enfocado en brindar una soluci\u00f3n a las quejas sobre las pensiones en las instituciones educativas privadas.<\/div>\n<p class=\"story-content__font--secondary mb-25 title-xs line-h-md mt-20 secondary-font pr-20\" style=\"text-align: justify;\">\u201cLa educaci\u00f3n no solamente es la p\u00fablica. Tambi\u00e9n est\u00e1 la privada. Muchos padres de familia se han quejado sobre los precios. Algunos colegios disminuyeron sus pensiones, otros no lo hicieron, otros hicieron una reducci\u00f3n m\u00ednima. \u00bfQu\u00e9 es lo correcto?\u00a0La instituciones privadas tienen que hacer una justificaci\u00f3n del costo de los servicios que ofrecen. Eso tiene que ser p\u00fablico y transparente para que los padres de familia lo puedan aceptar. Los que no aceptan, tienen la oportunidad de pasarse a otra instituci\u00f3n privada o a una p\u00fablica\u201d, concluy\u00f3.<\/p>\n<p style=\"text-align: justify;\">Vizcarra abog\u00f3 por esa reducci\u00f3n alegando que la educaci\u00f3n a distancia implicar\u00eda un menor costo. El gobierno incluso alienta a los padres a retirar a sus hijos de los colegios privados donde estudian para inscribirlos en escuelas p\u00fablicas. Varias escuelas privadas empezaron a reducir sus cuotas para adaptarse al modelo de &#8220;educaci\u00f3n no presencial&#8221;.<\/p>\n<p class=\"story-content__font--secondary mb-25 title-xs line-h-md mt-20 secondary-font pr-20\" style=\"text-align: justify;\">Tomado de Per\u00fa 21, France 24<\/p>\n","protected":false},"excerpt":{"rendered":"<p>Desde la Base de Centro de Operaciones de Emergencia Nacional, el presidente\u00a0Mart\u00edn Vizcarra\u00a0se\u00f1al\u00f3 este martes que el reinicio de clases [&hellip;]<\/p>\n","protected":false},"author":63,"featured_media":24746,"comment_status":"open","ping_status":"open","sticky":false,"template":"","format":"standard","meta":{"spay_email":""},"categories":[125],"tags":[],"yoast_head":"<!-- This site is optimized with the Yoast SEO plugin v18.0 - https:\/\/yoast.com\/wordpress\/plugins\/seo\/ -->\n<title>Mart\u00edn Vizcarra: \u201cPor un buen tiempo las clases ser\u00e1n a distancia\u201d - Red Peruana de Gestores de la Educaci\u00f3n<\/title>\n<meta name=\"robots\" content=\"index, follow, max-snippet:-1, max-image-preview:large, max-video-preview:-1\" \/>\n<link rel=\"canonical\" href=\"https:\/\/www.edugestores.pe\/?p=24745\" \/>\n<meta property=\"og:locale\" content=\"es_ES\" \/>\n<meta property=\"og:type\" content=\"article\" \/>\n<meta property=\"og:title\" content=\"Mart\u00edn Vizcarra: \u201cPor un buen tiempo las clases ser\u00e1n a distancia\u201d - Red Peruana de Gestores de la Educaci\u00f3n\" \/>\n<meta property=\"og:description\" content=\"Desde la Base de Centro de Operaciones de Emergencia Nacional, el presidente\u00a0Mart\u00edn Vizcarra\u00a0se\u00f1al\u00f3 este martes que el reinicio de clases [&hellip;]\" \/>\n<meta property=\"og:url\" content=\"https:\/\/www.edugestores.pe\/?p=24745\" \/>\n<meta property=\"og:site_name\" content=\"Red Peruana de Gestores de la Educaci\u00f3n\" \/>\n<meta property=\"article:published_time\" content=\"2020-05-06T02:44:57+00:00\" \/>\n<meta property=\"article:modified_time\" content=\"2020-05-09T21:48:11+00:00\" \/>\n<meta property=\"og:image\" content=\"https:\/\/www.edugestores.pe\/wp-content\/uploads\/2020\/05\/5ea8de83b5e7db012748bb32.jpg\" \/>\n\t<meta property=\"og:image:width\" content=\"640\" \/>\n\t<meta property=\"og:image:height\" content=\"345\" \/>\n\t<meta property=\"og:image:type\" content=\"image\/jpeg\" \/>\n<meta name=\"twitter:card\" content=\"summary_large_image\" \/>\n<meta name=\"twitter:label1\" content=\"Escrito por\" \/>\n\t<meta name=\"twitter:data1\" content=\"Administrador\" \/>\n\t<meta name=\"twitter:label2\" content=\"Tiempo de lectura\" \/>\n\t<meta name=\"twitter:data2\" content=\"2 minutos\" \/>\n<script type=\"application\/ld+json\" class=\"yoast-schema-graph\">{\"@context\":\"https:\/\/schema.org\",\"@graph\":[{\"@type\":\"WebSite\",\"@id\":\"https:\/\/www.edugestores.pe\/#website\",\"url\":\"https:\/\/www.edugestores.pe\/\",\"name\":\"Red Peruana de Gestores de la Educaci\u00f3n\",\"description\":\"Red Peruana de Gestores de la Educaci\u00f3n\",\"potentialAction\":[{\"@type\":\"SearchAction\",\"target\":{\"@type\":\"EntryPoint\",\"urlTemplate\":\"https:\/\/www.edugestores.pe\/?s={search_term_string}\"},\"query-input\":\"required name=search_term_string\"}],\"inLanguage\":\"es\"},{\"@type\":\"ImageObject\",\"@id\":\"https:\/\/www.edugestores.pe\/?p=24745#primaryimage\",\"inLanguage\":\"es\",\"url\":\"https:\/\/www.edugestores.pe\/wp-content\/uploads\/2020\/05\/5ea8de83b5e7db012748bb32.jpg\",\"contentUrl\":\"https:\/\/www.edugestores.pe\/wp-content\/uploads\/2020\/05\/5ea8de83b5e7db012748bb32.jpg\",\"width\":640,\"height\":345},{\"@type\":\"WebPage\",\"@id\":\"https:\/\/www.edugestores.pe\/?p=24745#webpage\",\"url\":\"https:\/\/www.edugestores.pe\/?p=24745\",\"name\":\"Mart\u00edn Vizcarra: \u201cPor un buen tiempo las clases ser\u00e1n a distancia\u201d - Red Peruana de Gestores de la Educaci\u00f3n\",\"isPartOf\":{\"@id\":\"https:\/\/www.edugestores.pe\/#website\"},\"primaryImageOfPage\":{\"@id\":\"https:\/\/www.edugestores.pe\/?p=24745#primaryimage\"},\"datePublished\":\"2020-05-06T02:44:57+00:00\",\"dateModified\":\"2020-05-09T21:48:11+00:00\",\"author\":{\"@id\":\"https:\/\/www.edugestores.pe\/#\/schema\/person\/30dc82f35f5853289037a64b35c7c7d3\"},\"breadcrumb\":{\"@id\":\"https:\/\/www.edugestores.pe\/?p=24745#breadcrumb\"},\"inLanguage\":\"es\",\"potentialAction\":[{\"@type\":\"ReadAction\",\"target\":[\"https:\/\/www.edugestores.pe\/?p=24745\"]}]},{\"@type\":\"BreadcrumbList\",\"@id\":\"https:\/\/www.edugestores.pe\/?p=24745#breadcrumb\",\"itemListElement\":[{\"@type\":\"ListItem\",\"position\":1,\"name\":\"Portada\",\"item\":\"https:\/\/www.edugestores.pe\/\"},{\"@type\":\"ListItem\",\"position\":2,\"name\":\"Mart\u00edn Vizcarra: \u201cPor un buen tiempo las clases ser\u00e1n a distancia\u201d\"}]},{\"@type\":\"Person\",\"@id\":\"https:\/\/www.edugestores.pe\/#\/schema\/person\/30dc82f35f5853289037a64b35c7c7d3\",\"name\":\"Administrador\",\"image\":{\"@type\":\"ImageObject\",\"@id\":\"https:\/\/www.edugestores.pe\/#personlogo\",\"inLanguage\":\"es\",\"url\":\"https:\/\/secure.gravatar.com\/avatar\/70960d1239c4d2c778bb3d2786a3c1ae?s=96&d=mm&r=g\",\"contentUrl\":\"https:\/\/secure.gravatar.com\/avatar\/70960d1239c4d2c778bb3d2786a3c1ae?s=96&d=mm&r=g\",\"caption\":\"Administrador\"},\"url\":\"https:\/\/www.edugestores.pe\/?author=63\"}]}<\/script>\n<!-- \/ Yoast SEO plugin. -->","yoast_head_json":{"title":"Mart\u00edn Vizcarra: \u201cPor un buen tiempo las clases ser\u00e1n a distancia\u201d - Red Peruana de Gestores de la Educaci\u00f3n","robots":{"index":"index","follow":"follow","max-snippet":"max-snippet:-1","max-image-preview":"max-image-preview:large","max-video-preview":"max-video-preview:-1"},"canonical":"https:\/\/www.edugestores.pe\/?p=24745","og_locale":"es_ES","og_type":"article","og_title":"Mart\u00edn Vizcarra: \u201cPor un buen tiempo las clases ser\u00e1n a distancia\u201d - Red Peruana de Gestores de la Educaci\u00f3n","og_description":"Desde la Base de Centro de Operaciones de Emergencia Nacional, el presidente\u00a0Mart\u00edn Vizcarra\u00a0se\u00f1al\u00f3 este martes que el reinicio de clases [&hellip;]","og_url":"https:\/\/www.edugestores.pe\/?p=24745","og_site_name":"Red Peruana de Gestores de la Educaci\u00f3n","article_published_time":"2020-05-06T02:44:57+00:00","article_modified_time":"2020-05-09T21:48:11+00:00","og_image":[{"width":640,"height":345,"url":"https:\/\/www.edugestores.pe\/wp-content\/uploads\/2020\/05\/5ea8de83b5e7db012748bb32.jpg","type":"image\/jpeg"}],"twitter_card":"summary_large_image","twitter_misc":{"Escrito por":"Administrador","Tiempo de lectura":"2 minutos"},"schema":{"@context":"https:\/\/schema.org","@graph":[{"@type":"WebSite","@id":"https:\/\/www.edugestores.pe\/#website","url":"https:\/\/www.edugestores.pe\/","name":"Red Peruana de Gestores de la Educaci\u00f3n","description":"Red Peruana de Gestores de la Educaci\u00f3n","potentialAction":[{"@type":"SearchAction","target":{"@type":"EntryPoint","urlTemplate":"https:\/\/www.edugestores.pe\/?s={search_term_string}"},"query-input":"required name=search_term_string"}],"inLanguage":"es"},{"@type":"ImageObject","@id":"https:\/\/www.edugestores.pe\/?p=24745#primaryimage","inLanguage":"es","url":"https:\/\/www.edugestores.pe\/wp-content\/uploads\/2020\/05\/5ea8de83b5e7db012748bb32.jpg","contentUrl":"https:\/\/www.edugestores.pe\/wp-content\/uploads\/2020\/05\/5ea8de83b5e7db012748bb32.jpg","width":640,"height":345},{"@type":"WebPage","@id":"https:\/\/www.edugestores.pe\/?p=24745#webpage","url":"https:\/\/www.edugestores.pe\/?p=24745","name":"Mart\u00edn Vizcarra: \u201cPor un buen tiempo las clases ser\u00e1n a distancia\u201d - Red Peruana de Gestores de la Educaci\u00f3n","isPartOf":{"@id":"https:\/\/www.edugestores.pe\/#website"},"primaryImageOfPage":{"@id":"https:\/\/www.edugestores.pe\/?p=24745#primaryimage"},"datePublished":"2020-05-06T02:44:57+00:00","dateModified":"2020-05-09T21:48:11+00:00","author":{"@id":"https:\/\/www.edugestores.pe\/#\/schema\/person\/30dc82f35f5853289037a64b35c7c7d3"},"breadcrumb":{"@id":"https:\/\/www.edugestores.pe\/?p=24745#breadcrumb"},"inLanguage":"es","potentialAction":[{"@type":"ReadAction","target":["https:\/\/www.edugestores.pe\/?p=24745"]}]},{"@type":"BreadcrumbList","@id":"https:\/\/www.edugestores.pe\/?p=24745#breadcrumb","itemListElement":[{"@type":"ListItem","position":1,"name":"Portada","item":"https:\/\/www.edugestores.pe\/"},{"@type":"ListItem","position":2,"name":"Mart\u00edn Vizcarra: \u201cPor un buen tiempo las clases ser\u00e1n a distancia\u201d"}]},{"@type":"Person","@id":"https:\/\/www.edugestores.pe\/#\/schema\/person\/30dc82f35f5853289037a64b35c7c7d3","name":"Administrador","image":{"@type":"ImageObject","@id":"https:\/\/www.edugestores.pe\/#personlogo","inLanguage":"es","url":"https:\/\/secure.gravatar.com\/avatar\/70960d1239c4d2c778bb3d2786a3c1ae?s=96&d=mm&r=g","contentUrl":"https:\/\/secure.gravatar.com\/avatar\/70960d1239c4d2c778bb3d2786a3c1ae?s=96&d=mm&r=g","caption":"Administrador"},"url":"https:\/\/www.edugestores.pe\/?author=63"}]}},"jetpack_featured_media_url":"https:\/\/www.edugestores.pe\/wp-content\/uploads\/2020\/05\/5ea8de83b5e7db012748bb32.jpg","_links":{"self":[{"href":"https:\/\/www.edugestores.pe\/index.php?rest_route=\/wp\/v2\/posts\/24745"}],"collection":[{"href":"https:\/\/www.edugestores.pe\/index.php?rest_route=\/wp\/v2\/posts"}],"about":[{"href":"https:\/\/www.edugestores.pe\/index.php?rest_route=\/wp\/v2\/types\/post"}],"author":[{"embeddable":true,"href":"https:\/\/www.edugestores.pe\/index.php?rest_route=\/wp\/v2\/users\/63"}],"replies":[{"embeddable":true,"href":"https:\/\/www.edugestores.pe\/index.php?rest_route=%2Fwp%2Fv2%2Fcomments&post=24745"}],"version-history":[{"count":2,"href":"https:\/\/www.edugestores.pe\/index.php?rest_route=\/wp\/v2\/posts\/24745\/revisions"}],"predecessor-version":[{"id":24748,"href":"https:\/\/www.edugestores.pe\/index.php?rest_route=\/wp\/v2\/posts\/24745\/revisions\/24748"}],"wp:featuredmedia":[{"embeddable":true,"href":"https:\/\/www.edugestores.pe\/index.php?rest_route=\/wp\/v2\/media\/24746"}],"wp:attachment":[{"href":"https:\/\/www.edugestores.pe\/index.php?rest_route=%2Fwp%2Fv2%2Fmedia&parent=24745"}],"wp:term":[{"taxonomy":"category","embeddable":true,"href":"https:\/\/www.edugestores.pe\/index.php?rest_route=%2Fwp%2Fv2%2Fcategories&post=24745"},{"taxonomy":"post_tag","embeddable":true,"href":"https:\/\/www.edugestores.pe\/index.php?rest_route=%2Fwp%2Fv2%2Ftags&post=24745"}],"curies":[{"name":"wp","href":"https:\/\/api.w.org\/{rel}","templated":true}]}}