{"id":24761,"date":"2020-05-08T11:46:02","date_gmt":"2020-05-08T16:46:02","guid":{"rendered":"https:\/\/www.edugestores.pe\/?p=24761"},"modified":"2020-05-09T16:48:25","modified_gmt":"2020-05-09T21:48:25","slug":"aprendo-en-casa-cumple-un-mes-con-millones-de-usuarios-en-todo-el-peru","status":"publish","type":"post","link":"https:\/\/www.edugestores.pe\/?p=24761","title":{"rendered":"Aprendo en Casa cumple un mes con millones de usuarios en todo el Per\u00fa"},"content":{"rendered":"<p style=\"text-align: justify;\">El ministro de Educaci\u00f3n, Mart\u00edn Benavides, consider\u00f3 positivo el balance de Aprendo en Casa y se\u00f1al\u00f3 que, al cumplirse hoy un mes de su inicio, esta estrategia de ense\u00f1anza a distancia tiene m\u00e1s de 124 millones de visitas \u00fanicas en su portal, es seguida cada semana por m\u00e1s de seis millones de televidentes y difundida por m\u00e1s de 1,000 radios en todo el territorio nacional.<\/p>\n<div style=\"text-align: justify;\">Adem\u00e1s, una encuesta muestra que el 86 % de los estudiantes est\u00e1 satisfecho con los contenidos y que el 98 % de los docentes tiene acceso a los contenidos de esta estrategia, que garantiza la aproximaci\u00f3n a la educaci\u00f3n de millones de escolares de los colegios p\u00fablicos durante la emergencia sanitaria, anot\u00f3.<\/div>\n<div>\n<div style=\"text-align: justify;\"><\/div>\n<div style=\"text-align: justify;\">Benavides destac\u00f3 la movilizaci\u00f3n nacional que ha habido por la educaci\u00f3n p\u00fablica y agradeci\u00f3 a los numerosos aliados del sector p\u00fablico y privado que respaldan al Ministerio de Educaci\u00f3n (Minedu) en este proceso de llevar las clases hasta los hogares de los educandos.<\/div>\n<div style=\"text-align: justify;\"><\/div>\n<div style=\"text-align: justify;\">&#8220;Aprendo en Casa es un bien p\u00fablico que tambi\u00e9n es consumido por los estudiantes de colegios privados. De esta manera, estamos recuperando la idea de que la educaci\u00f3n es un servicio p\u00fablico esencial que tenemos que garantizar y ofrecer con calidad&#8221;, afirm\u00f3.<\/div>\n<div style=\"text-align: justify;\"><\/div>\n<div style=\"text-align: justify;\"><\/div>\n<div style=\"text-align: justify;\">En otro momento indic\u00f3 que en solo un mes Aprendo en Casa ha ofrecido a los estudiantes 168 programas de radio y 105 programas de televisi\u00f3n, y que ahora los menores est\u00e1n aprendiendo a organizar su tiempo y a generar h\u00e1bitos de estudio, algo que no hab\u00edan hecho antes.<\/div>\n<div style=\"text-align: justify;\"><\/div>\n<div style=\"text-align: justify;\">El ministro de Educaci\u00f3n tambi\u00e9n resalt\u00f3 que los canales privados de se\u00f1al abierta tienen un bloque diario de una hora dedicado especialmente a los alumnos de quinto de secundaria, con contenidos en los que se enfatizan los temas de ciudadan\u00eda, diversidad, no discriminaci\u00f3n y el uso de las matem\u00e1ticas en el contexto actual.<\/div>\n<div style=\"text-align: justify;\"><\/div>\n<div style=\"text-align: justify;\">Al respecto manifest\u00f3 que posteriormente se ver\u00e1 la posibilidad de ampliar este bloque mediante un acuerdo con los canales privados.<\/div>\n<div style=\"text-align: justify;\"><\/div>\n<div style=\"text-align: justify;\">Benavides asegur\u00f3 a los padres de familia que sus hijos no van a perder el a\u00f1o escolar y que el Minedu est\u00e1 haciendo grandes esfuerzos para ofrecer un servicio educativo de calidad y reposicionar la educaci\u00f3n p\u00fablica. \u201cNo es un a\u00f1o perdido, es un a\u00f1o distinto en el que estamos aprendiendo cosas diferentes\u201d, afirm\u00f3.<\/div>\n<div style=\"text-align: justify;\"><strong>\u00a0<\/strong><\/div>\n<div style=\"text-align: justify;\"><strong>Aprendo en Casa.\u00a0<\/strong>Los contenidos de Aprendo en Casa, en su plataforma virtual, televisiva y radial, son elaborados por un equipo multidisciplinario integrado por m\u00e1s de 100 profesionales de la educaci\u00f3n, y la conexi\u00f3n entre los estudiantes y estos contenidos es facilitada por un grupo de comunicadores.<\/div>\n<div style=\"text-align: justify;\"><\/div>\n<div style=\"text-align: justify;\">Adem\u00e1s de\u00a0<em>Canal 7<\/em>\u00a0y\u00a0<em>Radio Nacional<\/em>, Aprendo en Casa cuenta para su difusi\u00f3n con el apoyo de aliados del sector privado como la Sociedad Nacional de Radio y Televisi\u00f3n (<em>Frecuencia Latina, Panamericana, Am\u00e9rica TV, ATV<\/em>\u00a0y\u00a0<em>Global<\/em>), el Comit\u00e9 de Radio, que agrupa a las radioemisoras l\u00edderes del pa\u00eds, y 1,000 radios de todas las regiones.<\/div>\n<div style=\"text-align: justify;\"><\/div>\n<div style=\"text-align: justify;\">M\u00e1s de 30 de estas radioemisoras transmiten los contenidos de Aprendo en Casa en las lenguas originarias quechua collao, quechua chanca, quechua central, aimara, shipibo, ash\u00e1ninka, awaj\u00fan, yanesha y shawi.<\/div>\n<div style=\"text-align: justify;\"><\/div>\n<div style=\"text-align: justify;\">Los escolares con acceso a internet pueden visitar las 24 horas los contenidos digitales en el portal www.aprendoencasa.pe\/<\/div>\n<div style=\"text-align: justify;\">Tomado de Andina.<\/div>\n<\/div>\n","protected":false},"excerpt":{"rendered":"<p>El ministro de Educaci\u00f3n, Mart\u00edn Benavides, consider\u00f3 positivo el balance de Aprendo en Casa y se\u00f1al\u00f3 que, al cumplirse hoy [&hellip;]<\/p>\n","protected":false},"author":63,"featured_media":24764,"comment_status":"open","ping_status":"open","sticky":false,"template":"","format":"standard","meta":{"spay_email":""},"categories":[125],"tags":[],"yoast_head":"<!-- This site is optimized with the Yoast SEO plugin v18.0 - https:\/\/yoast.com\/wordpress\/plugins\/seo\/ -->\n<title>Aprendo en Casa cumple un mes con millones de usuarios en todo el Per\u00fa - Red Peruana de Gestores de la Educaci\u00f3n<\/title>\n<meta name=\"robots\" content=\"index, follow, max-snippet:-1, max-image-preview:large, max-video-preview:-1\" \/>\n<link rel=\"canonical\" href=\"https:\/\/www.edugestores.pe\/?p=24761\" \/>\n<meta property=\"og:locale\" content=\"es_ES\" \/>\n<meta property=\"og:type\" content=\"article\" \/>\n<meta property=\"og:title\" content=\"Aprendo en Casa cumple un mes con millones de usuarios en todo el Per\u00fa - Red Peruana de Gestores de la Educaci\u00f3n\" \/>\n<meta property=\"og:description\" content=\"El ministro de Educaci\u00f3n, Mart\u00edn Benavides, consider\u00f3 positivo el balance de Aprendo en Casa y se\u00f1al\u00f3 que, al cumplirse hoy [&hellip;]\" \/>\n<meta property=\"og:url\" content=\"https:\/\/www.edugestores.pe\/?p=24761\" \/>\n<meta property=\"og:site_name\" content=\"Red Peruana de Gestores de la Educaci\u00f3n\" \/>\n<meta property=\"article:published_time\" content=\"2020-05-08T16:46:02+00:00\" \/>\n<meta property=\"article:modified_time\" content=\"2020-05-09T21:48:25+00:00\" \/>\n<meta property=\"og:image\" content=\"https:\/\/www.edugestores.pe\/wp-content\/uploads\/2020\/05\/andina-aprendo-en-casa.jpg\" \/>\n\t<meta property=\"og:image:width\" content=\"700\" \/>\n\t<meta property=\"og:image:height\" content=\"525\" \/>\n\t<meta property=\"og:image:type\" content=\"image\/jpeg\" \/>\n<meta name=\"twitter:card\" content=\"summary_large_image\" \/>\n<meta name=\"twitter:label1\" content=\"Escrito por\" \/>\n\t<meta name=\"twitter:data1\" content=\"Administrador\" \/>\n\t<meta name=\"twitter:label2\" content=\"Tiempo de lectura\" \/>\n\t<meta name=\"twitter:data2\" content=\"3 minutos\" \/>\n<script type=\"application\/ld+json\" class=\"yoast-schema-graph\">{\"@context\":\"https:\/\/schema.org\",\"@graph\":[{\"@type\":\"WebSite\",\"@id\":\"https:\/\/www.edugestores.pe\/#website\",\"url\":\"https:\/\/www.edugestores.pe\/\",\"name\":\"Red Peruana de Gestores de la Educaci\u00f3n\",\"description\":\"Red Peruana de Gestores de la Educaci\u00f3n\",\"potentialAction\":[{\"@type\":\"SearchAction\",\"target\":{\"@type\":\"EntryPoint\",\"urlTemplate\":\"https:\/\/www.edugestores.pe\/?s={search_term_string}\"},\"query-input\":\"required name=search_term_string\"}],\"inLanguage\":\"es\"},{\"@type\":\"ImageObject\",\"@id\":\"https:\/\/www.edugestores.pe\/?p=24761#primaryimage\",\"inLanguage\":\"es\",\"url\":\"https:\/\/www.edugestores.pe\/wp-content\/uploads\/2020\/05\/andina-aprendo-en-casa.jpg\",\"contentUrl\":\"https:\/\/www.edugestores.pe\/wp-content\/uploads\/2020\/05\/andina-aprendo-en-casa.jpg\",\"width\":700,\"height\":525},{\"@type\":\"WebPage\",\"@id\":\"https:\/\/www.edugestores.pe\/?p=24761#webpage\",\"url\":\"https:\/\/www.edugestores.pe\/?p=24761\",\"name\":\"Aprendo en Casa cumple un mes con millones de usuarios en todo el Per\u00fa - Red Peruana de Gestores de la Educaci\u00f3n\",\"isPartOf\":{\"@id\":\"https:\/\/www.edugestores.pe\/#website\"},\"primaryImageOfPage\":{\"@id\":\"https:\/\/www.edugestores.pe\/?p=24761#primaryimage\"},\"datePublished\":\"2020-05-08T16:46:02+00:00\",\"dateModified\":\"2020-05-09T21:48:25+00:00\",\"author\":{\"@id\":\"https:\/\/www.edugestores.pe\/#\/schema\/person\/30dc82f35f5853289037a64b35c7c7d3\"},\"breadcrumb\":{\"@id\":\"https:\/\/www.edugestores.pe\/?p=24761#breadcrumb\"},\"inLanguage\":\"es\",\"potentialAction\":[{\"@type\":\"ReadAction\",\"target\":[\"https:\/\/www.edugestores.pe\/?p=24761\"]}]},{\"@type\":\"BreadcrumbList\",\"@id\":\"https:\/\/www.edugestores.pe\/?p=24761#breadcrumb\",\"itemListElement\":[{\"@type\":\"ListItem\",\"position\":1,\"name\":\"Portada\",\"item\":\"https:\/\/www.edugestores.pe\/\"},{\"@type\":\"ListItem\",\"position\":2,\"name\":\"Aprendo en Casa cumple un mes con millones de usuarios en todo el Per\u00fa\"}]},{\"@type\":\"Person\",\"@id\":\"https:\/\/www.edugestores.pe\/#\/schema\/person\/30dc82f35f5853289037a64b35c7c7d3\",\"name\":\"Administrador\",\"image\":{\"@type\":\"ImageObject\",\"@id\":\"https:\/\/www.edugestores.pe\/#personlogo\",\"inLanguage\":\"es\",\"url\":\"https:\/\/secure.gravatar.com\/avatar\/70960d1239c4d2c778bb3d2786a3c1ae?s=96&d=mm&r=g\",\"contentUrl\":\"https:\/\/secure.gravatar.com\/avatar\/70960d1239c4d2c778bb3d2786a3c1ae?s=96&d=mm&r=g\",\"caption\":\"Administrador\"},\"url\":\"https:\/\/www.edugestores.pe\/?author=63\"}]}<\/script>\n<!-- \/ Yoast SEO plugin. -->","yoast_head_json":{"title":"Aprendo en Casa cumple un mes con millones de usuarios en todo el Per\u00fa - Red Peruana de Gestores de la Educaci\u00f3n","robots":{"index":"index","follow":"follow","max-snippet":"max-snippet:-1","max-image-preview":"max-image-preview:large","max-video-preview":"max-video-preview:-1"},"canonical":"https:\/\/www.edugestores.pe\/?p=24761","og_locale":"es_ES","og_type":"article","og_title":"Aprendo en Casa cumple un mes con millones de usuarios en todo el Per\u00fa - Red Peruana de Gestores de la Educaci\u00f3n","og_description":"El ministro de Educaci\u00f3n, Mart\u00edn Benavides, consider\u00f3 positivo el balance de Aprendo en Casa y se\u00f1al\u00f3 que, al cumplirse hoy [&hellip;]","og_url":"https:\/\/www.edugestores.pe\/?p=24761","og_site_name":"Red Peruana de Gestores de la Educaci\u00f3n","article_published_time":"2020-05-08T16:46:02+00:00","article_modified_time":"2020-05-09T21:48:25+00:00","og_image":[{"width":700,"height":525,"url":"https:\/\/www.edugestores.pe\/wp-content\/uploads\/2020\/05\/andina-aprendo-en-casa.jpg","type":"image\/jpeg"}],"twitter_card":"summary_large_image","twitter_misc":{"Escrito por":"Administrador","Tiempo de lectura":"3 minutos"},"schema":{"@context":"https:\/\/schema.org","@graph":[{"@type":"WebSite","@id":"https:\/\/www.edugestores.pe\/#website","url":"https:\/\/www.edugestores.pe\/","name":"Red Peruana de Gestores de la Educaci\u00f3n","description":"Red Peruana de Gestores de la Educaci\u00f3n","potentialAction":[{"@type":"SearchAction","target":{"@type":"EntryPoint","urlTemplate":"https:\/\/www.edugestores.pe\/?s={search_term_string}"},"query-input":"required name=search_term_string"}],"inLanguage":"es"},{"@type":"ImageObject","@id":"https:\/\/www.edugestores.pe\/?p=24761#primaryimage","inLanguage":"es","url":"https:\/\/www.edugestores.pe\/wp-content\/uploads\/2020\/05\/andina-aprendo-en-casa.jpg","contentUrl":"https:\/\/www.edugestores.pe\/wp-content\/uploads\/2020\/05\/andina-aprendo-en-casa.jpg","width":700,"height":525},{"@type":"WebPage","@id":"https:\/\/www.edugestores.pe\/?p=24761#webpage","url":"https:\/\/www.edugestores.pe\/?p=24761","name":"Aprendo en Casa cumple un mes con millones de usuarios en todo el Per\u00fa - Red Peruana de Gestores de la Educaci\u00f3n","isPartOf":{"@id":"https:\/\/www.edugestores.pe\/#website"},"primaryImageOfPage":{"@id":"https:\/\/www.edugestores.pe\/?p=24761#primaryimage"},"datePublished":"2020-05-08T16:46:02+00:00","dateModified":"2020-05-09T21:48:25+00:00","author":{"@id":"https:\/\/www.edugestores.pe\/#\/schema\/person\/30dc82f35f5853289037a64b35c7c7d3"},"breadcrumb":{"@id":"https:\/\/www.edugestores.pe\/?p=24761#breadcrumb"},"inLanguage":"es","potentialAction":[{"@type":"ReadAction","target":["https:\/\/www.edugestores.pe\/?p=24761"]}]},{"@type":"BreadcrumbList","@id":"https:\/\/www.edugestores.pe\/?p=24761#breadcrumb","itemListElement":[{"@type":"ListItem","position":1,"name":"Portada","item":"https:\/\/www.edugestores.pe\/"},{"@type":"ListItem","position":2,"name":"Aprendo en Casa cumple un mes con millones de usuarios en todo el Per\u00fa"}]},{"@type":"Person","@id":"https:\/\/www.edugestores.pe\/#\/schema\/person\/30dc82f35f5853289037a64b35c7c7d3","name":"Administrador","image":{"@type":"ImageObject","@id":"https:\/\/www.edugestores.pe\/#personlogo","inLanguage":"es","url":"https:\/\/secure.gravatar.com\/avatar\/70960d1239c4d2c778bb3d2786a3c1ae?s=96&d=mm&r=g","contentUrl":"https:\/\/secure.gravatar.com\/avatar\/70960d1239c4d2c778bb3d2786a3c1ae?s=96&d=mm&r=g","caption":"Administrador"},"url":"https:\/\/www.edugestores.pe\/?author=63"}]}},"jetpack_featured_media_url":"https:\/\/www.edugestores.pe\/wp-content\/uploads\/2020\/05\/andina-aprendo-en-casa.jpg","_links":{"self":[{"href":"https:\/\/www.edugestores.pe\/index.php?rest_route=\/wp\/v2\/posts\/24761"}],"collection":[{"href":"https:\/\/www.edugestores.pe\/index.php?rest_route=\/wp\/v2\/posts"}],"about":[{"href":"https:\/\/www.edugestores.pe\/index.php?rest_route=\/wp\/v2\/types\/post"}],"author":[{"embeddable":true,"href":"https:\/\/www.edugestores.pe\/index.php?rest_route=\/wp\/v2\/users\/63"}],"replies":[{"embeddable":true,"href":"https:\/\/www.edugestores.pe\/index.php?rest_route=%2Fwp%2Fv2%2Fcomments&post=24761"}],"version-history":[{"count":1,"href":"https:\/\/www.edugestores.pe\/index.php?rest_route=\/wp\/v2\/posts\/24761\/revisions"}],"predecessor-version":[{"id":24763,"href":"https:\/\/www.edugestores.pe\/index.php?rest_route=\/wp\/v2\/posts\/24761\/revisions\/24763"}],"wp:featuredmedia":[{"embeddable":true,"href":"https:\/\/www.edugestores.pe\/index.php?rest_route=\/wp\/v2\/media\/24764"}],"wp:attachment":[{"href":"https:\/\/www.edugestores.pe\/index.php?rest_route=%2Fwp%2Fv2%2Fmedia&parent=24761"}],"wp:term":[{"taxonomy":"category","embeddable":true,"href":"https:\/\/www.edugestores.pe\/index.php?rest_route=%2Fwp%2Fv2%2Fcategories&post=24761"},{"taxonomy":"post_tag","embeddable":true,"href":"https:\/\/www.edugestores.pe\/index.php?rest_route=%2Fwp%2Fv2%2Ftags&post=24761"}],"curies":[{"name":"wp","href":"https:\/\/api.w.org\/{rel}","templated":true}]}}