{"id":24799,"date":"2020-05-13T11:07:27","date_gmt":"2020-05-13T16:07:27","guid":{"rendered":"https:\/\/www.edugestores.pe\/?p=24799"},"modified":"2020-07-14T10:29:59","modified_gmt":"2020-07-14T15:29:59","slug":"la-educacion-publica-y-la-inclusion-de-estudiantes-de-la-educacion-privada-un-articulo-de-manuel-iguiniz","status":"publish","type":"post","link":"https:\/\/www.edugestores.pe\/?p=24799","title":{"rendered":"La educaci\u00f3n p\u00fablica y la inclusi\u00f3n de estudiantes de la educaci\u00f3n privada, un art\u00edculo de Manuel Igui\u00f1iz"},"content":{"rendered":"<p style=\"text-align: justify;\">Por Manuel Igui\u00f1iz<\/p>\n<p style=\"text-align: justify;\">Ante la cat\u00e1strofe social y educativa asociada al desarrollo de la pandemia y el aislamiento f\u00edsico en el pa\u00eds, el Gobierno se ha comprometido a movilizar la educaci\u00f3n p\u00fablica en el marco de una respuesta amplia.<\/p>\n<p style=\"text-align: justify;\">Seg\u00fan las expresiones del Ministro de Educaci\u00f3n, este compromiso busca, en primer lugar, garantizar la continuidad del servicio educativo. En segundo lugar, busca reducir la hist\u00f3rica brecha educativa y la creciente brecha digital entre estudiantes de \u00e1reas urbanas y rurales e incluso entre estudiantes de diferentes estratos econ\u00f3micos en las \u00e1reas urbanas, entregando una Tablet por estudiante.<\/p>\n<p style=\"text-align: justify;\">El Ministerio de Educaci\u00f3n tambi\u00e9n ha planteado a trav\u00e9s de recientes disposiciones, la exigencia de una adecuaci\u00f3n pedag\u00f3gica de las actividades para la generaci\u00f3n de aprendizajes de cara a lo que est\u00e1 sucediendo en el pa\u00eds y desarrollando contenidos de ciudadan\u00eda mirando al pa\u00eds.<\/p>\n<p style=\"text-align: justify;\">En este comentario vamos a poner atenci\u00f3n en el primer objetivo se\u00f1alado, el de garantizar la continuidad del servicio educativo y en el desaf\u00edo espec\u00edfico de articular las demandas al sector p\u00fablico provenientes de la educaci\u00f3n privada.<\/p>\n<p style=\"text-align: justify;\">Uno de los efectos de la cat\u00e1strofe sanitaria es la crisis del mercado educativo privado, a partir de dos factores. Por un lado, el remez\u00f3n en la demanda a consecuencia de la ca\u00edda de los ingresos familiares.\u00a0 El colapso de gran parte de los ingresos de las clases medias acarrea la crisis en el sector privado (para la variopinta educaci\u00f3n privada el mercado es predominante). Por otro lado, desde la oferta, la poca claridad para los padres de familia respecto a lo que ofrecen los colegios privados en t\u00e9rminos de educaci\u00f3n a distancia y sus debilidades en dar respuesta asertiva a la nueva situaci\u00f3n.<\/p>\n<p style=\"text-align: justify;\">Por su parte, el Estado, en su rol de garante del derecho a la educaci\u00f3n, ha tomado la iniciativa de atender al conjunto de los estudiantes tanto del sector p\u00fablico como privado. Es as\u00ed que el Minedu ha respondido, junto con la supervisi\u00f3n de los planes de recuperaci\u00f3n de clases de los colegios privados, con la ampliaci\u00f3n de la matr\u00edcula p\u00fablica para permitir el traslado de estudiantes del sector privado a instituciones educativas p\u00fablicas. La Plataforma Virtual sit\u00faa el per\u00edodo del 9 al 22 de mayo para solicitarla. Los pr\u00f3ximos d\u00edas, conoceremos la magnitud de la demanda, en una primera ola de traslados de estudiantes de la educaci\u00f3n privada hacia la educaci\u00f3n p\u00fablica.<\/p>\n<p style=\"text-align: justify;\">La migraci\u00f3n de los colegios de bajo, medio y alto costo posiblemente sea diferenciada. Tambi\u00e9n podr\u00eda diferenciarse seg\u00fan fines, sean de lucro o asociativos. Asimismo, si son laicos o religiosos. Veremos las actitudes, ante las relaciones y v\u00ednculos sociales entre estudiantes y familias que se diferenciaron v\u00eda la educaci\u00f3n privada.<\/p>\n<p style=\"text-align: justify;\">La capacidad de acogida de la educaci\u00f3n p\u00fablica estar\u00e1 desafiada, pues recibir\u00e1 a m\u00e1s estudiantes en condiciones, que sabemos no son las deseables. Uno de los sentidos de la educaci\u00f3n p\u00fablica es ser inclusiva para un Per\u00fa de todas las sangres. Ese sentido inclusivo ser\u00eda favorecido con la respuesta del Estado de ampliar la matricula a todos los estudiantes que lo requieran, con criterio de territorialidad, matriculando a los estudiantes en colegios cercanos a su lugar de residencia.<\/p>\n","protected":false},"excerpt":{"rendered":"<p>Por Manuel Igui\u00f1iz Ante la cat\u00e1strofe social y educativa asociada al desarrollo de la pandemia y el aislamiento f\u00edsico en [&hellip;]<\/p>\n","protected":false},"author":63,"featured_media":24802,"comment_status":"open","ping_status":"open","sticky":false,"template":"","format":"standard","meta":{"spay_email":""},"categories":[1032,125],"tags":[],"yoast_head":"<!-- This site is optimized with the Yoast SEO plugin v18.0 - https:\/\/yoast.com\/wordpress\/plugins\/seo\/ -->\n<title>La educaci\u00f3n p\u00fablica y la inclusi\u00f3n de estudiantes de la educaci\u00f3n privada, un art\u00edculo de Manuel Igui\u00f1iz - Red Peruana de Gestores de la Educaci\u00f3n<\/title>\n<meta name=\"robots\" content=\"index, follow, max-snippet:-1, max-image-preview:large, max-video-preview:-1\" \/>\n<link rel=\"canonical\" href=\"https:\/\/www.edugestores.pe\/?p=24799\" \/>\n<meta property=\"og:locale\" content=\"es_ES\" \/>\n<meta property=\"og:type\" content=\"article\" \/>\n<meta property=\"og:title\" content=\"La educaci\u00f3n p\u00fablica y la inclusi\u00f3n de estudiantes de la educaci\u00f3n privada, un art\u00edculo de Manuel Igui\u00f1iz - Red Peruana de Gestores de la Educaci\u00f3n\" \/>\n<meta property=\"og:description\" content=\"Por Manuel Igui\u00f1iz Ante la cat\u00e1strofe social y educativa asociada al desarrollo de la pandemia y el aislamiento f\u00edsico en [&hellip;]\" \/>\n<meta property=\"og:url\" content=\"https:\/\/www.edugestores.pe\/?p=24799\" \/>\n<meta property=\"og:site_name\" content=\"Red Peruana de Gestores de la Educaci\u00f3n\" \/>\n<meta property=\"article:published_time\" content=\"2020-05-13T16:07:27+00:00\" \/>\n<meta property=\"article:modified_time\" content=\"2020-07-14T15:29:59+00:00\" \/>\n<meta property=\"og:image\" content=\"https:\/\/www.edugestores.pe\/wp-content\/uploads\/2020\/05\/000666172W.jpg\" \/>\n\t<meta property=\"og:image:width\" content=\"700\" \/>\n\t<meta property=\"og:image:height\" content=\"466\" \/>\n\t<meta property=\"og:image:type\" content=\"image\/jpeg\" \/>\n<meta name=\"twitter:card\" content=\"summary_large_image\" \/>\n<meta name=\"twitter:label1\" content=\"Escrito por\" \/>\n\t<meta name=\"twitter:data1\" content=\"Administrador\" \/>\n\t<meta name=\"twitter:label2\" content=\"Tiempo de lectura\" \/>\n\t<meta name=\"twitter:data2\" content=\"3 minutos\" \/>\n<script type=\"application\/ld+json\" class=\"yoast-schema-graph\">{\"@context\":\"https:\/\/schema.org\",\"@graph\":[{\"@type\":\"WebSite\",\"@id\":\"https:\/\/www.edugestores.pe\/#website\",\"url\":\"https:\/\/www.edugestores.pe\/\",\"name\":\"Red Peruana de Gestores de la Educaci\u00f3n\",\"description\":\"Red Peruana de Gestores de la Educaci\u00f3n\",\"potentialAction\":[{\"@type\":\"SearchAction\",\"target\":{\"@type\":\"EntryPoint\",\"urlTemplate\":\"https:\/\/www.edugestores.pe\/?s={search_term_string}\"},\"query-input\":\"required name=search_term_string\"}],\"inLanguage\":\"es\"},{\"@type\":\"ImageObject\",\"@id\":\"https:\/\/www.edugestores.pe\/?p=24799#primaryimage\",\"inLanguage\":\"es\",\"url\":\"https:\/\/www.edugestores.pe\/wp-content\/uploads\/2020\/05\/000666172W.jpg\",\"contentUrl\":\"https:\/\/www.edugestores.pe\/wp-content\/uploads\/2020\/05\/000666172W.jpg\",\"width\":700,\"height\":466},{\"@type\":\"WebPage\",\"@id\":\"https:\/\/www.edugestores.pe\/?p=24799#webpage\",\"url\":\"https:\/\/www.edugestores.pe\/?p=24799\",\"name\":\"La educaci\u00f3n p\u00fablica y la inclusi\u00f3n de estudiantes de la educaci\u00f3n privada, un art\u00edculo de Manuel Igui\u00f1iz - Red Peruana de Gestores de la Educaci\u00f3n\",\"isPartOf\":{\"@id\":\"https:\/\/www.edugestores.pe\/#website\"},\"primaryImageOfPage\":{\"@id\":\"https:\/\/www.edugestores.pe\/?p=24799#primaryimage\"},\"datePublished\":\"2020-05-13T16:07:27+00:00\",\"dateModified\":\"2020-07-14T15:29:59+00:00\",\"author\":{\"@id\":\"https:\/\/www.edugestores.pe\/#\/schema\/person\/30dc82f35f5853289037a64b35c7c7d3\"},\"breadcrumb\":{\"@id\":\"https:\/\/www.edugestores.pe\/?p=24799#breadcrumb\"},\"inLanguage\":\"es\",\"potentialAction\":[{\"@type\":\"ReadAction\",\"target\":[\"https:\/\/www.edugestores.pe\/?p=24799\"]}]},{\"@type\":\"BreadcrumbList\",\"@id\":\"https:\/\/www.edugestores.pe\/?p=24799#breadcrumb\",\"itemListElement\":[{\"@type\":\"ListItem\",\"position\":1,\"name\":\"Portada\",\"item\":\"https:\/\/www.edugestores.pe\/\"},{\"@type\":\"ListItem\",\"position\":2,\"name\":\"La educaci\u00f3n p\u00fablica y la inclusi\u00f3n de estudiantes de la educaci\u00f3n privada, un art\u00edculo de Manuel Igui\u00f1iz\"}]},{\"@type\":\"Person\",\"@id\":\"https:\/\/www.edugestores.pe\/#\/schema\/person\/30dc82f35f5853289037a64b35c7c7d3\",\"name\":\"Administrador\",\"image\":{\"@type\":\"ImageObject\",\"@id\":\"https:\/\/www.edugestores.pe\/#personlogo\",\"inLanguage\":\"es\",\"url\":\"https:\/\/secure.gravatar.com\/avatar\/70960d1239c4d2c778bb3d2786a3c1ae?s=96&d=mm&r=g\",\"contentUrl\":\"https:\/\/secure.gravatar.com\/avatar\/70960d1239c4d2c778bb3d2786a3c1ae?s=96&d=mm&r=g\",\"caption\":\"Administrador\"},\"url\":\"https:\/\/www.edugestores.pe\/?author=63\"}]}<\/script>\n<!-- \/ Yoast SEO plugin. -->","yoast_head_json":{"title":"La educaci\u00f3n p\u00fablica y la inclusi\u00f3n de estudiantes de la educaci\u00f3n privada, un art\u00edculo de Manuel Igui\u00f1iz - Red Peruana de Gestores de la Educaci\u00f3n","robots":{"index":"index","follow":"follow","max-snippet":"max-snippet:-1","max-image-preview":"max-image-preview:large","max-video-preview":"max-video-preview:-1"},"canonical":"https:\/\/www.edugestores.pe\/?p=24799","og_locale":"es_ES","og_type":"article","og_title":"La educaci\u00f3n p\u00fablica y la inclusi\u00f3n de estudiantes de la educaci\u00f3n privada, un art\u00edculo de Manuel Igui\u00f1iz - Red Peruana de Gestores de la Educaci\u00f3n","og_description":"Por Manuel Igui\u00f1iz Ante la cat\u00e1strofe social y educativa asociada al desarrollo de la pandemia y el aislamiento f\u00edsico en [&hellip;]","og_url":"https:\/\/www.edugestores.pe\/?p=24799","og_site_name":"Red Peruana de Gestores de la Educaci\u00f3n","article_published_time":"2020-05-13T16:07:27+00:00","article_modified_time":"2020-07-14T15:29:59+00:00","og_image":[{"width":700,"height":466,"url":"https:\/\/www.edugestores.pe\/wp-content\/uploads\/2020\/05\/000666172W.jpg","type":"image\/jpeg"}],"twitter_card":"summary_large_image","twitter_misc":{"Escrito por":"Administrador","Tiempo de lectura":"3 minutos"},"schema":{"@context":"https:\/\/schema.org","@graph":[{"@type":"WebSite","@id":"https:\/\/www.edugestores.pe\/#website","url":"https:\/\/www.edugestores.pe\/","name":"Red Peruana de Gestores de la Educaci\u00f3n","description":"Red Peruana de Gestores de la Educaci\u00f3n","potentialAction":[{"@type":"SearchAction","target":{"@type":"EntryPoint","urlTemplate":"https:\/\/www.edugestores.pe\/?s={search_term_string}"},"query-input":"required name=search_term_string"}],"inLanguage":"es"},{"@type":"ImageObject","@id":"https:\/\/www.edugestores.pe\/?p=24799#primaryimage","inLanguage":"es","url":"https:\/\/www.edugestores.pe\/wp-content\/uploads\/2020\/05\/000666172W.jpg","contentUrl":"https:\/\/www.edugestores.pe\/wp-content\/uploads\/2020\/05\/000666172W.jpg","width":700,"height":466},{"@type":"WebPage","@id":"https:\/\/www.edugestores.pe\/?p=24799#webpage","url":"https:\/\/www.edugestores.pe\/?p=24799","name":"La educaci\u00f3n p\u00fablica y la inclusi\u00f3n de estudiantes de la educaci\u00f3n privada, un art\u00edculo de Manuel Igui\u00f1iz - Red Peruana de Gestores de la Educaci\u00f3n","isPartOf":{"@id":"https:\/\/www.edugestores.pe\/#website"},"primaryImageOfPage":{"@id":"https:\/\/www.edugestores.pe\/?p=24799#primaryimage"},"datePublished":"2020-05-13T16:07:27+00:00","dateModified":"2020-07-14T15:29:59+00:00","author":{"@id":"https:\/\/www.edugestores.pe\/#\/schema\/person\/30dc82f35f5853289037a64b35c7c7d3"},"breadcrumb":{"@id":"https:\/\/www.edugestores.pe\/?p=24799#breadcrumb"},"inLanguage":"es","potentialAction":[{"@type":"ReadAction","target":["https:\/\/www.edugestores.pe\/?p=24799"]}]},{"@type":"BreadcrumbList","@id":"https:\/\/www.edugestores.pe\/?p=24799#breadcrumb","itemListElement":[{"@type":"ListItem","position":1,"name":"Portada","item":"https:\/\/www.edugestores.pe\/"},{"@type":"ListItem","position":2,"name":"La educaci\u00f3n p\u00fablica y la inclusi\u00f3n de estudiantes de la educaci\u00f3n privada, un art\u00edculo de Manuel Igui\u00f1iz"}]},{"@type":"Person","@id":"https:\/\/www.edugestores.pe\/#\/schema\/person\/30dc82f35f5853289037a64b35c7c7d3","name":"Administrador","image":{"@type":"ImageObject","@id":"https:\/\/www.edugestores.pe\/#personlogo","inLanguage":"es","url":"https:\/\/secure.gravatar.com\/avatar\/70960d1239c4d2c778bb3d2786a3c1ae?s=96&d=mm&r=g","contentUrl":"https:\/\/secure.gravatar.com\/avatar\/70960d1239c4d2c778bb3d2786a3c1ae?s=96&d=mm&r=g","caption":"Administrador"},"url":"https:\/\/www.edugestores.pe\/?author=63"}]}},"jetpack_featured_media_url":"https:\/\/www.edugestores.pe\/wp-content\/uploads\/2020\/05\/000666172W.jpg","_links":{"self":[{"href":"https:\/\/www.edugestores.pe\/index.php?rest_route=\/wp\/v2\/posts\/24799"}],"collection":[{"href":"https:\/\/www.edugestores.pe\/index.php?rest_route=\/wp\/v2\/posts"}],"about":[{"href":"https:\/\/www.edugestores.pe\/index.php?rest_route=\/wp\/v2\/types\/post"}],"author":[{"embeddable":true,"href":"https:\/\/www.edugestores.pe\/index.php?rest_route=\/wp\/v2\/users\/63"}],"replies":[{"embeddable":true,"href":"https:\/\/www.edugestores.pe\/index.php?rest_route=%2Fwp%2Fv2%2Fcomments&post=24799"}],"version-history":[{"count":1,"href":"https:\/\/www.edugestores.pe\/index.php?rest_route=\/wp\/v2\/posts\/24799\/revisions"}],"predecessor-version":[{"id":24801,"href":"https:\/\/www.edugestores.pe\/index.php?rest_route=\/wp\/v2\/posts\/24799\/revisions\/24801"}],"wp:featuredmedia":[{"embeddable":true,"href":"https:\/\/www.edugestores.pe\/index.php?rest_route=\/wp\/v2\/media\/24802"}],"wp:attachment":[{"href":"https:\/\/www.edugestores.pe\/index.php?rest_route=%2Fwp%2Fv2%2Fmedia&parent=24799"}],"wp:term":[{"taxonomy":"category","embeddable":true,"href":"https:\/\/www.edugestores.pe\/index.php?rest_route=%2Fwp%2Fv2%2Fcategories&post=24799"},{"taxonomy":"post_tag","embeddable":true,"href":"https:\/\/www.edugestores.pe\/index.php?rest_route=%2Fwp%2Fv2%2Ftags&post=24799"}],"curies":[{"name":"wp","href":"https:\/\/api.w.org\/{rel}","templated":true}]}}