{"id":24805,"date":"2020-05-14T13:50:36","date_gmt":"2020-05-14T18:50:36","guid":{"rendered":"https:\/\/www.edugestores.pe\/?p=24805"},"modified":"2020-05-17T15:38:52","modified_gmt":"2020-05-17T20:38:52","slug":"alcaldes-de-alejados-distritos-en-moquegua-piden-recomenzar-ano-escolar","status":"publish","type":"post","link":"https:\/\/www.edugestores.pe\/?p=24805","title":{"rendered":"Alcaldes de alejados distritos en Moquegua piden recomenzar a\u00f1o escolar"},"content":{"rendered":"<p class=\"\" style=\"text-align: justify;\">Pese a que las clases escolares en la plataforma \u201cAprendo en casa\u201d comenzaron a inicios de abril a nivel nacional, los estudiantes de los distritos de Ubinas, Ichu\u00f1a, Yunga, Lloque y Chojata, en la regi\u00f3n\u00a0Moquegua, no estar\u00edan recibi\u00e9ndolas adecuadamente.<\/p>\n<div style=\"text-align: justify;\">Los burgomaestres de estas jurisdicciones est\u00e1n solicitando a la autoridad educativa de la regi\u00f3n Moquegua que se recomiencen en sus sectores, dado que gran parte de los\u00a0estudiantes\u00a0no tienen acceso a medios como\u00a0radio\u00a0o\u00a0TV\u00a0porque las se\u00f1ales no llegan hasta los alejados poblados.<\/div>\n<p style=\"text-align: justify;\">Piden tener en cuenta que el n\u00famero de escolares es menor que en la zona metropolitana, por lo que la afectaci\u00f3n podr\u00eda ser significativa. El alcalde de Ubinas, Isaac Tola explic\u00f3 que en las comunidades m\u00e1s distantes no llegaba la se\u00f1al de los medios de comunicaci\u00f3n del\u00a0Estado\u00a0y junto a sus pares hicieron esfuerzos para instalar m\u00e1s antenas.<\/p>\n<p class=\"\" style=\"text-align: justify;\">No solo ello, los burgomaestres de Chojat, Priscilio Mamani, e Ichu\u00f1a, \u00c1ngel Mamani, indicaron que ellos pueden apoyar con la\u00a0alimentaci\u00f3n\u00a0o lo que se requiera a favor de los\u00a0maestros\u00a0para que contin\u00faen en la localidad y garanticen el servicio a los menores.<\/p>\n<p class=\"\" style=\"text-align: justify;\">Tomado de La Rep\u00fablica<\/p>\n","protected":false},"excerpt":{"rendered":"<p>Pese a que las clases escolares en la plataforma \u201cAprendo en casa\u201d comenzaron a inicios de abril a nivel nacional, [&hellip;]<\/p>\n","protected":false},"author":63,"featured_media":24806,"comment_status":"open","ping_status":"open","sticky":false,"template":"","format":"standard","meta":{"spay_email":""},"categories":[125],"tags":[],"yoast_head":"<!-- This site is optimized with the Yoast SEO plugin v18.0 - https:\/\/yoast.com\/wordpress\/plugins\/seo\/ -->\n<title>Alcaldes de alejados distritos en Moquegua piden recomenzar a\u00f1o escolar - Red Peruana de Gestores de la Educaci\u00f3n<\/title>\n<meta name=\"robots\" content=\"index, follow, max-snippet:-1, max-image-preview:large, max-video-preview:-1\" \/>\n<link rel=\"canonical\" href=\"https:\/\/www.edugestores.pe\/?p=24805\" \/>\n<meta property=\"og:locale\" content=\"es_ES\" \/>\n<meta property=\"og:type\" content=\"article\" \/>\n<meta property=\"og:title\" content=\"Alcaldes de alejados distritos en Moquegua piden recomenzar a\u00f1o escolar - Red Peruana de Gestores de la Educaci\u00f3n\" \/>\n<meta property=\"og:description\" content=\"Pese a que las clases escolares en la plataforma \u201cAprendo en casa\u201d comenzaron a inicios de abril a nivel nacional, [&hellip;]\" \/>\n<meta property=\"og:url\" content=\"https:\/\/www.edugestores.pe\/?p=24805\" \/>\n<meta property=\"og:site_name\" content=\"Red Peruana de Gestores de la Educaci\u00f3n\" \/>\n<meta property=\"article:published_time\" content=\"2020-05-14T18:50:36+00:00\" \/>\n<meta property=\"article:modified_time\" content=\"2020-05-17T20:38:52+00:00\" \/>\n<meta property=\"og:image\" content=\"https:\/\/www.edugestores.pe\/wp-content\/uploads\/2020\/05\/IUMYLBJE7JAQFFSTK5LJEPCE44.jpg\" \/>\n\t<meta property=\"og:image:width\" content=\"646\" \/>\n\t<meta property=\"og:image:height\" content=\"380\" \/>\n\t<meta property=\"og:image:type\" content=\"image\/jpeg\" \/>\n<meta name=\"twitter:card\" content=\"summary_large_image\" \/>\n<meta name=\"twitter:label1\" content=\"Escrito por\" \/>\n\t<meta name=\"twitter:data1\" content=\"Administrador\" \/>\n\t<meta name=\"twitter:label2\" content=\"Tiempo de lectura\" \/>\n\t<meta name=\"twitter:data2\" content=\"1 minuto\" \/>\n<script type=\"application\/ld+json\" class=\"yoast-schema-graph\">{\"@context\":\"https:\/\/schema.org\",\"@graph\":[{\"@type\":\"WebSite\",\"@id\":\"https:\/\/www.edugestores.pe\/#website\",\"url\":\"https:\/\/www.edugestores.pe\/\",\"name\":\"Red Peruana de Gestores de la Educaci\u00f3n\",\"description\":\"Red Peruana de Gestores de la Educaci\u00f3n\",\"potentialAction\":[{\"@type\":\"SearchAction\",\"target\":{\"@type\":\"EntryPoint\",\"urlTemplate\":\"https:\/\/www.edugestores.pe\/?s={search_term_string}\"},\"query-input\":\"required name=search_term_string\"}],\"inLanguage\":\"es\"},{\"@type\":\"ImageObject\",\"@id\":\"https:\/\/www.edugestores.pe\/?p=24805#primaryimage\",\"inLanguage\":\"es\",\"url\":\"https:\/\/www.edugestores.pe\/wp-content\/uploads\/2020\/05\/IUMYLBJE7JAQFFSTK5LJEPCE44.jpg\",\"contentUrl\":\"https:\/\/www.edugestores.pe\/wp-content\/uploads\/2020\/05\/IUMYLBJE7JAQFFSTK5LJEPCE44.jpg\",\"width\":646,\"height\":380},{\"@type\":\"WebPage\",\"@id\":\"https:\/\/www.edugestores.pe\/?p=24805#webpage\",\"url\":\"https:\/\/www.edugestores.pe\/?p=24805\",\"name\":\"Alcaldes de alejados distritos en Moquegua piden recomenzar a\u00f1o escolar - Red Peruana de Gestores de la Educaci\u00f3n\",\"isPartOf\":{\"@id\":\"https:\/\/www.edugestores.pe\/#website\"},\"primaryImageOfPage\":{\"@id\":\"https:\/\/www.edugestores.pe\/?p=24805#primaryimage\"},\"datePublished\":\"2020-05-14T18:50:36+00:00\",\"dateModified\":\"2020-05-17T20:38:52+00:00\",\"author\":{\"@id\":\"https:\/\/www.edugestores.pe\/#\/schema\/person\/30dc82f35f5853289037a64b35c7c7d3\"},\"breadcrumb\":{\"@id\":\"https:\/\/www.edugestores.pe\/?p=24805#breadcrumb\"},\"inLanguage\":\"es\",\"potentialAction\":[{\"@type\":\"ReadAction\",\"target\":[\"https:\/\/www.edugestores.pe\/?p=24805\"]}]},{\"@type\":\"BreadcrumbList\",\"@id\":\"https:\/\/www.edugestores.pe\/?p=24805#breadcrumb\",\"itemListElement\":[{\"@type\":\"ListItem\",\"position\":1,\"name\":\"Portada\",\"item\":\"https:\/\/www.edugestores.pe\/\"},{\"@type\":\"ListItem\",\"position\":2,\"name\":\"Alcaldes de alejados distritos en Moquegua piden recomenzar a\u00f1o escolar\"}]},{\"@type\":\"Person\",\"@id\":\"https:\/\/www.edugestores.pe\/#\/schema\/person\/30dc82f35f5853289037a64b35c7c7d3\",\"name\":\"Administrador\",\"image\":{\"@type\":\"ImageObject\",\"@id\":\"https:\/\/www.edugestores.pe\/#personlogo\",\"inLanguage\":\"es\",\"url\":\"https:\/\/secure.gravatar.com\/avatar\/70960d1239c4d2c778bb3d2786a3c1ae?s=96&d=mm&r=g\",\"contentUrl\":\"https:\/\/secure.gravatar.com\/avatar\/70960d1239c4d2c778bb3d2786a3c1ae?s=96&d=mm&r=g\",\"caption\":\"Administrador\"},\"url\":\"https:\/\/www.edugestores.pe\/?author=63\"}]}<\/script>\n<!-- \/ Yoast SEO plugin. -->","yoast_head_json":{"title":"Alcaldes de alejados distritos en Moquegua piden recomenzar a\u00f1o escolar - Red Peruana de Gestores de la Educaci\u00f3n","robots":{"index":"index","follow":"follow","max-snippet":"max-snippet:-1","max-image-preview":"max-image-preview:large","max-video-preview":"max-video-preview:-1"},"canonical":"https:\/\/www.edugestores.pe\/?p=24805","og_locale":"es_ES","og_type":"article","og_title":"Alcaldes de alejados distritos en Moquegua piden recomenzar a\u00f1o escolar - Red Peruana de Gestores de la Educaci\u00f3n","og_description":"Pese a que las clases escolares en la plataforma \u201cAprendo en casa\u201d comenzaron a inicios de abril a nivel nacional, [&hellip;]","og_url":"https:\/\/www.edugestores.pe\/?p=24805","og_site_name":"Red Peruana de Gestores de la Educaci\u00f3n","article_published_time":"2020-05-14T18:50:36+00:00","article_modified_time":"2020-05-17T20:38:52+00:00","og_image":[{"width":646,"height":380,"url":"https:\/\/www.edugestores.pe\/wp-content\/uploads\/2020\/05\/IUMYLBJE7JAQFFSTK5LJEPCE44.jpg","type":"image\/jpeg"}],"twitter_card":"summary_large_image","twitter_misc":{"Escrito por":"Administrador","Tiempo de lectura":"1 minuto"},"schema":{"@context":"https:\/\/schema.org","@graph":[{"@type":"WebSite","@id":"https:\/\/www.edugestores.pe\/#website","url":"https:\/\/www.edugestores.pe\/","name":"Red Peruana de Gestores de la Educaci\u00f3n","description":"Red Peruana de Gestores de la Educaci\u00f3n","potentialAction":[{"@type":"SearchAction","target":{"@type":"EntryPoint","urlTemplate":"https:\/\/www.edugestores.pe\/?s={search_term_string}"},"query-input":"required name=search_term_string"}],"inLanguage":"es"},{"@type":"ImageObject","@id":"https:\/\/www.edugestores.pe\/?p=24805#primaryimage","inLanguage":"es","url":"https:\/\/www.edugestores.pe\/wp-content\/uploads\/2020\/05\/IUMYLBJE7JAQFFSTK5LJEPCE44.jpg","contentUrl":"https:\/\/www.edugestores.pe\/wp-content\/uploads\/2020\/05\/IUMYLBJE7JAQFFSTK5LJEPCE44.jpg","width":646,"height":380},{"@type":"WebPage","@id":"https:\/\/www.edugestores.pe\/?p=24805#webpage","url":"https:\/\/www.edugestores.pe\/?p=24805","name":"Alcaldes de alejados distritos en Moquegua piden recomenzar a\u00f1o escolar - Red Peruana de Gestores de la Educaci\u00f3n","isPartOf":{"@id":"https:\/\/www.edugestores.pe\/#website"},"primaryImageOfPage":{"@id":"https:\/\/www.edugestores.pe\/?p=24805#primaryimage"},"datePublished":"2020-05-14T18:50:36+00:00","dateModified":"2020-05-17T20:38:52+00:00","author":{"@id":"https:\/\/www.edugestores.pe\/#\/schema\/person\/30dc82f35f5853289037a64b35c7c7d3"},"breadcrumb":{"@id":"https:\/\/www.edugestores.pe\/?p=24805#breadcrumb"},"inLanguage":"es","potentialAction":[{"@type":"ReadAction","target":["https:\/\/www.edugestores.pe\/?p=24805"]}]},{"@type":"BreadcrumbList","@id":"https:\/\/www.edugestores.pe\/?p=24805#breadcrumb","itemListElement":[{"@type":"ListItem","position":1,"name":"Portada","item":"https:\/\/www.edugestores.pe\/"},{"@type":"ListItem","position":2,"name":"Alcaldes de alejados distritos en Moquegua piden recomenzar a\u00f1o escolar"}]},{"@type":"Person","@id":"https:\/\/www.edugestores.pe\/#\/schema\/person\/30dc82f35f5853289037a64b35c7c7d3","name":"Administrador","image":{"@type":"ImageObject","@id":"https:\/\/www.edugestores.pe\/#personlogo","inLanguage":"es","url":"https:\/\/secure.gravatar.com\/avatar\/70960d1239c4d2c778bb3d2786a3c1ae?s=96&d=mm&r=g","contentUrl":"https:\/\/secure.gravatar.com\/avatar\/70960d1239c4d2c778bb3d2786a3c1ae?s=96&d=mm&r=g","caption":"Administrador"},"url":"https:\/\/www.edugestores.pe\/?author=63"}]}},"jetpack_featured_media_url":"https:\/\/www.edugestores.pe\/wp-content\/uploads\/2020\/05\/IUMYLBJE7JAQFFSTK5LJEPCE44.jpg","_links":{"self":[{"href":"https:\/\/www.edugestores.pe\/index.php?rest_route=\/wp\/v2\/posts\/24805"}],"collection":[{"href":"https:\/\/www.edugestores.pe\/index.php?rest_route=\/wp\/v2\/posts"}],"about":[{"href":"https:\/\/www.edugestores.pe\/index.php?rest_route=\/wp\/v2\/types\/post"}],"author":[{"embeddable":true,"href":"https:\/\/www.edugestores.pe\/index.php?rest_route=\/wp\/v2\/users\/63"}],"replies":[{"embeddable":true,"href":"https:\/\/www.edugestores.pe\/index.php?rest_route=%2Fwp%2Fv2%2Fcomments&post=24805"}],"version-history":[{"count":1,"href":"https:\/\/www.edugestores.pe\/index.php?rest_route=\/wp\/v2\/posts\/24805\/revisions"}],"predecessor-version":[{"id":24807,"href":"https:\/\/www.edugestores.pe\/index.php?rest_route=\/wp\/v2\/posts\/24805\/revisions\/24807"}],"wp:featuredmedia":[{"embeddable":true,"href":"https:\/\/www.edugestores.pe\/index.php?rest_route=\/wp\/v2\/media\/24806"}],"wp:attachment":[{"href":"https:\/\/www.edugestores.pe\/index.php?rest_route=%2Fwp%2Fv2%2Fmedia&parent=24805"}],"wp:term":[{"taxonomy":"category","embeddable":true,"href":"https:\/\/www.edugestores.pe\/index.php?rest_route=%2Fwp%2Fv2%2Fcategories&post=24805"},{"taxonomy":"post_tag","embeddable":true,"href":"https:\/\/www.edugestores.pe\/index.php?rest_route=%2Fwp%2Fv2%2Ftags&post=24805"}],"curies":[{"name":"wp","href":"https:\/\/api.w.org\/{rel}","templated":true}]}}