{"id":24885,"date":"2020-05-23T12:46:36","date_gmt":"2020-05-23T17:46:36","guid":{"rendered":"https:\/\/www.edugestores.pe\/?p=24885"},"modified":"2020-05-26T10:40:48","modified_gmt":"2020-05-26T15:40:48","slug":"ricardo-zapata-del-minedu-como-afecta-la-brecha-digital-a-la-educacion-remota","status":"publish","type":"post","link":"https:\/\/www.edugestores.pe\/?p=24885","title":{"rendered":"Ricardo Zapata del Minedu: \u00bfC\u00f3mo afecta la brecha digital a la educaci\u00f3n remota?"},"content":{"rendered":"<p style=\"text-align: justify;\">La epidemia por el nuevo coronavirus tambi\u00e9n ha afectado la educaci\u00f3n nacional. El sistema educativo se ha tenido que adaptar a una ense\u00f1anza a distancia dado el Estado de Emergencia.\u00a0Se estima que son alrededor de 8 millones de escolares quienes est\u00e1n\u00a0estudiando de manera remota.<\/p>\n<p style=\"text-align: justify;\">La conectividad es una herramientas que tiene el sistema educativo; sin embargo, tambi\u00e9n\u00a0es un problema en un pa\u00eds donde la brecha digital es grande. Seg\u00fan el INEI, solo el 39,3% de hogares peruanos tiene acceso a internet, pero en \u00e1reas rurales esto disminuye a un 4,8%.<\/p>\n<p style=\"text-align: justify;\">Ricardo Zapata, jefe de la direcci\u00f3n de innovaci\u00f3n y tecnolog\u00eda educativa del Minedu, explic\u00f3 a RPP, en una entrevista con Jes\u00fas V\u00e9liz,\u00a0c\u00f3mo est\u00e1 trabajando el ministerio para\u00a0seguir con el servicio de educaci\u00f3n\u00a0y luchar contra esta brecha digital existente.<\/p>\n<h3 style=\"text-align: justify;\">Luchando contra la brecha digital: infraestructura y capacitaciones<\/h3>\n<p style=\"text-align: justify;\">Zapata mencion\u00f3 que el Minedu\u00a0decidi\u00f3 comprar 840 mil\u00a0<em>tablets<\/em>\u00a0para llevar a las zonas m\u00e1s remotas y disminuir as\u00ed parte de la brecha digital. De esta manera, se busca dar oportunidad de conexi\u00f3n a quienes no tienen un artefacto para conectarse.<\/p>\n<p style=\"text-align: justify;\">Sin embargo, la falta de infraestructura es tambi\u00e9n un factor que agranda la brecha digital. Seg\u00fan dijo la viceministra de comunicaciones del Ministerio de Transportes y Comunicaciones, Virginia Nakagawa,\u00a0en el Per\u00fa\u00a0hay un d\u00e9ficit de 14 mil estaciones base de antenas\u00a0que lleven conexi\u00f3n.<\/p>\n<p style=\"text-align: justify;\">Zapata explic\u00f3 que el ministerio est\u00e1 contemplando eso. \u201cSe van a hacer herramientas y recursos educativos, tanto online como offline para la zonas m\u00e1s alejadas del Per\u00fa que no tenga mucho acceso a conectividad. No queremos que la\u00a0<em>tablet<\/em>\u00a0llegue a una zona y por alg\u00fan momento el estudiante se quede sin conectividad y no pueda seguir aprendiendo\u201d, indic\u00f3.<\/p>\n<p style=\"text-align: justify;\">Adem\u00e1s,\u00a0la brecha tambi\u00e9n se mide por la capacidad y el conocimiento que tienen las personas para poder usar herramientas\u00a0tecnol\u00f3gicas; pues de nada sirve que una persona tenga conectividad, pero no sepa usar la herramienta tecnol\u00f3gica<\/p>\n<p style=\"text-align: justify;\">\u00a0\u201cSabemos que no todos los docentes est\u00e1n capacitados en habilidades tecnol\u00f3gicas y tambi\u00e9n los estudiantes, espec\u00edficamente las zonas m\u00e1s alejadas. Hay todo un ecosistema que involucra la conectividad. En el ministerio hemos desarrollado capacitaciones para los docentes, pero esta vez tambi\u00e9n estamos apuntando al estudiante\u201d, agreg\u00f3.<\/p>\n<h3 style=\"text-align: justify;\">Capacidades e interacci\u00f3n<\/h3>\n<p style=\"text-align: justify;\">La brecha digital no es el \u00fanico reto para el sector educaci\u00f3n. Al\u00a0cambiar de una ense\u00f1anza presencial a una remota se deben tomar en cuenta aspectos en cuanto a la interacci\u00f3n\u00a0y las din\u00e1micas entre docentes y alumnos.<\/p>\n<p style=\"text-align: justify;\">&#8220;Nosotros\u00a0estamos trabajando una estrategia pedag\u00f3gica, justamente los\u00a0roles del docente y estudiante\u00a0donde se da la interacci\u00f3n. No es solamente que le doy la tableta y el estudiante ve el contenido y ya est\u00e1\u201d, dijo Zapata.<\/p>\n<p style=\"text-align: justify;\">Adem\u00e1s, asegura que se cumplir\u00e1n con todas las competencias establecidas en el curr\u00edculo. \u201cQueremos promover las competencias relacionadas al curr\u00edculo, dentro de un ecosistema que sea adecuado al contexto que vive la sociedad. Es un modelo de aprendizaje colaborativo, fortalecimiento de las competencias de los docentes y estudiantes, el autoaprendizaje y aprendizaje autoreflexivo\u201d, explic\u00f3 el funcionario.<\/p>\n<p style=\"text-align: justify;\">Por otro lado, explic\u00f3 que todo este trabajo se est\u00e1 haciendo con la supervisi\u00f3n de expertos y organismos nacionales e internacionales que apoyan y validan la estrategia. Asimismo, la estrategia no est\u00e1 prevista \u00fanicamente para el Estado de Emergencia, si no para\u00a0\u201cpromover los aprendizajes y el fortalecimiento de sus capacidades\u00a0que son necesarias en el siglo XXI\u201d.<\/p>\n<p style=\"text-align: justify;\">Tomado de RPP<\/p>\n","protected":false},"excerpt":{"rendered":"<p>La epidemia por el nuevo coronavirus tambi\u00e9n ha afectado la educaci\u00f3n nacional. El sistema educativo se ha tenido que adaptar [&hellip;]<\/p>\n","protected":false},"author":63,"featured_media":24886,"comment_status":"open","ping_status":"open","sticky":false,"template":"","format":"standard","meta":{"spay_email":""},"categories":[125],"tags":[],"yoast_head":"<!-- This site is optimized with the Yoast SEO plugin v18.0 - https:\/\/yoast.com\/wordpress\/plugins\/seo\/ -->\n<title>Ricardo Zapata del Minedu: \u00bfC\u00f3mo afecta la brecha digital a la educaci\u00f3n remota? - Red Peruana de Gestores de la Educaci\u00f3n<\/title>\n<meta name=\"robots\" content=\"index, follow, max-snippet:-1, max-image-preview:large, max-video-preview:-1\" \/>\n<link rel=\"canonical\" href=\"https:\/\/www.edugestores.pe\/?p=24885\" \/>\n<meta property=\"og:locale\" content=\"es_ES\" \/>\n<meta property=\"og:type\" content=\"article\" \/>\n<meta property=\"og:title\" content=\"Ricardo Zapata del Minedu: \u00bfC\u00f3mo afecta la brecha digital a la educaci\u00f3n remota? - Red Peruana de Gestores de la Educaci\u00f3n\" \/>\n<meta property=\"og:description\" content=\"La epidemia por el nuevo coronavirus tambi\u00e9n ha afectado la educaci\u00f3n nacional. El sistema educativo se ha tenido que adaptar [&hellip;]\" \/>\n<meta property=\"og:url\" content=\"https:\/\/www.edugestores.pe\/?p=24885\" \/>\n<meta property=\"og:site_name\" content=\"Red Peruana de Gestores de la Educaci\u00f3n\" \/>\n<meta property=\"article:published_time\" content=\"2020-05-23T17:46:36+00:00\" \/>\n<meta property=\"article:modified_time\" content=\"2020-05-26T15:40:48+00:00\" \/>\n<meta property=\"og:image\" content=\"https:\/\/www.edugestores.pe\/wp-content\/uploads\/2020\/05\/081408_945345.jpg\" \/>\n\t<meta property=\"og:image:width\" content=\"604\" \/>\n\t<meta property=\"og:image:height\" content=\"339\" \/>\n\t<meta property=\"og:image:type\" content=\"image\/jpeg\" \/>\n<meta name=\"twitter:card\" content=\"summary_large_image\" \/>\n<meta name=\"twitter:label1\" content=\"Escrito por\" \/>\n\t<meta name=\"twitter:data1\" content=\"Administrador\" \/>\n\t<meta name=\"twitter:label2\" content=\"Tiempo de lectura\" \/>\n\t<meta name=\"twitter:data2\" content=\"3 minutos\" \/>\n<script type=\"application\/ld+json\" class=\"yoast-schema-graph\">{\"@context\":\"https:\/\/schema.org\",\"@graph\":[{\"@type\":\"WebSite\",\"@id\":\"https:\/\/www.edugestores.pe\/#website\",\"url\":\"https:\/\/www.edugestores.pe\/\",\"name\":\"Red Peruana de Gestores de la Educaci\u00f3n\",\"description\":\"Red Peruana de Gestores de la Educaci\u00f3n\",\"potentialAction\":[{\"@type\":\"SearchAction\",\"target\":{\"@type\":\"EntryPoint\",\"urlTemplate\":\"https:\/\/www.edugestores.pe\/?s={search_term_string}\"},\"query-input\":\"required name=search_term_string\"}],\"inLanguage\":\"es\"},{\"@type\":\"ImageObject\",\"@id\":\"https:\/\/www.edugestores.pe\/?p=24885#primaryimage\",\"inLanguage\":\"es\",\"url\":\"https:\/\/www.edugestores.pe\/wp-content\/uploads\/2020\/05\/081408_945345.jpg\",\"contentUrl\":\"https:\/\/www.edugestores.pe\/wp-content\/uploads\/2020\/05\/081408_945345.jpg\",\"width\":604,\"height\":339},{\"@type\":\"WebPage\",\"@id\":\"https:\/\/www.edugestores.pe\/?p=24885#webpage\",\"url\":\"https:\/\/www.edugestores.pe\/?p=24885\",\"name\":\"Ricardo Zapata del Minedu: \u00bfC\u00f3mo afecta la brecha digital a la educaci\u00f3n remota? - Red Peruana de Gestores de la Educaci\u00f3n\",\"isPartOf\":{\"@id\":\"https:\/\/www.edugestores.pe\/#website\"},\"primaryImageOfPage\":{\"@id\":\"https:\/\/www.edugestores.pe\/?p=24885#primaryimage\"},\"datePublished\":\"2020-05-23T17:46:36+00:00\",\"dateModified\":\"2020-05-26T15:40:48+00:00\",\"author\":{\"@id\":\"https:\/\/www.edugestores.pe\/#\/schema\/person\/30dc82f35f5853289037a64b35c7c7d3\"},\"breadcrumb\":{\"@id\":\"https:\/\/www.edugestores.pe\/?p=24885#breadcrumb\"},\"inLanguage\":\"es\",\"potentialAction\":[{\"@type\":\"ReadAction\",\"target\":[\"https:\/\/www.edugestores.pe\/?p=24885\"]}]},{\"@type\":\"BreadcrumbList\",\"@id\":\"https:\/\/www.edugestores.pe\/?p=24885#breadcrumb\",\"itemListElement\":[{\"@type\":\"ListItem\",\"position\":1,\"name\":\"Portada\",\"item\":\"https:\/\/www.edugestores.pe\/\"},{\"@type\":\"ListItem\",\"position\":2,\"name\":\"Ricardo Zapata del Minedu: \u00bfC\u00f3mo afecta la brecha digital a la educaci\u00f3n remota?\"}]},{\"@type\":\"Person\",\"@id\":\"https:\/\/www.edugestores.pe\/#\/schema\/person\/30dc82f35f5853289037a64b35c7c7d3\",\"name\":\"Administrador\",\"image\":{\"@type\":\"ImageObject\",\"@id\":\"https:\/\/www.edugestores.pe\/#personlogo\",\"inLanguage\":\"es\",\"url\":\"https:\/\/secure.gravatar.com\/avatar\/70960d1239c4d2c778bb3d2786a3c1ae?s=96&d=mm&r=g\",\"contentUrl\":\"https:\/\/secure.gravatar.com\/avatar\/70960d1239c4d2c778bb3d2786a3c1ae?s=96&d=mm&r=g\",\"caption\":\"Administrador\"},\"url\":\"https:\/\/www.edugestores.pe\/?author=63\"}]}<\/script>\n<!-- \/ Yoast SEO plugin. -->","yoast_head_json":{"title":"Ricardo Zapata del Minedu: \u00bfC\u00f3mo afecta la brecha digital a la educaci\u00f3n remota? - Red Peruana de Gestores de la Educaci\u00f3n","robots":{"index":"index","follow":"follow","max-snippet":"max-snippet:-1","max-image-preview":"max-image-preview:large","max-video-preview":"max-video-preview:-1"},"canonical":"https:\/\/www.edugestores.pe\/?p=24885","og_locale":"es_ES","og_type":"article","og_title":"Ricardo Zapata del Minedu: \u00bfC\u00f3mo afecta la brecha digital a la educaci\u00f3n remota? - Red Peruana de Gestores de la Educaci\u00f3n","og_description":"La epidemia por el nuevo coronavirus tambi\u00e9n ha afectado la educaci\u00f3n nacional. El sistema educativo se ha tenido que adaptar [&hellip;]","og_url":"https:\/\/www.edugestores.pe\/?p=24885","og_site_name":"Red Peruana de Gestores de la Educaci\u00f3n","article_published_time":"2020-05-23T17:46:36+00:00","article_modified_time":"2020-05-26T15:40:48+00:00","og_image":[{"width":604,"height":339,"url":"https:\/\/www.edugestores.pe\/wp-content\/uploads\/2020\/05\/081408_945345.jpg","type":"image\/jpeg"}],"twitter_card":"summary_large_image","twitter_misc":{"Escrito por":"Administrador","Tiempo de lectura":"3 minutos"},"schema":{"@context":"https:\/\/schema.org","@graph":[{"@type":"WebSite","@id":"https:\/\/www.edugestores.pe\/#website","url":"https:\/\/www.edugestores.pe\/","name":"Red Peruana de Gestores de la Educaci\u00f3n","description":"Red Peruana de Gestores de la Educaci\u00f3n","potentialAction":[{"@type":"SearchAction","target":{"@type":"EntryPoint","urlTemplate":"https:\/\/www.edugestores.pe\/?s={search_term_string}"},"query-input":"required name=search_term_string"}],"inLanguage":"es"},{"@type":"ImageObject","@id":"https:\/\/www.edugestores.pe\/?p=24885#primaryimage","inLanguage":"es","url":"https:\/\/www.edugestores.pe\/wp-content\/uploads\/2020\/05\/081408_945345.jpg","contentUrl":"https:\/\/www.edugestores.pe\/wp-content\/uploads\/2020\/05\/081408_945345.jpg","width":604,"height":339},{"@type":"WebPage","@id":"https:\/\/www.edugestores.pe\/?p=24885#webpage","url":"https:\/\/www.edugestores.pe\/?p=24885","name":"Ricardo Zapata del Minedu: \u00bfC\u00f3mo afecta la brecha digital a la educaci\u00f3n remota? - Red Peruana de Gestores de la Educaci\u00f3n","isPartOf":{"@id":"https:\/\/www.edugestores.pe\/#website"},"primaryImageOfPage":{"@id":"https:\/\/www.edugestores.pe\/?p=24885#primaryimage"},"datePublished":"2020-05-23T17:46:36+00:00","dateModified":"2020-05-26T15:40:48+00:00","author":{"@id":"https:\/\/www.edugestores.pe\/#\/schema\/person\/30dc82f35f5853289037a64b35c7c7d3"},"breadcrumb":{"@id":"https:\/\/www.edugestores.pe\/?p=24885#breadcrumb"},"inLanguage":"es","potentialAction":[{"@type":"ReadAction","target":["https:\/\/www.edugestores.pe\/?p=24885"]}]},{"@type":"BreadcrumbList","@id":"https:\/\/www.edugestores.pe\/?p=24885#breadcrumb","itemListElement":[{"@type":"ListItem","position":1,"name":"Portada","item":"https:\/\/www.edugestores.pe\/"},{"@type":"ListItem","position":2,"name":"Ricardo Zapata del Minedu: \u00bfC\u00f3mo afecta la brecha digital a la educaci\u00f3n remota?"}]},{"@type":"Person","@id":"https:\/\/www.edugestores.pe\/#\/schema\/person\/30dc82f35f5853289037a64b35c7c7d3","name":"Administrador","image":{"@type":"ImageObject","@id":"https:\/\/www.edugestores.pe\/#personlogo","inLanguage":"es","url":"https:\/\/secure.gravatar.com\/avatar\/70960d1239c4d2c778bb3d2786a3c1ae?s=96&d=mm&r=g","contentUrl":"https:\/\/secure.gravatar.com\/avatar\/70960d1239c4d2c778bb3d2786a3c1ae?s=96&d=mm&r=g","caption":"Administrador"},"url":"https:\/\/www.edugestores.pe\/?author=63"}]}},"jetpack_featured_media_url":"https:\/\/www.edugestores.pe\/wp-content\/uploads\/2020\/05\/081408_945345.jpg","_links":{"self":[{"href":"https:\/\/www.edugestores.pe\/index.php?rest_route=\/wp\/v2\/posts\/24885"}],"collection":[{"href":"https:\/\/www.edugestores.pe\/index.php?rest_route=\/wp\/v2\/posts"}],"about":[{"href":"https:\/\/www.edugestores.pe\/index.php?rest_route=\/wp\/v2\/types\/post"}],"author":[{"embeddable":true,"href":"https:\/\/www.edugestores.pe\/index.php?rest_route=\/wp\/v2\/users\/63"}],"replies":[{"embeddable":true,"href":"https:\/\/www.edugestores.pe\/index.php?rest_route=%2Fwp%2Fv2%2Fcomments&post=24885"}],"version-history":[{"count":1,"href":"https:\/\/www.edugestores.pe\/index.php?rest_route=\/wp\/v2\/posts\/24885\/revisions"}],"predecessor-version":[{"id":24887,"href":"https:\/\/www.edugestores.pe\/index.php?rest_route=\/wp\/v2\/posts\/24885\/revisions\/24887"}],"wp:featuredmedia":[{"embeddable":true,"href":"https:\/\/www.edugestores.pe\/index.php?rest_route=\/wp\/v2\/media\/24886"}],"wp:attachment":[{"href":"https:\/\/www.edugestores.pe\/index.php?rest_route=%2Fwp%2Fv2%2Fmedia&parent=24885"}],"wp:term":[{"taxonomy":"category","embeddable":true,"href":"https:\/\/www.edugestores.pe\/index.php?rest_route=%2Fwp%2Fv2%2Fcategories&post=24885"},{"taxonomy":"post_tag","embeddable":true,"href":"https:\/\/www.edugestores.pe\/index.php?rest_route=%2Fwp%2Fv2%2Ftags&post=24885"}],"curies":[{"name":"wp","href":"https:\/\/api.w.org\/{rel}","templated":true}]}}